{"id":543,"date":"2022-06-09T15:31:54","date_gmt":"2022-06-09T18:31:54","guid":{"rendered":"https:\/\/www.muyjujuy.com\/?p=543"},"modified":"2022-06-09T15:31:56","modified_gmt":"2022-06-09T18:31:56","slug":"preocupacion-por-la-falta-de-lluvias-en-la-yungas-jujenas-llovio-una-cuarta-parte-de-lo-estimado","status":"publish","type":"post","link":"https:\/\/www.muyjujuy.com\/index.php\/2022\/06\/09\/preocupacion-por-la-falta-de-lluvias-en-la-yungas-jujenas-llovio-una-cuarta-parte-de-lo-estimado\/","title":{"rendered":"Preocupaci\u00f3n por la falta de lluvias en la Yungas juje\u00f1as: llovi\u00f3 una cuarta parte de lo estimado"},"content":{"rendered":"\n<p><em>Los productores advirtieron que la situaci\u00f3n es cr\u00edtica para el sector.<\/em><\/p>\n\n\n\n<p>A la falta de gasoil que afecta al sector productivo de Jujuy, se suma<strong>&nbsp;la sequ\u00eda que se registra en el departamento Santa B\u00e1rbara. Ahora las autoridades se encuentran en busca de soluciones para los productores.<\/strong><\/p>\n\n\n\n<p>Integrantes del Ente de Desarrollo Santa B\u00e1rbara Productivo se presentaron este jueves en la Legislatura de Jujuy. El objetivo fue dar a conocer la problem\u00e1tica ante diputados y pedir ayuda para sobrellevar la urgencia.<\/p>\n\n\n\n<p>&#8220;Lamentablemente en los dos \u00faltimos a\u00f1os tuvimos menos de la mitad de las precipitaciones. Es una zona que generalmente en promedio llueve 800 mm y no hemos llegado a los 250 mm anuales&#8221;, detallaron.<\/p>\n\n\n\n<p>Adem\u00e1s, advirtieron que &#8220;eso provoca profundas dificultades para la producci\u00f3n y a ello hay que agregarle la optimizaci\u00f3n de la poca agua que tenemos&#8221;<\/p>\n\n\n\n<p>Fernando Ag\u00fcero, presidente del Ente recalc\u00f3 que Las Delicias y Vinalito son las zonas m\u00e1s afectadas y por eso se hace necesario alg\u00fan tipo de asistencia a los productores. &#8220;En Jujuy ya se declar\u00f3 la emergencia h\u00eddrica, lo que tenemos que hacer ahora es acercar herramientas para sobrellevar la situaci\u00f3n. Estamos haciendo obras de optimizaci\u00f3n, mejoras de las tomas, canalizaci\u00f3n de los cauces de agua para que la poca agua no se filtre y se pierda. Son acciones que vamos tomando pero que debemos profundizar&#8221;, plante\u00f3.<\/p>\n\n\n\n<h2 class=\"wp-block-heading\">Productores preocupados<\/h2>\n\n\n\n<p>Por su parte, Dar\u00edo Portal, productor de la zona, asegur\u00f3 que la situaci\u00f3n en Palma Sola y toda cuenca h\u00eddrica de Santa Rita y arroyo Las Delicias es cr\u00edtica. &#8220;El sector ganadero no tiene agua.&nbsp;<strong>Son entre 300 y 400 productores agroganaderos los que se ven afectados por la sequ\u00eda&#8221;, apunt\u00f3.<\/strong><\/p>\n\n\n\n<p>&#8220;Los productores citr\u00edcolas y agroganaderos est\u00e1n cavando pozos en algunos lugares y la sequ\u00eda se agravar\u00e1 en los pr\u00f3ximos meses. Es un problema que ya lleva dos a\u00f1os&#8221;, cerr\u00f3 Portal.<\/p>\n","protected":false},"excerpt":{"rendered":"<p>Los productores advirtieron que la situaci\u00f3n es cr\u00edtica para el sector. A la falta de gasoil que afecta al sector productivo de Jujuy, se suma&nbsp;la sequ\u00eda que se registra en el departamento Santa B\u00e1rbara. Ahora las autoridades se encuentran en busca de soluciones para los productores. Integrantes del Ente de Desarrollo Santa B\u00e1rbara Productivo se [&hellip;]<\/p>\n","protected":false},"author":3,"featured_media":544,"comment_status":"open","ping_status":"open","sticky":false,"template":"","format":"standard","meta":{"footnotes":""},"categories":[25],"tags":[8,525,641],"class_list":{"0":"post-543","1":"post","2":"type-post","3":"status-publish","4":"format-standard","5":"has-post-thumbnail","7":"category-sociedad","8":"tag-jujuy","9":"tag-norte-grande","10":"tag-sequia"},"yoast_head":"<!-- This site is optimized with the Yoast SEO plugin v27.5 - https:\/\/yoast.com\/product\/yoast-seo-wordpress\/ -->\n<title>Preocupaci\u00f3n por la falta de lluvias en la Yungas juje\u00f1as: llovi\u00f3 una cuarta parte de lo estimado - Muy Jujuy<\/title>\n<meta name=\"description\" content=\"Los productores de Jujuy advirtieron sobre la sequ\u00eda que afecta a la provincia y reclaman medidas urgentes ante esta situaci\u00f3n.\" \/>\n<meta name=\"robots\" content=\"index, follow, max-snippet:-1, max-image-preview:large, max-video-preview:-1\" \/>\n<link rel=\"canonical\" href=\"https:\/\/www.muyjujuy.com\/index.php\/2022\/06\/09\/preocupacion-por-la-falta-de-lluvias-en-la-yungas-jujenas-llovio-una-cuarta-parte-de-lo-estimado\/\" \/>\n<meta property=\"og:locale\" content=\"es_ES\" \/>\n<meta property=\"og:type\" content=\"article\" \/>\n<meta property=\"og:title\" content=\"Preocupaci\u00f3n por la falta de lluvias en la Yungas juje\u00f1as: llovi\u00f3 una cuarta parte de lo estimado - Muy Jujuy\" \/>\n<meta property=\"og:description\" content=\"Los productores de Jujuy advirtieron sobre la sequ\u00eda que afecta a la provincia y reclaman medidas urgentes ante esta situaci\u00f3n.\" \/>\n<meta property=\"og:url\" content=\"https:\/\/www.muyjujuy.com\/index.php\/2022\/06\/09\/preocupacion-por-la-falta-de-lluvias-en-la-yungas-jujenas-llovio-una-cuarta-parte-de-lo-estimado\/\" \/>\n<meta property=\"og:site_name\" content=\"Muy Jujuy\" \/>\n<meta property=\"article:publisher\" content=\"https:\/\/www.facebook.com\/muyjujuycom\" \/>\n<meta property=\"article:published_time\" content=\"2022-06-09T18:31:54+00:00\" \/>\n<meta property=\"article:modified_time\" content=\"2022-06-09T18:31:56+00:00\" \/>\n<meta property=\"og:image\" content=\"https:\/\/www.muyjujuy.com\/wp-content\/uploads\/2022\/06\/sequia-nota.jpg\" \/>\n\t<meta property=\"og:image:width\" content=\"990\" \/>\n\t<meta property=\"og:image:height\" content=\"610\" \/>\n\t<meta property=\"og:image:type\" content=\"image\/jpeg\" \/>\n<meta name=\"author\" content=\"Redacci\u00f3n Muy Jujuy\" \/>\n<meta name=\"twitter:card\" content=\"summary_large_image\" \/>\n<meta name=\"twitter:creator\" content=\"@muyjujuy\" \/>\n<meta name=\"twitter:site\" content=\"@muyjujuy\" \/>\n<meta name=\"twitter:label1\" content=\"Escrito por\" \/>\n\t<meta name=\"twitter:data1\" content=\"Redacci\u00f3n Muy Jujuy\" \/>\n\t<meta name=\"twitter:label2\" content=\"Tiempo de lectura\" \/>\n\t<meta name=\"twitter:data2\" content=\"2 minutos\" \/>\n<script type=\"application\/ld+json\" class=\"yoast-schema-graph\">{\"@context\":\"https:\\\/\\\/schema.org\",\"@graph\":[{\"@type\":\"Article\",\"@id\":\"https:\\\/\\\/www.muyjujuy.com\\\/index.php\\\/2022\\\/06\\\/09\\\/preocupacion-por-la-falta-de-lluvias-en-la-yungas-jujenas-llovio-una-cuarta-parte-de-lo-estimado\\\/#article\",\"isPartOf\":{\"@id\":\"https:\\\/\\\/www.muyjujuy.com\\\/index.php\\\/2022\\\/06\\\/09\\\/preocupacion-por-la-falta-de-lluvias-en-la-yungas-jujenas-llovio-una-cuarta-parte-de-lo-estimado\\\/\"},\"author\":{\"name\":\"Redacci\u00f3n Muy Jujuy\",\"@id\":\"https:\\\/\\\/www.muyjujuy.com\\\/#\\\/schema\\\/person\\\/1d0f6e223ccea9e3f9034c1a5b683bf2\"},\"headline\":\"Preocupaci\u00f3n por la falta de lluvias en la Yungas juje\u00f1as: llovi\u00f3 una cuarta parte de lo estimado\",\"datePublished\":\"2022-06-09T18:31:54+00:00\",\"dateModified\":\"2022-06-09T18:31:56+00:00\",\"mainEntityOfPage\":{\"@id\":\"https:\\\/\\\/www.muyjujuy.com\\\/index.php\\\/2022\\\/06\\\/09\\\/preocupacion-por-la-falta-de-lluvias-en-la-yungas-jujenas-llovio-una-cuarta-parte-de-lo-estimado\\\/\"},\"wordCount\":352,\"commentCount\":0,\"publisher\":{\"@id\":\"https:\\\/\\\/www.muyjujuy.com\\\/#organization\"},\"image\":{\"@id\":\"https:\\\/\\\/www.muyjujuy.com\\\/index.php\\\/2022\\\/06\\\/09\\\/preocupacion-por-la-falta-de-lluvias-en-la-yungas-jujenas-llovio-una-cuarta-parte-de-lo-estimado\\\/#primaryimage\"},\"thumbnailUrl\":\"https:\\\/\\\/www.muyjujuy.com\\\/wp-content\\\/uploads\\\/2022\\\/06\\\/sequia-nota.jpg\",\"keywords\":[\"Jujuy\",\"Norte Grande\",\"Sequ\u00eda\"],\"articleSection\":[\"Sociedad\"],\"inLanguage\":\"es-AR\",\"potentialAction\":[{\"@type\":\"CommentAction\",\"name\":\"Comment\",\"target\":[\"https:\\\/\\\/www.muyjujuy.com\\\/index.php\\\/2022\\\/06\\\/09\\\/preocupacion-por-la-falta-de-lluvias-en-la-yungas-jujenas-llovio-una-cuarta-parte-de-lo-estimado\\\/#respond\"]}]},{\"@type\":\"WebPage\",\"@id\":\"https:\\\/\\\/www.muyjujuy.com\\\/index.php\\\/2022\\\/06\\\/09\\\/preocupacion-por-la-falta-de-lluvias-en-la-yungas-jujenas-llovio-una-cuarta-parte-de-lo-estimado\\\/\",\"url\":\"https:\\\/\\\/www.muyjujuy.com\\\/index.php\\\/2022\\\/06\\\/09\\\/preocupacion-por-la-falta-de-lluvias-en-la-yungas-jujenas-llovio-una-cuarta-parte-de-lo-estimado\\\/\",\"name\":\"Preocupaci\u00f3n por la falta de lluvias en la Yungas juje\u00f1as: llovi\u00f3 una cuarta parte de lo estimado - Muy Jujuy\",\"isPartOf\":{\"@id\":\"https:\\\/\\\/www.muyjujuy.com\\\/#website\"},\"primaryImageOfPage\":{\"@id\":\"https:\\\/\\\/www.muyjujuy.com\\\/index.php\\\/2022\\\/06\\\/09\\\/preocupacion-por-la-falta-de-lluvias-en-la-yungas-jujenas-llovio-una-cuarta-parte-de-lo-estimado\\\/#primaryimage\"},\"image\":{\"@id\":\"https:\\\/\\\/www.muyjujuy.com\\\/index.php\\\/2022\\\/06\\\/09\\\/preocupacion-por-la-falta-de-lluvias-en-la-yungas-jujenas-llovio-una-cuarta-parte-de-lo-estimado\\\/#primaryimage\"},\"thumbnailUrl\":\"https:\\\/\\\/www.muyjujuy.com\\\/wp-content\\\/uploads\\\/2022\\\/06\\\/sequia-nota.jpg\",\"datePublished\":\"2022-06-09T18:31:54+00:00\",\"dateModified\":\"2022-06-09T18:31:56+00:00\",\"description\":\"Los productores de Jujuy advirtieron sobre la sequ\u00eda que afecta a la provincia y reclaman medidas urgentes ante esta situaci\u00f3n.\",\"breadcrumb\":{\"@id\":\"https:\\\/\\\/www.muyjujuy.com\\\/index.php\\\/2022\\\/06\\\/09\\\/preocupacion-por-la-falta-de-lluvias-en-la-yungas-jujenas-llovio-una-cuarta-parte-de-lo-estimado\\\/#breadcrumb\"},\"inLanguage\":\"es-AR\",\"potentialAction\":[{\"@type\":\"ReadAction\",\"target\":[\"https:\\\/\\\/www.muyjujuy.com\\\/index.php\\\/2022\\\/06\\\/09\\\/preocupacion-por-la-falta-de-lluvias-en-la-yungas-jujenas-llovio-una-cuarta-parte-de-lo-estimado\\\/\"]}]},{\"@type\":\"ImageObject\",\"inLanguage\":\"es-AR\",\"@id\":\"https:\\\/\\\/www.muyjujuy.com\\\/index.php\\\/2022\\\/06\\\/09\\\/preocupacion-por-la-falta-de-lluvias-en-la-yungas-jujenas-llovio-una-cuarta-parte-de-lo-estimado\\\/#primaryimage\",\"url\":\"https:\\\/\\\/www.muyjujuy.com\\\/wp-content\\\/uploads\\\/2022\\\/06\\\/sequia-nota.jpg\",\"contentUrl\":\"https:\\\/\\\/www.muyjujuy.com\\\/wp-content\\\/uploads\\\/2022\\\/06\\\/sequia-nota.jpg\",\"width\":990,\"height\":610},{\"@type\":\"BreadcrumbList\",\"@id\":\"https:\\\/\\\/www.muyjujuy.com\\\/index.php\\\/2022\\\/06\\\/09\\\/preocupacion-por-la-falta-de-lluvias-en-la-yungas-jujenas-llovio-una-cuarta-parte-de-lo-estimado\\\/#breadcrumb\",\"itemListElement\":[{\"@type\":\"ListItem\",\"position\":1,\"name\":\"Inicio\",\"item\":\"https:\\\/\\\/www.muyjujuy.com\\\/\"},{\"@type\":\"ListItem\",\"position\":2,\"name\":\"Preocupaci\u00f3n por la falta de lluvias en la Yungas juje\u00f1as: llovi\u00f3 una cuarta parte de lo estimado\"}]},{\"@type\":\"WebSite\",\"@id\":\"https:\\\/\\\/www.muyjujuy.com\\\/#website\",\"url\":\"https:\\\/\\\/www.muyjujuy.com\\\/\",\"name\":\"Muy Jujuy\",\"description\":\"\",\"publisher\":{\"@id\":\"https:\\\/\\\/www.muyjujuy.com\\\/#organization\"},\"potentialAction\":[{\"@type\":\"SearchAction\",\"target\":{\"@type\":\"EntryPoint\",\"urlTemplate\":\"https:\\\/\\\/www.muyjujuy.com\\\/?s={search_term_string}\"},\"query-input\":{\"@type\":\"PropertyValueSpecification\",\"valueRequired\":true,\"valueName\":\"search_term_string\"}}],\"inLanguage\":\"es-AR\"},{\"@type\":\"Organization\",\"@id\":\"https:\\\/\\\/www.muyjujuy.com\\\/#organization\",\"name\":\"Muy Jujuy\",\"url\":\"https:\\\/\\\/www.muyjujuy.com\\\/\",\"logo\":{\"@type\":\"ImageObject\",\"inLanguage\":\"es-AR\",\"@id\":\"https:\\\/\\\/www.muyjujuy.com\\\/#\\\/schema\\\/logo\\\/image\\\/\",\"url\":\"http:\\\/\\\/www.muyjujuy.com\\\/wp-content\\\/uploads\\\/2022\\\/05\\\/logo-mobil-jujuy.png\",\"contentUrl\":\"http:\\\/\\\/www.muyjujuy.com\\\/wp-content\\\/uploads\\\/2022\\\/05\\\/logo-mobil-jujuy.png\",\"width\":174,\"height\":81,\"caption\":\"Muy Jujuy\"},\"image\":{\"@id\":\"https:\\\/\\\/www.muyjujuy.com\\\/#\\\/schema\\\/logo\\\/image\\\/\"},\"sameAs\":[\"https:\\\/\\\/www.facebook.com\\\/muyjujuycom\",\"https:\\\/\\\/x.com\\\/muyjujuy\",\"https:\\\/\\\/www.instagram.com\\\/muyjujuycom\"]},{\"@type\":\"Person\",\"@id\":\"https:\\\/\\\/www.muyjujuy.com\\\/#\\\/schema\\\/person\\\/1d0f6e223ccea9e3f9034c1a5b683bf2\",\"name\":\"Redacci\u00f3n Muy Jujuy\",\"image\":{\"@type\":\"ImageObject\",\"inLanguage\":\"es-AR\",\"@id\":\"https:\\\/\\\/secure.gravatar.com\\\/avatar\\\/fec5f6f1893d741ed5eecccff109ce43e67a855411202a3212a058cb8e5c27d4?s=96&d=mm&r=g\",\"url\":\"https:\\\/\\\/secure.gravatar.com\\\/avatar\\\/fec5f6f1893d741ed5eecccff109ce43e67a855411202a3212a058cb8e5c27d4?s=96&d=mm&r=g\",\"contentUrl\":\"https:\\\/\\\/secure.gravatar.com\\\/avatar\\\/fec5f6f1893d741ed5eecccff109ce43e67a855411202a3212a058cb8e5c27d4?s=96&d=mm&r=g\",\"caption\":\"Redacci\u00f3n Muy Jujuy\"},\"url\":\"https:\\\/\\\/www.muyjujuy.com\\\/index.php\\\/author\\\/editor\\\/\"}]}<\/script>\n<!-- \/ Yoast SEO plugin. -->","yoast_head_json":{"title":"Preocupaci\u00f3n por la falta de lluvias en la Yungas juje\u00f1as: llovi\u00f3 una cuarta parte de lo estimado - Muy Jujuy","description":"Los productores de Jujuy advirtieron sobre la sequ\u00eda que afecta a la provincia y reclaman medidas urgentes ante esta situaci\u00f3n.","robots":{"index":"index","follow":"follow","max-snippet":"max-snippet:-1","max-image-preview":"max-image-preview:large","max-video-preview":"max-video-preview:-1"},"canonical":"https:\/\/www.muyjujuy.com\/index.php\/2022\/06\/09\/preocupacion-por-la-falta-de-lluvias-en-la-yungas-jujenas-llovio-una-cuarta-parte-de-lo-estimado\/","og_locale":"es_ES","og_type":"article","og_title":"Preocupaci\u00f3n por la falta de lluvias en la Yungas juje\u00f1as: llovi\u00f3 una cuarta parte de lo estimado - Muy Jujuy","og_description":"Los productores de Jujuy advirtieron sobre la sequ\u00eda que afecta a la provincia y reclaman medidas urgentes ante esta situaci\u00f3n.","og_url":"https:\/\/www.muyjujuy.com\/index.php\/2022\/06\/09\/preocupacion-por-la-falta-de-lluvias-en-la-yungas-jujenas-llovio-una-cuarta-parte-de-lo-estimado\/","og_site_name":"Muy Jujuy","article_publisher":"https:\/\/www.facebook.com\/muyjujuycom","article_published_time":"2022-06-09T18:31:54+00:00","article_modified_time":"2022-06-09T18:31:56+00:00","og_image":[{"width":990,"height":610,"url":"https:\/\/www.muyjujuy.com\/wp-content\/uploads\/2022\/06\/sequia-nota.jpg","type":"image\/jpeg"}],"author":"Redacci\u00f3n Muy Jujuy","twitter_card":"summary_large_image","twitter_creator":"@muyjujuy","twitter_site":"@muyjujuy","twitter_misc":{"Escrito por":"Redacci\u00f3n Muy Jujuy","Tiempo de lectura":"2 minutos"},"schema":{"@context":"https:\/\/schema.org","@graph":[{"@type":"Article","@id":"https:\/\/www.muyjujuy.com\/index.php\/2022\/06\/09\/preocupacion-por-la-falta-de-lluvias-en-la-yungas-jujenas-llovio-una-cuarta-parte-de-lo-estimado\/#article","isPartOf":{"@id":"https:\/\/www.muyjujuy.com\/index.php\/2022\/06\/09\/preocupacion-por-la-falta-de-lluvias-en-la-yungas-jujenas-llovio-una-cuarta-parte-de-lo-estimado\/"},"author":{"name":"Redacci\u00f3n Muy Jujuy","@id":"https:\/\/www.muyjujuy.com\/#\/schema\/person\/1d0f6e223ccea9e3f9034c1a5b683bf2"},"headline":"Preocupaci\u00f3n por la falta de lluvias en la Yungas juje\u00f1as: llovi\u00f3 una cuarta parte de lo estimado","datePublished":"2022-06-09T18:31:54+00:00","dateModified":"2022-06-09T18:31:56+00:00","mainEntityOfPage":{"@id":"https:\/\/www.muyjujuy.com\/index.php\/2022\/06\/09\/preocupacion-por-la-falta-de-lluvias-en-la-yungas-jujenas-llovio-una-cuarta-parte-de-lo-estimado\/"},"wordCount":352,"commentCount":0,"publisher":{"@id":"https:\/\/www.muyjujuy.com\/#organization"},"image":{"@id":"https:\/\/www.muyjujuy.com\/index.php\/2022\/06\/09\/preocupacion-por-la-falta-de-lluvias-en-la-yungas-jujenas-llovio-una-cuarta-parte-de-lo-estimado\/#primaryimage"},"thumbnailUrl":"https:\/\/www.muyjujuy.com\/wp-content\/uploads\/2022\/06\/sequia-nota.jpg","keywords":["Jujuy","Norte Grande","Sequ\u00eda"],"articleSection":["Sociedad"],"inLanguage":"es-AR","potentialAction":[{"@type":"CommentAction","name":"Comment","target":["https:\/\/www.muyjujuy.com\/index.php\/2022\/06\/09\/preocupacion-por-la-falta-de-lluvias-en-la-yungas-jujenas-llovio-una-cuarta-parte-de-lo-estimado\/#respond"]}]},{"@type":"WebPage","@id":"https:\/\/www.muyjujuy.com\/index.php\/2022\/06\/09\/preocupacion-por-la-falta-de-lluvias-en-la-yungas-jujenas-llovio-una-cuarta-parte-de-lo-estimado\/","url":"https:\/\/www.muyjujuy.com\/index.php\/2022\/06\/09\/preocupacion-por-la-falta-de-lluvias-en-la-yungas-jujenas-llovio-una-cuarta-parte-de-lo-estimado\/","name":"Preocupaci\u00f3n por la falta de lluvias en la Yungas juje\u00f1as: llovi\u00f3 una cuarta parte de lo estimado - Muy Jujuy","isPartOf":{"@id":"https:\/\/www.muyjujuy.com\/#website"},"primaryImageOfPage":{"@id":"https:\/\/www.muyjujuy.com\/index.php\/2022\/06\/09\/preocupacion-por-la-falta-de-lluvias-en-la-yungas-jujenas-llovio-una-cuarta-parte-de-lo-estimado\/#primaryimage"},"image":{"@id":"https:\/\/www.muyjujuy.com\/index.php\/2022\/06\/09\/preocupacion-por-la-falta-de-lluvias-en-la-yungas-jujenas-llovio-una-cuarta-parte-de-lo-estimado\/#primaryimage"},"thumbnailUrl":"https:\/\/www.muyjujuy.com\/wp-content\/uploads\/2022\/06\/sequia-nota.jpg","datePublished":"2022-06-09T18:31:54+00:00","dateModified":"2022-06-09T18:31:56+00:00","description":"Los productores de Jujuy advirtieron sobre la sequ\u00eda que afecta a la provincia y reclaman medidas urgentes ante esta situaci\u00f3n.","breadcrumb":{"@id":"https:\/\/www.muyjujuy.com\/index.php\/2022\/06\/09\/preocupacion-por-la-falta-de-lluvias-en-la-yungas-jujenas-llovio-una-cuarta-parte-de-lo-estimado\/#breadcrumb"},"inLanguage":"es-AR","potentialAction":[{"@type":"ReadAction","target":["https:\/\/www.muyjujuy.com\/index.php\/2022\/06\/09\/preocupacion-por-la-falta-de-lluvias-en-la-yungas-jujenas-llovio-una-cuarta-parte-de-lo-estimado\/"]}]},{"@type":"ImageObject","inLanguage":"es-AR","@id":"https:\/\/www.muyjujuy.com\/index.php\/2022\/06\/09\/preocupacion-por-la-falta-de-lluvias-en-la-yungas-jujenas-llovio-una-cuarta-parte-de-lo-estimado\/#primaryimage","url":"https:\/\/www.muyjujuy.com\/wp-content\/uploads\/2022\/06\/sequia-nota.jpg","contentUrl":"https:\/\/www.muyjujuy.com\/wp-content\/uploads\/2022\/06\/sequia-nota.jpg","width":990,"height":610},{"@type":"BreadcrumbList","@id":"https:\/\/www.muyjujuy.com\/index.php\/2022\/06\/09\/preocupacion-por-la-falta-de-lluvias-en-la-yungas-jujenas-llovio-una-cuarta-parte-de-lo-estimado\/#breadcrumb","itemListElement":[{"@type":"ListItem","position":1,"name":"Inicio","item":"https:\/\/www.muyjujuy.com\/"},{"@type":"ListItem","position":2,"name":"Preocupaci\u00f3n por la falta de lluvias en la Yungas juje\u00f1as: llovi\u00f3 una cuarta parte de lo estimado"}]},{"@type":"WebSite","@id":"https:\/\/www.muyjujuy.com\/#website","url":"https:\/\/www.muyjujuy.com\/","name":"Muy Jujuy","description":"","publisher":{"@id":"https:\/\/www.muyjujuy.com\/#organization"},"potentialAction":[{"@type":"SearchAction","target":{"@type":"EntryPoint","urlTemplate":"https:\/\/www.muyjujuy.com\/?s={search_term_string}"},"query-input":{"@type":"PropertyValueSpecification","valueRequired":true,"valueName":"search_term_string"}}],"inLanguage":"es-AR"},{"@type":"Organization","@id":"https:\/\/www.muyjujuy.com\/#organization","name":"Muy Jujuy","url":"https:\/\/www.muyjujuy.com\/","logo":{"@type":"ImageObject","inLanguage":"es-AR","@id":"https:\/\/www.muyjujuy.com\/#\/schema\/logo\/image\/","url":"http:\/\/www.muyjujuy.com\/wp-content\/uploads\/2022\/05\/logo-mobil-jujuy.png","contentUrl":"http:\/\/www.muyjujuy.com\/wp-content\/uploads\/2022\/05\/logo-mobil-jujuy.png","width":174,"height":81,"caption":"Muy Jujuy"},"image":{"@id":"https:\/\/www.muyjujuy.com\/#\/schema\/logo\/image\/"},"sameAs":["https:\/\/www.facebook.com\/muyjujuycom","https:\/\/x.com\/muyjujuy","https:\/\/www.instagram.com\/muyjujuycom"]},{"@type":"Person","@id":"https:\/\/www.muyjujuy.com\/#\/schema\/person\/1d0f6e223ccea9e3f9034c1a5b683bf2","name":"Redacci\u00f3n Muy Jujuy","image":{"@type":"ImageObject","inLanguage":"es-AR","@id":"https:\/\/secure.gravatar.com\/avatar\/fec5f6f1893d741ed5eecccff109ce43e67a855411202a3212a058cb8e5c27d4?s=96&d=mm&r=g","url":"https:\/\/secure.gravatar.com\/avatar\/fec5f6f1893d741ed5eecccff109ce43e67a855411202a3212a058cb8e5c27d4?s=96&d=mm&r=g","contentUrl":"https:\/\/secure.gravatar.com\/avatar\/fec5f6f1893d741ed5eecccff109ce43e67a855411202a3212a058cb8e5c27d4?s=96&d=mm&r=g","caption":"Redacci\u00f3n Muy Jujuy"},"url":"https:\/\/www.muyjujuy.com\/index.php\/author\/editor\/"}]}},"_links":{"self":[{"href":"https:\/\/www.muyjujuy.com\/index.php\/wp-json\/wp\/v2\/posts\/543","targetHints":{"allow":["GET"]}}],"collection":[{"href":"https:\/\/www.muyjujuy.com\/index.php\/wp-json\/wp\/v2\/posts"}],"about":[{"href":"https:\/\/www.muyjujuy.com\/index.php\/wp-json\/wp\/v2\/types\/post"}],"author":[{"embeddable":true,"href":"https:\/\/www.muyjujuy.com\/index.php\/wp-json\/wp\/v2\/users\/3"}],"replies":[{"embeddable":true,"href":"https:\/\/www.muyjujuy.com\/index.php\/wp-json\/wp\/v2\/comments?post=543"}],"version-history":[{"count":1,"href":"https:\/\/www.muyjujuy.com\/index.php\/wp-json\/wp\/v2\/posts\/543\/revisions"}],"predecessor-version":[{"id":545,"href":"https:\/\/www.muyjujuy.com\/index.php\/wp-json\/wp\/v2\/posts\/543\/revisions\/545"}],"wp:featuredmedia":[{"embeddable":true,"href":"https:\/\/www.muyjujuy.com\/index.php\/wp-json\/wp\/v2\/media\/544"}],"wp:attachment":[{"href":"https:\/\/www.muyjujuy.com\/index.php\/wp-json\/wp\/v2\/media?parent=543"}],"wp:term":[{"taxonomy":"category","embeddable":true,"href":"https:\/\/www.muyjujuy.com\/index.php\/wp-json\/wp\/v2\/categories?post=543"},{"taxonomy":"post_tag","embeddable":true,"href":"https:\/\/www.muyjujuy.com\/index.php\/wp-json\/wp\/v2\/tags?post=543"}],"curies":[{"name":"wp","href":"https:\/\/api.w.org\/{rel}","templated":true}]}}