{"id":573,"date":"2022-06-13T13:14:50","date_gmt":"2022-06-13T16:14:50","guid":{"rendered":"https:\/\/www.muyjujuy.com\/?p=573"},"modified":"2022-06-30T11:04:46","modified_gmt":"2022-06-30T14:04:46","slug":"un-condenado-a-prision-perpetua-se-fugo-del-penal-de-alto-comedero","status":"publish","type":"post","link":"https:\/\/www.muyjujuy.com\/index.php\/2022\/06\/13\/un-condenado-a-prision-perpetua-se-fugo-del-penal-de-alto-comedero\/","title":{"rendered":"Un condenado a prisi\u00f3n perpetua se fug\u00f3 del penal de Alto Comedero"},"content":{"rendered":"\n<p><em>El hombre fue condenado por asesinar a a un hombre para robarle su dinero. Es intensamente buscado por la Polic\u00eda.<\/em><\/p>\n\n\n\n<p><strong>Jos\u00e9 Luis Marino R\u00f3tolos<\/strong>, condenado a prisi\u00f3n perpetua, <strong>se fug\u00f3 este lunes de la Unidad Penitenciaria de Alto Comedero y es intensamente buscado por la Polic\u00eda<\/strong>. El hecho ocurri\u00f3 alrededor de las 7:10 de la ma\u00f1ana cuando aprovech\u00f3 un descuido del personal penitenciario.<\/p>\n\n\n\n<p>Desde el Servicio Penitenciario se\u00f1alaron que R\u00f3tolos &#8220;se dirigi\u00f3 al sector de Panader\u00eda del establecimiento a fines de retirar el pan para los dem\u00e1s internos. Al ver que no regres\u00f3, <strong>el personal penitenciario observ\u00f3 que las mallas de alambre ubicadas en la parte posterior de la morgue judicial se encontraban violentadas&#8221;.<\/strong><\/p>\n\n\n\n<p>En estos momentos se despliega un importante operativo cerrojo para dar con el paradero de R\u00f3tolos.<\/p>\n\n\n\n<h3 class=\"wp-block-heading\">El caso<\/h3>\n\n\n\n<p>Jos\u00e9 Luis Marino R\u00f3tolos lleg\u00f3 al juicio acusado de haber<strong> enga\u00f1ado a Marcos Ortega, un cambista juje\u00f1o, con un presunto negocio de cambio de d\u00f3lares <\/strong>para robarle una cuantiosa suma de dinero. La causa fue caratulada como<strong> \u201crobo agravado por el resultado muerte\u201d, <\/strong>ya que ultimarlo no habr\u00eda sido el fin inicial.<\/p>\n\n\n\n<p>R\u00f3tolos neg\u00f3 conocer a Ortega y afirm\u00f3 que jam\u00e1s cambi\u00f3 dinero con \u00e9l y que no ten\u00eda nada que ver con su homicidio. Con el objetivo de demostrar que no particip\u00f3 de hecho que se le imput\u00f3, detall\u00f3 que el domingo 31 de marzo (d\u00eda en el que desapareci\u00f3 Ortega y fue asesinado) <strong>pas\u00f3 el d\u00eda junto a su padre y visit\u00f3 a su madre en la cl\u00ednica en donde estaba internada y que al d\u00eda siguiente viaj\u00f3 a C\u00f3rdoba a ver a sus hijos.<\/strong><\/p>\n\n\n\n<p>Por los informes presentados por una empresa de telefon\u00eda, demostr\u00f3 que<strong> R\u00f3tolos habr\u00eda llamado varias veces por tel\u00e9fono a Ortega para proponerle un negocio cambiario en d\u00f3lares.<\/strong> Adem\u00e1s, afirmaron que el 31 de marzo de 2013 lo buscaron de su casa en un auto Audi A3 color negro. Ese dato fue ratificado por la hija de la v\u00edctima, Lilia Ortega.<\/p>\n\n\n\n<p>R\u00f3tolos fue condenado por el homicidio criminis causae del cambista juje\u00f1o&nbsp;<strong>Marcos Ortega<\/strong>, hecho ocurrido en el kil\u00f3metro 1640 de la Ruta 9. <strong>El cad\u00e1ver del hombre fue hallado el d\u00eda 4 de abril de 2013. El cuerpo ten\u00eda varios impactos de bala en su cabeza. <\/strong>D\u00edas antes se hab\u00eda descubierto poco antes del puente de La Caldera un autom\u00f3vil marca Audi incendiado y que hab\u00eda sido denunciado como robado en Buenos Aires.<\/p>\n","protected":false},"excerpt":{"rendered":"<p>El hombre fue condenado por asesinar a a un hombre para robarle su dinero. Es intensamente buscado por la Polic\u00eda. Jos\u00e9 Luis Marino R\u00f3tolos, condenado a prisi\u00f3n perpetua, se fug\u00f3 este lunes de la Unidad Penitenciaria de Alto Comedero y es intensamente buscado por la Polic\u00eda. El hecho ocurri\u00f3 alrededor de las 7:10 de la [&hellip;]<\/p>\n","protected":false},"author":3,"featured_media":575,"comment_status":"open","ping_status":"open","sticky":false,"template":"","format":"standard","meta":{"footnotes":""},"categories":[27],"tags":[647,8,648],"class_list":{"0":"post-573","1":"post","2":"type-post","3":"status-publish","4":"format-standard","5":"has-post-thumbnail","7":"category-seguridad","8":"tag-alto-comedero","9":"tag-jujuy","10":"tag-seguridad"},"yoast_head":"<!-- This site is optimized with the Yoast SEO plugin v27.5 - https:\/\/yoast.com\/product\/yoast-seo-wordpress\/ -->\n<title>Un condenado a prisi\u00f3n perpetua se fug\u00f3 del penal de Alto Comedero - Muy Jujuy<\/title>\n<meta name=\"description\" content=\"El hombre fue condenado por asesinar a a un hombre para robarle su dinero. Es intensamente buscado por la Polic\u00eda en Alto Comedero.\" \/>\n<meta name=\"robots\" content=\"index, follow, max-snippet:-1, max-image-preview:large, max-video-preview:-1\" \/>\n<link rel=\"canonical\" href=\"https:\/\/www.muyjujuy.com\/index.php\/2022\/06\/13\/un-condenado-a-prision-perpetua-se-fugo-del-penal-de-alto-comedero\/\" \/>\n<meta property=\"og:locale\" content=\"es_ES\" \/>\n<meta property=\"og:type\" content=\"article\" \/>\n<meta property=\"og:title\" content=\"Un condenado a prisi\u00f3n perpetua se fug\u00f3 del penal de Alto Comedero - Muy Jujuy\" \/>\n<meta property=\"og:description\" content=\"El hombre fue condenado por asesinar a a un hombre para robarle su dinero. Es intensamente buscado por la Polic\u00eda en Alto Comedero.\" \/>\n<meta property=\"og:url\" content=\"https:\/\/www.muyjujuy.com\/index.php\/2022\/06\/13\/un-condenado-a-prision-perpetua-se-fugo-del-penal-de-alto-comedero\/\" \/>\n<meta property=\"og:site_name\" content=\"Muy Jujuy\" \/>\n<meta property=\"article:publisher\" content=\"https:\/\/www.facebook.com\/muyjujuycom\" \/>\n<meta property=\"article:published_time\" content=\"2022-06-13T16:14:50+00:00\" \/>\n<meta property=\"article:modified_time\" content=\"2022-06-30T14:04:46+00:00\" \/>\n<meta property=\"og:image\" content=\"https:\/\/www.muyjujuy.com\/wp-content\/uploads\/2022\/06\/WhatsApp-Image-2022-06-13-at-1.09.24-PM.jpeg\" \/>\n\t<meta property=\"og:image:width\" content=\"990\" \/>\n\t<meta property=\"og:image:height\" content=\"610\" \/>\n\t<meta property=\"og:image:type\" content=\"image\/jpeg\" \/>\n<meta name=\"author\" content=\"Redacci\u00f3n Muy Jujuy\" \/>\n<meta name=\"twitter:card\" content=\"summary_large_image\" \/>\n<meta name=\"twitter:creator\" content=\"@muyjujuy\" \/>\n<meta name=\"twitter:site\" content=\"@muyjujuy\" \/>\n<meta name=\"twitter:label1\" content=\"Escrito por\" \/>\n\t<meta name=\"twitter:data1\" content=\"Redacci\u00f3n Muy Jujuy\" \/>\n\t<meta name=\"twitter:label2\" content=\"Tiempo de lectura\" \/>\n\t<meta name=\"twitter:data2\" content=\"2 minutos\" \/>\n<script type=\"application\/ld+json\" class=\"yoast-schema-graph\">{\"@context\":\"https:\\\/\\\/schema.org\",\"@graph\":[{\"@type\":\"Article\",\"@id\":\"https:\\\/\\\/www.muyjujuy.com\\\/index.php\\\/2022\\\/06\\\/13\\\/un-condenado-a-prision-perpetua-se-fugo-del-penal-de-alto-comedero\\\/#article\",\"isPartOf\":{\"@id\":\"https:\\\/\\\/www.muyjujuy.com\\\/index.php\\\/2022\\\/06\\\/13\\\/un-condenado-a-prision-perpetua-se-fugo-del-penal-de-alto-comedero\\\/\"},\"author\":{\"name\":\"Redacci\u00f3n Muy Jujuy\",\"@id\":\"https:\\\/\\\/www.muyjujuy.com\\\/#\\\/schema\\\/person\\\/1d0f6e223ccea9e3f9034c1a5b683bf2\"},\"headline\":\"Un condenado a prisi\u00f3n perpetua se fug\u00f3 del penal de Alto Comedero\",\"datePublished\":\"2022-06-13T16:14:50+00:00\",\"dateModified\":\"2022-06-30T14:04:46+00:00\",\"mainEntityOfPage\":{\"@id\":\"https:\\\/\\\/www.muyjujuy.com\\\/index.php\\\/2022\\\/06\\\/13\\\/un-condenado-a-prision-perpetua-se-fugo-del-penal-de-alto-comedero\\\/\"},\"wordCount\":448,\"commentCount\":0,\"publisher\":{\"@id\":\"https:\\\/\\\/www.muyjujuy.com\\\/#organization\"},\"image\":{\"@id\":\"https:\\\/\\\/www.muyjujuy.com\\\/index.php\\\/2022\\\/06\\\/13\\\/un-condenado-a-prision-perpetua-se-fugo-del-penal-de-alto-comedero\\\/#primaryimage\"},\"thumbnailUrl\":\"https:\\\/\\\/www.muyjujuy.com\\\/wp-content\\\/uploads\\\/2022\\\/06\\\/WhatsApp-Image-2022-06-13-at-1.09.24-PM.jpeg\",\"keywords\":[\"Alto Comedero\",\"Jujuy\",\"Seguridad\"],\"articleSection\":[\"Seguridad\"],\"inLanguage\":\"es-AR\",\"potentialAction\":[{\"@type\":\"CommentAction\",\"name\":\"Comment\",\"target\":[\"https:\\\/\\\/www.muyjujuy.com\\\/index.php\\\/2022\\\/06\\\/13\\\/un-condenado-a-prision-perpetua-se-fugo-del-penal-de-alto-comedero\\\/#respond\"]}]},{\"@type\":\"WebPage\",\"@id\":\"https:\\\/\\\/www.muyjujuy.com\\\/index.php\\\/2022\\\/06\\\/13\\\/un-condenado-a-prision-perpetua-se-fugo-del-penal-de-alto-comedero\\\/\",\"url\":\"https:\\\/\\\/www.muyjujuy.com\\\/index.php\\\/2022\\\/06\\\/13\\\/un-condenado-a-prision-perpetua-se-fugo-del-penal-de-alto-comedero\\\/\",\"name\":\"Un condenado a prisi\u00f3n perpetua se fug\u00f3 del penal de Alto Comedero - Muy Jujuy\",\"isPartOf\":{\"@id\":\"https:\\\/\\\/www.muyjujuy.com\\\/#website\"},\"primaryImageOfPage\":{\"@id\":\"https:\\\/\\\/www.muyjujuy.com\\\/index.php\\\/2022\\\/06\\\/13\\\/un-condenado-a-prision-perpetua-se-fugo-del-penal-de-alto-comedero\\\/#primaryimage\"},\"image\":{\"@id\":\"https:\\\/\\\/www.muyjujuy.com\\\/index.php\\\/2022\\\/06\\\/13\\\/un-condenado-a-prision-perpetua-se-fugo-del-penal-de-alto-comedero\\\/#primaryimage\"},\"thumbnailUrl\":\"https:\\\/\\\/www.muyjujuy.com\\\/wp-content\\\/uploads\\\/2022\\\/06\\\/WhatsApp-Image-2022-06-13-at-1.09.24-PM.jpeg\",\"datePublished\":\"2022-06-13T16:14:50+00:00\",\"dateModified\":\"2022-06-30T14:04:46+00:00\",\"description\":\"El hombre fue condenado por asesinar a a un hombre para robarle su dinero. Es intensamente buscado por la Polic\u00eda en Alto Comedero.\",\"breadcrumb\":{\"@id\":\"https:\\\/\\\/www.muyjujuy.com\\\/index.php\\\/2022\\\/06\\\/13\\\/un-condenado-a-prision-perpetua-se-fugo-del-penal-de-alto-comedero\\\/#breadcrumb\"},\"inLanguage\":\"es-AR\",\"potentialAction\":[{\"@type\":\"ReadAction\",\"target\":[\"https:\\\/\\\/www.muyjujuy.com\\\/index.php\\\/2022\\\/06\\\/13\\\/un-condenado-a-prision-perpetua-se-fugo-del-penal-de-alto-comedero\\\/\"]}]},{\"@type\":\"ImageObject\",\"inLanguage\":\"es-AR\",\"@id\":\"https:\\\/\\\/www.muyjujuy.com\\\/index.php\\\/2022\\\/06\\\/13\\\/un-condenado-a-prision-perpetua-se-fugo-del-penal-de-alto-comedero\\\/#primaryimage\",\"url\":\"https:\\\/\\\/www.muyjujuy.com\\\/wp-content\\\/uploads\\\/2022\\\/06\\\/WhatsApp-Image-2022-06-13-at-1.09.24-PM.jpeg\",\"contentUrl\":\"https:\\\/\\\/www.muyjujuy.com\\\/wp-content\\\/uploads\\\/2022\\\/06\\\/WhatsApp-Image-2022-06-13-at-1.09.24-PM.jpeg\",\"width\":990,\"height\":610},{\"@type\":\"BreadcrumbList\",\"@id\":\"https:\\\/\\\/www.muyjujuy.com\\\/index.php\\\/2022\\\/06\\\/13\\\/un-condenado-a-prision-perpetua-se-fugo-del-penal-de-alto-comedero\\\/#breadcrumb\",\"itemListElement\":[{\"@type\":\"ListItem\",\"position\":1,\"name\":\"Inicio\",\"item\":\"https:\\\/\\\/www.muyjujuy.com\\\/\"},{\"@type\":\"ListItem\",\"position\":2,\"name\":\"Un condenado a prisi\u00f3n perpetua se fug\u00f3 del penal de Alto Comedero\"}]},{\"@type\":\"WebSite\",\"@id\":\"https:\\\/\\\/www.muyjujuy.com\\\/#website\",\"url\":\"https:\\\/\\\/www.muyjujuy.com\\\/\",\"name\":\"Muy Jujuy\",\"description\":\"\",\"publisher\":{\"@id\":\"https:\\\/\\\/www.muyjujuy.com\\\/#organization\"},\"potentialAction\":[{\"@type\":\"SearchAction\",\"target\":{\"@type\":\"EntryPoint\",\"urlTemplate\":\"https:\\\/\\\/www.muyjujuy.com\\\/?s={search_term_string}\"},\"query-input\":{\"@type\":\"PropertyValueSpecification\",\"valueRequired\":true,\"valueName\":\"search_term_string\"}}],\"inLanguage\":\"es-AR\"},{\"@type\":\"Organization\",\"@id\":\"https:\\\/\\\/www.muyjujuy.com\\\/#organization\",\"name\":\"Muy Jujuy\",\"url\":\"https:\\\/\\\/www.muyjujuy.com\\\/\",\"logo\":{\"@type\":\"ImageObject\",\"inLanguage\":\"es-AR\",\"@id\":\"https:\\\/\\\/www.muyjujuy.com\\\/#\\\/schema\\\/logo\\\/image\\\/\",\"url\":\"http:\\\/\\\/www.muyjujuy.com\\\/wp-content\\\/uploads\\\/2022\\\/05\\\/logo-mobil-jujuy.png\",\"contentUrl\":\"http:\\\/\\\/www.muyjujuy.com\\\/wp-content\\\/uploads\\\/2022\\\/05\\\/logo-mobil-jujuy.png\",\"width\":174,\"height\":81,\"caption\":\"Muy Jujuy\"},\"image\":{\"@id\":\"https:\\\/\\\/www.muyjujuy.com\\\/#\\\/schema\\\/logo\\\/image\\\/\"},\"sameAs\":[\"https:\\\/\\\/www.facebook.com\\\/muyjujuycom\",\"https:\\\/\\\/x.com\\\/muyjujuy\",\"https:\\\/\\\/www.instagram.com\\\/muyjujuycom\"]},{\"@type\":\"Person\",\"@id\":\"https:\\\/\\\/www.muyjujuy.com\\\/#\\\/schema\\\/person\\\/1d0f6e223ccea9e3f9034c1a5b683bf2\",\"name\":\"Redacci\u00f3n Muy Jujuy\",\"image\":{\"@type\":\"ImageObject\",\"inLanguage\":\"es-AR\",\"@id\":\"https:\\\/\\\/secure.gravatar.com\\\/avatar\\\/fec5f6f1893d741ed5eecccff109ce43e67a855411202a3212a058cb8e5c27d4?s=96&d=mm&r=g\",\"url\":\"https:\\\/\\\/secure.gravatar.com\\\/avatar\\\/fec5f6f1893d741ed5eecccff109ce43e67a855411202a3212a058cb8e5c27d4?s=96&d=mm&r=g\",\"contentUrl\":\"https:\\\/\\\/secure.gravatar.com\\\/avatar\\\/fec5f6f1893d741ed5eecccff109ce43e67a855411202a3212a058cb8e5c27d4?s=96&d=mm&r=g\",\"caption\":\"Redacci\u00f3n Muy Jujuy\"},\"url\":\"https:\\\/\\\/www.muyjujuy.com\\\/index.php\\\/author\\\/editor\\\/\"}]}<\/script>\n<!-- \/ Yoast SEO plugin. -->","yoast_head_json":{"title":"Un condenado a prisi\u00f3n perpetua se fug\u00f3 del penal de Alto Comedero - Muy Jujuy","description":"El hombre fue condenado por asesinar a a un hombre para robarle su dinero. Es intensamente buscado por la Polic\u00eda en Alto Comedero.","robots":{"index":"index","follow":"follow","max-snippet":"max-snippet:-1","max-image-preview":"max-image-preview:large","max-video-preview":"max-video-preview:-1"},"canonical":"https:\/\/www.muyjujuy.com\/index.php\/2022\/06\/13\/un-condenado-a-prision-perpetua-se-fugo-del-penal-de-alto-comedero\/","og_locale":"es_ES","og_type":"article","og_title":"Un condenado a prisi\u00f3n perpetua se fug\u00f3 del penal de Alto Comedero - Muy Jujuy","og_description":"El hombre fue condenado por asesinar a a un hombre para robarle su dinero. Es intensamente buscado por la Polic\u00eda en Alto Comedero.","og_url":"https:\/\/www.muyjujuy.com\/index.php\/2022\/06\/13\/un-condenado-a-prision-perpetua-se-fugo-del-penal-de-alto-comedero\/","og_site_name":"Muy Jujuy","article_publisher":"https:\/\/www.facebook.com\/muyjujuycom","article_published_time":"2022-06-13T16:14:50+00:00","article_modified_time":"2022-06-30T14:04:46+00:00","og_image":[{"width":990,"height":610,"url":"https:\/\/www.muyjujuy.com\/wp-content\/uploads\/2022\/06\/WhatsApp-Image-2022-06-13-at-1.09.24-PM.jpeg","type":"image\/jpeg"}],"author":"Redacci\u00f3n Muy Jujuy","twitter_card":"summary_large_image","twitter_creator":"@muyjujuy","twitter_site":"@muyjujuy","twitter_misc":{"Escrito por":"Redacci\u00f3n Muy Jujuy","Tiempo de lectura":"2 minutos"},"schema":{"@context":"https:\/\/schema.org","@graph":[{"@type":"Article","@id":"https:\/\/www.muyjujuy.com\/index.php\/2022\/06\/13\/un-condenado-a-prision-perpetua-se-fugo-del-penal-de-alto-comedero\/#article","isPartOf":{"@id":"https:\/\/www.muyjujuy.com\/index.php\/2022\/06\/13\/un-condenado-a-prision-perpetua-se-fugo-del-penal-de-alto-comedero\/"},"author":{"name":"Redacci\u00f3n Muy Jujuy","@id":"https:\/\/www.muyjujuy.com\/#\/schema\/person\/1d0f6e223ccea9e3f9034c1a5b683bf2"},"headline":"Un condenado a prisi\u00f3n perpetua se fug\u00f3 del penal de Alto Comedero","datePublished":"2022-06-13T16:14:50+00:00","dateModified":"2022-06-30T14:04:46+00:00","mainEntityOfPage":{"@id":"https:\/\/www.muyjujuy.com\/index.php\/2022\/06\/13\/un-condenado-a-prision-perpetua-se-fugo-del-penal-de-alto-comedero\/"},"wordCount":448,"commentCount":0,"publisher":{"@id":"https:\/\/www.muyjujuy.com\/#organization"},"image":{"@id":"https:\/\/www.muyjujuy.com\/index.php\/2022\/06\/13\/un-condenado-a-prision-perpetua-se-fugo-del-penal-de-alto-comedero\/#primaryimage"},"thumbnailUrl":"https:\/\/www.muyjujuy.com\/wp-content\/uploads\/2022\/06\/WhatsApp-Image-2022-06-13-at-1.09.24-PM.jpeg","keywords":["Alto Comedero","Jujuy","Seguridad"],"articleSection":["Seguridad"],"inLanguage":"es-AR","potentialAction":[{"@type":"CommentAction","name":"Comment","target":["https:\/\/www.muyjujuy.com\/index.php\/2022\/06\/13\/un-condenado-a-prision-perpetua-se-fugo-del-penal-de-alto-comedero\/#respond"]}]},{"@type":"WebPage","@id":"https:\/\/www.muyjujuy.com\/index.php\/2022\/06\/13\/un-condenado-a-prision-perpetua-se-fugo-del-penal-de-alto-comedero\/","url":"https:\/\/www.muyjujuy.com\/index.php\/2022\/06\/13\/un-condenado-a-prision-perpetua-se-fugo-del-penal-de-alto-comedero\/","name":"Un condenado a prisi\u00f3n perpetua se fug\u00f3 del penal de Alto Comedero - Muy Jujuy","isPartOf":{"@id":"https:\/\/www.muyjujuy.com\/#website"},"primaryImageOfPage":{"@id":"https:\/\/www.muyjujuy.com\/index.php\/2022\/06\/13\/un-condenado-a-prision-perpetua-se-fugo-del-penal-de-alto-comedero\/#primaryimage"},"image":{"@id":"https:\/\/www.muyjujuy.com\/index.php\/2022\/06\/13\/un-condenado-a-prision-perpetua-se-fugo-del-penal-de-alto-comedero\/#primaryimage"},"thumbnailUrl":"https:\/\/www.muyjujuy.com\/wp-content\/uploads\/2022\/06\/WhatsApp-Image-2022-06-13-at-1.09.24-PM.jpeg","datePublished":"2022-06-13T16:14:50+00:00","dateModified":"2022-06-30T14:04:46+00:00","description":"El hombre fue condenado por asesinar a a un hombre para robarle su dinero. Es intensamente buscado por la Polic\u00eda en Alto Comedero.","breadcrumb":{"@id":"https:\/\/www.muyjujuy.com\/index.php\/2022\/06\/13\/un-condenado-a-prision-perpetua-se-fugo-del-penal-de-alto-comedero\/#breadcrumb"},"inLanguage":"es-AR","potentialAction":[{"@type":"ReadAction","target":["https:\/\/www.muyjujuy.com\/index.php\/2022\/06\/13\/un-condenado-a-prision-perpetua-se-fugo-del-penal-de-alto-comedero\/"]}]},{"@type":"ImageObject","inLanguage":"es-AR","@id":"https:\/\/www.muyjujuy.com\/index.php\/2022\/06\/13\/un-condenado-a-prision-perpetua-se-fugo-del-penal-de-alto-comedero\/#primaryimage","url":"https:\/\/www.muyjujuy.com\/wp-content\/uploads\/2022\/06\/WhatsApp-Image-2022-06-13-at-1.09.24-PM.jpeg","contentUrl":"https:\/\/www.muyjujuy.com\/wp-content\/uploads\/2022\/06\/WhatsApp-Image-2022-06-13-at-1.09.24-PM.jpeg","width":990,"height":610},{"@type":"BreadcrumbList","@id":"https:\/\/www.muyjujuy.com\/index.php\/2022\/06\/13\/un-condenado-a-prision-perpetua-se-fugo-del-penal-de-alto-comedero\/#breadcrumb","itemListElement":[{"@type":"ListItem","position":1,"name":"Inicio","item":"https:\/\/www.muyjujuy.com\/"},{"@type":"ListItem","position":2,"name":"Un condenado a prisi\u00f3n perpetua se fug\u00f3 del penal de Alto Comedero"}]},{"@type":"WebSite","@id":"https:\/\/www.muyjujuy.com\/#website","url":"https:\/\/www.muyjujuy.com\/","name":"Muy Jujuy","description":"","publisher":{"@id":"https:\/\/www.muyjujuy.com\/#organization"},"potentialAction":[{"@type":"SearchAction","target":{"@type":"EntryPoint","urlTemplate":"https:\/\/www.muyjujuy.com\/?s={search_term_string}"},"query-input":{"@type":"PropertyValueSpecification","valueRequired":true,"valueName":"search_term_string"}}],"inLanguage":"es-AR"},{"@type":"Organization","@id":"https:\/\/www.muyjujuy.com\/#organization","name":"Muy Jujuy","url":"https:\/\/www.muyjujuy.com\/","logo":{"@type":"ImageObject","inLanguage":"es-AR","@id":"https:\/\/www.muyjujuy.com\/#\/schema\/logo\/image\/","url":"http:\/\/www.muyjujuy.com\/wp-content\/uploads\/2022\/05\/logo-mobil-jujuy.png","contentUrl":"http:\/\/www.muyjujuy.com\/wp-content\/uploads\/2022\/05\/logo-mobil-jujuy.png","width":174,"height":81,"caption":"Muy Jujuy"},"image":{"@id":"https:\/\/www.muyjujuy.com\/#\/schema\/logo\/image\/"},"sameAs":["https:\/\/www.facebook.com\/muyjujuycom","https:\/\/x.com\/muyjujuy","https:\/\/www.instagram.com\/muyjujuycom"]},{"@type":"Person","@id":"https:\/\/www.muyjujuy.com\/#\/schema\/person\/1d0f6e223ccea9e3f9034c1a5b683bf2","name":"Redacci\u00f3n Muy Jujuy","image":{"@type":"ImageObject","inLanguage":"es-AR","@id":"https:\/\/secure.gravatar.com\/avatar\/fec5f6f1893d741ed5eecccff109ce43e67a855411202a3212a058cb8e5c27d4?s=96&d=mm&r=g","url":"https:\/\/secure.gravatar.com\/avatar\/fec5f6f1893d741ed5eecccff109ce43e67a855411202a3212a058cb8e5c27d4?s=96&d=mm&r=g","contentUrl":"https:\/\/secure.gravatar.com\/avatar\/fec5f6f1893d741ed5eecccff109ce43e67a855411202a3212a058cb8e5c27d4?s=96&d=mm&r=g","caption":"Redacci\u00f3n Muy Jujuy"},"url":"https:\/\/www.muyjujuy.com\/index.php\/author\/editor\/"}]}},"_links":{"self":[{"href":"https:\/\/www.muyjujuy.com\/index.php\/wp-json\/wp\/v2\/posts\/573","targetHints":{"allow":["GET"]}}],"collection":[{"href":"https:\/\/www.muyjujuy.com\/index.php\/wp-json\/wp\/v2\/posts"}],"about":[{"href":"https:\/\/www.muyjujuy.com\/index.php\/wp-json\/wp\/v2\/types\/post"}],"author":[{"embeddable":true,"href":"https:\/\/www.muyjujuy.com\/index.php\/wp-json\/wp\/v2\/users\/3"}],"replies":[{"embeddable":true,"href":"https:\/\/www.muyjujuy.com\/index.php\/wp-json\/wp\/v2\/comments?post=573"}],"version-history":[{"count":2,"href":"https:\/\/www.muyjujuy.com\/index.php\/wp-json\/wp\/v2\/posts\/573\/revisions"}],"predecessor-version":[{"id":760,"href":"https:\/\/www.muyjujuy.com\/index.php\/wp-json\/wp\/v2\/posts\/573\/revisions\/760"}],"wp:featuredmedia":[{"embeddable":true,"href":"https:\/\/www.muyjujuy.com\/index.php\/wp-json\/wp\/v2\/media\/575"}],"wp:attachment":[{"href":"https:\/\/www.muyjujuy.com\/index.php\/wp-json\/wp\/v2\/media?parent=573"}],"wp:term":[{"taxonomy":"category","embeddable":true,"href":"https:\/\/www.muyjujuy.com\/index.php\/wp-json\/wp\/v2\/categories?post=573"},{"taxonomy":"post_tag","embeddable":true,"href":"https:\/\/www.muyjujuy.com\/index.php\/wp-json\/wp\/v2\/tags?post=573"}],"curies":[{"name":"wp","href":"https:\/\/api.w.org\/{rel}","templated":true}]}}