{"id":577,"date":"2022-06-13T13:21:43","date_gmt":"2022-06-13T16:21:43","guid":{"rendered":"https:\/\/www.muyjujuy.com\/?p=577"},"modified":"2022-06-13T13:21:45","modified_gmt":"2022-06-13T16:21:45","slug":"se-viene-el-cultural-fest-para-recaudar-fondos-para-las-carrozas","status":"publish","type":"post","link":"https:\/\/www.muyjujuy.com\/index.php\/2022\/06\/13\/se-viene-el-cultural-fest-para-recaudar-fondos-para-las-carrozas\/","title":{"rendered":"Se viene el Cultural Fest para recaudar fondos para las carrozas"},"content":{"rendered":"\n<p><em>El evento Cultural Fest se desarrollar\u00e1 el 16 de julio en Ciudad Cultural y los estudiantes ya comenzaron con la venta de entradas.<\/em><\/p>\n\n\n\n<p>El presidente del Ente Aut\u00e1rquico Permanente en Jujuy, <strong>Mart\u00edn Meyer<\/strong>, dio detalles del\u00a0<strong>Cultural\u00a0Fest <\/strong>que se realizar\u00e1 el 16 de julio en\u00a0Ciudad Cultural\u00a0con el objetivo que los\u00a0estudiantes\u00a0puedan recaudar fondos para la construcci\u00f3n de las\u00a0carrozas. <strong>\u201cEl evento contar\u00e1 con bandas y grupos musicales y estar\u00e1 abierto a toda la familia\u201d<\/strong>, detall\u00f3 Meyer.<\/p>\n\n\n\n<p><strong>\u201cLa idea es que cada escuela venda entradas a un precio de 500 peso<\/strong>s, monto que se destinar\u00e1 de forma \u00edntegra a la construcci\u00f3n de las carrozas\u201d, explic\u00f3. Adem\u00e1s, el funcionario apunt\u00f3 que <strong>\u201cel Estado proporcionar\u00e1 la log\u00edstica para el predio, las carpas, los grupos musicales y espect\u00e1culos para el evento\u201d.<\/strong><\/p>\n\n\n\n<p>Recalc\u00f3, asimismo, que &#8220;la importancia de este evento es que est\u00e1 abierto a toda la familia\u201d y que &#8220;no se trata solo de una fiesta para los estudiantes\u201d. &#8220;Cualquier integrante de la familia puede asistir, pasarla bien y ayudar a la construcci\u00f3n de las carrozas\u201d, enfatiz\u00f3.<\/p>\n\n\n\n<p>Meyer se\u00f1al\u00f3 que la iniciativa \u201ccuenta con el apoyo de los docentes y estudiantes\u201d quienes se manifestar\u00e1n a favor de la realizaci\u00f3n del evento. \u201cLa idea es muy buena, porque quienes vendan el mayor n\u00famero de entradas recauda m\u00e1s fondos\u201d, enfatiz\u00f3 el titular del Ente.<\/p>\n\n\n\n<p><strong>&#8220;De acuerdo a los c\u00e1lculos que tenemos se puede llegar a cubrir el 100 por ciento de la carroza. <\/strong>Todo si es que los chicos se ponen las pilas, trabajan y venden las entradas&#8221;, asegur\u00f3.<\/p>\n\n\n\n<h2 class=\"wp-block-heading\">Grilla del Cultural Fest<\/h2>\n\n\n\n<p><strong>La grilla de artistas para el\u00a0Cultural Fest\u00a0ser\u00e1 definida por la Comisi\u00f3n de Estudiante<\/strong>s dando prioridad a grupos locales en ascenso, \u201cya que estos espacios son para darle lugar a los nuevos artistas de Jujuy\u201d, afirm\u00f3.\u00a0<\/p>\n","protected":false},"excerpt":{"rendered":"<p>El evento Cultural Fest se desarrollar\u00e1 el 16 de julio en Ciudad Cultural y los estudiantes ya comenzaron con la venta de entradas. El presidente del Ente Aut\u00e1rquico Permanente en Jujuy, Mart\u00edn Meyer, dio detalles del\u00a0Cultural\u00a0Fest que se realizar\u00e1 el 16 de julio en\u00a0Ciudad Cultural\u00a0con el objetivo que los\u00a0estudiantes\u00a0puedan recaudar fondos para la construcci\u00f3n de [&hellip;]<\/p>\n","protected":false},"author":3,"featured_media":578,"comment_status":"open","ping_status":"open","sticky":false,"template":"","format":"standard","meta":{"footnotes":""},"categories":[25],"tags":[649,5,8],"class_list":{"0":"post-577","1":"post","2":"type-post","3":"status-publish","4":"format-standard","5":"has-post-thumbnail","7":"category-sociedad","8":"tag-cultural-fest","9":"tag-gerardo-morales","10":"tag-jujuy"},"yoast_head":"<!-- This site is optimized with the Yoast SEO plugin v27.5 - https:\/\/yoast.com\/product\/yoast-seo-wordpress\/ -->\n<title>Se viene el Cultural Fest para recaudar fondos para las carrozas - Muy Jujuy<\/title>\n<meta name=\"description\" content=\"El evento Cultural Fest se desarrollar\u00e1 el 16 de julio en Ciudad Cultural y los estudiantes ya comenzaron con la venta de entradas.\" \/>\n<meta name=\"robots\" content=\"index, follow, max-snippet:-1, max-image-preview:large, max-video-preview:-1\" \/>\n<link rel=\"canonical\" href=\"https:\/\/www.muyjujuy.com\/index.php\/2022\/06\/13\/se-viene-el-cultural-fest-para-recaudar-fondos-para-las-carrozas\/\" \/>\n<meta property=\"og:locale\" content=\"es_ES\" \/>\n<meta property=\"og:type\" content=\"article\" \/>\n<meta property=\"og:title\" content=\"Se viene el Cultural Fest para recaudar fondos para las carrozas - Muy Jujuy\" \/>\n<meta property=\"og:description\" content=\"El evento Cultural Fest se desarrollar\u00e1 el 16 de julio en Ciudad Cultural y los estudiantes ya comenzaron con la venta de entradas.\" \/>\n<meta property=\"og:url\" content=\"https:\/\/www.muyjujuy.com\/index.php\/2022\/06\/13\/se-viene-el-cultural-fest-para-recaudar-fondos-para-las-carrozas\/\" \/>\n<meta property=\"og:site_name\" content=\"Muy Jujuy\" \/>\n<meta property=\"article:publisher\" content=\"https:\/\/www.facebook.com\/muyjujuycom\" \/>\n<meta property=\"article:published_time\" content=\"2022-06-13T16:21:43+00:00\" \/>\n<meta property=\"article:modified_time\" content=\"2022-06-13T16:21:45+00:00\" \/>\n<meta property=\"og:image\" content=\"https:\/\/www.muyjujuy.com\/wp-content\/uploads\/2022\/06\/WhatsApp-Image-2022-06-13-at-1.21.28-PM.jpeg\" \/>\n\t<meta property=\"og:image:width\" content=\"1200\" \/>\n\t<meta property=\"og:image:height\" content=\"800\" \/>\n\t<meta property=\"og:image:type\" content=\"image\/jpeg\" \/>\n<meta name=\"author\" content=\"Redacci\u00f3n Muy Jujuy\" \/>\n<meta name=\"twitter:card\" content=\"summary_large_image\" \/>\n<meta name=\"twitter:creator\" content=\"@muyjujuy\" \/>\n<meta name=\"twitter:site\" content=\"@muyjujuy\" \/>\n<meta name=\"twitter:label1\" content=\"Escrito por\" \/>\n\t<meta name=\"twitter:data1\" content=\"Redacci\u00f3n Muy Jujuy\" \/>\n\t<meta name=\"twitter:label2\" content=\"Tiempo de lectura\" \/>\n\t<meta name=\"twitter:data2\" content=\"2 minutos\" \/>\n<script type=\"application\/ld+json\" class=\"yoast-schema-graph\">{\"@context\":\"https:\\\/\\\/schema.org\",\"@graph\":[{\"@type\":\"Article\",\"@id\":\"https:\\\/\\\/www.muyjujuy.com\\\/index.php\\\/2022\\\/06\\\/13\\\/se-viene-el-cultural-fest-para-recaudar-fondos-para-las-carrozas\\\/#article\",\"isPartOf\":{\"@id\":\"https:\\\/\\\/www.muyjujuy.com\\\/index.php\\\/2022\\\/06\\\/13\\\/se-viene-el-cultural-fest-para-recaudar-fondos-para-las-carrozas\\\/\"},\"author\":{\"name\":\"Redacci\u00f3n Muy Jujuy\",\"@id\":\"https:\\\/\\\/www.muyjujuy.com\\\/#\\\/schema\\\/person\\\/1d0f6e223ccea9e3f9034c1a5b683bf2\"},\"headline\":\"Se viene el Cultural Fest para recaudar fondos para las carrozas\",\"datePublished\":\"2022-06-13T16:21:43+00:00\",\"dateModified\":\"2022-06-13T16:21:45+00:00\",\"mainEntityOfPage\":{\"@id\":\"https:\\\/\\\/www.muyjujuy.com\\\/index.php\\\/2022\\\/06\\\/13\\\/se-viene-el-cultural-fest-para-recaudar-fondos-para-las-carrozas\\\/\"},\"wordCount\":320,\"commentCount\":0,\"publisher\":{\"@id\":\"https:\\\/\\\/www.muyjujuy.com\\\/#organization\"},\"image\":{\"@id\":\"https:\\\/\\\/www.muyjujuy.com\\\/index.php\\\/2022\\\/06\\\/13\\\/se-viene-el-cultural-fest-para-recaudar-fondos-para-las-carrozas\\\/#primaryimage\"},\"thumbnailUrl\":\"https:\\\/\\\/www.muyjujuy.com\\\/wp-content\\\/uploads\\\/2022\\\/06\\\/WhatsApp-Image-2022-06-13-at-1.21.28-PM.jpeg\",\"keywords\":[\"Cultural Fest\",\"Gerardo Morales\",\"Jujuy\"],\"articleSection\":[\"Sociedad\"],\"inLanguage\":\"es-AR\",\"potentialAction\":[{\"@type\":\"CommentAction\",\"name\":\"Comment\",\"target\":[\"https:\\\/\\\/www.muyjujuy.com\\\/index.php\\\/2022\\\/06\\\/13\\\/se-viene-el-cultural-fest-para-recaudar-fondos-para-las-carrozas\\\/#respond\"]}]},{\"@type\":\"WebPage\",\"@id\":\"https:\\\/\\\/www.muyjujuy.com\\\/index.php\\\/2022\\\/06\\\/13\\\/se-viene-el-cultural-fest-para-recaudar-fondos-para-las-carrozas\\\/\",\"url\":\"https:\\\/\\\/www.muyjujuy.com\\\/index.php\\\/2022\\\/06\\\/13\\\/se-viene-el-cultural-fest-para-recaudar-fondos-para-las-carrozas\\\/\",\"name\":\"Se viene el Cultural Fest para recaudar fondos para las carrozas - Muy Jujuy\",\"isPartOf\":{\"@id\":\"https:\\\/\\\/www.muyjujuy.com\\\/#website\"},\"primaryImageOfPage\":{\"@id\":\"https:\\\/\\\/www.muyjujuy.com\\\/index.php\\\/2022\\\/06\\\/13\\\/se-viene-el-cultural-fest-para-recaudar-fondos-para-las-carrozas\\\/#primaryimage\"},\"image\":{\"@id\":\"https:\\\/\\\/www.muyjujuy.com\\\/index.php\\\/2022\\\/06\\\/13\\\/se-viene-el-cultural-fest-para-recaudar-fondos-para-las-carrozas\\\/#primaryimage\"},\"thumbnailUrl\":\"https:\\\/\\\/www.muyjujuy.com\\\/wp-content\\\/uploads\\\/2022\\\/06\\\/WhatsApp-Image-2022-06-13-at-1.21.28-PM.jpeg\",\"datePublished\":\"2022-06-13T16:21:43+00:00\",\"dateModified\":\"2022-06-13T16:21:45+00:00\",\"description\":\"El evento Cultural Fest se desarrollar\u00e1 el 16 de julio en Ciudad Cultural y los estudiantes ya comenzaron con la venta de entradas.\",\"breadcrumb\":{\"@id\":\"https:\\\/\\\/www.muyjujuy.com\\\/index.php\\\/2022\\\/06\\\/13\\\/se-viene-el-cultural-fest-para-recaudar-fondos-para-las-carrozas\\\/#breadcrumb\"},\"inLanguage\":\"es-AR\",\"potentialAction\":[{\"@type\":\"ReadAction\",\"target\":[\"https:\\\/\\\/www.muyjujuy.com\\\/index.php\\\/2022\\\/06\\\/13\\\/se-viene-el-cultural-fest-para-recaudar-fondos-para-las-carrozas\\\/\"]}]},{\"@type\":\"ImageObject\",\"inLanguage\":\"es-AR\",\"@id\":\"https:\\\/\\\/www.muyjujuy.com\\\/index.php\\\/2022\\\/06\\\/13\\\/se-viene-el-cultural-fest-para-recaudar-fondos-para-las-carrozas\\\/#primaryimage\",\"url\":\"https:\\\/\\\/www.muyjujuy.com\\\/wp-content\\\/uploads\\\/2022\\\/06\\\/WhatsApp-Image-2022-06-13-at-1.21.28-PM.jpeg\",\"contentUrl\":\"https:\\\/\\\/www.muyjujuy.com\\\/wp-content\\\/uploads\\\/2022\\\/06\\\/WhatsApp-Image-2022-06-13-at-1.21.28-PM.jpeg\",\"width\":1200,\"height\":800},{\"@type\":\"BreadcrumbList\",\"@id\":\"https:\\\/\\\/www.muyjujuy.com\\\/index.php\\\/2022\\\/06\\\/13\\\/se-viene-el-cultural-fest-para-recaudar-fondos-para-las-carrozas\\\/#breadcrumb\",\"itemListElement\":[{\"@type\":\"ListItem\",\"position\":1,\"name\":\"Inicio\",\"item\":\"https:\\\/\\\/www.muyjujuy.com\\\/\"},{\"@type\":\"ListItem\",\"position\":2,\"name\":\"Se viene el Cultural Fest para recaudar fondos para las carrozas\"}]},{\"@type\":\"WebSite\",\"@id\":\"https:\\\/\\\/www.muyjujuy.com\\\/#website\",\"url\":\"https:\\\/\\\/www.muyjujuy.com\\\/\",\"name\":\"Muy Jujuy\",\"description\":\"\",\"publisher\":{\"@id\":\"https:\\\/\\\/www.muyjujuy.com\\\/#organization\"},\"potentialAction\":[{\"@type\":\"SearchAction\",\"target\":{\"@type\":\"EntryPoint\",\"urlTemplate\":\"https:\\\/\\\/www.muyjujuy.com\\\/?s={search_term_string}\"},\"query-input\":{\"@type\":\"PropertyValueSpecification\",\"valueRequired\":true,\"valueName\":\"search_term_string\"}}],\"inLanguage\":\"es-AR\"},{\"@type\":\"Organization\",\"@id\":\"https:\\\/\\\/www.muyjujuy.com\\\/#organization\",\"name\":\"Muy Jujuy\",\"url\":\"https:\\\/\\\/www.muyjujuy.com\\\/\",\"logo\":{\"@type\":\"ImageObject\",\"inLanguage\":\"es-AR\",\"@id\":\"https:\\\/\\\/www.muyjujuy.com\\\/#\\\/schema\\\/logo\\\/image\\\/\",\"url\":\"http:\\\/\\\/www.muyjujuy.com\\\/wp-content\\\/uploads\\\/2022\\\/05\\\/logo-mobil-jujuy.png\",\"contentUrl\":\"http:\\\/\\\/www.muyjujuy.com\\\/wp-content\\\/uploads\\\/2022\\\/05\\\/logo-mobil-jujuy.png\",\"width\":174,\"height\":81,\"caption\":\"Muy Jujuy\"},\"image\":{\"@id\":\"https:\\\/\\\/www.muyjujuy.com\\\/#\\\/schema\\\/logo\\\/image\\\/\"},\"sameAs\":[\"https:\\\/\\\/www.facebook.com\\\/muyjujuycom\",\"https:\\\/\\\/x.com\\\/muyjujuy\",\"https:\\\/\\\/www.instagram.com\\\/muyjujuycom\"]},{\"@type\":\"Person\",\"@id\":\"https:\\\/\\\/www.muyjujuy.com\\\/#\\\/schema\\\/person\\\/1d0f6e223ccea9e3f9034c1a5b683bf2\",\"name\":\"Redacci\u00f3n Muy Jujuy\",\"image\":{\"@type\":\"ImageObject\",\"inLanguage\":\"es-AR\",\"@id\":\"https:\\\/\\\/secure.gravatar.com\\\/avatar\\\/fec5f6f1893d741ed5eecccff109ce43e67a855411202a3212a058cb8e5c27d4?s=96&d=mm&r=g\",\"url\":\"https:\\\/\\\/secure.gravatar.com\\\/avatar\\\/fec5f6f1893d741ed5eecccff109ce43e67a855411202a3212a058cb8e5c27d4?s=96&d=mm&r=g\",\"contentUrl\":\"https:\\\/\\\/secure.gravatar.com\\\/avatar\\\/fec5f6f1893d741ed5eecccff109ce43e67a855411202a3212a058cb8e5c27d4?s=96&d=mm&r=g\",\"caption\":\"Redacci\u00f3n Muy Jujuy\"},\"url\":\"https:\\\/\\\/www.muyjujuy.com\\\/index.php\\\/author\\\/editor\\\/\"}]}<\/script>\n<!-- \/ Yoast SEO plugin. -->","yoast_head_json":{"title":"Se viene el Cultural Fest para recaudar fondos para las carrozas - Muy Jujuy","description":"El evento Cultural Fest se desarrollar\u00e1 el 16 de julio en Ciudad Cultural y los estudiantes ya comenzaron con la venta de entradas.","robots":{"index":"index","follow":"follow","max-snippet":"max-snippet:-1","max-image-preview":"max-image-preview:large","max-video-preview":"max-video-preview:-1"},"canonical":"https:\/\/www.muyjujuy.com\/index.php\/2022\/06\/13\/se-viene-el-cultural-fest-para-recaudar-fondos-para-las-carrozas\/","og_locale":"es_ES","og_type":"article","og_title":"Se viene el Cultural Fest para recaudar fondos para las carrozas - Muy Jujuy","og_description":"El evento Cultural Fest se desarrollar\u00e1 el 16 de julio en Ciudad Cultural y los estudiantes ya comenzaron con la venta de entradas.","og_url":"https:\/\/www.muyjujuy.com\/index.php\/2022\/06\/13\/se-viene-el-cultural-fest-para-recaudar-fondos-para-las-carrozas\/","og_site_name":"Muy Jujuy","article_publisher":"https:\/\/www.facebook.com\/muyjujuycom","article_published_time":"2022-06-13T16:21:43+00:00","article_modified_time":"2022-06-13T16:21:45+00:00","og_image":[{"width":1200,"height":800,"url":"https:\/\/www.muyjujuy.com\/wp-content\/uploads\/2022\/06\/WhatsApp-Image-2022-06-13-at-1.21.28-PM.jpeg","type":"image\/jpeg"}],"author":"Redacci\u00f3n Muy Jujuy","twitter_card":"summary_large_image","twitter_creator":"@muyjujuy","twitter_site":"@muyjujuy","twitter_misc":{"Escrito por":"Redacci\u00f3n Muy Jujuy","Tiempo de lectura":"2 minutos"},"schema":{"@context":"https:\/\/schema.org","@graph":[{"@type":"Article","@id":"https:\/\/www.muyjujuy.com\/index.php\/2022\/06\/13\/se-viene-el-cultural-fest-para-recaudar-fondos-para-las-carrozas\/#article","isPartOf":{"@id":"https:\/\/www.muyjujuy.com\/index.php\/2022\/06\/13\/se-viene-el-cultural-fest-para-recaudar-fondos-para-las-carrozas\/"},"author":{"name":"Redacci\u00f3n Muy Jujuy","@id":"https:\/\/www.muyjujuy.com\/#\/schema\/person\/1d0f6e223ccea9e3f9034c1a5b683bf2"},"headline":"Se viene el Cultural Fest para recaudar fondos para las carrozas","datePublished":"2022-06-13T16:21:43+00:00","dateModified":"2022-06-13T16:21:45+00:00","mainEntityOfPage":{"@id":"https:\/\/www.muyjujuy.com\/index.php\/2022\/06\/13\/se-viene-el-cultural-fest-para-recaudar-fondos-para-las-carrozas\/"},"wordCount":320,"commentCount":0,"publisher":{"@id":"https:\/\/www.muyjujuy.com\/#organization"},"image":{"@id":"https:\/\/www.muyjujuy.com\/index.php\/2022\/06\/13\/se-viene-el-cultural-fest-para-recaudar-fondos-para-las-carrozas\/#primaryimage"},"thumbnailUrl":"https:\/\/www.muyjujuy.com\/wp-content\/uploads\/2022\/06\/WhatsApp-Image-2022-06-13-at-1.21.28-PM.jpeg","keywords":["Cultural Fest","Gerardo Morales","Jujuy"],"articleSection":["Sociedad"],"inLanguage":"es-AR","potentialAction":[{"@type":"CommentAction","name":"Comment","target":["https:\/\/www.muyjujuy.com\/index.php\/2022\/06\/13\/se-viene-el-cultural-fest-para-recaudar-fondos-para-las-carrozas\/#respond"]}]},{"@type":"WebPage","@id":"https:\/\/www.muyjujuy.com\/index.php\/2022\/06\/13\/se-viene-el-cultural-fest-para-recaudar-fondos-para-las-carrozas\/","url":"https:\/\/www.muyjujuy.com\/index.php\/2022\/06\/13\/se-viene-el-cultural-fest-para-recaudar-fondos-para-las-carrozas\/","name":"Se viene el Cultural Fest para recaudar fondos para las carrozas - Muy Jujuy","isPartOf":{"@id":"https:\/\/www.muyjujuy.com\/#website"},"primaryImageOfPage":{"@id":"https:\/\/www.muyjujuy.com\/index.php\/2022\/06\/13\/se-viene-el-cultural-fest-para-recaudar-fondos-para-las-carrozas\/#primaryimage"},"image":{"@id":"https:\/\/www.muyjujuy.com\/index.php\/2022\/06\/13\/se-viene-el-cultural-fest-para-recaudar-fondos-para-las-carrozas\/#primaryimage"},"thumbnailUrl":"https:\/\/www.muyjujuy.com\/wp-content\/uploads\/2022\/06\/WhatsApp-Image-2022-06-13-at-1.21.28-PM.jpeg","datePublished":"2022-06-13T16:21:43+00:00","dateModified":"2022-06-13T16:21:45+00:00","description":"El evento Cultural Fest se desarrollar\u00e1 el 16 de julio en Ciudad Cultural y los estudiantes ya comenzaron con la venta de entradas.","breadcrumb":{"@id":"https:\/\/www.muyjujuy.com\/index.php\/2022\/06\/13\/se-viene-el-cultural-fest-para-recaudar-fondos-para-las-carrozas\/#breadcrumb"},"inLanguage":"es-AR","potentialAction":[{"@type":"ReadAction","target":["https:\/\/www.muyjujuy.com\/index.php\/2022\/06\/13\/se-viene-el-cultural-fest-para-recaudar-fondos-para-las-carrozas\/"]}]},{"@type":"ImageObject","inLanguage":"es-AR","@id":"https:\/\/www.muyjujuy.com\/index.php\/2022\/06\/13\/se-viene-el-cultural-fest-para-recaudar-fondos-para-las-carrozas\/#primaryimage","url":"https:\/\/www.muyjujuy.com\/wp-content\/uploads\/2022\/06\/WhatsApp-Image-2022-06-13-at-1.21.28-PM.jpeg","contentUrl":"https:\/\/www.muyjujuy.com\/wp-content\/uploads\/2022\/06\/WhatsApp-Image-2022-06-13-at-1.21.28-PM.jpeg","width":1200,"height":800},{"@type":"BreadcrumbList","@id":"https:\/\/www.muyjujuy.com\/index.php\/2022\/06\/13\/se-viene-el-cultural-fest-para-recaudar-fondos-para-las-carrozas\/#breadcrumb","itemListElement":[{"@type":"ListItem","position":1,"name":"Inicio","item":"https:\/\/www.muyjujuy.com\/"},{"@type":"ListItem","position":2,"name":"Se viene el Cultural Fest para recaudar fondos para las carrozas"}]},{"@type":"WebSite","@id":"https:\/\/www.muyjujuy.com\/#website","url":"https:\/\/www.muyjujuy.com\/","name":"Muy Jujuy","description":"","publisher":{"@id":"https:\/\/www.muyjujuy.com\/#organization"},"potentialAction":[{"@type":"SearchAction","target":{"@type":"EntryPoint","urlTemplate":"https:\/\/www.muyjujuy.com\/?s={search_term_string}"},"query-input":{"@type":"PropertyValueSpecification","valueRequired":true,"valueName":"search_term_string"}}],"inLanguage":"es-AR"},{"@type":"Organization","@id":"https:\/\/www.muyjujuy.com\/#organization","name":"Muy Jujuy","url":"https:\/\/www.muyjujuy.com\/","logo":{"@type":"ImageObject","inLanguage":"es-AR","@id":"https:\/\/www.muyjujuy.com\/#\/schema\/logo\/image\/","url":"http:\/\/www.muyjujuy.com\/wp-content\/uploads\/2022\/05\/logo-mobil-jujuy.png","contentUrl":"http:\/\/www.muyjujuy.com\/wp-content\/uploads\/2022\/05\/logo-mobil-jujuy.png","width":174,"height":81,"caption":"Muy Jujuy"},"image":{"@id":"https:\/\/www.muyjujuy.com\/#\/schema\/logo\/image\/"},"sameAs":["https:\/\/www.facebook.com\/muyjujuycom","https:\/\/x.com\/muyjujuy","https:\/\/www.instagram.com\/muyjujuycom"]},{"@type":"Person","@id":"https:\/\/www.muyjujuy.com\/#\/schema\/person\/1d0f6e223ccea9e3f9034c1a5b683bf2","name":"Redacci\u00f3n Muy Jujuy","image":{"@type":"ImageObject","inLanguage":"es-AR","@id":"https:\/\/secure.gravatar.com\/avatar\/fec5f6f1893d741ed5eecccff109ce43e67a855411202a3212a058cb8e5c27d4?s=96&d=mm&r=g","url":"https:\/\/secure.gravatar.com\/avatar\/fec5f6f1893d741ed5eecccff109ce43e67a855411202a3212a058cb8e5c27d4?s=96&d=mm&r=g","contentUrl":"https:\/\/secure.gravatar.com\/avatar\/fec5f6f1893d741ed5eecccff109ce43e67a855411202a3212a058cb8e5c27d4?s=96&d=mm&r=g","caption":"Redacci\u00f3n Muy Jujuy"},"url":"https:\/\/www.muyjujuy.com\/index.php\/author\/editor\/"}]}},"_links":{"self":[{"href":"https:\/\/www.muyjujuy.com\/index.php\/wp-json\/wp\/v2\/posts\/577","targetHints":{"allow":["GET"]}}],"collection":[{"href":"https:\/\/www.muyjujuy.com\/index.php\/wp-json\/wp\/v2\/posts"}],"about":[{"href":"https:\/\/www.muyjujuy.com\/index.php\/wp-json\/wp\/v2\/types\/post"}],"author":[{"embeddable":true,"href":"https:\/\/www.muyjujuy.com\/index.php\/wp-json\/wp\/v2\/users\/3"}],"replies":[{"embeddable":true,"href":"https:\/\/www.muyjujuy.com\/index.php\/wp-json\/wp\/v2\/comments?post=577"}],"version-history":[{"count":1,"href":"https:\/\/www.muyjujuy.com\/index.php\/wp-json\/wp\/v2\/posts\/577\/revisions"}],"predecessor-version":[{"id":579,"href":"https:\/\/www.muyjujuy.com\/index.php\/wp-json\/wp\/v2\/posts\/577\/revisions\/579"}],"wp:featuredmedia":[{"embeddable":true,"href":"https:\/\/www.muyjujuy.com\/index.php\/wp-json\/wp\/v2\/media\/578"}],"wp:attachment":[{"href":"https:\/\/www.muyjujuy.com\/index.php\/wp-json\/wp\/v2\/media?parent=577"}],"wp:term":[{"taxonomy":"category","embeddable":true,"href":"https:\/\/www.muyjujuy.com\/index.php\/wp-json\/wp\/v2\/categories?post=577"},{"taxonomy":"post_tag","embeddable":true,"href":"https:\/\/www.muyjujuy.com\/index.php\/wp-json\/wp\/v2\/tags?post=577"}],"curies":[{"name":"wp","href":"https:\/\/api.w.org\/{rel}","templated":true}]}}