{"id":602,"date":"2022-06-15T11:50:53","date_gmt":"2022-06-15T14:50:53","guid":{"rendered":"https:\/\/www.muyjujuy.com\/?p=602"},"modified":"2022-06-15T11:50:55","modified_gmt":"2022-06-15T14:50:55","slug":"canada-morales-busca-inversiones-en-la-mayor-feria-de-mineria-del-mundo","status":"publish","type":"post","link":"https:\/\/www.muyjujuy.com\/index.php\/2022\/06\/15\/canada-morales-busca-inversiones-en-la-mayor-feria-de-mineria-del-mundo\/","title":{"rendered":"Canad\u00e1: Morales busca inversiones en la mayor feria de miner\u00eda del mundo"},"content":{"rendered":"\n<p><em>El gobernador Gerardo Morales particip\u00f3 de la PDAC 2022 y destac\u00f3 el potencial minero que tiene la provincia de cara al futuro.<\/em><\/p>\n\n\n\n<p>El gobernador de Jujuy, <strong><a href=\"https:\/\/www.muyjujuy.com\/?s=morales\">Gerardo Morales<\/a>, <\/strong>participa de la PDAC 2022, la mayor feria de miner\u00eda mundial que tiene lugar en Canad\u00e1. All\u00ed expuso el potencial sustentable que ofrece la provincia y hace frente al desaf\u00edo de \u201csuperar el 1% de inversiones\u201d en el rubro.  Ese nivel \u201cno logra romper en los \u00faltimos a\u00f1os\u201d en Argentina.<\/p>\n\n\n\n<p>El gobernante encabez\u00f3 la presentaci\u00f3n de <strong>\u201cJujuy Verde \/ Oportunidades de\u00a0Inversiones en Miner\u00eda\u201d,<\/strong> en salones del hotel Sheraton Centre de Toronto.<\/p>\n\n\n\n<p><strong>\u201cDesde la concepci\u00f3n de Jujuy Provincia Verde, nos abrazamos a la agenda mundial de lucha contra el cambio clim\u00e1tico\u201d,<\/strong> enfatiz\u00f3 Morales y expuso el desaf\u00edo asumido por Jujuy de producir litio y fabricar bater\u00edas de litio. As\u00ed tambi\u00e9n generar Hidr\u00f3geno Verde a partir de las energ\u00edas renovables. <\/p>\n\n\n\n<p>&#8220;Podemos ser el futuro Arabia Saudita en la provisi\u00f3n de Hidr\u00f3geno Verde al mundo&#8221;, apunt\u00f3 el gobernador y ponder\u00f3 el proyecto juje\u00f1o de producir 4 Gw y aprovechar el gasoducto de Atacama para salir a los mercados internacionales.<\/p>\n\n\n\n<h2 class=\"wp-block-heading\">Cambios en la matriz energ\u00e9tica<\/h2>\n\n\n\n<p>Morales subray\u00f3 que existe un \u201cdesarrollo cient\u00edfico y tecnol\u00f3gico tremendo\u201d que est\u00e1 impulsando el cambio de la matriz energ\u00e9tica. Asever\u00f3 que <strong>\u201cen este proceso Jujuy est\u00e1 presente de manera activa\u201d<\/strong> y cit\u00f3 el proyecto del <strong>complejo de energ\u00eda termo-fotovoltaico <\/strong>que la empresa estatal juje\u00f1a JEMSE comparte con INVAP.\u00a0<\/p>\n\n\n\n<p>&#8220;Los grandes cambios del\u00a0mundo\u00a0plantean el desaf\u00edo de ser parte central de este proceso. La transformaci\u00f3n de la matriz energ\u00e9tica en el mundo impulsar\u00e1 con fuerza los desarrollos de minerales y componentes cr\u00edticos, tales como el litio. <strong>Vamos hacia una explosi\u00f3n en su desarrollo y explotaci\u00f3n&#8221;, <\/strong>asever\u00f3.\u00a0<\/p>\n\n\n\n<p>En tanto, observ\u00f3 un \u201catraso en la producci\u00f3n de hidrocarburos\u201d y advirti\u00f3 que \u201clas empresas no est\u00e1n invirtiendo&#8221;. Adem\u00e1s, critic\u00f3 que esto suceder <strong>&#8220;porque no se est\u00e1n haciendo las necesarias obras de infraestructura\u201d.<\/strong>\u00a0<\/p>\n\n\n\n<h2 class=\"wp-block-heading\">Proyecci\u00f3n a largo plazo<\/h2>\n\n\n\n<p>El gobernador inst\u00f3 a <strong>\u201cterminar como sea\u201d <\/strong>el gasoducto anunciado por el Gobierno de la Naci\u00f3n y &#8220;poner en marcha de inmediato\u201d un master plan de inversiones en energ\u00eda.\u00a0<\/p>\n\n\n\n<p>En esa l\u00ednea, convoc\u00f3 a <strong>\u201cprivilegiar una proyecci\u00f3n de largo plazo\u201d <\/strong>y arremeti\u00f3: <strong>&#8220;El d\u00eda que rompamos el cortoplacismo, seremos otro pa\u00eds\u201d. <\/strong>A fin de ilustrar sus dichos, resalt\u00f3 que <strong>el Norte Grande tiene un plan de inversiones de 33.000 millones de d\u00f3lares para los pr\u00f3ximos a\u00f1os.<\/strong>\u00a0<\/p>\n\n\n\n<p>Tambi\u00e9n participaron e titular de Jujuy Energ\u00eda y Miner\u00eda (JEMSE), <strong>Felipe albornoz<\/strong>; la ge\u00f3loga de JEMSE Araceli Guzm\u00e1n; <strong>Eduardo Zappetinni, <\/strong>de Servicio Geol\u00f3gico Minero Argentino (SEGEMAR); <strong>Mart\u00edn P\u00e9rez de Solay<\/strong>, representante de la empresa Sales de Jujuy; <strong>e Ignacio Celorio<\/strong>, directivo de la compa\u00f1\u00eda EXAR.\u00a0<\/p>\n\n\n\n<p>Por otra parte, el gobernador fue part\u00edcipe de una mesa redonda sobre mercado de capitales y miner\u00eda, organizada por el CFI y la Comisi\u00f3n Nacional de Valores.&nbsp;<\/p>\n\n\n\n<p><strong>\u201cEstamos en PDAC 2022 con el prop\u00f3sito doble de fortalecer el posicionamiento de Jujuy en el mercado minero <\/strong>y estimular el inter\u00e9s por Argentina, a los efectos de captar inversiones y enriquecer pol\u00edticas mineras de perfil sustentable\u201d, manifest\u00f3 Morales.\u00a0<\/p>\n\n\n\n<p>Destac\u00f3 que la feria de Canad\u00e1, m\u00e1xima en su tipo, permite <strong>\u201cmostrar al mundo que Argentina, lejos de estar cautiva en un mal presente, tiene proyecci\u00f3n y decisi\u00f3n de conectarse con el mundo\u201d.<\/strong>\u00a0<\/p>\n\n\n\n<p>\u201cEsto es clave para generar un despegue del pa\u00eds con miras a los pr\u00f3ximos 10 a\u00f1os\u201d, cerr\u00f3.<\/p>\n","protected":false},"excerpt":{"rendered":"<p>El gobernador Gerardo Morales particip\u00f3 de la PDAC 2022 y destac\u00f3 el potencial minero que tiene la provincia de cara al futuro. El gobernador de Jujuy, Gerardo Morales, participa de la PDAC 2022, la mayor feria de miner\u00eda mundial que tiene lugar en Canad\u00e1. All\u00ed expuso el potencial sustentable que ofrece la provincia y hace [&hellip;]<\/p>\n","protected":false},"author":3,"featured_media":603,"comment_status":"open","ping_status":"open","sticky":false,"template":"","format":"standard","meta":{"footnotes":""},"categories":[24],"tags":[659,5,8],"class_list":{"0":"post-602","1":"post","2":"type-post","3":"status-publish","4":"format-standard","5":"has-post-thumbnail","7":"category-politica","8":"tag-canada","9":"tag-gerardo-morales","10":"tag-jujuy"},"yoast_head":"<!-- This site is optimized with the Yoast SEO plugin v27.5 - https:\/\/yoast.com\/product\/yoast-seo-wordpress\/ -->\n<title>Canad\u00e1: Morales busca inversiones en la mayor feria de miner\u00eda del mundo - Muy Jujuy<\/title>\n<meta name=\"description\" content=\"El gobernador de Jujuy, Gerardo Morales, habl\u00f3 en la feria de miner\u00eda que se lleva acabo en Canad\u00e1 para buscar inversiones para la provincia.\" \/>\n<meta name=\"robots\" content=\"index, follow, max-snippet:-1, max-image-preview:large, max-video-preview:-1\" \/>\n<link rel=\"canonical\" href=\"https:\/\/www.muyjujuy.com\/index.php\/2022\/06\/15\/canada-morales-busca-inversiones-en-la-mayor-feria-de-mineria-del-mundo\/\" \/>\n<meta property=\"og:locale\" content=\"es_ES\" \/>\n<meta property=\"og:type\" content=\"article\" \/>\n<meta property=\"og:title\" content=\"Canad\u00e1: Morales busca inversiones en la mayor feria de miner\u00eda del mundo - Muy Jujuy\" \/>\n<meta property=\"og:description\" content=\"El gobernador de Jujuy, Gerardo Morales, habl\u00f3 en la feria de miner\u00eda que se lleva acabo en Canad\u00e1 para buscar inversiones para la provincia.\" \/>\n<meta property=\"og:url\" content=\"https:\/\/www.muyjujuy.com\/index.php\/2022\/06\/15\/canada-morales-busca-inversiones-en-la-mayor-feria-de-mineria-del-mundo\/\" \/>\n<meta property=\"og:site_name\" content=\"Muy Jujuy\" \/>\n<meta property=\"article:publisher\" content=\"https:\/\/www.facebook.com\/muyjujuycom\" \/>\n<meta property=\"article:published_time\" content=\"2022-06-15T14:50:53+00:00\" \/>\n<meta property=\"article:modified_time\" content=\"2022-06-15T14:50:55+00:00\" \/>\n<meta property=\"og:image\" content=\"https:\/\/www.muyjujuy.com\/wp-content\/uploads\/2022\/06\/WhatsApp-Image-2022-06-15-at-11.48.31-AM.jpeg\" \/>\n\t<meta property=\"og:image:width\" content=\"1200\" \/>\n\t<meta property=\"og:image:height\" content=\"844\" \/>\n\t<meta property=\"og:image:type\" content=\"image\/jpeg\" \/>\n<meta name=\"author\" content=\"Redacci\u00f3n Muy Jujuy\" \/>\n<meta name=\"twitter:card\" content=\"summary_large_image\" \/>\n<meta name=\"twitter:creator\" content=\"@muyjujuy\" \/>\n<meta name=\"twitter:site\" content=\"@muyjujuy\" \/>\n<meta name=\"twitter:label1\" content=\"Escrito por\" \/>\n\t<meta name=\"twitter:data1\" content=\"Redacci\u00f3n Muy Jujuy\" \/>\n\t<meta name=\"twitter:label2\" content=\"Tiempo de lectura\" \/>\n\t<meta name=\"twitter:data2\" content=\"3 minutos\" \/>\n<script type=\"application\/ld+json\" class=\"yoast-schema-graph\">{\"@context\":\"https:\\\/\\\/schema.org\",\"@graph\":[{\"@type\":\"Article\",\"@id\":\"https:\\\/\\\/www.muyjujuy.com\\\/index.php\\\/2022\\\/06\\\/15\\\/canada-morales-busca-inversiones-en-la-mayor-feria-de-mineria-del-mundo\\\/#article\",\"isPartOf\":{\"@id\":\"https:\\\/\\\/www.muyjujuy.com\\\/index.php\\\/2022\\\/06\\\/15\\\/canada-morales-busca-inversiones-en-la-mayor-feria-de-mineria-del-mundo\\\/\"},\"author\":{\"name\":\"Redacci\u00f3n Muy Jujuy\",\"@id\":\"https:\\\/\\\/www.muyjujuy.com\\\/#\\\/schema\\\/person\\\/1d0f6e223ccea9e3f9034c1a5b683bf2\"},\"headline\":\"Canad\u00e1: Morales busca inversiones en la mayor feria de miner\u00eda del mundo\",\"datePublished\":\"2022-06-15T14:50:53+00:00\",\"dateModified\":\"2022-06-15T14:50:55+00:00\",\"mainEntityOfPage\":{\"@id\":\"https:\\\/\\\/www.muyjujuy.com\\\/index.php\\\/2022\\\/06\\\/15\\\/canada-morales-busca-inversiones-en-la-mayor-feria-de-mineria-del-mundo\\\/\"},\"wordCount\":628,\"commentCount\":0,\"publisher\":{\"@id\":\"https:\\\/\\\/www.muyjujuy.com\\\/#organization\"},\"image\":{\"@id\":\"https:\\\/\\\/www.muyjujuy.com\\\/index.php\\\/2022\\\/06\\\/15\\\/canada-morales-busca-inversiones-en-la-mayor-feria-de-mineria-del-mundo\\\/#primaryimage\"},\"thumbnailUrl\":\"https:\\\/\\\/www.muyjujuy.com\\\/wp-content\\\/uploads\\\/2022\\\/06\\\/WhatsApp-Image-2022-06-15-at-11.48.31-AM.jpeg\",\"keywords\":[\"Canad\u00e1\",\"Gerardo Morales\",\"Jujuy\"],\"articleSection\":[\"Pol\u00edtica\"],\"inLanguage\":\"es-AR\",\"potentialAction\":[{\"@type\":\"CommentAction\",\"name\":\"Comment\",\"target\":[\"https:\\\/\\\/www.muyjujuy.com\\\/index.php\\\/2022\\\/06\\\/15\\\/canada-morales-busca-inversiones-en-la-mayor-feria-de-mineria-del-mundo\\\/#respond\"]}]},{\"@type\":\"WebPage\",\"@id\":\"https:\\\/\\\/www.muyjujuy.com\\\/index.php\\\/2022\\\/06\\\/15\\\/canada-morales-busca-inversiones-en-la-mayor-feria-de-mineria-del-mundo\\\/\",\"url\":\"https:\\\/\\\/www.muyjujuy.com\\\/index.php\\\/2022\\\/06\\\/15\\\/canada-morales-busca-inversiones-en-la-mayor-feria-de-mineria-del-mundo\\\/\",\"name\":\"Canad\u00e1: Morales busca inversiones en la mayor feria de miner\u00eda del mundo - Muy Jujuy\",\"isPartOf\":{\"@id\":\"https:\\\/\\\/www.muyjujuy.com\\\/#website\"},\"primaryImageOfPage\":{\"@id\":\"https:\\\/\\\/www.muyjujuy.com\\\/index.php\\\/2022\\\/06\\\/15\\\/canada-morales-busca-inversiones-en-la-mayor-feria-de-mineria-del-mundo\\\/#primaryimage\"},\"image\":{\"@id\":\"https:\\\/\\\/www.muyjujuy.com\\\/index.php\\\/2022\\\/06\\\/15\\\/canada-morales-busca-inversiones-en-la-mayor-feria-de-mineria-del-mundo\\\/#primaryimage\"},\"thumbnailUrl\":\"https:\\\/\\\/www.muyjujuy.com\\\/wp-content\\\/uploads\\\/2022\\\/06\\\/WhatsApp-Image-2022-06-15-at-11.48.31-AM.jpeg\",\"datePublished\":\"2022-06-15T14:50:53+00:00\",\"dateModified\":\"2022-06-15T14:50:55+00:00\",\"description\":\"El gobernador de Jujuy, Gerardo Morales, habl\u00f3 en la feria de miner\u00eda que se lleva acabo en Canad\u00e1 para buscar inversiones para la provincia.\",\"breadcrumb\":{\"@id\":\"https:\\\/\\\/www.muyjujuy.com\\\/index.php\\\/2022\\\/06\\\/15\\\/canada-morales-busca-inversiones-en-la-mayor-feria-de-mineria-del-mundo\\\/#breadcrumb\"},\"inLanguage\":\"es-AR\",\"potentialAction\":[{\"@type\":\"ReadAction\",\"target\":[\"https:\\\/\\\/www.muyjujuy.com\\\/index.php\\\/2022\\\/06\\\/15\\\/canada-morales-busca-inversiones-en-la-mayor-feria-de-mineria-del-mundo\\\/\"]}]},{\"@type\":\"ImageObject\",\"inLanguage\":\"es-AR\",\"@id\":\"https:\\\/\\\/www.muyjujuy.com\\\/index.php\\\/2022\\\/06\\\/15\\\/canada-morales-busca-inversiones-en-la-mayor-feria-de-mineria-del-mundo\\\/#primaryimage\",\"url\":\"https:\\\/\\\/www.muyjujuy.com\\\/wp-content\\\/uploads\\\/2022\\\/06\\\/WhatsApp-Image-2022-06-15-at-11.48.31-AM.jpeg\",\"contentUrl\":\"https:\\\/\\\/www.muyjujuy.com\\\/wp-content\\\/uploads\\\/2022\\\/06\\\/WhatsApp-Image-2022-06-15-at-11.48.31-AM.jpeg\",\"width\":1200,\"height\":844},{\"@type\":\"BreadcrumbList\",\"@id\":\"https:\\\/\\\/www.muyjujuy.com\\\/index.php\\\/2022\\\/06\\\/15\\\/canada-morales-busca-inversiones-en-la-mayor-feria-de-mineria-del-mundo\\\/#breadcrumb\",\"itemListElement\":[{\"@type\":\"ListItem\",\"position\":1,\"name\":\"Inicio\",\"item\":\"https:\\\/\\\/www.muyjujuy.com\\\/\"},{\"@type\":\"ListItem\",\"position\":2,\"name\":\"Canad\u00e1: Morales busca inversiones en la mayor feria de miner\u00eda del mundo\"}]},{\"@type\":\"WebSite\",\"@id\":\"https:\\\/\\\/www.muyjujuy.com\\\/#website\",\"url\":\"https:\\\/\\\/www.muyjujuy.com\\\/\",\"name\":\"Muy Jujuy\",\"description\":\"\",\"publisher\":{\"@id\":\"https:\\\/\\\/www.muyjujuy.com\\\/#organization\"},\"potentialAction\":[{\"@type\":\"SearchAction\",\"target\":{\"@type\":\"EntryPoint\",\"urlTemplate\":\"https:\\\/\\\/www.muyjujuy.com\\\/?s={search_term_string}\"},\"query-input\":{\"@type\":\"PropertyValueSpecification\",\"valueRequired\":true,\"valueName\":\"search_term_string\"}}],\"inLanguage\":\"es-AR\"},{\"@type\":\"Organization\",\"@id\":\"https:\\\/\\\/www.muyjujuy.com\\\/#organization\",\"name\":\"Muy Jujuy\",\"url\":\"https:\\\/\\\/www.muyjujuy.com\\\/\",\"logo\":{\"@type\":\"ImageObject\",\"inLanguage\":\"es-AR\",\"@id\":\"https:\\\/\\\/www.muyjujuy.com\\\/#\\\/schema\\\/logo\\\/image\\\/\",\"url\":\"http:\\\/\\\/www.muyjujuy.com\\\/wp-content\\\/uploads\\\/2022\\\/05\\\/logo-mobil-jujuy.png\",\"contentUrl\":\"http:\\\/\\\/www.muyjujuy.com\\\/wp-content\\\/uploads\\\/2022\\\/05\\\/logo-mobil-jujuy.png\",\"width\":174,\"height\":81,\"caption\":\"Muy Jujuy\"},\"image\":{\"@id\":\"https:\\\/\\\/www.muyjujuy.com\\\/#\\\/schema\\\/logo\\\/image\\\/\"},\"sameAs\":[\"https:\\\/\\\/www.facebook.com\\\/muyjujuycom\",\"https:\\\/\\\/x.com\\\/muyjujuy\",\"https:\\\/\\\/www.instagram.com\\\/muyjujuycom\"]},{\"@type\":\"Person\",\"@id\":\"https:\\\/\\\/www.muyjujuy.com\\\/#\\\/schema\\\/person\\\/1d0f6e223ccea9e3f9034c1a5b683bf2\",\"name\":\"Redacci\u00f3n Muy Jujuy\",\"image\":{\"@type\":\"ImageObject\",\"inLanguage\":\"es-AR\",\"@id\":\"https:\\\/\\\/secure.gravatar.com\\\/avatar\\\/fec5f6f1893d741ed5eecccff109ce43e67a855411202a3212a058cb8e5c27d4?s=96&d=mm&r=g\",\"url\":\"https:\\\/\\\/secure.gravatar.com\\\/avatar\\\/fec5f6f1893d741ed5eecccff109ce43e67a855411202a3212a058cb8e5c27d4?s=96&d=mm&r=g\",\"contentUrl\":\"https:\\\/\\\/secure.gravatar.com\\\/avatar\\\/fec5f6f1893d741ed5eecccff109ce43e67a855411202a3212a058cb8e5c27d4?s=96&d=mm&r=g\",\"caption\":\"Redacci\u00f3n Muy Jujuy\"},\"url\":\"https:\\\/\\\/www.muyjujuy.com\\\/index.php\\\/author\\\/editor\\\/\"}]}<\/script>\n<!-- \/ Yoast SEO plugin. -->","yoast_head_json":{"title":"Canad\u00e1: Morales busca inversiones en la mayor feria de miner\u00eda del mundo - Muy Jujuy","description":"El gobernador de Jujuy, Gerardo Morales, habl\u00f3 en la feria de miner\u00eda que se lleva acabo en Canad\u00e1 para buscar inversiones para la provincia.","robots":{"index":"index","follow":"follow","max-snippet":"max-snippet:-1","max-image-preview":"max-image-preview:large","max-video-preview":"max-video-preview:-1"},"canonical":"https:\/\/www.muyjujuy.com\/index.php\/2022\/06\/15\/canada-morales-busca-inversiones-en-la-mayor-feria-de-mineria-del-mundo\/","og_locale":"es_ES","og_type":"article","og_title":"Canad\u00e1: Morales busca inversiones en la mayor feria de miner\u00eda del mundo - Muy Jujuy","og_description":"El gobernador de Jujuy, Gerardo Morales, habl\u00f3 en la feria de miner\u00eda que se lleva acabo en Canad\u00e1 para buscar inversiones para la provincia.","og_url":"https:\/\/www.muyjujuy.com\/index.php\/2022\/06\/15\/canada-morales-busca-inversiones-en-la-mayor-feria-de-mineria-del-mundo\/","og_site_name":"Muy Jujuy","article_publisher":"https:\/\/www.facebook.com\/muyjujuycom","article_published_time":"2022-06-15T14:50:53+00:00","article_modified_time":"2022-06-15T14:50:55+00:00","og_image":[{"width":1200,"height":844,"url":"https:\/\/www.muyjujuy.com\/wp-content\/uploads\/2022\/06\/WhatsApp-Image-2022-06-15-at-11.48.31-AM.jpeg","type":"image\/jpeg"}],"author":"Redacci\u00f3n Muy Jujuy","twitter_card":"summary_large_image","twitter_creator":"@muyjujuy","twitter_site":"@muyjujuy","twitter_misc":{"Escrito por":"Redacci\u00f3n Muy Jujuy","Tiempo de lectura":"3 minutos"},"schema":{"@context":"https:\/\/schema.org","@graph":[{"@type":"Article","@id":"https:\/\/www.muyjujuy.com\/index.php\/2022\/06\/15\/canada-morales-busca-inversiones-en-la-mayor-feria-de-mineria-del-mundo\/#article","isPartOf":{"@id":"https:\/\/www.muyjujuy.com\/index.php\/2022\/06\/15\/canada-morales-busca-inversiones-en-la-mayor-feria-de-mineria-del-mundo\/"},"author":{"name":"Redacci\u00f3n Muy Jujuy","@id":"https:\/\/www.muyjujuy.com\/#\/schema\/person\/1d0f6e223ccea9e3f9034c1a5b683bf2"},"headline":"Canad\u00e1: Morales busca inversiones en la mayor feria de miner\u00eda del mundo","datePublished":"2022-06-15T14:50:53+00:00","dateModified":"2022-06-15T14:50:55+00:00","mainEntityOfPage":{"@id":"https:\/\/www.muyjujuy.com\/index.php\/2022\/06\/15\/canada-morales-busca-inversiones-en-la-mayor-feria-de-mineria-del-mundo\/"},"wordCount":628,"commentCount":0,"publisher":{"@id":"https:\/\/www.muyjujuy.com\/#organization"},"image":{"@id":"https:\/\/www.muyjujuy.com\/index.php\/2022\/06\/15\/canada-morales-busca-inversiones-en-la-mayor-feria-de-mineria-del-mundo\/#primaryimage"},"thumbnailUrl":"https:\/\/www.muyjujuy.com\/wp-content\/uploads\/2022\/06\/WhatsApp-Image-2022-06-15-at-11.48.31-AM.jpeg","keywords":["Canad\u00e1","Gerardo Morales","Jujuy"],"articleSection":["Pol\u00edtica"],"inLanguage":"es-AR","potentialAction":[{"@type":"CommentAction","name":"Comment","target":["https:\/\/www.muyjujuy.com\/index.php\/2022\/06\/15\/canada-morales-busca-inversiones-en-la-mayor-feria-de-mineria-del-mundo\/#respond"]}]},{"@type":"WebPage","@id":"https:\/\/www.muyjujuy.com\/index.php\/2022\/06\/15\/canada-morales-busca-inversiones-en-la-mayor-feria-de-mineria-del-mundo\/","url":"https:\/\/www.muyjujuy.com\/index.php\/2022\/06\/15\/canada-morales-busca-inversiones-en-la-mayor-feria-de-mineria-del-mundo\/","name":"Canad\u00e1: Morales busca inversiones en la mayor feria de miner\u00eda del mundo - Muy Jujuy","isPartOf":{"@id":"https:\/\/www.muyjujuy.com\/#website"},"primaryImageOfPage":{"@id":"https:\/\/www.muyjujuy.com\/index.php\/2022\/06\/15\/canada-morales-busca-inversiones-en-la-mayor-feria-de-mineria-del-mundo\/#primaryimage"},"image":{"@id":"https:\/\/www.muyjujuy.com\/index.php\/2022\/06\/15\/canada-morales-busca-inversiones-en-la-mayor-feria-de-mineria-del-mundo\/#primaryimage"},"thumbnailUrl":"https:\/\/www.muyjujuy.com\/wp-content\/uploads\/2022\/06\/WhatsApp-Image-2022-06-15-at-11.48.31-AM.jpeg","datePublished":"2022-06-15T14:50:53+00:00","dateModified":"2022-06-15T14:50:55+00:00","description":"El gobernador de Jujuy, Gerardo Morales, habl\u00f3 en la feria de miner\u00eda que se lleva acabo en Canad\u00e1 para buscar inversiones para la provincia.","breadcrumb":{"@id":"https:\/\/www.muyjujuy.com\/index.php\/2022\/06\/15\/canada-morales-busca-inversiones-en-la-mayor-feria-de-mineria-del-mundo\/#breadcrumb"},"inLanguage":"es-AR","potentialAction":[{"@type":"ReadAction","target":["https:\/\/www.muyjujuy.com\/index.php\/2022\/06\/15\/canada-morales-busca-inversiones-en-la-mayor-feria-de-mineria-del-mundo\/"]}]},{"@type":"ImageObject","inLanguage":"es-AR","@id":"https:\/\/www.muyjujuy.com\/index.php\/2022\/06\/15\/canada-morales-busca-inversiones-en-la-mayor-feria-de-mineria-del-mundo\/#primaryimage","url":"https:\/\/www.muyjujuy.com\/wp-content\/uploads\/2022\/06\/WhatsApp-Image-2022-06-15-at-11.48.31-AM.jpeg","contentUrl":"https:\/\/www.muyjujuy.com\/wp-content\/uploads\/2022\/06\/WhatsApp-Image-2022-06-15-at-11.48.31-AM.jpeg","width":1200,"height":844},{"@type":"BreadcrumbList","@id":"https:\/\/www.muyjujuy.com\/index.php\/2022\/06\/15\/canada-morales-busca-inversiones-en-la-mayor-feria-de-mineria-del-mundo\/#breadcrumb","itemListElement":[{"@type":"ListItem","position":1,"name":"Inicio","item":"https:\/\/www.muyjujuy.com\/"},{"@type":"ListItem","position":2,"name":"Canad\u00e1: Morales busca inversiones en la mayor feria de miner\u00eda del mundo"}]},{"@type":"WebSite","@id":"https:\/\/www.muyjujuy.com\/#website","url":"https:\/\/www.muyjujuy.com\/","name":"Muy Jujuy","description":"","publisher":{"@id":"https:\/\/www.muyjujuy.com\/#organization"},"potentialAction":[{"@type":"SearchAction","target":{"@type":"EntryPoint","urlTemplate":"https:\/\/www.muyjujuy.com\/?s={search_term_string}"},"query-input":{"@type":"PropertyValueSpecification","valueRequired":true,"valueName":"search_term_string"}}],"inLanguage":"es-AR"},{"@type":"Organization","@id":"https:\/\/www.muyjujuy.com\/#organization","name":"Muy Jujuy","url":"https:\/\/www.muyjujuy.com\/","logo":{"@type":"ImageObject","inLanguage":"es-AR","@id":"https:\/\/www.muyjujuy.com\/#\/schema\/logo\/image\/","url":"http:\/\/www.muyjujuy.com\/wp-content\/uploads\/2022\/05\/logo-mobil-jujuy.png","contentUrl":"http:\/\/www.muyjujuy.com\/wp-content\/uploads\/2022\/05\/logo-mobil-jujuy.png","width":174,"height":81,"caption":"Muy Jujuy"},"image":{"@id":"https:\/\/www.muyjujuy.com\/#\/schema\/logo\/image\/"},"sameAs":["https:\/\/www.facebook.com\/muyjujuycom","https:\/\/x.com\/muyjujuy","https:\/\/www.instagram.com\/muyjujuycom"]},{"@type":"Person","@id":"https:\/\/www.muyjujuy.com\/#\/schema\/person\/1d0f6e223ccea9e3f9034c1a5b683bf2","name":"Redacci\u00f3n Muy Jujuy","image":{"@type":"ImageObject","inLanguage":"es-AR","@id":"https:\/\/secure.gravatar.com\/avatar\/fec5f6f1893d741ed5eecccff109ce43e67a855411202a3212a058cb8e5c27d4?s=96&d=mm&r=g","url":"https:\/\/secure.gravatar.com\/avatar\/fec5f6f1893d741ed5eecccff109ce43e67a855411202a3212a058cb8e5c27d4?s=96&d=mm&r=g","contentUrl":"https:\/\/secure.gravatar.com\/avatar\/fec5f6f1893d741ed5eecccff109ce43e67a855411202a3212a058cb8e5c27d4?s=96&d=mm&r=g","caption":"Redacci\u00f3n Muy Jujuy"},"url":"https:\/\/www.muyjujuy.com\/index.php\/author\/editor\/"}]}},"_links":{"self":[{"href":"https:\/\/www.muyjujuy.com\/index.php\/wp-json\/wp\/v2\/posts\/602","targetHints":{"allow":["GET"]}}],"collection":[{"href":"https:\/\/www.muyjujuy.com\/index.php\/wp-json\/wp\/v2\/posts"}],"about":[{"href":"https:\/\/www.muyjujuy.com\/index.php\/wp-json\/wp\/v2\/types\/post"}],"author":[{"embeddable":true,"href":"https:\/\/www.muyjujuy.com\/index.php\/wp-json\/wp\/v2\/users\/3"}],"replies":[{"embeddable":true,"href":"https:\/\/www.muyjujuy.com\/index.php\/wp-json\/wp\/v2\/comments?post=602"}],"version-history":[{"count":1,"href":"https:\/\/www.muyjujuy.com\/index.php\/wp-json\/wp\/v2\/posts\/602\/revisions"}],"predecessor-version":[{"id":604,"href":"https:\/\/www.muyjujuy.com\/index.php\/wp-json\/wp\/v2\/posts\/602\/revisions\/604"}],"wp:featuredmedia":[{"embeddable":true,"href":"https:\/\/www.muyjujuy.com\/index.php\/wp-json\/wp\/v2\/media\/603"}],"wp:attachment":[{"href":"https:\/\/www.muyjujuy.com\/index.php\/wp-json\/wp\/v2\/media?parent=602"}],"wp:term":[{"taxonomy":"category","embeddable":true,"href":"https:\/\/www.muyjujuy.com\/index.php\/wp-json\/wp\/v2\/categories?post=602"},{"taxonomy":"post_tag","embeddable":true,"href":"https:\/\/www.muyjujuy.com\/index.php\/wp-json\/wp\/v2\/tags?post=602"}],"curies":[{"name":"wp","href":"https:\/\/api.w.org\/{rel}","templated":true}]}}