{"id":608,"date":"2022-06-15T15:02:35","date_gmt":"2022-06-15T18:02:35","guid":{"rendered":"https:\/\/www.muyjujuy.com\/?p=608"},"modified":"2022-06-15T15:02:36","modified_gmt":"2022-06-15T18:02:36","slug":"fin-de-semana-extra-largo-como-estara-el-clima-en-jujuy","status":"publish","type":"post","link":"https:\/\/www.muyjujuy.com\/index.php\/2022\/06\/15\/fin-de-semana-extra-largo-como-estara-el-clima-en-jujuy\/","title":{"rendered":"Fin de semana extra largo: c\u00f3mo estar\u00e1 el clima en Jujuy"},"content":{"rendered":"\n<p><em>En la provincia el fin de semana comenzar\u00e1 el jueves por el feriado provincial en honor al General Arias.<\/em><\/p>\n\n\n\n<p>El fin de semana largo comenzar\u00e1 el 17 hasta el 20 de junio. Se espera un gran movimiento de argentinos y argentinas en todo el pa\u00eds. Pero <strong>\u00bfc\u00f3mo estar\u00e1 el clima?<\/strong>  <\/p>\n\n\n\n<p>Con motivo de celebrarse el feriado provincial en <strong>honor al General Arias en Jujuy,<\/strong> aquellos que tienen la posibilidad, comienzan el\u00a0<strong>finde XXXL<\/strong>\u00a0extra largo a partir de ma\u00f1ana.<\/p>\n\n\n\n<h2 class=\"wp-block-heading\">\u00bfC\u00f3mo va a estar el tiempo este finde XXXL?<\/h2>\n\n\n\n<p>Desde el jueves, muchos tendr\u00e1n la posibilidad de descansar y recorrer la provincia hasta el pr\u00f3ximo lunes cuando finaliza este fin de semana extra largo.<\/p>\n\n\n\n<p>Seg\u00fan las proyecciones del Servicio Meteorol\u00f3gico Nacional,<strong> los pr\u00f3ximos d\u00edas estar\u00e1n fr\u00edos pero la buena noticia es que habr\u00e1 sol y por ahora no hay anuncio de inestabilidad.<\/strong><\/p>\n\n\n\n<h2 class=\"wp-block-heading\">D\u00eda por d\u00eda <\/h2>\n\n\n\n<p>El <strong>jueves 16 de junio <\/strong>(feriado provincial): <strong>se anuncia una m\u00ednima de 5\u00baC y una m\u00e1xima de 17\u00baC<\/strong>. En cuanto a las condiciones del clima, se mantendr\u00e1 parcialmente nublado y no hay anuncio de lloviznas por el momento.<\/p>\n\n\n\n<p>El <strong>viernes 17 de junio <\/strong>(feriado nacional): para esta jornada <strong>se espera una m\u00ednima de 5\u00baC con cielo un poco m\u00e1s nublado<\/strong>. Hay probabilidades de lloviznas aisladas pero muy bajas: entre 10% y un 40% de probabilidades. En cuanto a la m\u00e1xima anunciada tambi\u00e9n llegar\u00e1 a los 15\u00baC.<\/p>\n\n\n\n<p>El <strong>s\u00e1bado 18 de junio<\/strong>: va a ser uno de los <strong>d\u00edas m\u00e1s fr\u00edos<\/strong>. Por la ma\u00f1ana comenzar\u00e1 con 3\u00baC y cielo despejado. La m\u00e1xima alcanzar\u00e1 los 15\u00baC. No hay anuncio de lluvias.<\/p>\n\n\n\n<p>El domingo 19 de junio: en el D\u00eda del Padre<strong>, las condiciones meteorol\u00f3gicas tambi\u00e9n ser\u00e1n similares a las anteriores<\/strong>. La m\u00ednima comenzar\u00e1 tambi\u00e9n en 3\u00baC con cielo completamente despejado. Sobre la m\u00e1xima llegar\u00e1 esta vez hasta los 19\u00baC. Tampoco hay anuncio de lloviznas.<\/p>\n\n\n\n<p>Lunes 20 de junio: en el \u00faltimo d\u00eda de fin de semana extra largo, el Servicio Meteorol\u00f3gico Nacional anunci\u00f3 una m\u00ednima de 5\u00baC y una m\u00e1xima que podr\u00eda alcanzar los 21\u00baC. El tiempo se mantendr\u00e1 con cielo parcialmente nublado sin anuncio de inestabilidad.<\/p>\n","protected":false},"excerpt":{"rendered":"<p>En la provincia el fin de semana comenzar\u00e1 el jueves por el feriado provincial en honor al General Arias. El fin de semana largo comenzar\u00e1 el 17 hasta el 20 de junio. Se espera un gran movimiento de argentinos y argentinas en todo el pa\u00eds. Pero \u00bfc\u00f3mo estar\u00e1 el clima? Con motivo de celebrarse el [&hellip;]<\/p>\n","protected":false},"author":3,"featured_media":609,"comment_status":"open","ping_status":"open","sticky":false,"template":"","format":"standard","meta":{"footnotes":""},"categories":[25],"tags":[662,661,8],"class_list":{"0":"post-608","1":"post","2":"type-post","3":"status-publish","4":"format-standard","5":"has-post-thumbnail","7":"category-sociedad","8":"tag-clima","9":"tag-fin-de-semana-largo","10":"tag-jujuy"},"yoast_head":"<!-- This site is optimized with the Yoast SEO plugin v27.5 - https:\/\/yoast.com\/product\/yoast-seo-wordpress\/ -->\n<title>Fin de semana extra largo: c\u00f3mo estar\u00e1 el clima en Jujuy - Muy Jujuy<\/title>\n<meta name=\"description\" content=\"El fin de semana extra largo comenzar\u00e1 el jueves en Jujuy y el Servicio Meteorol\u00f3gico anunci\u00f3 c\u00f3mo estar\u00e1 el clima en los pr\u00f3ximos d\u00edas.\" \/>\n<meta name=\"robots\" content=\"index, follow, max-snippet:-1, max-image-preview:large, max-video-preview:-1\" \/>\n<link rel=\"canonical\" href=\"https:\/\/www.muyjujuy.com\/index.php\/2022\/06\/15\/fin-de-semana-extra-largo-como-estara-el-clima-en-jujuy\/\" \/>\n<meta property=\"og:locale\" content=\"es_ES\" \/>\n<meta property=\"og:type\" content=\"article\" \/>\n<meta property=\"og:title\" content=\"Fin de semana extra largo: c\u00f3mo estar\u00e1 el clima en Jujuy - Muy Jujuy\" \/>\n<meta property=\"og:description\" content=\"El fin de semana extra largo comenzar\u00e1 el jueves en Jujuy y el Servicio Meteorol\u00f3gico anunci\u00f3 c\u00f3mo estar\u00e1 el clima en los pr\u00f3ximos d\u00edas.\" \/>\n<meta property=\"og:url\" content=\"https:\/\/www.muyjujuy.com\/index.php\/2022\/06\/15\/fin-de-semana-extra-largo-como-estara-el-clima-en-jujuy\/\" \/>\n<meta property=\"og:site_name\" content=\"Muy Jujuy\" \/>\n<meta property=\"article:publisher\" content=\"https:\/\/www.facebook.com\/muyjujuycom\" \/>\n<meta property=\"article:published_time\" content=\"2022-06-15T18:02:35+00:00\" \/>\n<meta property=\"article:modified_time\" content=\"2022-06-15T18:02:36+00:00\" \/>\n<meta property=\"og:image\" content=\"https:\/\/www.muyjujuy.com\/wp-content\/uploads\/2022\/06\/WhatsApp-Image-2022-06-15-at-3.02.07-PM.jpeg\" \/>\n\t<meta property=\"og:image:width\" content=\"970\" \/>\n\t<meta property=\"og:image:height\" content=\"546\" \/>\n\t<meta property=\"og:image:type\" content=\"image\/jpeg\" \/>\n<meta name=\"author\" content=\"Redacci\u00f3n Muy Jujuy\" \/>\n<meta name=\"twitter:card\" content=\"summary_large_image\" \/>\n<meta name=\"twitter:creator\" content=\"@muyjujuy\" \/>\n<meta name=\"twitter:site\" content=\"@muyjujuy\" \/>\n<meta name=\"twitter:label1\" content=\"Escrito por\" \/>\n\t<meta name=\"twitter:data1\" content=\"Redacci\u00f3n Muy Jujuy\" \/>\n\t<meta name=\"twitter:label2\" content=\"Tiempo de lectura\" \/>\n\t<meta name=\"twitter:data2\" content=\"2 minutos\" \/>\n<script type=\"application\/ld+json\" class=\"yoast-schema-graph\">{\"@context\":\"https:\\\/\\\/schema.org\",\"@graph\":[{\"@type\":\"Article\",\"@id\":\"https:\\\/\\\/www.muyjujuy.com\\\/index.php\\\/2022\\\/06\\\/15\\\/fin-de-semana-extra-largo-como-estara-el-clima-en-jujuy\\\/#article\",\"isPartOf\":{\"@id\":\"https:\\\/\\\/www.muyjujuy.com\\\/index.php\\\/2022\\\/06\\\/15\\\/fin-de-semana-extra-largo-como-estara-el-clima-en-jujuy\\\/\"},\"author\":{\"name\":\"Redacci\u00f3n Muy Jujuy\",\"@id\":\"https:\\\/\\\/www.muyjujuy.com\\\/#\\\/schema\\\/person\\\/1d0f6e223ccea9e3f9034c1a5b683bf2\"},\"headline\":\"Fin de semana extra largo: c\u00f3mo estar\u00e1 el clima en Jujuy\",\"datePublished\":\"2022-06-15T18:02:35+00:00\",\"dateModified\":\"2022-06-15T18:02:36+00:00\",\"mainEntityOfPage\":{\"@id\":\"https:\\\/\\\/www.muyjujuy.com\\\/index.php\\\/2022\\\/06\\\/15\\\/fin-de-semana-extra-largo-como-estara-el-clima-en-jujuy\\\/\"},\"wordCount\":390,\"commentCount\":0,\"publisher\":{\"@id\":\"https:\\\/\\\/www.muyjujuy.com\\\/#organization\"},\"image\":{\"@id\":\"https:\\\/\\\/www.muyjujuy.com\\\/index.php\\\/2022\\\/06\\\/15\\\/fin-de-semana-extra-largo-como-estara-el-clima-en-jujuy\\\/#primaryimage\"},\"thumbnailUrl\":\"https:\\\/\\\/www.muyjujuy.com\\\/wp-content\\\/uploads\\\/2022\\\/06\\\/WhatsApp-Image-2022-06-15-at-3.02.07-PM.jpeg\",\"keywords\":[\"Clima\",\"Fin de semana largo\",\"Jujuy\"],\"articleSection\":[\"Sociedad\"],\"inLanguage\":\"es-AR\",\"potentialAction\":[{\"@type\":\"CommentAction\",\"name\":\"Comment\",\"target\":[\"https:\\\/\\\/www.muyjujuy.com\\\/index.php\\\/2022\\\/06\\\/15\\\/fin-de-semana-extra-largo-como-estara-el-clima-en-jujuy\\\/#respond\"]}]},{\"@type\":\"WebPage\",\"@id\":\"https:\\\/\\\/www.muyjujuy.com\\\/index.php\\\/2022\\\/06\\\/15\\\/fin-de-semana-extra-largo-como-estara-el-clima-en-jujuy\\\/\",\"url\":\"https:\\\/\\\/www.muyjujuy.com\\\/index.php\\\/2022\\\/06\\\/15\\\/fin-de-semana-extra-largo-como-estara-el-clima-en-jujuy\\\/\",\"name\":\"Fin de semana extra largo: c\u00f3mo estar\u00e1 el clima en Jujuy - Muy Jujuy\",\"isPartOf\":{\"@id\":\"https:\\\/\\\/www.muyjujuy.com\\\/#website\"},\"primaryImageOfPage\":{\"@id\":\"https:\\\/\\\/www.muyjujuy.com\\\/index.php\\\/2022\\\/06\\\/15\\\/fin-de-semana-extra-largo-como-estara-el-clima-en-jujuy\\\/#primaryimage\"},\"image\":{\"@id\":\"https:\\\/\\\/www.muyjujuy.com\\\/index.php\\\/2022\\\/06\\\/15\\\/fin-de-semana-extra-largo-como-estara-el-clima-en-jujuy\\\/#primaryimage\"},\"thumbnailUrl\":\"https:\\\/\\\/www.muyjujuy.com\\\/wp-content\\\/uploads\\\/2022\\\/06\\\/WhatsApp-Image-2022-06-15-at-3.02.07-PM.jpeg\",\"datePublished\":\"2022-06-15T18:02:35+00:00\",\"dateModified\":\"2022-06-15T18:02:36+00:00\",\"description\":\"El fin de semana extra largo comenzar\u00e1 el jueves en Jujuy y el Servicio Meteorol\u00f3gico anunci\u00f3 c\u00f3mo estar\u00e1 el clima en los pr\u00f3ximos d\u00edas.\",\"breadcrumb\":{\"@id\":\"https:\\\/\\\/www.muyjujuy.com\\\/index.php\\\/2022\\\/06\\\/15\\\/fin-de-semana-extra-largo-como-estara-el-clima-en-jujuy\\\/#breadcrumb\"},\"inLanguage\":\"es-AR\",\"potentialAction\":[{\"@type\":\"ReadAction\",\"target\":[\"https:\\\/\\\/www.muyjujuy.com\\\/index.php\\\/2022\\\/06\\\/15\\\/fin-de-semana-extra-largo-como-estara-el-clima-en-jujuy\\\/\"]}]},{\"@type\":\"ImageObject\",\"inLanguage\":\"es-AR\",\"@id\":\"https:\\\/\\\/www.muyjujuy.com\\\/index.php\\\/2022\\\/06\\\/15\\\/fin-de-semana-extra-largo-como-estara-el-clima-en-jujuy\\\/#primaryimage\",\"url\":\"https:\\\/\\\/www.muyjujuy.com\\\/wp-content\\\/uploads\\\/2022\\\/06\\\/WhatsApp-Image-2022-06-15-at-3.02.07-PM.jpeg\",\"contentUrl\":\"https:\\\/\\\/www.muyjujuy.com\\\/wp-content\\\/uploads\\\/2022\\\/06\\\/WhatsApp-Image-2022-06-15-at-3.02.07-PM.jpeg\",\"width\":970,\"height\":546},{\"@type\":\"BreadcrumbList\",\"@id\":\"https:\\\/\\\/www.muyjujuy.com\\\/index.php\\\/2022\\\/06\\\/15\\\/fin-de-semana-extra-largo-como-estara-el-clima-en-jujuy\\\/#breadcrumb\",\"itemListElement\":[{\"@type\":\"ListItem\",\"position\":1,\"name\":\"Inicio\",\"item\":\"https:\\\/\\\/www.muyjujuy.com\\\/\"},{\"@type\":\"ListItem\",\"position\":2,\"name\":\"Fin de semana extra largo: c\u00f3mo estar\u00e1 el clima en Jujuy\"}]},{\"@type\":\"WebSite\",\"@id\":\"https:\\\/\\\/www.muyjujuy.com\\\/#website\",\"url\":\"https:\\\/\\\/www.muyjujuy.com\\\/\",\"name\":\"Muy Jujuy\",\"description\":\"\",\"publisher\":{\"@id\":\"https:\\\/\\\/www.muyjujuy.com\\\/#organization\"},\"potentialAction\":[{\"@type\":\"SearchAction\",\"target\":{\"@type\":\"EntryPoint\",\"urlTemplate\":\"https:\\\/\\\/www.muyjujuy.com\\\/?s={search_term_string}\"},\"query-input\":{\"@type\":\"PropertyValueSpecification\",\"valueRequired\":true,\"valueName\":\"search_term_string\"}}],\"inLanguage\":\"es-AR\"},{\"@type\":\"Organization\",\"@id\":\"https:\\\/\\\/www.muyjujuy.com\\\/#organization\",\"name\":\"Muy Jujuy\",\"url\":\"https:\\\/\\\/www.muyjujuy.com\\\/\",\"logo\":{\"@type\":\"ImageObject\",\"inLanguage\":\"es-AR\",\"@id\":\"https:\\\/\\\/www.muyjujuy.com\\\/#\\\/schema\\\/logo\\\/image\\\/\",\"url\":\"http:\\\/\\\/www.muyjujuy.com\\\/wp-content\\\/uploads\\\/2022\\\/05\\\/logo-mobil-jujuy.png\",\"contentUrl\":\"http:\\\/\\\/www.muyjujuy.com\\\/wp-content\\\/uploads\\\/2022\\\/05\\\/logo-mobil-jujuy.png\",\"width\":174,\"height\":81,\"caption\":\"Muy Jujuy\"},\"image\":{\"@id\":\"https:\\\/\\\/www.muyjujuy.com\\\/#\\\/schema\\\/logo\\\/image\\\/\"},\"sameAs\":[\"https:\\\/\\\/www.facebook.com\\\/muyjujuycom\",\"https:\\\/\\\/x.com\\\/muyjujuy\",\"https:\\\/\\\/www.instagram.com\\\/muyjujuycom\"]},{\"@type\":\"Person\",\"@id\":\"https:\\\/\\\/www.muyjujuy.com\\\/#\\\/schema\\\/person\\\/1d0f6e223ccea9e3f9034c1a5b683bf2\",\"name\":\"Redacci\u00f3n Muy Jujuy\",\"image\":{\"@type\":\"ImageObject\",\"inLanguage\":\"es-AR\",\"@id\":\"https:\\\/\\\/secure.gravatar.com\\\/avatar\\\/fec5f6f1893d741ed5eecccff109ce43e67a855411202a3212a058cb8e5c27d4?s=96&d=mm&r=g\",\"url\":\"https:\\\/\\\/secure.gravatar.com\\\/avatar\\\/fec5f6f1893d741ed5eecccff109ce43e67a855411202a3212a058cb8e5c27d4?s=96&d=mm&r=g\",\"contentUrl\":\"https:\\\/\\\/secure.gravatar.com\\\/avatar\\\/fec5f6f1893d741ed5eecccff109ce43e67a855411202a3212a058cb8e5c27d4?s=96&d=mm&r=g\",\"caption\":\"Redacci\u00f3n Muy Jujuy\"},\"url\":\"https:\\\/\\\/www.muyjujuy.com\\\/index.php\\\/author\\\/editor\\\/\"}]}<\/script>\n<!-- \/ Yoast SEO plugin. -->","yoast_head_json":{"title":"Fin de semana extra largo: c\u00f3mo estar\u00e1 el clima en Jujuy - Muy Jujuy","description":"El fin de semana extra largo comenzar\u00e1 el jueves en Jujuy y el Servicio Meteorol\u00f3gico anunci\u00f3 c\u00f3mo estar\u00e1 el clima en los pr\u00f3ximos d\u00edas.","robots":{"index":"index","follow":"follow","max-snippet":"max-snippet:-1","max-image-preview":"max-image-preview:large","max-video-preview":"max-video-preview:-1"},"canonical":"https:\/\/www.muyjujuy.com\/index.php\/2022\/06\/15\/fin-de-semana-extra-largo-como-estara-el-clima-en-jujuy\/","og_locale":"es_ES","og_type":"article","og_title":"Fin de semana extra largo: c\u00f3mo estar\u00e1 el clima en Jujuy - Muy Jujuy","og_description":"El fin de semana extra largo comenzar\u00e1 el jueves en Jujuy y el Servicio Meteorol\u00f3gico anunci\u00f3 c\u00f3mo estar\u00e1 el clima en los pr\u00f3ximos d\u00edas.","og_url":"https:\/\/www.muyjujuy.com\/index.php\/2022\/06\/15\/fin-de-semana-extra-largo-como-estara-el-clima-en-jujuy\/","og_site_name":"Muy Jujuy","article_publisher":"https:\/\/www.facebook.com\/muyjujuycom","article_published_time":"2022-06-15T18:02:35+00:00","article_modified_time":"2022-06-15T18:02:36+00:00","og_image":[{"width":970,"height":546,"url":"https:\/\/www.muyjujuy.com\/wp-content\/uploads\/2022\/06\/WhatsApp-Image-2022-06-15-at-3.02.07-PM.jpeg","type":"image\/jpeg"}],"author":"Redacci\u00f3n Muy Jujuy","twitter_card":"summary_large_image","twitter_creator":"@muyjujuy","twitter_site":"@muyjujuy","twitter_misc":{"Escrito por":"Redacci\u00f3n Muy Jujuy","Tiempo de lectura":"2 minutos"},"schema":{"@context":"https:\/\/schema.org","@graph":[{"@type":"Article","@id":"https:\/\/www.muyjujuy.com\/index.php\/2022\/06\/15\/fin-de-semana-extra-largo-como-estara-el-clima-en-jujuy\/#article","isPartOf":{"@id":"https:\/\/www.muyjujuy.com\/index.php\/2022\/06\/15\/fin-de-semana-extra-largo-como-estara-el-clima-en-jujuy\/"},"author":{"name":"Redacci\u00f3n Muy Jujuy","@id":"https:\/\/www.muyjujuy.com\/#\/schema\/person\/1d0f6e223ccea9e3f9034c1a5b683bf2"},"headline":"Fin de semana extra largo: c\u00f3mo estar\u00e1 el clima en Jujuy","datePublished":"2022-06-15T18:02:35+00:00","dateModified":"2022-06-15T18:02:36+00:00","mainEntityOfPage":{"@id":"https:\/\/www.muyjujuy.com\/index.php\/2022\/06\/15\/fin-de-semana-extra-largo-como-estara-el-clima-en-jujuy\/"},"wordCount":390,"commentCount":0,"publisher":{"@id":"https:\/\/www.muyjujuy.com\/#organization"},"image":{"@id":"https:\/\/www.muyjujuy.com\/index.php\/2022\/06\/15\/fin-de-semana-extra-largo-como-estara-el-clima-en-jujuy\/#primaryimage"},"thumbnailUrl":"https:\/\/www.muyjujuy.com\/wp-content\/uploads\/2022\/06\/WhatsApp-Image-2022-06-15-at-3.02.07-PM.jpeg","keywords":["Clima","Fin de semana largo","Jujuy"],"articleSection":["Sociedad"],"inLanguage":"es-AR","potentialAction":[{"@type":"CommentAction","name":"Comment","target":["https:\/\/www.muyjujuy.com\/index.php\/2022\/06\/15\/fin-de-semana-extra-largo-como-estara-el-clima-en-jujuy\/#respond"]}]},{"@type":"WebPage","@id":"https:\/\/www.muyjujuy.com\/index.php\/2022\/06\/15\/fin-de-semana-extra-largo-como-estara-el-clima-en-jujuy\/","url":"https:\/\/www.muyjujuy.com\/index.php\/2022\/06\/15\/fin-de-semana-extra-largo-como-estara-el-clima-en-jujuy\/","name":"Fin de semana extra largo: c\u00f3mo estar\u00e1 el clima en Jujuy - Muy Jujuy","isPartOf":{"@id":"https:\/\/www.muyjujuy.com\/#website"},"primaryImageOfPage":{"@id":"https:\/\/www.muyjujuy.com\/index.php\/2022\/06\/15\/fin-de-semana-extra-largo-como-estara-el-clima-en-jujuy\/#primaryimage"},"image":{"@id":"https:\/\/www.muyjujuy.com\/index.php\/2022\/06\/15\/fin-de-semana-extra-largo-como-estara-el-clima-en-jujuy\/#primaryimage"},"thumbnailUrl":"https:\/\/www.muyjujuy.com\/wp-content\/uploads\/2022\/06\/WhatsApp-Image-2022-06-15-at-3.02.07-PM.jpeg","datePublished":"2022-06-15T18:02:35+00:00","dateModified":"2022-06-15T18:02:36+00:00","description":"El fin de semana extra largo comenzar\u00e1 el jueves en Jujuy y el Servicio Meteorol\u00f3gico anunci\u00f3 c\u00f3mo estar\u00e1 el clima en los pr\u00f3ximos d\u00edas.","breadcrumb":{"@id":"https:\/\/www.muyjujuy.com\/index.php\/2022\/06\/15\/fin-de-semana-extra-largo-como-estara-el-clima-en-jujuy\/#breadcrumb"},"inLanguage":"es-AR","potentialAction":[{"@type":"ReadAction","target":["https:\/\/www.muyjujuy.com\/index.php\/2022\/06\/15\/fin-de-semana-extra-largo-como-estara-el-clima-en-jujuy\/"]}]},{"@type":"ImageObject","inLanguage":"es-AR","@id":"https:\/\/www.muyjujuy.com\/index.php\/2022\/06\/15\/fin-de-semana-extra-largo-como-estara-el-clima-en-jujuy\/#primaryimage","url":"https:\/\/www.muyjujuy.com\/wp-content\/uploads\/2022\/06\/WhatsApp-Image-2022-06-15-at-3.02.07-PM.jpeg","contentUrl":"https:\/\/www.muyjujuy.com\/wp-content\/uploads\/2022\/06\/WhatsApp-Image-2022-06-15-at-3.02.07-PM.jpeg","width":970,"height":546},{"@type":"BreadcrumbList","@id":"https:\/\/www.muyjujuy.com\/index.php\/2022\/06\/15\/fin-de-semana-extra-largo-como-estara-el-clima-en-jujuy\/#breadcrumb","itemListElement":[{"@type":"ListItem","position":1,"name":"Inicio","item":"https:\/\/www.muyjujuy.com\/"},{"@type":"ListItem","position":2,"name":"Fin de semana extra largo: c\u00f3mo estar\u00e1 el clima en Jujuy"}]},{"@type":"WebSite","@id":"https:\/\/www.muyjujuy.com\/#website","url":"https:\/\/www.muyjujuy.com\/","name":"Muy Jujuy","description":"","publisher":{"@id":"https:\/\/www.muyjujuy.com\/#organization"},"potentialAction":[{"@type":"SearchAction","target":{"@type":"EntryPoint","urlTemplate":"https:\/\/www.muyjujuy.com\/?s={search_term_string}"},"query-input":{"@type":"PropertyValueSpecification","valueRequired":true,"valueName":"search_term_string"}}],"inLanguage":"es-AR"},{"@type":"Organization","@id":"https:\/\/www.muyjujuy.com\/#organization","name":"Muy Jujuy","url":"https:\/\/www.muyjujuy.com\/","logo":{"@type":"ImageObject","inLanguage":"es-AR","@id":"https:\/\/www.muyjujuy.com\/#\/schema\/logo\/image\/","url":"http:\/\/www.muyjujuy.com\/wp-content\/uploads\/2022\/05\/logo-mobil-jujuy.png","contentUrl":"http:\/\/www.muyjujuy.com\/wp-content\/uploads\/2022\/05\/logo-mobil-jujuy.png","width":174,"height":81,"caption":"Muy Jujuy"},"image":{"@id":"https:\/\/www.muyjujuy.com\/#\/schema\/logo\/image\/"},"sameAs":["https:\/\/www.facebook.com\/muyjujuycom","https:\/\/x.com\/muyjujuy","https:\/\/www.instagram.com\/muyjujuycom"]},{"@type":"Person","@id":"https:\/\/www.muyjujuy.com\/#\/schema\/person\/1d0f6e223ccea9e3f9034c1a5b683bf2","name":"Redacci\u00f3n Muy Jujuy","image":{"@type":"ImageObject","inLanguage":"es-AR","@id":"https:\/\/secure.gravatar.com\/avatar\/fec5f6f1893d741ed5eecccff109ce43e67a855411202a3212a058cb8e5c27d4?s=96&d=mm&r=g","url":"https:\/\/secure.gravatar.com\/avatar\/fec5f6f1893d741ed5eecccff109ce43e67a855411202a3212a058cb8e5c27d4?s=96&d=mm&r=g","contentUrl":"https:\/\/secure.gravatar.com\/avatar\/fec5f6f1893d741ed5eecccff109ce43e67a855411202a3212a058cb8e5c27d4?s=96&d=mm&r=g","caption":"Redacci\u00f3n Muy Jujuy"},"url":"https:\/\/www.muyjujuy.com\/index.php\/author\/editor\/"}]}},"_links":{"self":[{"href":"https:\/\/www.muyjujuy.com\/index.php\/wp-json\/wp\/v2\/posts\/608","targetHints":{"allow":["GET"]}}],"collection":[{"href":"https:\/\/www.muyjujuy.com\/index.php\/wp-json\/wp\/v2\/posts"}],"about":[{"href":"https:\/\/www.muyjujuy.com\/index.php\/wp-json\/wp\/v2\/types\/post"}],"author":[{"embeddable":true,"href":"https:\/\/www.muyjujuy.com\/index.php\/wp-json\/wp\/v2\/users\/3"}],"replies":[{"embeddable":true,"href":"https:\/\/www.muyjujuy.com\/index.php\/wp-json\/wp\/v2\/comments?post=608"}],"version-history":[{"count":1,"href":"https:\/\/www.muyjujuy.com\/index.php\/wp-json\/wp\/v2\/posts\/608\/revisions"}],"predecessor-version":[{"id":610,"href":"https:\/\/www.muyjujuy.com\/index.php\/wp-json\/wp\/v2\/posts\/608\/revisions\/610"}],"wp:featuredmedia":[{"embeddable":true,"href":"https:\/\/www.muyjujuy.com\/index.php\/wp-json\/wp\/v2\/media\/609"}],"wp:attachment":[{"href":"https:\/\/www.muyjujuy.com\/index.php\/wp-json\/wp\/v2\/media?parent=608"}],"wp:term":[{"taxonomy":"category","embeddable":true,"href":"https:\/\/www.muyjujuy.com\/index.php\/wp-json\/wp\/v2\/categories?post=608"},{"taxonomy":"post_tag","embeddable":true,"href":"https:\/\/www.muyjujuy.com\/index.php\/wp-json\/wp\/v2\/tags?post=608"}],"curies":[{"name":"wp","href":"https:\/\/api.w.org\/{rel}","templated":true}]}}