{"id":615,"date":"2022-06-16T11:45:33","date_gmt":"2022-06-16T14:45:33","guid":{"rendered":"https:\/\/www.muyjujuy.com\/?p=615"},"modified":"2022-06-16T11:45:35","modified_gmt":"2022-06-16T14:45:35","slug":"fin-de-semana-extra-largo-como-funcionaran-los-servicios","status":"publish","type":"post","link":"https:\/\/www.muyjujuy.com\/index.php\/2022\/06\/16\/fin-de-semana-extra-largo-como-funcionaran-los-servicios\/","title":{"rendered":"Fin de semana extra largo: c\u00f3mo funcionar\u00e1n los servicios"},"content":{"rendered":"\n<p><em>Este jueves comenz\u00f3 el fin de semana extra largo en la provincia. As\u00ed funcionar\u00e1 el transporte y los servicios de recolecci\u00f3n de basura.<\/em><\/p>\n\n\n\n<p>La <strong>Municipalidad de San Salvador de Jujuy <\/strong>inform\u00f3 c\u00f3mo funcionar\u00e1n los servicios este fin de semana extra largo en la provincia.<\/p>\n\n\n\n<p>Para los usuarios del <strong>Ascensor Urbano <\/strong>comunicaron que <strong>los d\u00edas jueves 16, viernes 17 y lunes 20 funcionar\u00e1 entre las 8 y las 20 horas<\/strong>, mientras que los d\u00edas s\u00e1bado 18 y domingo 19 el servicio se prestar\u00e1 de manera habitual.<\/p>\n\n\n\n<p>En relaci\u00f3n al <strong>estacionamiento tarifado<\/strong>, no regir\u00e1 los d\u00edas <strong>jueves 16, viernes 17 y lunes 20<\/strong>, mientras que el s\u00e1bado 18 lo har\u00e1 de manera normal.<\/p>\n\n\n\n<p><strong>Los taxis funcionar\u00e1n los d\u00edas jueves 16, viernes 17 y lunes 20 con tarifa 2 y los d\u00edas s\u00e1bado 18 y domingo 19 con tarifas habituales<\/strong>. Mientras que el servicio de transporte urbano funcionar\u00e1 los d\u00edas feriado con horarios de circulaci\u00f3n reducida y d\u00edas s\u00e1bado 18 y domingo 19 con frecuencias habituales.<\/p>\n\n\n\n<p>Adem\u00e1s, desde la <strong>Direcci\u00f3n de Higiene Urbana<\/strong> informaron que los servicios de recolecci\u00f3n de residuos se realizar\u00e1n de la siguiente manera:<\/p>\n\n\n\n<h2 class=\"wp-block-heading\">Recolecci\u00f3n de residuos<\/h2>\n\n\n\n<p>Los d\u00edas jueves, vienes y lunes la recolecci\u00f3n dependiente del municipio, tanto domiciliaria y servicios especiales <strong>ser\u00e1 normal, <\/strong>mientras que el barrido funcionar\u00e1 de manera reducida.<br><br>La empresa Limsa inform\u00f3 que el d\u00eda <strong>jueves 16 <\/strong>en el turno noche la recolecci\u00f3n de residuos domiciliaria y los contenedores para escombros<strong> funcionar\u00e1n de manera normal. <\/strong>En tanto no habr\u00e1 servicio de barrido mec\u00e1nico<br><br>Los d\u00edas <strong>viernes 17 y lunes 20 los servicios recolecci\u00f3n domiciliaria, recolecci\u00f3n comercial y pat\u00f3genos ser\u00e1 normal<\/strong>.<br><br>En tanto para esos d\u00edas el servicio de <strong>barrido en el microcentro<\/strong> y ex terminal <strong>ser\u00e1 normal durante la ma\u00f1ana, <\/strong>mientras que por la tarde no se prestar\u00e1, retornando su normal funcionamiento durante la noche.<br>Los contenedores municipales funcionar\u00e1n con normalidad.<\/p>\n\n\n\n<h2 class=\"wp-block-heading\">Cementerios<\/h2>\n\n\n\n<p>Desde la Direcci\u00f3n de Cementerios comunicaron que d<strong>urante todo el fin de semana el horario de atenci\u00f3n en las oficinas administrativas ser\u00e1 de 9 a 13 horas <\/strong>y para visitas al campo santo de 8 a 18 horas.<\/p>\n\n\n\n<p>Adem\u00e1s, solicitaron cumplir con las siguientes recomendaciones: <strong>colocar arena en los floreros, evitar concurrir con mascotas, alimentos, bebidas alcoh\u00f3licas y respetar los horarios establecidos.<\/strong><\/p>\n\n\n\n<p>Finalmente, los mercados municipales, los d\u00edas 16, 17 y 20 de junio atender\u00e1n mediod\u00eda, exceptuando el Mercado Hip\u00f3lito Yrigoyen (ex abasto) que el jueves 16, feriado provincial, abrir\u00e1 sus puertas en los horarios habituales.<\/p>\n","protected":false},"excerpt":{"rendered":"<p>Este jueves comenz\u00f3 el fin de semana extra largo en la provincia. As\u00ed funcionar\u00e1 el transporte y los servicios de recolecci\u00f3n de basura. La Municipalidad de San Salvador de Jujuy inform\u00f3 c\u00f3mo funcionar\u00e1n los servicios este fin de semana extra largo en la provincia. Para los usuarios del Ascensor Urbano comunicaron que los d\u00edas jueves [&hellip;]<\/p>\n","protected":false},"author":3,"featured_media":616,"comment_status":"open","ping_status":"open","sticky":false,"template":"","format":"standard","meta":{"footnotes":""},"categories":[25],"tags":[661,5,8],"class_list":{"0":"post-615","1":"post","2":"type-post","3":"status-publish","4":"format-standard","5":"has-post-thumbnail","7":"category-sociedad","8":"tag-fin-de-semana-largo","9":"tag-gerardo-morales","10":"tag-jujuy"},"yoast_head":"<!-- This site is optimized with the Yoast SEO plugin v27.5 - https:\/\/yoast.com\/product\/yoast-seo-wordpress\/ -->\n<title>Fin de semana extra largo: c\u00f3mo funcionar\u00e1n los servicios - Muy Jujuy<\/title>\n<meta name=\"description\" content=\"Este jueves comenz\u00f3 el fin de semana extra largo en la provincia. As\u00ed funcionar\u00e1 el transporte y los servicios de recolecci\u00f3n de basura.\" \/>\n<meta name=\"robots\" content=\"index, follow, max-snippet:-1, max-image-preview:large, max-video-preview:-1\" \/>\n<link rel=\"canonical\" href=\"https:\/\/www.muyjujuy.com\/index.php\/2022\/06\/16\/fin-de-semana-extra-largo-como-funcionaran-los-servicios\/\" \/>\n<meta property=\"og:locale\" content=\"es_ES\" \/>\n<meta property=\"og:type\" content=\"article\" \/>\n<meta property=\"og:title\" content=\"Fin de semana extra largo: c\u00f3mo funcionar\u00e1n los servicios - Muy Jujuy\" \/>\n<meta property=\"og:description\" content=\"Este jueves comenz\u00f3 el fin de semana extra largo en la provincia. As\u00ed funcionar\u00e1 el transporte y los servicios de recolecci\u00f3n de basura.\" \/>\n<meta property=\"og:url\" content=\"https:\/\/www.muyjujuy.com\/index.php\/2022\/06\/16\/fin-de-semana-extra-largo-como-funcionaran-los-servicios\/\" \/>\n<meta property=\"og:site_name\" content=\"Muy Jujuy\" \/>\n<meta property=\"article:publisher\" content=\"https:\/\/www.facebook.com\/muyjujuycom\" \/>\n<meta property=\"article:published_time\" content=\"2022-06-16T14:45:33+00:00\" \/>\n<meta property=\"article:modified_time\" content=\"2022-06-16T14:45:35+00:00\" \/>\n<meta property=\"og:image\" content=\"https:\/\/www.muyjujuy.com\/wp-content\/uploads\/2022\/06\/WhatsApp-Image-2022-06-16-at-11.43.41-AM.jpeg\" \/>\n\t<meta property=\"og:image:width\" content=\"990\" \/>\n\t<meta property=\"og:image:height\" content=\"610\" \/>\n\t<meta property=\"og:image:type\" content=\"image\/jpeg\" \/>\n<meta name=\"author\" content=\"Redacci\u00f3n Muy Jujuy\" \/>\n<meta name=\"twitter:card\" content=\"summary_large_image\" \/>\n<meta name=\"twitter:creator\" content=\"@muyjujuy\" \/>\n<meta name=\"twitter:site\" content=\"@muyjujuy\" \/>\n<meta name=\"twitter:label1\" content=\"Escrito por\" \/>\n\t<meta name=\"twitter:data1\" content=\"Redacci\u00f3n Muy Jujuy\" \/>\n\t<meta name=\"twitter:label2\" content=\"Tiempo de lectura\" \/>\n\t<meta name=\"twitter:data2\" content=\"2 minutos\" \/>\n<script type=\"application\/ld+json\" class=\"yoast-schema-graph\">{\"@context\":\"https:\\\/\\\/schema.org\",\"@graph\":[{\"@type\":\"Article\",\"@id\":\"https:\\\/\\\/www.muyjujuy.com\\\/index.php\\\/2022\\\/06\\\/16\\\/fin-de-semana-extra-largo-como-funcionaran-los-servicios\\\/#article\",\"isPartOf\":{\"@id\":\"https:\\\/\\\/www.muyjujuy.com\\\/index.php\\\/2022\\\/06\\\/16\\\/fin-de-semana-extra-largo-como-funcionaran-los-servicios\\\/\"},\"author\":{\"name\":\"Redacci\u00f3n Muy Jujuy\",\"@id\":\"https:\\\/\\\/www.muyjujuy.com\\\/#\\\/schema\\\/person\\\/1d0f6e223ccea9e3f9034c1a5b683bf2\"},\"headline\":\"Fin de semana extra largo: c\u00f3mo funcionar\u00e1n los servicios\",\"datePublished\":\"2022-06-16T14:45:33+00:00\",\"dateModified\":\"2022-06-16T14:45:35+00:00\",\"mainEntityOfPage\":{\"@id\":\"https:\\\/\\\/www.muyjujuy.com\\\/index.php\\\/2022\\\/06\\\/16\\\/fin-de-semana-extra-largo-como-funcionaran-los-servicios\\\/\"},\"wordCount\":427,\"commentCount\":0,\"publisher\":{\"@id\":\"https:\\\/\\\/www.muyjujuy.com\\\/#organization\"},\"image\":{\"@id\":\"https:\\\/\\\/www.muyjujuy.com\\\/index.php\\\/2022\\\/06\\\/16\\\/fin-de-semana-extra-largo-como-funcionaran-los-servicios\\\/#primaryimage\"},\"thumbnailUrl\":\"https:\\\/\\\/www.muyjujuy.com\\\/wp-content\\\/uploads\\\/2022\\\/06\\\/WhatsApp-Image-2022-06-16-at-11.43.41-AM.jpeg\",\"keywords\":[\"Fin de semana largo\",\"Gerardo Morales\",\"Jujuy\"],\"articleSection\":[\"Sociedad\"],\"inLanguage\":\"es-AR\",\"potentialAction\":[{\"@type\":\"CommentAction\",\"name\":\"Comment\",\"target\":[\"https:\\\/\\\/www.muyjujuy.com\\\/index.php\\\/2022\\\/06\\\/16\\\/fin-de-semana-extra-largo-como-funcionaran-los-servicios\\\/#respond\"]}]},{\"@type\":\"WebPage\",\"@id\":\"https:\\\/\\\/www.muyjujuy.com\\\/index.php\\\/2022\\\/06\\\/16\\\/fin-de-semana-extra-largo-como-funcionaran-los-servicios\\\/\",\"url\":\"https:\\\/\\\/www.muyjujuy.com\\\/index.php\\\/2022\\\/06\\\/16\\\/fin-de-semana-extra-largo-como-funcionaran-los-servicios\\\/\",\"name\":\"Fin de semana extra largo: c\u00f3mo funcionar\u00e1n los servicios - Muy Jujuy\",\"isPartOf\":{\"@id\":\"https:\\\/\\\/www.muyjujuy.com\\\/#website\"},\"primaryImageOfPage\":{\"@id\":\"https:\\\/\\\/www.muyjujuy.com\\\/index.php\\\/2022\\\/06\\\/16\\\/fin-de-semana-extra-largo-como-funcionaran-los-servicios\\\/#primaryimage\"},\"image\":{\"@id\":\"https:\\\/\\\/www.muyjujuy.com\\\/index.php\\\/2022\\\/06\\\/16\\\/fin-de-semana-extra-largo-como-funcionaran-los-servicios\\\/#primaryimage\"},\"thumbnailUrl\":\"https:\\\/\\\/www.muyjujuy.com\\\/wp-content\\\/uploads\\\/2022\\\/06\\\/WhatsApp-Image-2022-06-16-at-11.43.41-AM.jpeg\",\"datePublished\":\"2022-06-16T14:45:33+00:00\",\"dateModified\":\"2022-06-16T14:45:35+00:00\",\"description\":\"Este jueves comenz\u00f3 el fin de semana extra largo en la provincia. As\u00ed funcionar\u00e1 el transporte y los servicios de recolecci\u00f3n de basura.\",\"breadcrumb\":{\"@id\":\"https:\\\/\\\/www.muyjujuy.com\\\/index.php\\\/2022\\\/06\\\/16\\\/fin-de-semana-extra-largo-como-funcionaran-los-servicios\\\/#breadcrumb\"},\"inLanguage\":\"es-AR\",\"potentialAction\":[{\"@type\":\"ReadAction\",\"target\":[\"https:\\\/\\\/www.muyjujuy.com\\\/index.php\\\/2022\\\/06\\\/16\\\/fin-de-semana-extra-largo-como-funcionaran-los-servicios\\\/\"]}]},{\"@type\":\"ImageObject\",\"inLanguage\":\"es-AR\",\"@id\":\"https:\\\/\\\/www.muyjujuy.com\\\/index.php\\\/2022\\\/06\\\/16\\\/fin-de-semana-extra-largo-como-funcionaran-los-servicios\\\/#primaryimage\",\"url\":\"https:\\\/\\\/www.muyjujuy.com\\\/wp-content\\\/uploads\\\/2022\\\/06\\\/WhatsApp-Image-2022-06-16-at-11.43.41-AM.jpeg\",\"contentUrl\":\"https:\\\/\\\/www.muyjujuy.com\\\/wp-content\\\/uploads\\\/2022\\\/06\\\/WhatsApp-Image-2022-06-16-at-11.43.41-AM.jpeg\",\"width\":990,\"height\":610},{\"@type\":\"BreadcrumbList\",\"@id\":\"https:\\\/\\\/www.muyjujuy.com\\\/index.php\\\/2022\\\/06\\\/16\\\/fin-de-semana-extra-largo-como-funcionaran-los-servicios\\\/#breadcrumb\",\"itemListElement\":[{\"@type\":\"ListItem\",\"position\":1,\"name\":\"Inicio\",\"item\":\"https:\\\/\\\/www.muyjujuy.com\\\/\"},{\"@type\":\"ListItem\",\"position\":2,\"name\":\"Fin de semana extra largo: c\u00f3mo funcionar\u00e1n los servicios\"}]},{\"@type\":\"WebSite\",\"@id\":\"https:\\\/\\\/www.muyjujuy.com\\\/#website\",\"url\":\"https:\\\/\\\/www.muyjujuy.com\\\/\",\"name\":\"Muy Jujuy\",\"description\":\"\",\"publisher\":{\"@id\":\"https:\\\/\\\/www.muyjujuy.com\\\/#organization\"},\"potentialAction\":[{\"@type\":\"SearchAction\",\"target\":{\"@type\":\"EntryPoint\",\"urlTemplate\":\"https:\\\/\\\/www.muyjujuy.com\\\/?s={search_term_string}\"},\"query-input\":{\"@type\":\"PropertyValueSpecification\",\"valueRequired\":true,\"valueName\":\"search_term_string\"}}],\"inLanguage\":\"es-AR\"},{\"@type\":\"Organization\",\"@id\":\"https:\\\/\\\/www.muyjujuy.com\\\/#organization\",\"name\":\"Muy Jujuy\",\"url\":\"https:\\\/\\\/www.muyjujuy.com\\\/\",\"logo\":{\"@type\":\"ImageObject\",\"inLanguage\":\"es-AR\",\"@id\":\"https:\\\/\\\/www.muyjujuy.com\\\/#\\\/schema\\\/logo\\\/image\\\/\",\"url\":\"http:\\\/\\\/www.muyjujuy.com\\\/wp-content\\\/uploads\\\/2022\\\/05\\\/logo-mobil-jujuy.png\",\"contentUrl\":\"http:\\\/\\\/www.muyjujuy.com\\\/wp-content\\\/uploads\\\/2022\\\/05\\\/logo-mobil-jujuy.png\",\"width\":174,\"height\":81,\"caption\":\"Muy Jujuy\"},\"image\":{\"@id\":\"https:\\\/\\\/www.muyjujuy.com\\\/#\\\/schema\\\/logo\\\/image\\\/\"},\"sameAs\":[\"https:\\\/\\\/www.facebook.com\\\/muyjujuycom\",\"https:\\\/\\\/x.com\\\/muyjujuy\",\"https:\\\/\\\/www.instagram.com\\\/muyjujuycom\"]},{\"@type\":\"Person\",\"@id\":\"https:\\\/\\\/www.muyjujuy.com\\\/#\\\/schema\\\/person\\\/1d0f6e223ccea9e3f9034c1a5b683bf2\",\"name\":\"Redacci\u00f3n Muy Jujuy\",\"image\":{\"@type\":\"ImageObject\",\"inLanguage\":\"es-AR\",\"@id\":\"https:\\\/\\\/secure.gravatar.com\\\/avatar\\\/fec5f6f1893d741ed5eecccff109ce43e67a855411202a3212a058cb8e5c27d4?s=96&d=mm&r=g\",\"url\":\"https:\\\/\\\/secure.gravatar.com\\\/avatar\\\/fec5f6f1893d741ed5eecccff109ce43e67a855411202a3212a058cb8e5c27d4?s=96&d=mm&r=g\",\"contentUrl\":\"https:\\\/\\\/secure.gravatar.com\\\/avatar\\\/fec5f6f1893d741ed5eecccff109ce43e67a855411202a3212a058cb8e5c27d4?s=96&d=mm&r=g\",\"caption\":\"Redacci\u00f3n Muy Jujuy\"},\"url\":\"https:\\\/\\\/www.muyjujuy.com\\\/index.php\\\/author\\\/editor\\\/\"}]}<\/script>\n<!-- \/ Yoast SEO plugin. -->","yoast_head_json":{"title":"Fin de semana extra largo: c\u00f3mo funcionar\u00e1n los servicios - Muy Jujuy","description":"Este jueves comenz\u00f3 el fin de semana extra largo en la provincia. As\u00ed funcionar\u00e1 el transporte y los servicios de recolecci\u00f3n de basura.","robots":{"index":"index","follow":"follow","max-snippet":"max-snippet:-1","max-image-preview":"max-image-preview:large","max-video-preview":"max-video-preview:-1"},"canonical":"https:\/\/www.muyjujuy.com\/index.php\/2022\/06\/16\/fin-de-semana-extra-largo-como-funcionaran-los-servicios\/","og_locale":"es_ES","og_type":"article","og_title":"Fin de semana extra largo: c\u00f3mo funcionar\u00e1n los servicios - Muy Jujuy","og_description":"Este jueves comenz\u00f3 el fin de semana extra largo en la provincia. As\u00ed funcionar\u00e1 el transporte y los servicios de recolecci\u00f3n de basura.","og_url":"https:\/\/www.muyjujuy.com\/index.php\/2022\/06\/16\/fin-de-semana-extra-largo-como-funcionaran-los-servicios\/","og_site_name":"Muy Jujuy","article_publisher":"https:\/\/www.facebook.com\/muyjujuycom","article_published_time":"2022-06-16T14:45:33+00:00","article_modified_time":"2022-06-16T14:45:35+00:00","og_image":[{"width":990,"height":610,"url":"https:\/\/www.muyjujuy.com\/wp-content\/uploads\/2022\/06\/WhatsApp-Image-2022-06-16-at-11.43.41-AM.jpeg","type":"image\/jpeg"}],"author":"Redacci\u00f3n Muy Jujuy","twitter_card":"summary_large_image","twitter_creator":"@muyjujuy","twitter_site":"@muyjujuy","twitter_misc":{"Escrito por":"Redacci\u00f3n Muy Jujuy","Tiempo de lectura":"2 minutos"},"schema":{"@context":"https:\/\/schema.org","@graph":[{"@type":"Article","@id":"https:\/\/www.muyjujuy.com\/index.php\/2022\/06\/16\/fin-de-semana-extra-largo-como-funcionaran-los-servicios\/#article","isPartOf":{"@id":"https:\/\/www.muyjujuy.com\/index.php\/2022\/06\/16\/fin-de-semana-extra-largo-como-funcionaran-los-servicios\/"},"author":{"name":"Redacci\u00f3n Muy Jujuy","@id":"https:\/\/www.muyjujuy.com\/#\/schema\/person\/1d0f6e223ccea9e3f9034c1a5b683bf2"},"headline":"Fin de semana extra largo: c\u00f3mo funcionar\u00e1n los servicios","datePublished":"2022-06-16T14:45:33+00:00","dateModified":"2022-06-16T14:45:35+00:00","mainEntityOfPage":{"@id":"https:\/\/www.muyjujuy.com\/index.php\/2022\/06\/16\/fin-de-semana-extra-largo-como-funcionaran-los-servicios\/"},"wordCount":427,"commentCount":0,"publisher":{"@id":"https:\/\/www.muyjujuy.com\/#organization"},"image":{"@id":"https:\/\/www.muyjujuy.com\/index.php\/2022\/06\/16\/fin-de-semana-extra-largo-como-funcionaran-los-servicios\/#primaryimage"},"thumbnailUrl":"https:\/\/www.muyjujuy.com\/wp-content\/uploads\/2022\/06\/WhatsApp-Image-2022-06-16-at-11.43.41-AM.jpeg","keywords":["Fin de semana largo","Gerardo Morales","Jujuy"],"articleSection":["Sociedad"],"inLanguage":"es-AR","potentialAction":[{"@type":"CommentAction","name":"Comment","target":["https:\/\/www.muyjujuy.com\/index.php\/2022\/06\/16\/fin-de-semana-extra-largo-como-funcionaran-los-servicios\/#respond"]}]},{"@type":"WebPage","@id":"https:\/\/www.muyjujuy.com\/index.php\/2022\/06\/16\/fin-de-semana-extra-largo-como-funcionaran-los-servicios\/","url":"https:\/\/www.muyjujuy.com\/index.php\/2022\/06\/16\/fin-de-semana-extra-largo-como-funcionaran-los-servicios\/","name":"Fin de semana extra largo: c\u00f3mo funcionar\u00e1n los servicios - Muy Jujuy","isPartOf":{"@id":"https:\/\/www.muyjujuy.com\/#website"},"primaryImageOfPage":{"@id":"https:\/\/www.muyjujuy.com\/index.php\/2022\/06\/16\/fin-de-semana-extra-largo-como-funcionaran-los-servicios\/#primaryimage"},"image":{"@id":"https:\/\/www.muyjujuy.com\/index.php\/2022\/06\/16\/fin-de-semana-extra-largo-como-funcionaran-los-servicios\/#primaryimage"},"thumbnailUrl":"https:\/\/www.muyjujuy.com\/wp-content\/uploads\/2022\/06\/WhatsApp-Image-2022-06-16-at-11.43.41-AM.jpeg","datePublished":"2022-06-16T14:45:33+00:00","dateModified":"2022-06-16T14:45:35+00:00","description":"Este jueves comenz\u00f3 el fin de semana extra largo en la provincia. As\u00ed funcionar\u00e1 el transporte y los servicios de recolecci\u00f3n de basura.","breadcrumb":{"@id":"https:\/\/www.muyjujuy.com\/index.php\/2022\/06\/16\/fin-de-semana-extra-largo-como-funcionaran-los-servicios\/#breadcrumb"},"inLanguage":"es-AR","potentialAction":[{"@type":"ReadAction","target":["https:\/\/www.muyjujuy.com\/index.php\/2022\/06\/16\/fin-de-semana-extra-largo-como-funcionaran-los-servicios\/"]}]},{"@type":"ImageObject","inLanguage":"es-AR","@id":"https:\/\/www.muyjujuy.com\/index.php\/2022\/06\/16\/fin-de-semana-extra-largo-como-funcionaran-los-servicios\/#primaryimage","url":"https:\/\/www.muyjujuy.com\/wp-content\/uploads\/2022\/06\/WhatsApp-Image-2022-06-16-at-11.43.41-AM.jpeg","contentUrl":"https:\/\/www.muyjujuy.com\/wp-content\/uploads\/2022\/06\/WhatsApp-Image-2022-06-16-at-11.43.41-AM.jpeg","width":990,"height":610},{"@type":"BreadcrumbList","@id":"https:\/\/www.muyjujuy.com\/index.php\/2022\/06\/16\/fin-de-semana-extra-largo-como-funcionaran-los-servicios\/#breadcrumb","itemListElement":[{"@type":"ListItem","position":1,"name":"Inicio","item":"https:\/\/www.muyjujuy.com\/"},{"@type":"ListItem","position":2,"name":"Fin de semana extra largo: c\u00f3mo funcionar\u00e1n los servicios"}]},{"@type":"WebSite","@id":"https:\/\/www.muyjujuy.com\/#website","url":"https:\/\/www.muyjujuy.com\/","name":"Muy Jujuy","description":"","publisher":{"@id":"https:\/\/www.muyjujuy.com\/#organization"},"potentialAction":[{"@type":"SearchAction","target":{"@type":"EntryPoint","urlTemplate":"https:\/\/www.muyjujuy.com\/?s={search_term_string}"},"query-input":{"@type":"PropertyValueSpecification","valueRequired":true,"valueName":"search_term_string"}}],"inLanguage":"es-AR"},{"@type":"Organization","@id":"https:\/\/www.muyjujuy.com\/#organization","name":"Muy Jujuy","url":"https:\/\/www.muyjujuy.com\/","logo":{"@type":"ImageObject","inLanguage":"es-AR","@id":"https:\/\/www.muyjujuy.com\/#\/schema\/logo\/image\/","url":"http:\/\/www.muyjujuy.com\/wp-content\/uploads\/2022\/05\/logo-mobil-jujuy.png","contentUrl":"http:\/\/www.muyjujuy.com\/wp-content\/uploads\/2022\/05\/logo-mobil-jujuy.png","width":174,"height":81,"caption":"Muy Jujuy"},"image":{"@id":"https:\/\/www.muyjujuy.com\/#\/schema\/logo\/image\/"},"sameAs":["https:\/\/www.facebook.com\/muyjujuycom","https:\/\/x.com\/muyjujuy","https:\/\/www.instagram.com\/muyjujuycom"]},{"@type":"Person","@id":"https:\/\/www.muyjujuy.com\/#\/schema\/person\/1d0f6e223ccea9e3f9034c1a5b683bf2","name":"Redacci\u00f3n Muy Jujuy","image":{"@type":"ImageObject","inLanguage":"es-AR","@id":"https:\/\/secure.gravatar.com\/avatar\/fec5f6f1893d741ed5eecccff109ce43e67a855411202a3212a058cb8e5c27d4?s=96&d=mm&r=g","url":"https:\/\/secure.gravatar.com\/avatar\/fec5f6f1893d741ed5eecccff109ce43e67a855411202a3212a058cb8e5c27d4?s=96&d=mm&r=g","contentUrl":"https:\/\/secure.gravatar.com\/avatar\/fec5f6f1893d741ed5eecccff109ce43e67a855411202a3212a058cb8e5c27d4?s=96&d=mm&r=g","caption":"Redacci\u00f3n Muy Jujuy"},"url":"https:\/\/www.muyjujuy.com\/index.php\/author\/editor\/"}]}},"_links":{"self":[{"href":"https:\/\/www.muyjujuy.com\/index.php\/wp-json\/wp\/v2\/posts\/615","targetHints":{"allow":["GET"]}}],"collection":[{"href":"https:\/\/www.muyjujuy.com\/index.php\/wp-json\/wp\/v2\/posts"}],"about":[{"href":"https:\/\/www.muyjujuy.com\/index.php\/wp-json\/wp\/v2\/types\/post"}],"author":[{"embeddable":true,"href":"https:\/\/www.muyjujuy.com\/index.php\/wp-json\/wp\/v2\/users\/3"}],"replies":[{"embeddable":true,"href":"https:\/\/www.muyjujuy.com\/index.php\/wp-json\/wp\/v2\/comments?post=615"}],"version-history":[{"count":1,"href":"https:\/\/www.muyjujuy.com\/index.php\/wp-json\/wp\/v2\/posts\/615\/revisions"}],"predecessor-version":[{"id":617,"href":"https:\/\/www.muyjujuy.com\/index.php\/wp-json\/wp\/v2\/posts\/615\/revisions\/617"}],"wp:featuredmedia":[{"embeddable":true,"href":"https:\/\/www.muyjujuy.com\/index.php\/wp-json\/wp\/v2\/media\/616"}],"wp:attachment":[{"href":"https:\/\/www.muyjujuy.com\/index.php\/wp-json\/wp\/v2\/media?parent=615"}],"wp:term":[{"taxonomy":"category","embeddable":true,"href":"https:\/\/www.muyjujuy.com\/index.php\/wp-json\/wp\/v2\/categories?post=615"},{"taxonomy":"post_tag","embeddable":true,"href":"https:\/\/www.muyjujuy.com\/index.php\/wp-json\/wp\/v2\/tags?post=615"}],"curies":[{"name":"wp","href":"https:\/\/api.w.org\/{rel}","templated":true}]}}