{"id":618,"date":"2022-06-16T14:58:45","date_gmt":"2022-06-16T17:58:45","guid":{"rendered":"https:\/\/www.muyjujuy.com\/?p=618"},"modified":"2022-06-16T14:59:30","modified_gmt":"2022-06-16T17:59:30","slug":"en-jujuy-la-inflacion-de-mayo-fue-de-42","status":"publish","type":"post","link":"https:\/\/www.muyjujuy.com\/index.php\/2022\/06\/16\/en-jujuy-la-inflacion-de-mayo-fue-de-42\/","title":{"rendered":"En Jujuy la inflaci\u00f3n de mayo fue de 4,2%"},"content":{"rendered":"\n<p><em>De lo que va del a\u00f1o, la inflaci\u00f3n ya acumula un 29,4%. Y se registra un alza de 61,1% en los \u00faltimos doce meses.<\/em><\/p>\n\n\n\n<p>La inflaci\u00f3n a nivel nacional de mayo fue de 5,1% y el alza inflacionaria tambi\u00e9n se sinti\u00f3 en Jujuy. La Direcci\u00f3n Provincial de Estad\u00edsticas y Censos (DIPEC) indicaron que <strong>la inflaci\u00f3n fue de 4,2% en mayo<\/strong>.<\/p>\n\n\n\n<p>Con respecto al mes anterior, <strong>hubo una baja de 1,1% <\/strong>ya que en abril la inflaci\u00f3n hab\u00eda sido de 5,3%.<\/p>\n\n\n\n<p>Teniendo en cuenta que el \u00faltimo martes el INDEC difundi\u00f3 la inflaci\u00f3n a nivel pa\u00eds que fue de 5,1%, se advierte que el dato de la provincia <strong>est\u00e1 0,9% por debajo.<\/strong><\/p>\n\n\n\n<h2 class=\"wp-block-heading\">Inflaci\u00f3n 2022<\/h2>\n\n\n\n<p>El organismo provincial indic\u00f3 que en lo que va del a\u00f1o la inflaci\u00f3n en la provincia lleva un acumulado de <strong>29,4%<\/strong>. En tanto, <strong>se registra un alza de 61,1% en los \u00faltimos doce meses.<\/strong><\/p>\n\n\n\n<p>En relaci\u00f3n a los rubros que m\u00e1s aumentaron: vivienda, combustible y electricidad fue el que registr\u00f3 la mayor suba con 9,7%. Mientras tanto, <strong>equipamiento y funcionamiento del hogar 8,3%; transporte y comunicaciones 5,5%; atenci\u00f3n M\u00e9dica y gastos para la salud 5%.<\/strong><\/p>\n\n\n\n<p>Cabe mencionar que&nbsp;<strong>en mayo los alimentos y bebidas tuvieron un aumento de 3,8%.<\/strong><\/p>\n\n\n\n<h2 class=\"wp-block-heading\">Los alimentos que m\u00e1s subieron<\/h2>\n\n\n\n<p>La Dipec tambi\u00e9n inform\u00f3 cu\u00e1les fueron los alimentos que m\u00e1s subieron:<\/p>\n\n\n\n<ul class=\"wp-block-list\"><li>Zapallo 23,2%<\/li><li>Hamburguesas congeladas x 4 unidades 20,1%<\/li><li>Harina de ma\u00edz 20%<\/li><li>Jab\u00f3n de lavar en pan 17,2%<\/li><\/ul>\n","protected":false},"excerpt":{"rendered":"<p>De lo que va del a\u00f1o, la inflaci\u00f3n ya acumula un 29,4%. Y se registra un alza de 61,1% en los \u00faltimos doce meses. La inflaci\u00f3n a nivel nacional de mayo fue de 5,1% y el alza inflacionaria tambi\u00e9n se sinti\u00f3 en Jujuy. La Direcci\u00f3n Provincial de Estad\u00edsticas y Censos (DIPEC) indicaron que la inflaci\u00f3n [&hellip;]<\/p>\n","protected":false},"author":3,"featured_media":619,"comment_status":"open","ping_status":"open","sticky":false,"template":"","format":"standard","meta":{"footnotes":""},"categories":[25],"tags":[665,664,8],"class_list":{"0":"post-618","1":"post","2":"type-post","3":"status-publish","4":"format-standard","5":"has-post-thumbnail","7":"category-sociedad","8":"tag-indec","9":"tag-inflacion","10":"tag-jujuy"},"yoast_head":"<!-- This site is optimized with the Yoast SEO plugin v27.5 - https:\/\/yoast.com\/product\/yoast-seo-wordpress\/ -->\n<title>En Jujuy la inflaci\u00f3n de mayo fue de 4,2%<\/title>\n<meta name=\"description\" content=\"La Direcci\u00f3n Provincial de Estad\u00edsticas y Censos (DIPEC) indicaron que la inflaci\u00f3n fue de 4,2% en mayo. Lleva un acumulado del 29% de lo que va del a\u00f1o.\" \/>\n<meta name=\"robots\" content=\"index, follow, max-snippet:-1, max-image-preview:large, max-video-preview:-1\" \/>\n<link rel=\"canonical\" href=\"https:\/\/www.muyjujuy.com\/index.php\/2022\/06\/16\/en-jujuy-la-inflacion-de-mayo-fue-de-42\/\" \/>\n<meta property=\"og:locale\" content=\"es_ES\" \/>\n<meta property=\"og:type\" content=\"article\" \/>\n<meta property=\"og:title\" content=\"En Jujuy la inflaci\u00f3n de mayo fue de 4,2%\" \/>\n<meta property=\"og:description\" content=\"La Direcci\u00f3n Provincial de Estad\u00edsticas y Censos (DIPEC) indicaron que la inflaci\u00f3n fue de 4,2% en mayo. Lleva un acumulado del 29% de lo que va del a\u00f1o.\" \/>\n<meta property=\"og:url\" content=\"https:\/\/www.muyjujuy.com\/index.php\/2022\/06\/16\/en-jujuy-la-inflacion-de-mayo-fue-de-42\/\" \/>\n<meta property=\"og:site_name\" content=\"Muy Jujuy\" \/>\n<meta property=\"article:publisher\" content=\"https:\/\/www.facebook.com\/muyjujuycom\" \/>\n<meta property=\"article:published_time\" content=\"2022-06-16T17:58:45+00:00\" \/>\n<meta property=\"article:modified_time\" content=\"2022-06-16T17:59:30+00:00\" \/>\n<meta property=\"og:image\" content=\"https:\/\/www.muyjujuy.com\/wp-content\/uploads\/2022\/06\/WhatsApp-Image-2022-06-16-at-2.58.15-PM.jpeg\" \/>\n\t<meta property=\"og:image:width\" content=\"791\" \/>\n\t<meta property=\"og:image:height\" content=\"445\" \/>\n\t<meta property=\"og:image:type\" content=\"image\/jpeg\" \/>\n<meta name=\"author\" content=\"Redacci\u00f3n Muy Jujuy\" \/>\n<meta name=\"twitter:card\" content=\"summary_large_image\" \/>\n<meta name=\"twitter:creator\" content=\"@muyjujuy\" \/>\n<meta name=\"twitter:site\" content=\"@muyjujuy\" \/>\n<meta name=\"twitter:label1\" content=\"Escrito por\" \/>\n\t<meta name=\"twitter:data1\" content=\"Redacci\u00f3n Muy Jujuy\" \/>\n\t<meta name=\"twitter:label2\" content=\"Tiempo de lectura\" \/>\n\t<meta name=\"twitter:data2\" content=\"2 minutos\" \/>\n<script type=\"application\/ld+json\" class=\"yoast-schema-graph\">{\"@context\":\"https:\\\/\\\/schema.org\",\"@graph\":[{\"@type\":\"Article\",\"@id\":\"https:\\\/\\\/www.muyjujuy.com\\\/index.php\\\/2022\\\/06\\\/16\\\/en-jujuy-la-inflacion-de-mayo-fue-de-42\\\/#article\",\"isPartOf\":{\"@id\":\"https:\\\/\\\/www.muyjujuy.com\\\/index.php\\\/2022\\\/06\\\/16\\\/en-jujuy-la-inflacion-de-mayo-fue-de-42\\\/\"},\"author\":{\"name\":\"Redacci\u00f3n Muy Jujuy\",\"@id\":\"https:\\\/\\\/www.muyjujuy.com\\\/#\\\/schema\\\/person\\\/1d0f6e223ccea9e3f9034c1a5b683bf2\"},\"headline\":\"En Jujuy la inflaci\u00f3n de mayo fue de 4,2%\",\"datePublished\":\"2022-06-16T17:58:45+00:00\",\"dateModified\":\"2022-06-16T17:59:30+00:00\",\"mainEntityOfPage\":{\"@id\":\"https:\\\/\\\/www.muyjujuy.com\\\/index.php\\\/2022\\\/06\\\/16\\\/en-jujuy-la-inflacion-de-mayo-fue-de-42\\\/\"},\"wordCount\":249,\"commentCount\":0,\"publisher\":{\"@id\":\"https:\\\/\\\/www.muyjujuy.com\\\/#organization\"},\"image\":{\"@id\":\"https:\\\/\\\/www.muyjujuy.com\\\/index.php\\\/2022\\\/06\\\/16\\\/en-jujuy-la-inflacion-de-mayo-fue-de-42\\\/#primaryimage\"},\"thumbnailUrl\":\"https:\\\/\\\/www.muyjujuy.com\\\/wp-content\\\/uploads\\\/2022\\\/06\\\/WhatsApp-Image-2022-06-16-at-2.58.15-PM.jpeg\",\"keywords\":[\"INDEC\",\"Inflaci\u00f3n\",\"Jujuy\"],\"articleSection\":[\"Sociedad\"],\"inLanguage\":\"es-AR\",\"potentialAction\":[{\"@type\":\"CommentAction\",\"name\":\"Comment\",\"target\":[\"https:\\\/\\\/www.muyjujuy.com\\\/index.php\\\/2022\\\/06\\\/16\\\/en-jujuy-la-inflacion-de-mayo-fue-de-42\\\/#respond\"]}]},{\"@type\":\"WebPage\",\"@id\":\"https:\\\/\\\/www.muyjujuy.com\\\/index.php\\\/2022\\\/06\\\/16\\\/en-jujuy-la-inflacion-de-mayo-fue-de-42\\\/\",\"url\":\"https:\\\/\\\/www.muyjujuy.com\\\/index.php\\\/2022\\\/06\\\/16\\\/en-jujuy-la-inflacion-de-mayo-fue-de-42\\\/\",\"name\":\"En Jujuy la inflaci\u00f3n de mayo fue de 4,2%\",\"isPartOf\":{\"@id\":\"https:\\\/\\\/www.muyjujuy.com\\\/#website\"},\"primaryImageOfPage\":{\"@id\":\"https:\\\/\\\/www.muyjujuy.com\\\/index.php\\\/2022\\\/06\\\/16\\\/en-jujuy-la-inflacion-de-mayo-fue-de-42\\\/#primaryimage\"},\"image\":{\"@id\":\"https:\\\/\\\/www.muyjujuy.com\\\/index.php\\\/2022\\\/06\\\/16\\\/en-jujuy-la-inflacion-de-mayo-fue-de-42\\\/#primaryimage\"},\"thumbnailUrl\":\"https:\\\/\\\/www.muyjujuy.com\\\/wp-content\\\/uploads\\\/2022\\\/06\\\/WhatsApp-Image-2022-06-16-at-2.58.15-PM.jpeg\",\"datePublished\":\"2022-06-16T17:58:45+00:00\",\"dateModified\":\"2022-06-16T17:59:30+00:00\",\"description\":\"La Direcci\u00f3n Provincial de Estad\u00edsticas y Censos (DIPEC) indicaron que la inflaci\u00f3n fue de 4,2% en mayo. Lleva un acumulado del 29% de lo que va del a\u00f1o.\",\"breadcrumb\":{\"@id\":\"https:\\\/\\\/www.muyjujuy.com\\\/index.php\\\/2022\\\/06\\\/16\\\/en-jujuy-la-inflacion-de-mayo-fue-de-42\\\/#breadcrumb\"},\"inLanguage\":\"es-AR\",\"potentialAction\":[{\"@type\":\"ReadAction\",\"target\":[\"https:\\\/\\\/www.muyjujuy.com\\\/index.php\\\/2022\\\/06\\\/16\\\/en-jujuy-la-inflacion-de-mayo-fue-de-42\\\/\"]}]},{\"@type\":\"ImageObject\",\"inLanguage\":\"es-AR\",\"@id\":\"https:\\\/\\\/www.muyjujuy.com\\\/index.php\\\/2022\\\/06\\\/16\\\/en-jujuy-la-inflacion-de-mayo-fue-de-42\\\/#primaryimage\",\"url\":\"https:\\\/\\\/www.muyjujuy.com\\\/wp-content\\\/uploads\\\/2022\\\/06\\\/WhatsApp-Image-2022-06-16-at-2.58.15-PM.jpeg\",\"contentUrl\":\"https:\\\/\\\/www.muyjujuy.com\\\/wp-content\\\/uploads\\\/2022\\\/06\\\/WhatsApp-Image-2022-06-16-at-2.58.15-PM.jpeg\",\"width\":791,\"height\":445},{\"@type\":\"BreadcrumbList\",\"@id\":\"https:\\\/\\\/www.muyjujuy.com\\\/index.php\\\/2022\\\/06\\\/16\\\/en-jujuy-la-inflacion-de-mayo-fue-de-42\\\/#breadcrumb\",\"itemListElement\":[{\"@type\":\"ListItem\",\"position\":1,\"name\":\"Inicio\",\"item\":\"https:\\\/\\\/www.muyjujuy.com\\\/\"},{\"@type\":\"ListItem\",\"position\":2,\"name\":\"En Jujuy la inflaci\u00f3n de mayo fue de 4,2%\"}]},{\"@type\":\"WebSite\",\"@id\":\"https:\\\/\\\/www.muyjujuy.com\\\/#website\",\"url\":\"https:\\\/\\\/www.muyjujuy.com\\\/\",\"name\":\"Muy Jujuy\",\"description\":\"\",\"publisher\":{\"@id\":\"https:\\\/\\\/www.muyjujuy.com\\\/#organization\"},\"potentialAction\":[{\"@type\":\"SearchAction\",\"target\":{\"@type\":\"EntryPoint\",\"urlTemplate\":\"https:\\\/\\\/www.muyjujuy.com\\\/?s={search_term_string}\"},\"query-input\":{\"@type\":\"PropertyValueSpecification\",\"valueRequired\":true,\"valueName\":\"search_term_string\"}}],\"inLanguage\":\"es-AR\"},{\"@type\":\"Organization\",\"@id\":\"https:\\\/\\\/www.muyjujuy.com\\\/#organization\",\"name\":\"Muy Jujuy\",\"url\":\"https:\\\/\\\/www.muyjujuy.com\\\/\",\"logo\":{\"@type\":\"ImageObject\",\"inLanguage\":\"es-AR\",\"@id\":\"https:\\\/\\\/www.muyjujuy.com\\\/#\\\/schema\\\/logo\\\/image\\\/\",\"url\":\"http:\\\/\\\/www.muyjujuy.com\\\/wp-content\\\/uploads\\\/2022\\\/05\\\/logo-mobil-jujuy.png\",\"contentUrl\":\"http:\\\/\\\/www.muyjujuy.com\\\/wp-content\\\/uploads\\\/2022\\\/05\\\/logo-mobil-jujuy.png\",\"width\":174,\"height\":81,\"caption\":\"Muy Jujuy\"},\"image\":{\"@id\":\"https:\\\/\\\/www.muyjujuy.com\\\/#\\\/schema\\\/logo\\\/image\\\/\"},\"sameAs\":[\"https:\\\/\\\/www.facebook.com\\\/muyjujuycom\",\"https:\\\/\\\/x.com\\\/muyjujuy\",\"https:\\\/\\\/www.instagram.com\\\/muyjujuycom\"]},{\"@type\":\"Person\",\"@id\":\"https:\\\/\\\/www.muyjujuy.com\\\/#\\\/schema\\\/person\\\/1d0f6e223ccea9e3f9034c1a5b683bf2\",\"name\":\"Redacci\u00f3n Muy Jujuy\",\"image\":{\"@type\":\"ImageObject\",\"inLanguage\":\"es-AR\",\"@id\":\"https:\\\/\\\/secure.gravatar.com\\\/avatar\\\/fec5f6f1893d741ed5eecccff109ce43e67a855411202a3212a058cb8e5c27d4?s=96&d=mm&r=g\",\"url\":\"https:\\\/\\\/secure.gravatar.com\\\/avatar\\\/fec5f6f1893d741ed5eecccff109ce43e67a855411202a3212a058cb8e5c27d4?s=96&d=mm&r=g\",\"contentUrl\":\"https:\\\/\\\/secure.gravatar.com\\\/avatar\\\/fec5f6f1893d741ed5eecccff109ce43e67a855411202a3212a058cb8e5c27d4?s=96&d=mm&r=g\",\"caption\":\"Redacci\u00f3n Muy Jujuy\"},\"url\":\"https:\\\/\\\/www.muyjujuy.com\\\/index.php\\\/author\\\/editor\\\/\"}]}<\/script>\n<!-- \/ Yoast SEO plugin. -->","yoast_head_json":{"title":"En Jujuy la inflaci\u00f3n de mayo fue de 4,2%","description":"La Direcci\u00f3n Provincial de Estad\u00edsticas y Censos (DIPEC) indicaron que la inflaci\u00f3n fue de 4,2% en mayo. Lleva un acumulado del 29% de lo que va del a\u00f1o.","robots":{"index":"index","follow":"follow","max-snippet":"max-snippet:-1","max-image-preview":"max-image-preview:large","max-video-preview":"max-video-preview:-1"},"canonical":"https:\/\/www.muyjujuy.com\/index.php\/2022\/06\/16\/en-jujuy-la-inflacion-de-mayo-fue-de-42\/","og_locale":"es_ES","og_type":"article","og_title":"En Jujuy la inflaci\u00f3n de mayo fue de 4,2%","og_description":"La Direcci\u00f3n Provincial de Estad\u00edsticas y Censos (DIPEC) indicaron que la inflaci\u00f3n fue de 4,2% en mayo. Lleva un acumulado del 29% de lo que va del a\u00f1o.","og_url":"https:\/\/www.muyjujuy.com\/index.php\/2022\/06\/16\/en-jujuy-la-inflacion-de-mayo-fue-de-42\/","og_site_name":"Muy Jujuy","article_publisher":"https:\/\/www.facebook.com\/muyjujuycom","article_published_time":"2022-06-16T17:58:45+00:00","article_modified_time":"2022-06-16T17:59:30+00:00","og_image":[{"width":791,"height":445,"url":"https:\/\/www.muyjujuy.com\/wp-content\/uploads\/2022\/06\/WhatsApp-Image-2022-06-16-at-2.58.15-PM.jpeg","type":"image\/jpeg"}],"author":"Redacci\u00f3n Muy Jujuy","twitter_card":"summary_large_image","twitter_creator":"@muyjujuy","twitter_site":"@muyjujuy","twitter_misc":{"Escrito por":"Redacci\u00f3n Muy Jujuy","Tiempo de lectura":"2 minutos"},"schema":{"@context":"https:\/\/schema.org","@graph":[{"@type":"Article","@id":"https:\/\/www.muyjujuy.com\/index.php\/2022\/06\/16\/en-jujuy-la-inflacion-de-mayo-fue-de-42\/#article","isPartOf":{"@id":"https:\/\/www.muyjujuy.com\/index.php\/2022\/06\/16\/en-jujuy-la-inflacion-de-mayo-fue-de-42\/"},"author":{"name":"Redacci\u00f3n Muy Jujuy","@id":"https:\/\/www.muyjujuy.com\/#\/schema\/person\/1d0f6e223ccea9e3f9034c1a5b683bf2"},"headline":"En Jujuy la inflaci\u00f3n de mayo fue de 4,2%","datePublished":"2022-06-16T17:58:45+00:00","dateModified":"2022-06-16T17:59:30+00:00","mainEntityOfPage":{"@id":"https:\/\/www.muyjujuy.com\/index.php\/2022\/06\/16\/en-jujuy-la-inflacion-de-mayo-fue-de-42\/"},"wordCount":249,"commentCount":0,"publisher":{"@id":"https:\/\/www.muyjujuy.com\/#organization"},"image":{"@id":"https:\/\/www.muyjujuy.com\/index.php\/2022\/06\/16\/en-jujuy-la-inflacion-de-mayo-fue-de-42\/#primaryimage"},"thumbnailUrl":"https:\/\/www.muyjujuy.com\/wp-content\/uploads\/2022\/06\/WhatsApp-Image-2022-06-16-at-2.58.15-PM.jpeg","keywords":["INDEC","Inflaci\u00f3n","Jujuy"],"articleSection":["Sociedad"],"inLanguage":"es-AR","potentialAction":[{"@type":"CommentAction","name":"Comment","target":["https:\/\/www.muyjujuy.com\/index.php\/2022\/06\/16\/en-jujuy-la-inflacion-de-mayo-fue-de-42\/#respond"]}]},{"@type":"WebPage","@id":"https:\/\/www.muyjujuy.com\/index.php\/2022\/06\/16\/en-jujuy-la-inflacion-de-mayo-fue-de-42\/","url":"https:\/\/www.muyjujuy.com\/index.php\/2022\/06\/16\/en-jujuy-la-inflacion-de-mayo-fue-de-42\/","name":"En Jujuy la inflaci\u00f3n de mayo fue de 4,2%","isPartOf":{"@id":"https:\/\/www.muyjujuy.com\/#website"},"primaryImageOfPage":{"@id":"https:\/\/www.muyjujuy.com\/index.php\/2022\/06\/16\/en-jujuy-la-inflacion-de-mayo-fue-de-42\/#primaryimage"},"image":{"@id":"https:\/\/www.muyjujuy.com\/index.php\/2022\/06\/16\/en-jujuy-la-inflacion-de-mayo-fue-de-42\/#primaryimage"},"thumbnailUrl":"https:\/\/www.muyjujuy.com\/wp-content\/uploads\/2022\/06\/WhatsApp-Image-2022-06-16-at-2.58.15-PM.jpeg","datePublished":"2022-06-16T17:58:45+00:00","dateModified":"2022-06-16T17:59:30+00:00","description":"La Direcci\u00f3n Provincial de Estad\u00edsticas y Censos (DIPEC) indicaron que la inflaci\u00f3n fue de 4,2% en mayo. Lleva un acumulado del 29% de lo que va del a\u00f1o.","breadcrumb":{"@id":"https:\/\/www.muyjujuy.com\/index.php\/2022\/06\/16\/en-jujuy-la-inflacion-de-mayo-fue-de-42\/#breadcrumb"},"inLanguage":"es-AR","potentialAction":[{"@type":"ReadAction","target":["https:\/\/www.muyjujuy.com\/index.php\/2022\/06\/16\/en-jujuy-la-inflacion-de-mayo-fue-de-42\/"]}]},{"@type":"ImageObject","inLanguage":"es-AR","@id":"https:\/\/www.muyjujuy.com\/index.php\/2022\/06\/16\/en-jujuy-la-inflacion-de-mayo-fue-de-42\/#primaryimage","url":"https:\/\/www.muyjujuy.com\/wp-content\/uploads\/2022\/06\/WhatsApp-Image-2022-06-16-at-2.58.15-PM.jpeg","contentUrl":"https:\/\/www.muyjujuy.com\/wp-content\/uploads\/2022\/06\/WhatsApp-Image-2022-06-16-at-2.58.15-PM.jpeg","width":791,"height":445},{"@type":"BreadcrumbList","@id":"https:\/\/www.muyjujuy.com\/index.php\/2022\/06\/16\/en-jujuy-la-inflacion-de-mayo-fue-de-42\/#breadcrumb","itemListElement":[{"@type":"ListItem","position":1,"name":"Inicio","item":"https:\/\/www.muyjujuy.com\/"},{"@type":"ListItem","position":2,"name":"En Jujuy la inflaci\u00f3n de mayo fue de 4,2%"}]},{"@type":"WebSite","@id":"https:\/\/www.muyjujuy.com\/#website","url":"https:\/\/www.muyjujuy.com\/","name":"Muy Jujuy","description":"","publisher":{"@id":"https:\/\/www.muyjujuy.com\/#organization"},"potentialAction":[{"@type":"SearchAction","target":{"@type":"EntryPoint","urlTemplate":"https:\/\/www.muyjujuy.com\/?s={search_term_string}"},"query-input":{"@type":"PropertyValueSpecification","valueRequired":true,"valueName":"search_term_string"}}],"inLanguage":"es-AR"},{"@type":"Organization","@id":"https:\/\/www.muyjujuy.com\/#organization","name":"Muy Jujuy","url":"https:\/\/www.muyjujuy.com\/","logo":{"@type":"ImageObject","inLanguage":"es-AR","@id":"https:\/\/www.muyjujuy.com\/#\/schema\/logo\/image\/","url":"http:\/\/www.muyjujuy.com\/wp-content\/uploads\/2022\/05\/logo-mobil-jujuy.png","contentUrl":"http:\/\/www.muyjujuy.com\/wp-content\/uploads\/2022\/05\/logo-mobil-jujuy.png","width":174,"height":81,"caption":"Muy Jujuy"},"image":{"@id":"https:\/\/www.muyjujuy.com\/#\/schema\/logo\/image\/"},"sameAs":["https:\/\/www.facebook.com\/muyjujuycom","https:\/\/x.com\/muyjujuy","https:\/\/www.instagram.com\/muyjujuycom"]},{"@type":"Person","@id":"https:\/\/www.muyjujuy.com\/#\/schema\/person\/1d0f6e223ccea9e3f9034c1a5b683bf2","name":"Redacci\u00f3n Muy Jujuy","image":{"@type":"ImageObject","inLanguage":"es-AR","@id":"https:\/\/secure.gravatar.com\/avatar\/fec5f6f1893d741ed5eecccff109ce43e67a855411202a3212a058cb8e5c27d4?s=96&d=mm&r=g","url":"https:\/\/secure.gravatar.com\/avatar\/fec5f6f1893d741ed5eecccff109ce43e67a855411202a3212a058cb8e5c27d4?s=96&d=mm&r=g","contentUrl":"https:\/\/secure.gravatar.com\/avatar\/fec5f6f1893d741ed5eecccff109ce43e67a855411202a3212a058cb8e5c27d4?s=96&d=mm&r=g","caption":"Redacci\u00f3n Muy Jujuy"},"url":"https:\/\/www.muyjujuy.com\/index.php\/author\/editor\/"}]}},"_links":{"self":[{"href":"https:\/\/www.muyjujuy.com\/index.php\/wp-json\/wp\/v2\/posts\/618","targetHints":{"allow":["GET"]}}],"collection":[{"href":"https:\/\/www.muyjujuy.com\/index.php\/wp-json\/wp\/v2\/posts"}],"about":[{"href":"https:\/\/www.muyjujuy.com\/index.php\/wp-json\/wp\/v2\/types\/post"}],"author":[{"embeddable":true,"href":"https:\/\/www.muyjujuy.com\/index.php\/wp-json\/wp\/v2\/users\/3"}],"replies":[{"embeddable":true,"href":"https:\/\/www.muyjujuy.com\/index.php\/wp-json\/wp\/v2\/comments?post=618"}],"version-history":[{"count":2,"href":"https:\/\/www.muyjujuy.com\/index.php\/wp-json\/wp\/v2\/posts\/618\/revisions"}],"predecessor-version":[{"id":621,"href":"https:\/\/www.muyjujuy.com\/index.php\/wp-json\/wp\/v2\/posts\/618\/revisions\/621"}],"wp:featuredmedia":[{"embeddable":true,"href":"https:\/\/www.muyjujuy.com\/index.php\/wp-json\/wp\/v2\/media\/619"}],"wp:attachment":[{"href":"https:\/\/www.muyjujuy.com\/index.php\/wp-json\/wp\/v2\/media?parent=618"}],"wp:term":[{"taxonomy":"category","embeddable":true,"href":"https:\/\/www.muyjujuy.com\/index.php\/wp-json\/wp\/v2\/categories?post=618"},{"taxonomy":"post_tag","embeddable":true,"href":"https:\/\/www.muyjujuy.com\/index.php\/wp-json\/wp\/v2\/tags?post=618"}],"curies":[{"name":"wp","href":"https:\/\/api.w.org\/{rel}","templated":true}]}}