{"id":622,"date":"2022-06-16T15:31:54","date_gmt":"2022-06-16T18:31:54","guid":{"rendered":"https:\/\/www.muyjujuy.com\/?p=622"},"modified":"2022-06-16T15:34:08","modified_gmt":"2022-06-16T18:34:08","slug":"jujuy-alerta-amarilla-por-fuertes-vientos-en-la-cordillera","status":"publish","type":"post","link":"https:\/\/www.muyjujuy.com\/index.php\/2022\/06\/16\/jujuy-alerta-amarilla-por-fuertes-vientos-en-la-cordillera\/","title":{"rendered":"Jujuy: alerta amarilla por fuertes vientos en la Cordillera"},"content":{"rendered":"\n<p><em>Se espera que los vientos alcancen hasta los 100 kil\u00f3metros por hora. Cinco departamentos ser\u00e1n afecados<\/em>.<\/p>\n\n\n\n<p>El Servicio Meteorol\u00f3gico Nacional anunci\u00f3 vientos fuertes en la zona de la Cordillera. <strong>Las r\u00e1fagas de viento provenientes del Noroeste alcanzar\u00e1n hasta los 100 kil\u00f3metros por hora<\/strong>. <\/p>\n\n\n\n<p>Seg\u00fan indica el informe que public\u00f3 este jueves el organismo, <strong>los vientos se har\u00e1n sentir sobre todo por las tardes en todo el sector oeste de la provincia.<\/strong><\/p>\n\n\n\n<p>Se esperan vientos con velocidades de <strong>entre 60 y 75 kil\u00f3metros por hora <\/strong>y r\u00e1fagas que por momentos podr\u00e1n llegar a los 100 kil\u00f3metros por hora.<\/p>\n\n\n\n<p>El fen\u00f3meno afectar\u00e1 a los departamentos de <strong>Cordillera de Cochinoca \u2013 Cordillera de Rinconada \u2013 Cordillera de Santa Catalina \u2013 Cordillera de Susques.<\/strong><\/p>\n\n\n\n<h2 class=\"wp-block-heading\">El tiempo para el finde extra largo<\/h2>\n\n\n\n<p>Se prev\u00e9 un jueves agradable en gran parte de la provincia. La m\u00e1xima en la capital juje\u00f1a ser\u00e1 de 21 grados siendo 4\u00b0 la m\u00ednima.<\/p>\n\n\n\n<p><a href=\"https:\/\/www.muyjujuy.com\/index.php\/2022\/06\/15\/fin-de-semana-extra-largo-como-estara-el-clima-en-jujuy\/\">Para el resto del fin de semana,<\/a> <strong>se espera que las temperaturas m\u00e1ximas no superen los 22 grados y las m\u00ednimas se ubicar\u00e1n por debajo de los 4 grados.<\/strong><\/p>\n","protected":false},"excerpt":{"rendered":"<p>Se espera que los vientos alcancen hasta los 100 kil\u00f3metros por hora. Cinco departamentos ser\u00e1n afecados. El Servicio Meteorol\u00f3gico Nacional anunci\u00f3 vientos fuertes en la zona de la Cordillera. Las r\u00e1fagas de viento provenientes del Noroeste alcanzar\u00e1n hasta los 100 kil\u00f3metros por hora. Seg\u00fan indica el informe que public\u00f3 este jueves el organismo, los vientos [&hellip;]<\/p>\n","protected":false},"author":3,"featured_media":624,"comment_status":"open","ping_status":"open","sticky":false,"template":"","format":"standard","meta":{"footnotes":""},"categories":[25],"tags":[662,8],"class_list":{"0":"post-622","1":"post","2":"type-post","3":"status-publish","4":"format-standard","5":"has-post-thumbnail","7":"category-sociedad","8":"tag-clima","9":"tag-jujuy"},"yoast_head":"<!-- This site is optimized with the Yoast SEO plugin v27.5 - https:\/\/yoast.com\/product\/yoast-seo-wordpress\/ -->\n<title>Jujuy: alerta amarilla por fuertes vientos en la Cordillera<\/title>\n<meta name=\"description\" content=\"El SMN anunci\u00f3 vientos fuertes en la zona de la Cordillera. Las r\u00e1fagas de viento provenientes alcanzar\u00e1n hasta los 100 kil\u00f3metros por hora.\" \/>\n<meta name=\"robots\" content=\"index, follow, max-snippet:-1, max-image-preview:large, max-video-preview:-1\" \/>\n<link rel=\"canonical\" href=\"https:\/\/www.muyjujuy.com\/index.php\/2022\/06\/16\/jujuy-alerta-amarilla-por-fuertes-vientos-en-la-cordillera\/\" \/>\n<meta property=\"og:locale\" content=\"es_ES\" \/>\n<meta property=\"og:type\" content=\"article\" \/>\n<meta property=\"og:title\" content=\"Jujuy: alerta amarilla por fuertes vientos en la Cordillera\" \/>\n<meta property=\"og:description\" content=\"El SMN anunci\u00f3 vientos fuertes en la zona de la Cordillera. Las r\u00e1fagas de viento provenientes alcanzar\u00e1n hasta los 100 kil\u00f3metros por hora.\" \/>\n<meta property=\"og:url\" content=\"https:\/\/www.muyjujuy.com\/index.php\/2022\/06\/16\/jujuy-alerta-amarilla-por-fuertes-vientos-en-la-cordillera\/\" \/>\n<meta property=\"og:site_name\" content=\"Muy Jujuy\" \/>\n<meta property=\"article:publisher\" content=\"https:\/\/www.facebook.com\/muyjujuycom\" \/>\n<meta property=\"article:published_time\" content=\"2022-06-16T18:31:54+00:00\" \/>\n<meta property=\"article:modified_time\" content=\"2022-06-16T18:34:08+00:00\" \/>\n<meta property=\"og:image\" content=\"https:\/\/www.muyjujuy.com\/wp-content\/uploads\/2022\/06\/jujuy.jpg\" \/>\n\t<meta property=\"og:image:width\" content=\"600\" \/>\n\t<meta property=\"og:image:height\" content=\"369\" \/>\n\t<meta property=\"og:image:type\" content=\"image\/jpeg\" \/>\n<meta name=\"author\" content=\"Redacci\u00f3n Muy Jujuy\" \/>\n<meta name=\"twitter:card\" content=\"summary_large_image\" \/>\n<meta name=\"twitter:creator\" content=\"@muyjujuy\" \/>\n<meta name=\"twitter:site\" content=\"@muyjujuy\" \/>\n<meta name=\"twitter:label1\" content=\"Escrito por\" \/>\n\t<meta name=\"twitter:data1\" content=\"Redacci\u00f3n Muy Jujuy\" \/>\n\t<meta name=\"twitter:label2\" content=\"Tiempo de lectura\" \/>\n\t<meta name=\"twitter:data2\" content=\"1 minuto\" \/>\n<script type=\"application\/ld+json\" class=\"yoast-schema-graph\">{\"@context\":\"https:\\\/\\\/schema.org\",\"@graph\":[{\"@type\":\"Article\",\"@id\":\"https:\\\/\\\/www.muyjujuy.com\\\/index.php\\\/2022\\\/06\\\/16\\\/jujuy-alerta-amarilla-por-fuertes-vientos-en-la-cordillera\\\/#article\",\"isPartOf\":{\"@id\":\"https:\\\/\\\/www.muyjujuy.com\\\/index.php\\\/2022\\\/06\\\/16\\\/jujuy-alerta-amarilla-por-fuertes-vientos-en-la-cordillera\\\/\"},\"author\":{\"name\":\"Redacci\u00f3n Muy Jujuy\",\"@id\":\"https:\\\/\\\/www.muyjujuy.com\\\/#\\\/schema\\\/person\\\/1d0f6e223ccea9e3f9034c1a5b683bf2\"},\"headline\":\"Jujuy: alerta amarilla por fuertes vientos en la Cordillera\",\"datePublished\":\"2022-06-16T18:31:54+00:00\",\"dateModified\":\"2022-06-16T18:34:08+00:00\",\"mainEntityOfPage\":{\"@id\":\"https:\\\/\\\/www.muyjujuy.com\\\/index.php\\\/2022\\\/06\\\/16\\\/jujuy-alerta-amarilla-por-fuertes-vientos-en-la-cordillera\\\/\"},\"wordCount\":197,\"commentCount\":0,\"publisher\":{\"@id\":\"https:\\\/\\\/www.muyjujuy.com\\\/#organization\"},\"image\":{\"@id\":\"https:\\\/\\\/www.muyjujuy.com\\\/index.php\\\/2022\\\/06\\\/16\\\/jujuy-alerta-amarilla-por-fuertes-vientos-en-la-cordillera\\\/#primaryimage\"},\"thumbnailUrl\":\"https:\\\/\\\/www.muyjujuy.com\\\/wp-content\\\/uploads\\\/2022\\\/06\\\/jujuy.jpg\",\"keywords\":[\"Clima\",\"Jujuy\"],\"articleSection\":[\"Sociedad\"],\"inLanguage\":\"es-AR\",\"potentialAction\":[{\"@type\":\"CommentAction\",\"name\":\"Comment\",\"target\":[\"https:\\\/\\\/www.muyjujuy.com\\\/index.php\\\/2022\\\/06\\\/16\\\/jujuy-alerta-amarilla-por-fuertes-vientos-en-la-cordillera\\\/#respond\"]}]},{\"@type\":\"WebPage\",\"@id\":\"https:\\\/\\\/www.muyjujuy.com\\\/index.php\\\/2022\\\/06\\\/16\\\/jujuy-alerta-amarilla-por-fuertes-vientos-en-la-cordillera\\\/\",\"url\":\"https:\\\/\\\/www.muyjujuy.com\\\/index.php\\\/2022\\\/06\\\/16\\\/jujuy-alerta-amarilla-por-fuertes-vientos-en-la-cordillera\\\/\",\"name\":\"Jujuy: alerta amarilla por fuertes vientos en la Cordillera\",\"isPartOf\":{\"@id\":\"https:\\\/\\\/www.muyjujuy.com\\\/#website\"},\"primaryImageOfPage\":{\"@id\":\"https:\\\/\\\/www.muyjujuy.com\\\/index.php\\\/2022\\\/06\\\/16\\\/jujuy-alerta-amarilla-por-fuertes-vientos-en-la-cordillera\\\/#primaryimage\"},\"image\":{\"@id\":\"https:\\\/\\\/www.muyjujuy.com\\\/index.php\\\/2022\\\/06\\\/16\\\/jujuy-alerta-amarilla-por-fuertes-vientos-en-la-cordillera\\\/#primaryimage\"},\"thumbnailUrl\":\"https:\\\/\\\/www.muyjujuy.com\\\/wp-content\\\/uploads\\\/2022\\\/06\\\/jujuy.jpg\",\"datePublished\":\"2022-06-16T18:31:54+00:00\",\"dateModified\":\"2022-06-16T18:34:08+00:00\",\"description\":\"El SMN anunci\u00f3 vientos fuertes en la zona de la Cordillera. Las r\u00e1fagas de viento provenientes alcanzar\u00e1n hasta los 100 kil\u00f3metros por hora.\",\"breadcrumb\":{\"@id\":\"https:\\\/\\\/www.muyjujuy.com\\\/index.php\\\/2022\\\/06\\\/16\\\/jujuy-alerta-amarilla-por-fuertes-vientos-en-la-cordillera\\\/#breadcrumb\"},\"inLanguage\":\"es-AR\",\"potentialAction\":[{\"@type\":\"ReadAction\",\"target\":[\"https:\\\/\\\/www.muyjujuy.com\\\/index.php\\\/2022\\\/06\\\/16\\\/jujuy-alerta-amarilla-por-fuertes-vientos-en-la-cordillera\\\/\"]}]},{\"@type\":\"ImageObject\",\"inLanguage\":\"es-AR\",\"@id\":\"https:\\\/\\\/www.muyjujuy.com\\\/index.php\\\/2022\\\/06\\\/16\\\/jujuy-alerta-amarilla-por-fuertes-vientos-en-la-cordillera\\\/#primaryimage\",\"url\":\"https:\\\/\\\/www.muyjujuy.com\\\/wp-content\\\/uploads\\\/2022\\\/06\\\/jujuy.jpg\",\"contentUrl\":\"https:\\\/\\\/www.muyjujuy.com\\\/wp-content\\\/uploads\\\/2022\\\/06\\\/jujuy.jpg\",\"width\":600,\"height\":369},{\"@type\":\"BreadcrumbList\",\"@id\":\"https:\\\/\\\/www.muyjujuy.com\\\/index.php\\\/2022\\\/06\\\/16\\\/jujuy-alerta-amarilla-por-fuertes-vientos-en-la-cordillera\\\/#breadcrumb\",\"itemListElement\":[{\"@type\":\"ListItem\",\"position\":1,\"name\":\"Inicio\",\"item\":\"https:\\\/\\\/www.muyjujuy.com\\\/\"},{\"@type\":\"ListItem\",\"position\":2,\"name\":\"Jujuy: alerta amarilla por fuertes vientos en la Cordillera\"}]},{\"@type\":\"WebSite\",\"@id\":\"https:\\\/\\\/www.muyjujuy.com\\\/#website\",\"url\":\"https:\\\/\\\/www.muyjujuy.com\\\/\",\"name\":\"Muy Jujuy\",\"description\":\"\",\"publisher\":{\"@id\":\"https:\\\/\\\/www.muyjujuy.com\\\/#organization\"},\"potentialAction\":[{\"@type\":\"SearchAction\",\"target\":{\"@type\":\"EntryPoint\",\"urlTemplate\":\"https:\\\/\\\/www.muyjujuy.com\\\/?s={search_term_string}\"},\"query-input\":{\"@type\":\"PropertyValueSpecification\",\"valueRequired\":true,\"valueName\":\"search_term_string\"}}],\"inLanguage\":\"es-AR\"},{\"@type\":\"Organization\",\"@id\":\"https:\\\/\\\/www.muyjujuy.com\\\/#organization\",\"name\":\"Muy Jujuy\",\"url\":\"https:\\\/\\\/www.muyjujuy.com\\\/\",\"logo\":{\"@type\":\"ImageObject\",\"inLanguage\":\"es-AR\",\"@id\":\"https:\\\/\\\/www.muyjujuy.com\\\/#\\\/schema\\\/logo\\\/image\\\/\",\"url\":\"http:\\\/\\\/www.muyjujuy.com\\\/wp-content\\\/uploads\\\/2022\\\/05\\\/logo-mobil-jujuy.png\",\"contentUrl\":\"http:\\\/\\\/www.muyjujuy.com\\\/wp-content\\\/uploads\\\/2022\\\/05\\\/logo-mobil-jujuy.png\",\"width\":174,\"height\":81,\"caption\":\"Muy Jujuy\"},\"image\":{\"@id\":\"https:\\\/\\\/www.muyjujuy.com\\\/#\\\/schema\\\/logo\\\/image\\\/\"},\"sameAs\":[\"https:\\\/\\\/www.facebook.com\\\/muyjujuycom\",\"https:\\\/\\\/x.com\\\/muyjujuy\",\"https:\\\/\\\/www.instagram.com\\\/muyjujuycom\"]},{\"@type\":\"Person\",\"@id\":\"https:\\\/\\\/www.muyjujuy.com\\\/#\\\/schema\\\/person\\\/1d0f6e223ccea9e3f9034c1a5b683bf2\",\"name\":\"Redacci\u00f3n Muy Jujuy\",\"image\":{\"@type\":\"ImageObject\",\"inLanguage\":\"es-AR\",\"@id\":\"https:\\\/\\\/secure.gravatar.com\\\/avatar\\\/fec5f6f1893d741ed5eecccff109ce43e67a855411202a3212a058cb8e5c27d4?s=96&d=mm&r=g\",\"url\":\"https:\\\/\\\/secure.gravatar.com\\\/avatar\\\/fec5f6f1893d741ed5eecccff109ce43e67a855411202a3212a058cb8e5c27d4?s=96&d=mm&r=g\",\"contentUrl\":\"https:\\\/\\\/secure.gravatar.com\\\/avatar\\\/fec5f6f1893d741ed5eecccff109ce43e67a855411202a3212a058cb8e5c27d4?s=96&d=mm&r=g\",\"caption\":\"Redacci\u00f3n Muy Jujuy\"},\"url\":\"https:\\\/\\\/www.muyjujuy.com\\\/index.php\\\/author\\\/editor\\\/\"}]}<\/script>\n<!-- \/ Yoast SEO plugin. -->","yoast_head_json":{"title":"Jujuy: alerta amarilla por fuertes vientos en la Cordillera","description":"El SMN anunci\u00f3 vientos fuertes en la zona de la Cordillera. Las r\u00e1fagas de viento provenientes alcanzar\u00e1n hasta los 100 kil\u00f3metros por hora.","robots":{"index":"index","follow":"follow","max-snippet":"max-snippet:-1","max-image-preview":"max-image-preview:large","max-video-preview":"max-video-preview:-1"},"canonical":"https:\/\/www.muyjujuy.com\/index.php\/2022\/06\/16\/jujuy-alerta-amarilla-por-fuertes-vientos-en-la-cordillera\/","og_locale":"es_ES","og_type":"article","og_title":"Jujuy: alerta amarilla por fuertes vientos en la Cordillera","og_description":"El SMN anunci\u00f3 vientos fuertes en la zona de la Cordillera. Las r\u00e1fagas de viento provenientes alcanzar\u00e1n hasta los 100 kil\u00f3metros por hora.","og_url":"https:\/\/www.muyjujuy.com\/index.php\/2022\/06\/16\/jujuy-alerta-amarilla-por-fuertes-vientos-en-la-cordillera\/","og_site_name":"Muy Jujuy","article_publisher":"https:\/\/www.facebook.com\/muyjujuycom","article_published_time":"2022-06-16T18:31:54+00:00","article_modified_time":"2022-06-16T18:34:08+00:00","og_image":[{"width":600,"height":369,"url":"https:\/\/www.muyjujuy.com\/wp-content\/uploads\/2022\/06\/jujuy.jpg","type":"image\/jpeg"}],"author":"Redacci\u00f3n Muy Jujuy","twitter_card":"summary_large_image","twitter_creator":"@muyjujuy","twitter_site":"@muyjujuy","twitter_misc":{"Escrito por":"Redacci\u00f3n Muy Jujuy","Tiempo de lectura":"1 minuto"},"schema":{"@context":"https:\/\/schema.org","@graph":[{"@type":"Article","@id":"https:\/\/www.muyjujuy.com\/index.php\/2022\/06\/16\/jujuy-alerta-amarilla-por-fuertes-vientos-en-la-cordillera\/#article","isPartOf":{"@id":"https:\/\/www.muyjujuy.com\/index.php\/2022\/06\/16\/jujuy-alerta-amarilla-por-fuertes-vientos-en-la-cordillera\/"},"author":{"name":"Redacci\u00f3n Muy Jujuy","@id":"https:\/\/www.muyjujuy.com\/#\/schema\/person\/1d0f6e223ccea9e3f9034c1a5b683bf2"},"headline":"Jujuy: alerta amarilla por fuertes vientos en la Cordillera","datePublished":"2022-06-16T18:31:54+00:00","dateModified":"2022-06-16T18:34:08+00:00","mainEntityOfPage":{"@id":"https:\/\/www.muyjujuy.com\/index.php\/2022\/06\/16\/jujuy-alerta-amarilla-por-fuertes-vientos-en-la-cordillera\/"},"wordCount":197,"commentCount":0,"publisher":{"@id":"https:\/\/www.muyjujuy.com\/#organization"},"image":{"@id":"https:\/\/www.muyjujuy.com\/index.php\/2022\/06\/16\/jujuy-alerta-amarilla-por-fuertes-vientos-en-la-cordillera\/#primaryimage"},"thumbnailUrl":"https:\/\/www.muyjujuy.com\/wp-content\/uploads\/2022\/06\/jujuy.jpg","keywords":["Clima","Jujuy"],"articleSection":["Sociedad"],"inLanguage":"es-AR","potentialAction":[{"@type":"CommentAction","name":"Comment","target":["https:\/\/www.muyjujuy.com\/index.php\/2022\/06\/16\/jujuy-alerta-amarilla-por-fuertes-vientos-en-la-cordillera\/#respond"]}]},{"@type":"WebPage","@id":"https:\/\/www.muyjujuy.com\/index.php\/2022\/06\/16\/jujuy-alerta-amarilla-por-fuertes-vientos-en-la-cordillera\/","url":"https:\/\/www.muyjujuy.com\/index.php\/2022\/06\/16\/jujuy-alerta-amarilla-por-fuertes-vientos-en-la-cordillera\/","name":"Jujuy: alerta amarilla por fuertes vientos en la Cordillera","isPartOf":{"@id":"https:\/\/www.muyjujuy.com\/#website"},"primaryImageOfPage":{"@id":"https:\/\/www.muyjujuy.com\/index.php\/2022\/06\/16\/jujuy-alerta-amarilla-por-fuertes-vientos-en-la-cordillera\/#primaryimage"},"image":{"@id":"https:\/\/www.muyjujuy.com\/index.php\/2022\/06\/16\/jujuy-alerta-amarilla-por-fuertes-vientos-en-la-cordillera\/#primaryimage"},"thumbnailUrl":"https:\/\/www.muyjujuy.com\/wp-content\/uploads\/2022\/06\/jujuy.jpg","datePublished":"2022-06-16T18:31:54+00:00","dateModified":"2022-06-16T18:34:08+00:00","description":"El SMN anunci\u00f3 vientos fuertes en la zona de la Cordillera. Las r\u00e1fagas de viento provenientes alcanzar\u00e1n hasta los 100 kil\u00f3metros por hora.","breadcrumb":{"@id":"https:\/\/www.muyjujuy.com\/index.php\/2022\/06\/16\/jujuy-alerta-amarilla-por-fuertes-vientos-en-la-cordillera\/#breadcrumb"},"inLanguage":"es-AR","potentialAction":[{"@type":"ReadAction","target":["https:\/\/www.muyjujuy.com\/index.php\/2022\/06\/16\/jujuy-alerta-amarilla-por-fuertes-vientos-en-la-cordillera\/"]}]},{"@type":"ImageObject","inLanguage":"es-AR","@id":"https:\/\/www.muyjujuy.com\/index.php\/2022\/06\/16\/jujuy-alerta-amarilla-por-fuertes-vientos-en-la-cordillera\/#primaryimage","url":"https:\/\/www.muyjujuy.com\/wp-content\/uploads\/2022\/06\/jujuy.jpg","contentUrl":"https:\/\/www.muyjujuy.com\/wp-content\/uploads\/2022\/06\/jujuy.jpg","width":600,"height":369},{"@type":"BreadcrumbList","@id":"https:\/\/www.muyjujuy.com\/index.php\/2022\/06\/16\/jujuy-alerta-amarilla-por-fuertes-vientos-en-la-cordillera\/#breadcrumb","itemListElement":[{"@type":"ListItem","position":1,"name":"Inicio","item":"https:\/\/www.muyjujuy.com\/"},{"@type":"ListItem","position":2,"name":"Jujuy: alerta amarilla por fuertes vientos en la Cordillera"}]},{"@type":"WebSite","@id":"https:\/\/www.muyjujuy.com\/#website","url":"https:\/\/www.muyjujuy.com\/","name":"Muy Jujuy","description":"","publisher":{"@id":"https:\/\/www.muyjujuy.com\/#organization"},"potentialAction":[{"@type":"SearchAction","target":{"@type":"EntryPoint","urlTemplate":"https:\/\/www.muyjujuy.com\/?s={search_term_string}"},"query-input":{"@type":"PropertyValueSpecification","valueRequired":true,"valueName":"search_term_string"}}],"inLanguage":"es-AR"},{"@type":"Organization","@id":"https:\/\/www.muyjujuy.com\/#organization","name":"Muy Jujuy","url":"https:\/\/www.muyjujuy.com\/","logo":{"@type":"ImageObject","inLanguage":"es-AR","@id":"https:\/\/www.muyjujuy.com\/#\/schema\/logo\/image\/","url":"http:\/\/www.muyjujuy.com\/wp-content\/uploads\/2022\/05\/logo-mobil-jujuy.png","contentUrl":"http:\/\/www.muyjujuy.com\/wp-content\/uploads\/2022\/05\/logo-mobil-jujuy.png","width":174,"height":81,"caption":"Muy Jujuy"},"image":{"@id":"https:\/\/www.muyjujuy.com\/#\/schema\/logo\/image\/"},"sameAs":["https:\/\/www.facebook.com\/muyjujuycom","https:\/\/x.com\/muyjujuy","https:\/\/www.instagram.com\/muyjujuycom"]},{"@type":"Person","@id":"https:\/\/www.muyjujuy.com\/#\/schema\/person\/1d0f6e223ccea9e3f9034c1a5b683bf2","name":"Redacci\u00f3n Muy Jujuy","image":{"@type":"ImageObject","inLanguage":"es-AR","@id":"https:\/\/secure.gravatar.com\/avatar\/fec5f6f1893d741ed5eecccff109ce43e67a855411202a3212a058cb8e5c27d4?s=96&d=mm&r=g","url":"https:\/\/secure.gravatar.com\/avatar\/fec5f6f1893d741ed5eecccff109ce43e67a855411202a3212a058cb8e5c27d4?s=96&d=mm&r=g","contentUrl":"https:\/\/secure.gravatar.com\/avatar\/fec5f6f1893d741ed5eecccff109ce43e67a855411202a3212a058cb8e5c27d4?s=96&d=mm&r=g","caption":"Redacci\u00f3n Muy Jujuy"},"url":"https:\/\/www.muyjujuy.com\/index.php\/author\/editor\/"}]}},"_links":{"self":[{"href":"https:\/\/www.muyjujuy.com\/index.php\/wp-json\/wp\/v2\/posts\/622","targetHints":{"allow":["GET"]}}],"collection":[{"href":"https:\/\/www.muyjujuy.com\/index.php\/wp-json\/wp\/v2\/posts"}],"about":[{"href":"https:\/\/www.muyjujuy.com\/index.php\/wp-json\/wp\/v2\/types\/post"}],"author":[{"embeddable":true,"href":"https:\/\/www.muyjujuy.com\/index.php\/wp-json\/wp\/v2\/users\/3"}],"replies":[{"embeddable":true,"href":"https:\/\/www.muyjujuy.com\/index.php\/wp-json\/wp\/v2\/comments?post=622"}],"version-history":[{"count":2,"href":"https:\/\/www.muyjujuy.com\/index.php\/wp-json\/wp\/v2\/posts\/622\/revisions"}],"predecessor-version":[{"id":627,"href":"https:\/\/www.muyjujuy.com\/index.php\/wp-json\/wp\/v2\/posts\/622\/revisions\/627"}],"wp:featuredmedia":[{"embeddable":true,"href":"https:\/\/www.muyjujuy.com\/index.php\/wp-json\/wp\/v2\/media\/624"}],"wp:attachment":[{"href":"https:\/\/www.muyjujuy.com\/index.php\/wp-json\/wp\/v2\/media?parent=622"}],"wp:term":[{"taxonomy":"category","embeddable":true,"href":"https:\/\/www.muyjujuy.com\/index.php\/wp-json\/wp\/v2\/categories?post=622"},{"taxonomy":"post_tag","embeddable":true,"href":"https:\/\/www.muyjujuy.com\/index.php\/wp-json\/wp\/v2\/tags?post=622"}],"curies":[{"name":"wp","href":"https:\/\/api.w.org\/{rel}","templated":true}]}}