{"id":628,"date":"2022-06-16T15:59:52","date_gmt":"2022-06-16T18:59:52","guid":{"rendered":"https:\/\/www.muyjujuy.com\/?p=628"},"modified":"2022-06-16T15:59:54","modified_gmt":"2022-06-16T18:59:54","slug":"femicidio-de-cesia-reinaga-tras-la-liberacion-del-femicida-la-familia-teme-por-su-seguridad","status":"publish","type":"post","link":"https:\/\/www.muyjujuy.com\/index.php\/2022\/06\/16\/femicidio-de-cesia-reinaga-tras-la-liberacion-del-femicida-la-familia-teme-por-su-seguridad\/","title":{"rendered":"Femicidio de Cesia Reinaga: tras la liberaci\u00f3n del femicida, la familia teme por su seguridad"},"content":{"rendered":"\n<p><em>El hecho ocurri\u00f3 en 2020 y el acusado ten\u00eda 14 a\u00f1os. Ahora la justicia dict\u00f3 su sobreseimiento y la familia exige justicia.<\/em><\/p>\n\n\n\n<p>La Justicia dict\u00f3 el sobreseimiento del \u00fanico imputado por el femicidio de <strong>Cesia Reinaga.<\/strong> La familia cuestion\u00f3 el fallo y teme por su seguridad ya que el femicidia los amenaz\u00f3 desde la c\u00e1rcel.<\/p>\n\n\n\n<p>El adolescente, hijo de la ex concejal <strong>Noelia Vel\u00e1zquez,<\/strong> fue hallado responsable del delito de abuso sexual con acceso carnal y homicidio agravado por violencia de g\u00e9nero (femicidio). Sin embargo, como el imputado ten\u00eda menos de 16 a\u00f1os cuando ocurri\u00f3 el hecho, <strong>no puede ser condenado.<\/strong><\/p>\n\n\n\n<p>&#8220;Estamos con miedo porque si recibimos amenazas de \u00e9l y su familia estando preso, qu\u00e9 va a pasar ahora que est\u00e1n libres&#8221;, advirti\u00f3 Dora, hermana de la v\u00edctima. <strong>&#8220;De todas maneras vamos a seguir adelante, firmes. <\/strong>No estamos buscando venganza, s\u00f3lo justicia&#8221;, expres\u00f3 la joven.<\/p>\n\n\n\n<h2 class=\"wp-block-heading\">Caso de Cesia Reinaga<\/h2>\n\n\n\n<p>Cesia Nicole Reynaga desapareci\u00f3 por 10 d\u00edas en agosto del 2020 hasta que su cuerpo fue encontrado asesinado en el ex matadero de Abra Pampa. La joven hab\u00eda salido a caminar y nunca regres\u00f3.<\/p>\n\n\n\n<p>El cuerpo fue trasladado a la ciudad de San Salvador de Jujuy para su autopsia. Se determin\u00f3 que Cesia muri\u00f3 por asfixia mec\u00e1nica por estrangulaci\u00f3n. <\/p>\n\n\n\n<p><strong>&#8220;Se determin\u00f3 que la ahorcaron con alg\u00fan elemento<\/strong>. <strong>Ten\u00eda un pa\u00f1uelo atado al cuello<\/strong>. <strong>Se detectaron signos de violencia en el rostro, el abdomen y la espalda&#8221;, <\/strong>explic\u00f3 el fiscal <strong>Diego Cussel <\/strong>en su momento quien fue el interviniente en la causa.<\/p>\n\n\n\n<p>El caso conmocion\u00f3 a la sociedad juje\u00f1a y se suscitaron marchas en pedido de justicia en distintas localidades durante todo ese a\u00f1o.<\/p>\n\n\n\n<p>Ahora, la Justicia orden\u00f3 el sobreseimiento del acusado como as\u00ed tambi\u00e9n de su padre y su abuelo que estaban imputados por encubrimiento. <\/p>\n\n\n\n<h2 class=\"wp-block-heading\">Marcha para exigir justicia<\/h2>\n\n\n\n<p>La hermana de la joven, adelant\u00f3 que <strong>el pr\u00f3ximo viernes 24 de junio realizar\u00e1n una nueva marcha pidiendo justicia <\/strong>por Cesia.<\/p>\n\n\n\n<p>Concentrar\u00e1n a las 9:30 en Plaza Belgrano y luego de caminar por las calles de la ciudad desde las 10, ir\u00e1n hasta la fiscal\u00eda de Diego Cussel para pedir explicaciones sobre esta decisi\u00f3n.<\/p>\n","protected":false},"excerpt":{"rendered":"<p>El hecho ocurri\u00f3 en 2020 y el acusado ten\u00eda 14 a\u00f1os. Ahora la justicia dict\u00f3 su sobreseimiento y la familia exige justicia. La Justicia dict\u00f3 el sobreseimiento del \u00fanico imputado por el femicidio de Cesia Reinaga. La familia cuestion\u00f3 el fallo y teme por su seguridad ya que el femicidia los amenaz\u00f3 desde la c\u00e1rcel. [&hellip;]<\/p>\n","protected":false},"author":3,"featured_media":629,"comment_status":"open","ping_status":"open","sticky":false,"template":"","format":"standard","meta":{"footnotes":""},"categories":[25],"tags":[666,8,667],"class_list":{"0":"post-628","1":"post","2":"type-post","3":"status-publish","4":"format-standard","5":"has-post-thumbnail","7":"category-sociedad","8":"tag-femicidios","9":"tag-jujuy","10":"tag-violencia-de-genero"},"yoast_head":"<!-- This site is optimized with the Yoast SEO plugin v27.5 - https:\/\/yoast.com\/product\/yoast-seo-wordpress\/ -->\n<title>Femicidio de Cesia Reinaga: tras la liberaci\u00f3n del femicida, la familia teme por su seguridad<\/title>\n<meta name=\"description\" content=\"La Justicia dict\u00f3 el sobreseimiento del \u00fanico imputado por el femicidio de Cesia Reinaga. La familia cuestion\u00f3 el fallo y teme por su seguridad.\" \/>\n<meta name=\"robots\" content=\"index, follow, max-snippet:-1, max-image-preview:large, max-video-preview:-1\" \/>\n<link rel=\"canonical\" href=\"https:\/\/www.muyjujuy.com\/index.php\/2022\/06\/16\/femicidio-de-cesia-reinaga-tras-la-liberacion-del-femicida-la-familia-teme-por-su-seguridad\/\" \/>\n<meta property=\"og:locale\" content=\"es_ES\" \/>\n<meta property=\"og:type\" content=\"article\" \/>\n<meta property=\"og:title\" content=\"Femicidio de Cesia Reinaga: tras la liberaci\u00f3n del femicida, la familia teme por su seguridad\" \/>\n<meta property=\"og:description\" content=\"La Justicia dict\u00f3 el sobreseimiento del \u00fanico imputado por el femicidio de Cesia Reinaga. La familia cuestion\u00f3 el fallo y teme por su seguridad.\" \/>\n<meta property=\"og:url\" content=\"https:\/\/www.muyjujuy.com\/index.php\/2022\/06\/16\/femicidio-de-cesia-reinaga-tras-la-liberacion-del-femicida-la-familia-teme-por-su-seguridad\/\" \/>\n<meta property=\"og:site_name\" content=\"Muy Jujuy\" \/>\n<meta property=\"article:publisher\" content=\"https:\/\/www.facebook.com\/muyjujuycom\" \/>\n<meta property=\"article:published_time\" content=\"2022-06-16T18:59:52+00:00\" \/>\n<meta property=\"article:modified_time\" content=\"2022-06-16T18:59:54+00:00\" \/>\n<meta property=\"og:image\" content=\"https:\/\/www.muyjujuy.com\/wp-content\/uploads\/2022\/06\/WhatsApp-Image-2022-06-16-at-3.57.15-PM.jpeg\" \/>\n\t<meta property=\"og:image:width\" content=\"970\" \/>\n\t<meta property=\"og:image:height\" content=\"546\" \/>\n\t<meta property=\"og:image:type\" content=\"image\/jpeg\" \/>\n<meta name=\"author\" content=\"Redacci\u00f3n Muy Jujuy\" \/>\n<meta name=\"twitter:card\" content=\"summary_large_image\" \/>\n<meta name=\"twitter:creator\" content=\"@muyjujuy\" \/>\n<meta name=\"twitter:site\" content=\"@muyjujuy\" \/>\n<meta name=\"twitter:label1\" content=\"Escrito por\" \/>\n\t<meta name=\"twitter:data1\" content=\"Redacci\u00f3n Muy Jujuy\" \/>\n\t<meta name=\"twitter:label2\" content=\"Tiempo de lectura\" \/>\n\t<meta name=\"twitter:data2\" content=\"2 minutos\" \/>\n<script type=\"application\/ld+json\" class=\"yoast-schema-graph\">{\"@context\":\"https:\\\/\\\/schema.org\",\"@graph\":[{\"@type\":\"Article\",\"@id\":\"https:\\\/\\\/www.muyjujuy.com\\\/index.php\\\/2022\\\/06\\\/16\\\/femicidio-de-cesia-reinaga-tras-la-liberacion-del-femicida-la-familia-teme-por-su-seguridad\\\/#article\",\"isPartOf\":{\"@id\":\"https:\\\/\\\/www.muyjujuy.com\\\/index.php\\\/2022\\\/06\\\/16\\\/femicidio-de-cesia-reinaga-tras-la-liberacion-del-femicida-la-familia-teme-por-su-seguridad\\\/\"},\"author\":{\"name\":\"Redacci\u00f3n Muy Jujuy\",\"@id\":\"https:\\\/\\\/www.muyjujuy.com\\\/#\\\/schema\\\/person\\\/1d0f6e223ccea9e3f9034c1a5b683bf2\"},\"headline\":\"Femicidio de Cesia Reinaga: tras la liberaci\u00f3n del femicida, la familia teme por su seguridad\",\"datePublished\":\"2022-06-16T18:59:52+00:00\",\"dateModified\":\"2022-06-16T18:59:54+00:00\",\"mainEntityOfPage\":{\"@id\":\"https:\\\/\\\/www.muyjujuy.com\\\/index.php\\\/2022\\\/06\\\/16\\\/femicidio-de-cesia-reinaga-tras-la-liberacion-del-femicida-la-familia-teme-por-su-seguridad\\\/\"},\"wordCount\":387,\"commentCount\":0,\"publisher\":{\"@id\":\"https:\\\/\\\/www.muyjujuy.com\\\/#organization\"},\"image\":{\"@id\":\"https:\\\/\\\/www.muyjujuy.com\\\/index.php\\\/2022\\\/06\\\/16\\\/femicidio-de-cesia-reinaga-tras-la-liberacion-del-femicida-la-familia-teme-por-su-seguridad\\\/#primaryimage\"},\"thumbnailUrl\":\"https:\\\/\\\/www.muyjujuy.com\\\/wp-content\\\/uploads\\\/2022\\\/06\\\/WhatsApp-Image-2022-06-16-at-3.57.15-PM.jpeg\",\"keywords\":[\"Femicidios\",\"Jujuy\",\"Violencia de G\u00e9nero\"],\"articleSection\":[\"Sociedad\"],\"inLanguage\":\"es-AR\",\"potentialAction\":[{\"@type\":\"CommentAction\",\"name\":\"Comment\",\"target\":[\"https:\\\/\\\/www.muyjujuy.com\\\/index.php\\\/2022\\\/06\\\/16\\\/femicidio-de-cesia-reinaga-tras-la-liberacion-del-femicida-la-familia-teme-por-su-seguridad\\\/#respond\"]}]},{\"@type\":\"WebPage\",\"@id\":\"https:\\\/\\\/www.muyjujuy.com\\\/index.php\\\/2022\\\/06\\\/16\\\/femicidio-de-cesia-reinaga-tras-la-liberacion-del-femicida-la-familia-teme-por-su-seguridad\\\/\",\"url\":\"https:\\\/\\\/www.muyjujuy.com\\\/index.php\\\/2022\\\/06\\\/16\\\/femicidio-de-cesia-reinaga-tras-la-liberacion-del-femicida-la-familia-teme-por-su-seguridad\\\/\",\"name\":\"Femicidio de Cesia Reinaga: tras la liberaci\u00f3n del femicida, la familia teme por su seguridad\",\"isPartOf\":{\"@id\":\"https:\\\/\\\/www.muyjujuy.com\\\/#website\"},\"primaryImageOfPage\":{\"@id\":\"https:\\\/\\\/www.muyjujuy.com\\\/index.php\\\/2022\\\/06\\\/16\\\/femicidio-de-cesia-reinaga-tras-la-liberacion-del-femicida-la-familia-teme-por-su-seguridad\\\/#primaryimage\"},\"image\":{\"@id\":\"https:\\\/\\\/www.muyjujuy.com\\\/index.php\\\/2022\\\/06\\\/16\\\/femicidio-de-cesia-reinaga-tras-la-liberacion-del-femicida-la-familia-teme-por-su-seguridad\\\/#primaryimage\"},\"thumbnailUrl\":\"https:\\\/\\\/www.muyjujuy.com\\\/wp-content\\\/uploads\\\/2022\\\/06\\\/WhatsApp-Image-2022-06-16-at-3.57.15-PM.jpeg\",\"datePublished\":\"2022-06-16T18:59:52+00:00\",\"dateModified\":\"2022-06-16T18:59:54+00:00\",\"description\":\"La Justicia dict\u00f3 el sobreseimiento del \u00fanico imputado por el femicidio de Cesia Reinaga. La familia cuestion\u00f3 el fallo y teme por su seguridad.\",\"breadcrumb\":{\"@id\":\"https:\\\/\\\/www.muyjujuy.com\\\/index.php\\\/2022\\\/06\\\/16\\\/femicidio-de-cesia-reinaga-tras-la-liberacion-del-femicida-la-familia-teme-por-su-seguridad\\\/#breadcrumb\"},\"inLanguage\":\"es-AR\",\"potentialAction\":[{\"@type\":\"ReadAction\",\"target\":[\"https:\\\/\\\/www.muyjujuy.com\\\/index.php\\\/2022\\\/06\\\/16\\\/femicidio-de-cesia-reinaga-tras-la-liberacion-del-femicida-la-familia-teme-por-su-seguridad\\\/\"]}]},{\"@type\":\"ImageObject\",\"inLanguage\":\"es-AR\",\"@id\":\"https:\\\/\\\/www.muyjujuy.com\\\/index.php\\\/2022\\\/06\\\/16\\\/femicidio-de-cesia-reinaga-tras-la-liberacion-del-femicida-la-familia-teme-por-su-seguridad\\\/#primaryimage\",\"url\":\"https:\\\/\\\/www.muyjujuy.com\\\/wp-content\\\/uploads\\\/2022\\\/06\\\/WhatsApp-Image-2022-06-16-at-3.57.15-PM.jpeg\",\"contentUrl\":\"https:\\\/\\\/www.muyjujuy.com\\\/wp-content\\\/uploads\\\/2022\\\/06\\\/WhatsApp-Image-2022-06-16-at-3.57.15-PM.jpeg\",\"width\":970,\"height\":546},{\"@type\":\"BreadcrumbList\",\"@id\":\"https:\\\/\\\/www.muyjujuy.com\\\/index.php\\\/2022\\\/06\\\/16\\\/femicidio-de-cesia-reinaga-tras-la-liberacion-del-femicida-la-familia-teme-por-su-seguridad\\\/#breadcrumb\",\"itemListElement\":[{\"@type\":\"ListItem\",\"position\":1,\"name\":\"Inicio\",\"item\":\"https:\\\/\\\/www.muyjujuy.com\\\/\"},{\"@type\":\"ListItem\",\"position\":2,\"name\":\"Femicidio de Cesia Reinaga: tras la liberaci\u00f3n del femicida, la familia teme por su seguridad\"}]},{\"@type\":\"WebSite\",\"@id\":\"https:\\\/\\\/www.muyjujuy.com\\\/#website\",\"url\":\"https:\\\/\\\/www.muyjujuy.com\\\/\",\"name\":\"Muy Jujuy\",\"description\":\"\",\"publisher\":{\"@id\":\"https:\\\/\\\/www.muyjujuy.com\\\/#organization\"},\"potentialAction\":[{\"@type\":\"SearchAction\",\"target\":{\"@type\":\"EntryPoint\",\"urlTemplate\":\"https:\\\/\\\/www.muyjujuy.com\\\/?s={search_term_string}\"},\"query-input\":{\"@type\":\"PropertyValueSpecification\",\"valueRequired\":true,\"valueName\":\"search_term_string\"}}],\"inLanguage\":\"es-AR\"},{\"@type\":\"Organization\",\"@id\":\"https:\\\/\\\/www.muyjujuy.com\\\/#organization\",\"name\":\"Muy Jujuy\",\"url\":\"https:\\\/\\\/www.muyjujuy.com\\\/\",\"logo\":{\"@type\":\"ImageObject\",\"inLanguage\":\"es-AR\",\"@id\":\"https:\\\/\\\/www.muyjujuy.com\\\/#\\\/schema\\\/logo\\\/image\\\/\",\"url\":\"http:\\\/\\\/www.muyjujuy.com\\\/wp-content\\\/uploads\\\/2022\\\/05\\\/logo-mobil-jujuy.png\",\"contentUrl\":\"http:\\\/\\\/www.muyjujuy.com\\\/wp-content\\\/uploads\\\/2022\\\/05\\\/logo-mobil-jujuy.png\",\"width\":174,\"height\":81,\"caption\":\"Muy Jujuy\"},\"image\":{\"@id\":\"https:\\\/\\\/www.muyjujuy.com\\\/#\\\/schema\\\/logo\\\/image\\\/\"},\"sameAs\":[\"https:\\\/\\\/www.facebook.com\\\/muyjujuycom\",\"https:\\\/\\\/x.com\\\/muyjujuy\",\"https:\\\/\\\/www.instagram.com\\\/muyjujuycom\"]},{\"@type\":\"Person\",\"@id\":\"https:\\\/\\\/www.muyjujuy.com\\\/#\\\/schema\\\/person\\\/1d0f6e223ccea9e3f9034c1a5b683bf2\",\"name\":\"Redacci\u00f3n Muy Jujuy\",\"image\":{\"@type\":\"ImageObject\",\"inLanguage\":\"es-AR\",\"@id\":\"https:\\\/\\\/secure.gravatar.com\\\/avatar\\\/fec5f6f1893d741ed5eecccff109ce43e67a855411202a3212a058cb8e5c27d4?s=96&d=mm&r=g\",\"url\":\"https:\\\/\\\/secure.gravatar.com\\\/avatar\\\/fec5f6f1893d741ed5eecccff109ce43e67a855411202a3212a058cb8e5c27d4?s=96&d=mm&r=g\",\"contentUrl\":\"https:\\\/\\\/secure.gravatar.com\\\/avatar\\\/fec5f6f1893d741ed5eecccff109ce43e67a855411202a3212a058cb8e5c27d4?s=96&d=mm&r=g\",\"caption\":\"Redacci\u00f3n Muy Jujuy\"},\"url\":\"https:\\\/\\\/www.muyjujuy.com\\\/index.php\\\/author\\\/editor\\\/\"}]}<\/script>\n<!-- \/ Yoast SEO plugin. -->","yoast_head_json":{"title":"Femicidio de Cesia Reinaga: tras la liberaci\u00f3n del femicida, la familia teme por su seguridad","description":"La Justicia dict\u00f3 el sobreseimiento del \u00fanico imputado por el femicidio de Cesia Reinaga. La familia cuestion\u00f3 el fallo y teme por su seguridad.","robots":{"index":"index","follow":"follow","max-snippet":"max-snippet:-1","max-image-preview":"max-image-preview:large","max-video-preview":"max-video-preview:-1"},"canonical":"https:\/\/www.muyjujuy.com\/index.php\/2022\/06\/16\/femicidio-de-cesia-reinaga-tras-la-liberacion-del-femicida-la-familia-teme-por-su-seguridad\/","og_locale":"es_ES","og_type":"article","og_title":"Femicidio de Cesia Reinaga: tras la liberaci\u00f3n del femicida, la familia teme por su seguridad","og_description":"La Justicia dict\u00f3 el sobreseimiento del \u00fanico imputado por el femicidio de Cesia Reinaga. La familia cuestion\u00f3 el fallo y teme por su seguridad.","og_url":"https:\/\/www.muyjujuy.com\/index.php\/2022\/06\/16\/femicidio-de-cesia-reinaga-tras-la-liberacion-del-femicida-la-familia-teme-por-su-seguridad\/","og_site_name":"Muy Jujuy","article_publisher":"https:\/\/www.facebook.com\/muyjujuycom","article_published_time":"2022-06-16T18:59:52+00:00","article_modified_time":"2022-06-16T18:59:54+00:00","og_image":[{"width":970,"height":546,"url":"https:\/\/www.muyjujuy.com\/wp-content\/uploads\/2022\/06\/WhatsApp-Image-2022-06-16-at-3.57.15-PM.jpeg","type":"image\/jpeg"}],"author":"Redacci\u00f3n Muy Jujuy","twitter_card":"summary_large_image","twitter_creator":"@muyjujuy","twitter_site":"@muyjujuy","twitter_misc":{"Escrito por":"Redacci\u00f3n Muy Jujuy","Tiempo de lectura":"2 minutos"},"schema":{"@context":"https:\/\/schema.org","@graph":[{"@type":"Article","@id":"https:\/\/www.muyjujuy.com\/index.php\/2022\/06\/16\/femicidio-de-cesia-reinaga-tras-la-liberacion-del-femicida-la-familia-teme-por-su-seguridad\/#article","isPartOf":{"@id":"https:\/\/www.muyjujuy.com\/index.php\/2022\/06\/16\/femicidio-de-cesia-reinaga-tras-la-liberacion-del-femicida-la-familia-teme-por-su-seguridad\/"},"author":{"name":"Redacci\u00f3n Muy Jujuy","@id":"https:\/\/www.muyjujuy.com\/#\/schema\/person\/1d0f6e223ccea9e3f9034c1a5b683bf2"},"headline":"Femicidio de Cesia Reinaga: tras la liberaci\u00f3n del femicida, la familia teme por su seguridad","datePublished":"2022-06-16T18:59:52+00:00","dateModified":"2022-06-16T18:59:54+00:00","mainEntityOfPage":{"@id":"https:\/\/www.muyjujuy.com\/index.php\/2022\/06\/16\/femicidio-de-cesia-reinaga-tras-la-liberacion-del-femicida-la-familia-teme-por-su-seguridad\/"},"wordCount":387,"commentCount":0,"publisher":{"@id":"https:\/\/www.muyjujuy.com\/#organization"},"image":{"@id":"https:\/\/www.muyjujuy.com\/index.php\/2022\/06\/16\/femicidio-de-cesia-reinaga-tras-la-liberacion-del-femicida-la-familia-teme-por-su-seguridad\/#primaryimage"},"thumbnailUrl":"https:\/\/www.muyjujuy.com\/wp-content\/uploads\/2022\/06\/WhatsApp-Image-2022-06-16-at-3.57.15-PM.jpeg","keywords":["Femicidios","Jujuy","Violencia de G\u00e9nero"],"articleSection":["Sociedad"],"inLanguage":"es-AR","potentialAction":[{"@type":"CommentAction","name":"Comment","target":["https:\/\/www.muyjujuy.com\/index.php\/2022\/06\/16\/femicidio-de-cesia-reinaga-tras-la-liberacion-del-femicida-la-familia-teme-por-su-seguridad\/#respond"]}]},{"@type":"WebPage","@id":"https:\/\/www.muyjujuy.com\/index.php\/2022\/06\/16\/femicidio-de-cesia-reinaga-tras-la-liberacion-del-femicida-la-familia-teme-por-su-seguridad\/","url":"https:\/\/www.muyjujuy.com\/index.php\/2022\/06\/16\/femicidio-de-cesia-reinaga-tras-la-liberacion-del-femicida-la-familia-teme-por-su-seguridad\/","name":"Femicidio de Cesia Reinaga: tras la liberaci\u00f3n del femicida, la familia teme por su seguridad","isPartOf":{"@id":"https:\/\/www.muyjujuy.com\/#website"},"primaryImageOfPage":{"@id":"https:\/\/www.muyjujuy.com\/index.php\/2022\/06\/16\/femicidio-de-cesia-reinaga-tras-la-liberacion-del-femicida-la-familia-teme-por-su-seguridad\/#primaryimage"},"image":{"@id":"https:\/\/www.muyjujuy.com\/index.php\/2022\/06\/16\/femicidio-de-cesia-reinaga-tras-la-liberacion-del-femicida-la-familia-teme-por-su-seguridad\/#primaryimage"},"thumbnailUrl":"https:\/\/www.muyjujuy.com\/wp-content\/uploads\/2022\/06\/WhatsApp-Image-2022-06-16-at-3.57.15-PM.jpeg","datePublished":"2022-06-16T18:59:52+00:00","dateModified":"2022-06-16T18:59:54+00:00","description":"La Justicia dict\u00f3 el sobreseimiento del \u00fanico imputado por el femicidio de Cesia Reinaga. La familia cuestion\u00f3 el fallo y teme por su seguridad.","breadcrumb":{"@id":"https:\/\/www.muyjujuy.com\/index.php\/2022\/06\/16\/femicidio-de-cesia-reinaga-tras-la-liberacion-del-femicida-la-familia-teme-por-su-seguridad\/#breadcrumb"},"inLanguage":"es-AR","potentialAction":[{"@type":"ReadAction","target":["https:\/\/www.muyjujuy.com\/index.php\/2022\/06\/16\/femicidio-de-cesia-reinaga-tras-la-liberacion-del-femicida-la-familia-teme-por-su-seguridad\/"]}]},{"@type":"ImageObject","inLanguage":"es-AR","@id":"https:\/\/www.muyjujuy.com\/index.php\/2022\/06\/16\/femicidio-de-cesia-reinaga-tras-la-liberacion-del-femicida-la-familia-teme-por-su-seguridad\/#primaryimage","url":"https:\/\/www.muyjujuy.com\/wp-content\/uploads\/2022\/06\/WhatsApp-Image-2022-06-16-at-3.57.15-PM.jpeg","contentUrl":"https:\/\/www.muyjujuy.com\/wp-content\/uploads\/2022\/06\/WhatsApp-Image-2022-06-16-at-3.57.15-PM.jpeg","width":970,"height":546},{"@type":"BreadcrumbList","@id":"https:\/\/www.muyjujuy.com\/index.php\/2022\/06\/16\/femicidio-de-cesia-reinaga-tras-la-liberacion-del-femicida-la-familia-teme-por-su-seguridad\/#breadcrumb","itemListElement":[{"@type":"ListItem","position":1,"name":"Inicio","item":"https:\/\/www.muyjujuy.com\/"},{"@type":"ListItem","position":2,"name":"Femicidio de Cesia Reinaga: tras la liberaci\u00f3n del femicida, la familia teme por su seguridad"}]},{"@type":"WebSite","@id":"https:\/\/www.muyjujuy.com\/#website","url":"https:\/\/www.muyjujuy.com\/","name":"Muy Jujuy","description":"","publisher":{"@id":"https:\/\/www.muyjujuy.com\/#organization"},"potentialAction":[{"@type":"SearchAction","target":{"@type":"EntryPoint","urlTemplate":"https:\/\/www.muyjujuy.com\/?s={search_term_string}"},"query-input":{"@type":"PropertyValueSpecification","valueRequired":true,"valueName":"search_term_string"}}],"inLanguage":"es-AR"},{"@type":"Organization","@id":"https:\/\/www.muyjujuy.com\/#organization","name":"Muy Jujuy","url":"https:\/\/www.muyjujuy.com\/","logo":{"@type":"ImageObject","inLanguage":"es-AR","@id":"https:\/\/www.muyjujuy.com\/#\/schema\/logo\/image\/","url":"http:\/\/www.muyjujuy.com\/wp-content\/uploads\/2022\/05\/logo-mobil-jujuy.png","contentUrl":"http:\/\/www.muyjujuy.com\/wp-content\/uploads\/2022\/05\/logo-mobil-jujuy.png","width":174,"height":81,"caption":"Muy Jujuy"},"image":{"@id":"https:\/\/www.muyjujuy.com\/#\/schema\/logo\/image\/"},"sameAs":["https:\/\/www.facebook.com\/muyjujuycom","https:\/\/x.com\/muyjujuy","https:\/\/www.instagram.com\/muyjujuycom"]},{"@type":"Person","@id":"https:\/\/www.muyjujuy.com\/#\/schema\/person\/1d0f6e223ccea9e3f9034c1a5b683bf2","name":"Redacci\u00f3n Muy Jujuy","image":{"@type":"ImageObject","inLanguage":"es-AR","@id":"https:\/\/secure.gravatar.com\/avatar\/fec5f6f1893d741ed5eecccff109ce43e67a855411202a3212a058cb8e5c27d4?s=96&d=mm&r=g","url":"https:\/\/secure.gravatar.com\/avatar\/fec5f6f1893d741ed5eecccff109ce43e67a855411202a3212a058cb8e5c27d4?s=96&d=mm&r=g","contentUrl":"https:\/\/secure.gravatar.com\/avatar\/fec5f6f1893d741ed5eecccff109ce43e67a855411202a3212a058cb8e5c27d4?s=96&d=mm&r=g","caption":"Redacci\u00f3n Muy Jujuy"},"url":"https:\/\/www.muyjujuy.com\/index.php\/author\/editor\/"}]}},"_links":{"self":[{"href":"https:\/\/www.muyjujuy.com\/index.php\/wp-json\/wp\/v2\/posts\/628","targetHints":{"allow":["GET"]}}],"collection":[{"href":"https:\/\/www.muyjujuy.com\/index.php\/wp-json\/wp\/v2\/posts"}],"about":[{"href":"https:\/\/www.muyjujuy.com\/index.php\/wp-json\/wp\/v2\/types\/post"}],"author":[{"embeddable":true,"href":"https:\/\/www.muyjujuy.com\/index.php\/wp-json\/wp\/v2\/users\/3"}],"replies":[{"embeddable":true,"href":"https:\/\/www.muyjujuy.com\/index.php\/wp-json\/wp\/v2\/comments?post=628"}],"version-history":[{"count":1,"href":"https:\/\/www.muyjujuy.com\/index.php\/wp-json\/wp\/v2\/posts\/628\/revisions"}],"predecessor-version":[{"id":630,"href":"https:\/\/www.muyjujuy.com\/index.php\/wp-json\/wp\/v2\/posts\/628\/revisions\/630"}],"wp:featuredmedia":[{"embeddable":true,"href":"https:\/\/www.muyjujuy.com\/index.php\/wp-json\/wp\/v2\/media\/629"}],"wp:attachment":[{"href":"https:\/\/www.muyjujuy.com\/index.php\/wp-json\/wp\/v2\/media?parent=628"}],"wp:term":[{"taxonomy":"category","embeddable":true,"href":"https:\/\/www.muyjujuy.com\/index.php\/wp-json\/wp\/v2\/categories?post=628"},{"taxonomy":"post_tag","embeddable":true,"href":"https:\/\/www.muyjujuy.com\/index.php\/wp-json\/wp\/v2\/tags?post=628"}],"curies":[{"name":"wp","href":"https:\/\/api.w.org\/{rel}","templated":true}]}}