{"id":650,"date":"2022-06-20T13:21:31","date_gmt":"2022-06-20T16:21:31","guid":{"rendered":"https:\/\/www.muyjujuy.com\/?p=650"},"modified":"2022-06-20T13:21:33","modified_gmt":"2022-06-20T16:21:33","slug":"dia-de-la-bandera-en-jujuy-chicos-de-4-hicieron-su-promesa","status":"publish","type":"post","link":"https:\/\/www.muyjujuy.com\/index.php\/2022\/06\/20\/dia-de-la-bandera-en-jujuy-chicos-de-4-hicieron-su-promesa\/","title":{"rendered":"D\u00eda de la Bandera en Jujuy: chicos de 4\u00b0 hicieron su promesa"},"content":{"rendered":"\n<p><em>Los alumnos de las escuelas N\u00b0444, Marina Vilte y Belgrano hicieron su promesa, mientras que el Ej\u00e9rcito realiz\u00f3 el juramento a la Bandera.<\/em><\/p>\n\n\n\n<p><\/p>\n\n\n\n<p>Al frente del RIM 20, donde se encuentra la pista de atletismo, este lunes se llev\u00f3 a cabo <strong>la Promesa de lealtad a la Bandera por parte de alumnos de cuarto grado de las escuela N\u00b0444, Marina Vilte y Belgrano.<\/strong><\/p>\n\n\n\n<p>En el acto estuvieron presentes autoridades militares y del Gobierno que acompa\u00f1aron este acontecimiento. Tambi\u00e9n <strong>la Guarnici\u00f3n Ej\u00e9rcito Jujuy <\/strong>realiz\u00f3 su juramento a este s\u00edmbolo patrio.<\/p>\n\n\n\n<p>La <strong>Promesa de lealtad a la Bandera Nacional <\/strong>es una ceremonia en la que estudiantes de 4\u00b0 grado de toda la provincia expresan <strong>su compromiso con la democracia, la participaci\u00f3n y la convivencia desde la reafirmaci\u00f3n de los valores de libertad, solidaridad e igualdad.<\/strong><\/p>\n\n\n\n<p>Por su parte, e<strong>l Juramento a la Bandera es el momento m\u00e1s sublime de la carrera militar,<\/strong> ya que hombres y mujeres, frente a sus superiores, pares y seres queridos, prometen servir fielmente a la Patria &#8220;hasta entregar su vida, si \u00e9sta le fuera requerida en su defensa&#8221;.<\/p>\n\n\n\n<h2 class=\"wp-block-heading\">D\u00eda de la Bandera Argentina<\/h2>\n\n\n\n<p>Se celebra este 20 de junio en conmemoraci\u00f3n y en homenaje al fallecimiento de <strong>Manuel Belgrano<\/strong>, quien falleci\u00f3 ese mismo d\u00eda en 1820, a los 50 a\u00f1os de edad.<\/p>\n\n\n\n<p>En medio de las batallas por la Independencia de las Provincias Unidas del R\u00edo de la Plata, Belgrano decidi\u00f3 establecer un s\u00edmbolo patrio identificatorio y as\u00ed fue que el 27 de febrero de 1812 cre\u00f3 la bandera celeste y blanca, inspir\u00e1ndose en la escarapela, tambi\u00e9n propuesta por \u00e9l.<\/p>\n","protected":false},"excerpt":{"rendered":"<p>Los alumnos de las escuelas N\u00b0444, Marina Vilte y Belgrano hicieron su promesa, mientras que el Ej\u00e9rcito realiz\u00f3 el juramento a la Bandera. Al frente del RIM 20, donde se encuentra la pista de atletismo, este lunes se llev\u00f3 a cabo la Promesa de lealtad a la Bandera por parte de alumnos de cuarto grado [&hellip;]<\/p>\n","protected":false},"author":3,"featured_media":651,"comment_status":"open","ping_status":"open","sticky":false,"template":"","format":"standard","meta":{"footnotes":""},"categories":[24],"tags":[675,5,8],"class_list":{"0":"post-650","1":"post","2":"type-post","3":"status-publish","4":"format-standard","5":"has-post-thumbnail","7":"category-politica","8":"tag-dia-de-la-bandera","9":"tag-gerardo-morales","10":"tag-jujuy"},"yoast_head":"<!-- This site is optimized with the Yoast SEO plugin v27.5 - https:\/\/yoast.com\/product\/yoast-seo-wordpress\/ -->\n<title>D\u00eda de la Bandera en Jujuy: chicos de 4\u00b0 hicieron su promesa - Muy Jujuy<\/title>\n<meta name=\"description\" content=\"Los alumnos de 4\u00b0 grado de todas las escuelas primarias de Jujuy realizaron el juramento a la bandera en el marco del D\u00eda de la Bandera.\" \/>\n<meta name=\"robots\" content=\"index, follow, max-snippet:-1, max-image-preview:large, max-video-preview:-1\" \/>\n<link rel=\"canonical\" href=\"https:\/\/www.muyjujuy.com\/index.php\/2022\/06\/20\/dia-de-la-bandera-en-jujuy-chicos-de-4-hicieron-su-promesa\/\" \/>\n<meta property=\"og:locale\" content=\"es_ES\" \/>\n<meta property=\"og:type\" content=\"article\" \/>\n<meta property=\"og:title\" content=\"D\u00eda de la Bandera en Jujuy: chicos de 4\u00b0 hicieron su promesa - Muy Jujuy\" \/>\n<meta property=\"og:description\" content=\"Los alumnos de 4\u00b0 grado de todas las escuelas primarias de Jujuy realizaron el juramento a la bandera en el marco del D\u00eda de la Bandera.\" \/>\n<meta property=\"og:url\" content=\"https:\/\/www.muyjujuy.com\/index.php\/2022\/06\/20\/dia-de-la-bandera-en-jujuy-chicos-de-4-hicieron-su-promesa\/\" \/>\n<meta property=\"og:site_name\" content=\"Muy Jujuy\" \/>\n<meta property=\"article:publisher\" content=\"https:\/\/www.facebook.com\/muyjujuycom\" \/>\n<meta property=\"article:published_time\" content=\"2022-06-20T16:21:31+00:00\" \/>\n<meta property=\"article:modified_time\" content=\"2022-06-20T16:21:33+00:00\" \/>\n<meta property=\"og:image\" content=\"https:\/\/www.muyjujuy.com\/wp-content\/uploads\/2022\/06\/WhatsApp-Image-2022-06-20-at-1.20.51-PM.jpeg\" \/>\n\t<meta property=\"og:image:width\" content=\"970\" \/>\n\t<meta property=\"og:image:height\" content=\"546\" \/>\n\t<meta property=\"og:image:type\" content=\"image\/jpeg\" \/>\n<meta name=\"author\" content=\"Redacci\u00f3n Muy Jujuy\" \/>\n<meta name=\"twitter:card\" content=\"summary_large_image\" \/>\n<meta name=\"twitter:creator\" content=\"@muyjujuy\" \/>\n<meta name=\"twitter:site\" content=\"@muyjujuy\" \/>\n<meta name=\"twitter:label1\" content=\"Escrito por\" \/>\n\t<meta name=\"twitter:data1\" content=\"Redacci\u00f3n Muy Jujuy\" \/>\n\t<meta name=\"twitter:label2\" content=\"Tiempo de lectura\" \/>\n\t<meta name=\"twitter:data2\" content=\"2 minutos\" \/>\n<script type=\"application\/ld+json\" class=\"yoast-schema-graph\">{\"@context\":\"https:\\\/\\\/schema.org\",\"@graph\":[{\"@type\":\"Article\",\"@id\":\"https:\\\/\\\/www.muyjujuy.com\\\/index.php\\\/2022\\\/06\\\/20\\\/dia-de-la-bandera-en-jujuy-chicos-de-4-hicieron-su-promesa\\\/#article\",\"isPartOf\":{\"@id\":\"https:\\\/\\\/www.muyjujuy.com\\\/index.php\\\/2022\\\/06\\\/20\\\/dia-de-la-bandera-en-jujuy-chicos-de-4-hicieron-su-promesa\\\/\"},\"author\":{\"name\":\"Redacci\u00f3n Muy Jujuy\",\"@id\":\"https:\\\/\\\/www.muyjujuy.com\\\/#\\\/schema\\\/person\\\/1d0f6e223ccea9e3f9034c1a5b683bf2\"},\"headline\":\"D\u00eda de la Bandera en Jujuy: chicos de 4\u00b0 hicieron su promesa\",\"datePublished\":\"2022-06-20T16:21:31+00:00\",\"dateModified\":\"2022-06-20T16:21:33+00:00\",\"mainEntityOfPage\":{\"@id\":\"https:\\\/\\\/www.muyjujuy.com\\\/index.php\\\/2022\\\/06\\\/20\\\/dia-de-la-bandera-en-jujuy-chicos-de-4-hicieron-su-promesa\\\/\"},\"wordCount\":285,\"commentCount\":0,\"publisher\":{\"@id\":\"https:\\\/\\\/www.muyjujuy.com\\\/#organization\"},\"image\":{\"@id\":\"https:\\\/\\\/www.muyjujuy.com\\\/index.php\\\/2022\\\/06\\\/20\\\/dia-de-la-bandera-en-jujuy-chicos-de-4-hicieron-su-promesa\\\/#primaryimage\"},\"thumbnailUrl\":\"https:\\\/\\\/www.muyjujuy.com\\\/wp-content\\\/uploads\\\/2022\\\/06\\\/WhatsApp-Image-2022-06-20-at-1.20.51-PM.jpeg\",\"keywords\":[\"D\u00eda de la Bandera\",\"Gerardo Morales\",\"Jujuy\"],\"articleSection\":[\"Pol\u00edtica\"],\"inLanguage\":\"es-AR\",\"potentialAction\":[{\"@type\":\"CommentAction\",\"name\":\"Comment\",\"target\":[\"https:\\\/\\\/www.muyjujuy.com\\\/index.php\\\/2022\\\/06\\\/20\\\/dia-de-la-bandera-en-jujuy-chicos-de-4-hicieron-su-promesa\\\/#respond\"]}]},{\"@type\":\"WebPage\",\"@id\":\"https:\\\/\\\/www.muyjujuy.com\\\/index.php\\\/2022\\\/06\\\/20\\\/dia-de-la-bandera-en-jujuy-chicos-de-4-hicieron-su-promesa\\\/\",\"url\":\"https:\\\/\\\/www.muyjujuy.com\\\/index.php\\\/2022\\\/06\\\/20\\\/dia-de-la-bandera-en-jujuy-chicos-de-4-hicieron-su-promesa\\\/\",\"name\":\"D\u00eda de la Bandera en Jujuy: chicos de 4\u00b0 hicieron su promesa - Muy Jujuy\",\"isPartOf\":{\"@id\":\"https:\\\/\\\/www.muyjujuy.com\\\/#website\"},\"primaryImageOfPage\":{\"@id\":\"https:\\\/\\\/www.muyjujuy.com\\\/index.php\\\/2022\\\/06\\\/20\\\/dia-de-la-bandera-en-jujuy-chicos-de-4-hicieron-su-promesa\\\/#primaryimage\"},\"image\":{\"@id\":\"https:\\\/\\\/www.muyjujuy.com\\\/index.php\\\/2022\\\/06\\\/20\\\/dia-de-la-bandera-en-jujuy-chicos-de-4-hicieron-su-promesa\\\/#primaryimage\"},\"thumbnailUrl\":\"https:\\\/\\\/www.muyjujuy.com\\\/wp-content\\\/uploads\\\/2022\\\/06\\\/WhatsApp-Image-2022-06-20-at-1.20.51-PM.jpeg\",\"datePublished\":\"2022-06-20T16:21:31+00:00\",\"dateModified\":\"2022-06-20T16:21:33+00:00\",\"description\":\"Los alumnos de 4\u00b0 grado de todas las escuelas primarias de Jujuy realizaron el juramento a la bandera en el marco del D\u00eda de la Bandera.\",\"breadcrumb\":{\"@id\":\"https:\\\/\\\/www.muyjujuy.com\\\/index.php\\\/2022\\\/06\\\/20\\\/dia-de-la-bandera-en-jujuy-chicos-de-4-hicieron-su-promesa\\\/#breadcrumb\"},\"inLanguage\":\"es-AR\",\"potentialAction\":[{\"@type\":\"ReadAction\",\"target\":[\"https:\\\/\\\/www.muyjujuy.com\\\/index.php\\\/2022\\\/06\\\/20\\\/dia-de-la-bandera-en-jujuy-chicos-de-4-hicieron-su-promesa\\\/\"]}]},{\"@type\":\"ImageObject\",\"inLanguage\":\"es-AR\",\"@id\":\"https:\\\/\\\/www.muyjujuy.com\\\/index.php\\\/2022\\\/06\\\/20\\\/dia-de-la-bandera-en-jujuy-chicos-de-4-hicieron-su-promesa\\\/#primaryimage\",\"url\":\"https:\\\/\\\/www.muyjujuy.com\\\/wp-content\\\/uploads\\\/2022\\\/06\\\/WhatsApp-Image-2022-06-20-at-1.20.51-PM.jpeg\",\"contentUrl\":\"https:\\\/\\\/www.muyjujuy.com\\\/wp-content\\\/uploads\\\/2022\\\/06\\\/WhatsApp-Image-2022-06-20-at-1.20.51-PM.jpeg\",\"width\":970,\"height\":546},{\"@type\":\"BreadcrumbList\",\"@id\":\"https:\\\/\\\/www.muyjujuy.com\\\/index.php\\\/2022\\\/06\\\/20\\\/dia-de-la-bandera-en-jujuy-chicos-de-4-hicieron-su-promesa\\\/#breadcrumb\",\"itemListElement\":[{\"@type\":\"ListItem\",\"position\":1,\"name\":\"Inicio\",\"item\":\"https:\\\/\\\/www.muyjujuy.com\\\/\"},{\"@type\":\"ListItem\",\"position\":2,\"name\":\"D\u00eda de la Bandera en Jujuy: chicos de 4\u00b0 hicieron su promesa\"}]},{\"@type\":\"WebSite\",\"@id\":\"https:\\\/\\\/www.muyjujuy.com\\\/#website\",\"url\":\"https:\\\/\\\/www.muyjujuy.com\\\/\",\"name\":\"Muy Jujuy\",\"description\":\"\",\"publisher\":{\"@id\":\"https:\\\/\\\/www.muyjujuy.com\\\/#organization\"},\"potentialAction\":[{\"@type\":\"SearchAction\",\"target\":{\"@type\":\"EntryPoint\",\"urlTemplate\":\"https:\\\/\\\/www.muyjujuy.com\\\/?s={search_term_string}\"},\"query-input\":{\"@type\":\"PropertyValueSpecification\",\"valueRequired\":true,\"valueName\":\"search_term_string\"}}],\"inLanguage\":\"es-AR\"},{\"@type\":\"Organization\",\"@id\":\"https:\\\/\\\/www.muyjujuy.com\\\/#organization\",\"name\":\"Muy Jujuy\",\"url\":\"https:\\\/\\\/www.muyjujuy.com\\\/\",\"logo\":{\"@type\":\"ImageObject\",\"inLanguage\":\"es-AR\",\"@id\":\"https:\\\/\\\/www.muyjujuy.com\\\/#\\\/schema\\\/logo\\\/image\\\/\",\"url\":\"http:\\\/\\\/www.muyjujuy.com\\\/wp-content\\\/uploads\\\/2022\\\/05\\\/logo-mobil-jujuy.png\",\"contentUrl\":\"http:\\\/\\\/www.muyjujuy.com\\\/wp-content\\\/uploads\\\/2022\\\/05\\\/logo-mobil-jujuy.png\",\"width\":174,\"height\":81,\"caption\":\"Muy Jujuy\"},\"image\":{\"@id\":\"https:\\\/\\\/www.muyjujuy.com\\\/#\\\/schema\\\/logo\\\/image\\\/\"},\"sameAs\":[\"https:\\\/\\\/www.facebook.com\\\/muyjujuycom\",\"https:\\\/\\\/x.com\\\/muyjujuy\",\"https:\\\/\\\/www.instagram.com\\\/muyjujuycom\"]},{\"@type\":\"Person\",\"@id\":\"https:\\\/\\\/www.muyjujuy.com\\\/#\\\/schema\\\/person\\\/1d0f6e223ccea9e3f9034c1a5b683bf2\",\"name\":\"Redacci\u00f3n Muy Jujuy\",\"image\":{\"@type\":\"ImageObject\",\"inLanguage\":\"es-AR\",\"@id\":\"https:\\\/\\\/secure.gravatar.com\\\/avatar\\\/fec5f6f1893d741ed5eecccff109ce43e67a855411202a3212a058cb8e5c27d4?s=96&d=mm&r=g\",\"url\":\"https:\\\/\\\/secure.gravatar.com\\\/avatar\\\/fec5f6f1893d741ed5eecccff109ce43e67a855411202a3212a058cb8e5c27d4?s=96&d=mm&r=g\",\"contentUrl\":\"https:\\\/\\\/secure.gravatar.com\\\/avatar\\\/fec5f6f1893d741ed5eecccff109ce43e67a855411202a3212a058cb8e5c27d4?s=96&d=mm&r=g\",\"caption\":\"Redacci\u00f3n Muy Jujuy\"},\"url\":\"https:\\\/\\\/www.muyjujuy.com\\\/index.php\\\/author\\\/editor\\\/\"}]}<\/script>\n<!-- \/ Yoast SEO plugin. -->","yoast_head_json":{"title":"D\u00eda de la Bandera en Jujuy: chicos de 4\u00b0 hicieron su promesa - Muy Jujuy","description":"Los alumnos de 4\u00b0 grado de todas las escuelas primarias de Jujuy realizaron el juramento a la bandera en el marco del D\u00eda de la Bandera.","robots":{"index":"index","follow":"follow","max-snippet":"max-snippet:-1","max-image-preview":"max-image-preview:large","max-video-preview":"max-video-preview:-1"},"canonical":"https:\/\/www.muyjujuy.com\/index.php\/2022\/06\/20\/dia-de-la-bandera-en-jujuy-chicos-de-4-hicieron-su-promesa\/","og_locale":"es_ES","og_type":"article","og_title":"D\u00eda de la Bandera en Jujuy: chicos de 4\u00b0 hicieron su promesa - Muy Jujuy","og_description":"Los alumnos de 4\u00b0 grado de todas las escuelas primarias de Jujuy realizaron el juramento a la bandera en el marco del D\u00eda de la Bandera.","og_url":"https:\/\/www.muyjujuy.com\/index.php\/2022\/06\/20\/dia-de-la-bandera-en-jujuy-chicos-de-4-hicieron-su-promesa\/","og_site_name":"Muy Jujuy","article_publisher":"https:\/\/www.facebook.com\/muyjujuycom","article_published_time":"2022-06-20T16:21:31+00:00","article_modified_time":"2022-06-20T16:21:33+00:00","og_image":[{"width":970,"height":546,"url":"https:\/\/www.muyjujuy.com\/wp-content\/uploads\/2022\/06\/WhatsApp-Image-2022-06-20-at-1.20.51-PM.jpeg","type":"image\/jpeg"}],"author":"Redacci\u00f3n Muy Jujuy","twitter_card":"summary_large_image","twitter_creator":"@muyjujuy","twitter_site":"@muyjujuy","twitter_misc":{"Escrito por":"Redacci\u00f3n Muy Jujuy","Tiempo de lectura":"2 minutos"},"schema":{"@context":"https:\/\/schema.org","@graph":[{"@type":"Article","@id":"https:\/\/www.muyjujuy.com\/index.php\/2022\/06\/20\/dia-de-la-bandera-en-jujuy-chicos-de-4-hicieron-su-promesa\/#article","isPartOf":{"@id":"https:\/\/www.muyjujuy.com\/index.php\/2022\/06\/20\/dia-de-la-bandera-en-jujuy-chicos-de-4-hicieron-su-promesa\/"},"author":{"name":"Redacci\u00f3n Muy Jujuy","@id":"https:\/\/www.muyjujuy.com\/#\/schema\/person\/1d0f6e223ccea9e3f9034c1a5b683bf2"},"headline":"D\u00eda de la Bandera en Jujuy: chicos de 4\u00b0 hicieron su promesa","datePublished":"2022-06-20T16:21:31+00:00","dateModified":"2022-06-20T16:21:33+00:00","mainEntityOfPage":{"@id":"https:\/\/www.muyjujuy.com\/index.php\/2022\/06\/20\/dia-de-la-bandera-en-jujuy-chicos-de-4-hicieron-su-promesa\/"},"wordCount":285,"commentCount":0,"publisher":{"@id":"https:\/\/www.muyjujuy.com\/#organization"},"image":{"@id":"https:\/\/www.muyjujuy.com\/index.php\/2022\/06\/20\/dia-de-la-bandera-en-jujuy-chicos-de-4-hicieron-su-promesa\/#primaryimage"},"thumbnailUrl":"https:\/\/www.muyjujuy.com\/wp-content\/uploads\/2022\/06\/WhatsApp-Image-2022-06-20-at-1.20.51-PM.jpeg","keywords":["D\u00eda de la Bandera","Gerardo Morales","Jujuy"],"articleSection":["Pol\u00edtica"],"inLanguage":"es-AR","potentialAction":[{"@type":"CommentAction","name":"Comment","target":["https:\/\/www.muyjujuy.com\/index.php\/2022\/06\/20\/dia-de-la-bandera-en-jujuy-chicos-de-4-hicieron-su-promesa\/#respond"]}]},{"@type":"WebPage","@id":"https:\/\/www.muyjujuy.com\/index.php\/2022\/06\/20\/dia-de-la-bandera-en-jujuy-chicos-de-4-hicieron-su-promesa\/","url":"https:\/\/www.muyjujuy.com\/index.php\/2022\/06\/20\/dia-de-la-bandera-en-jujuy-chicos-de-4-hicieron-su-promesa\/","name":"D\u00eda de la Bandera en Jujuy: chicos de 4\u00b0 hicieron su promesa - Muy Jujuy","isPartOf":{"@id":"https:\/\/www.muyjujuy.com\/#website"},"primaryImageOfPage":{"@id":"https:\/\/www.muyjujuy.com\/index.php\/2022\/06\/20\/dia-de-la-bandera-en-jujuy-chicos-de-4-hicieron-su-promesa\/#primaryimage"},"image":{"@id":"https:\/\/www.muyjujuy.com\/index.php\/2022\/06\/20\/dia-de-la-bandera-en-jujuy-chicos-de-4-hicieron-su-promesa\/#primaryimage"},"thumbnailUrl":"https:\/\/www.muyjujuy.com\/wp-content\/uploads\/2022\/06\/WhatsApp-Image-2022-06-20-at-1.20.51-PM.jpeg","datePublished":"2022-06-20T16:21:31+00:00","dateModified":"2022-06-20T16:21:33+00:00","description":"Los alumnos de 4\u00b0 grado de todas las escuelas primarias de Jujuy realizaron el juramento a la bandera en el marco del D\u00eda de la Bandera.","breadcrumb":{"@id":"https:\/\/www.muyjujuy.com\/index.php\/2022\/06\/20\/dia-de-la-bandera-en-jujuy-chicos-de-4-hicieron-su-promesa\/#breadcrumb"},"inLanguage":"es-AR","potentialAction":[{"@type":"ReadAction","target":["https:\/\/www.muyjujuy.com\/index.php\/2022\/06\/20\/dia-de-la-bandera-en-jujuy-chicos-de-4-hicieron-su-promesa\/"]}]},{"@type":"ImageObject","inLanguage":"es-AR","@id":"https:\/\/www.muyjujuy.com\/index.php\/2022\/06\/20\/dia-de-la-bandera-en-jujuy-chicos-de-4-hicieron-su-promesa\/#primaryimage","url":"https:\/\/www.muyjujuy.com\/wp-content\/uploads\/2022\/06\/WhatsApp-Image-2022-06-20-at-1.20.51-PM.jpeg","contentUrl":"https:\/\/www.muyjujuy.com\/wp-content\/uploads\/2022\/06\/WhatsApp-Image-2022-06-20-at-1.20.51-PM.jpeg","width":970,"height":546},{"@type":"BreadcrumbList","@id":"https:\/\/www.muyjujuy.com\/index.php\/2022\/06\/20\/dia-de-la-bandera-en-jujuy-chicos-de-4-hicieron-su-promesa\/#breadcrumb","itemListElement":[{"@type":"ListItem","position":1,"name":"Inicio","item":"https:\/\/www.muyjujuy.com\/"},{"@type":"ListItem","position":2,"name":"D\u00eda de la Bandera en Jujuy: chicos de 4\u00b0 hicieron su promesa"}]},{"@type":"WebSite","@id":"https:\/\/www.muyjujuy.com\/#website","url":"https:\/\/www.muyjujuy.com\/","name":"Muy Jujuy","description":"","publisher":{"@id":"https:\/\/www.muyjujuy.com\/#organization"},"potentialAction":[{"@type":"SearchAction","target":{"@type":"EntryPoint","urlTemplate":"https:\/\/www.muyjujuy.com\/?s={search_term_string}"},"query-input":{"@type":"PropertyValueSpecification","valueRequired":true,"valueName":"search_term_string"}}],"inLanguage":"es-AR"},{"@type":"Organization","@id":"https:\/\/www.muyjujuy.com\/#organization","name":"Muy Jujuy","url":"https:\/\/www.muyjujuy.com\/","logo":{"@type":"ImageObject","inLanguage":"es-AR","@id":"https:\/\/www.muyjujuy.com\/#\/schema\/logo\/image\/","url":"http:\/\/www.muyjujuy.com\/wp-content\/uploads\/2022\/05\/logo-mobil-jujuy.png","contentUrl":"http:\/\/www.muyjujuy.com\/wp-content\/uploads\/2022\/05\/logo-mobil-jujuy.png","width":174,"height":81,"caption":"Muy Jujuy"},"image":{"@id":"https:\/\/www.muyjujuy.com\/#\/schema\/logo\/image\/"},"sameAs":["https:\/\/www.facebook.com\/muyjujuycom","https:\/\/x.com\/muyjujuy","https:\/\/www.instagram.com\/muyjujuycom"]},{"@type":"Person","@id":"https:\/\/www.muyjujuy.com\/#\/schema\/person\/1d0f6e223ccea9e3f9034c1a5b683bf2","name":"Redacci\u00f3n Muy Jujuy","image":{"@type":"ImageObject","inLanguage":"es-AR","@id":"https:\/\/secure.gravatar.com\/avatar\/fec5f6f1893d741ed5eecccff109ce43e67a855411202a3212a058cb8e5c27d4?s=96&d=mm&r=g","url":"https:\/\/secure.gravatar.com\/avatar\/fec5f6f1893d741ed5eecccff109ce43e67a855411202a3212a058cb8e5c27d4?s=96&d=mm&r=g","contentUrl":"https:\/\/secure.gravatar.com\/avatar\/fec5f6f1893d741ed5eecccff109ce43e67a855411202a3212a058cb8e5c27d4?s=96&d=mm&r=g","caption":"Redacci\u00f3n Muy Jujuy"},"url":"https:\/\/www.muyjujuy.com\/index.php\/author\/editor\/"}]}},"_links":{"self":[{"href":"https:\/\/www.muyjujuy.com\/index.php\/wp-json\/wp\/v2\/posts\/650","targetHints":{"allow":["GET"]}}],"collection":[{"href":"https:\/\/www.muyjujuy.com\/index.php\/wp-json\/wp\/v2\/posts"}],"about":[{"href":"https:\/\/www.muyjujuy.com\/index.php\/wp-json\/wp\/v2\/types\/post"}],"author":[{"embeddable":true,"href":"https:\/\/www.muyjujuy.com\/index.php\/wp-json\/wp\/v2\/users\/3"}],"replies":[{"embeddable":true,"href":"https:\/\/www.muyjujuy.com\/index.php\/wp-json\/wp\/v2\/comments?post=650"}],"version-history":[{"count":1,"href":"https:\/\/www.muyjujuy.com\/index.php\/wp-json\/wp\/v2\/posts\/650\/revisions"}],"predecessor-version":[{"id":652,"href":"https:\/\/www.muyjujuy.com\/index.php\/wp-json\/wp\/v2\/posts\/650\/revisions\/652"}],"wp:featuredmedia":[{"embeddable":true,"href":"https:\/\/www.muyjujuy.com\/index.php\/wp-json\/wp\/v2\/media\/651"}],"wp:attachment":[{"href":"https:\/\/www.muyjujuy.com\/index.php\/wp-json\/wp\/v2\/media?parent=650"}],"wp:term":[{"taxonomy":"category","embeddable":true,"href":"https:\/\/www.muyjujuy.com\/index.php\/wp-json\/wp\/v2\/categories?post=650"},{"taxonomy":"post_tag","embeddable":true,"href":"https:\/\/www.muyjujuy.com\/index.php\/wp-json\/wp\/v2\/tags?post=650"}],"curies":[{"name":"wp","href":"https:\/\/api.w.org\/{rel}","templated":true}]}}