{"id":683,"date":"2022-06-22T15:27:40","date_gmt":"2022-06-22T18:27:40","guid":{"rendered":"https:\/\/www.muyjujuy.com\/?p=683"},"modified":"2022-06-22T15:28:36","modified_gmt":"2022-06-22T18:28:36","slug":"demoraron-a-siete-personas-por-vandalizar-el-cementerio-el-salvador","status":"publish","type":"post","link":"https:\/\/www.muyjujuy.com\/index.php\/2022\/06\/22\/demoraron-a-siete-personas-por-vandalizar-el-cementerio-el-salvador\/","title":{"rendered":"Demoraron a siete personas por vandalizar el Cementerio El Salvador"},"content":{"rendered":"\n<p><em>Los casos de robos en el cementerio no cesan y ya detuvieron a siete personas en el \u00faltimo tiempo.<\/em><\/p>\n\n\n\n<p>Al meno<strong>s siete personas fueron detenidas por vandalizar las tumbas del Cementerio El Salvador. <\/strong>El sereno del lugar dio aviso a la Polic\u00eda por la presencia de una persona en la parte trasera del predio que intentaba robar objetos de valor.<\/p>\n\n\n\n<p>\u00c1ngel Sol\u00eds de 37 a\u00f1os de edad, se encontraba realizando su trabajo cuando escuch\u00f3 ruidos de golpes en la parte de atr\u00e1s del cementerio. Inmediatamente dio aviso al personal policial que se encontraba realizando recorridos de prevenci\u00f3n en el interior de la necr\u00f3polis.<\/p>\n\n\n\n<p>El personal de la fuerza pudo divisar a un hombre que ten\u00eda un barret\u00edn met\u00e1lico y una bolsa tipo arpillera. <strong>Este emprendi\u00f3 la fuga cuando not\u00f3 la presencia policial, pero fue demorado a pocos metros.<\/strong><\/p>\n\n\n\n<p>Se trataba de A.D.R. de 28 a\u00f1os de edad, residente del barrio Chijra a quien se le secuestr\u00f3 cuatro floreros f\u00fanebres aparentemente de Bronce y un barretin met\u00e1lico de 40 cm aproximadamente.<\/p>\n\n\n\n<p>Se trata del s\u00e9ptimo sujeto que es aprendido por vandalizar el cementerio El Salvador. Personal de la Brigada ya hab\u00eda demorado a seis sujetos previamente por el mismo motivo.<\/p>\n","protected":false},"excerpt":{"rendered":"<p>Los casos de robos en el cementerio no cesan y ya detuvieron a siete personas en el \u00faltimo tiempo. Al menos siete personas fueron detenidas por vandalizar las tumbas del Cementerio El Salvador. El sereno del lugar dio aviso a la Polic\u00eda por la presencia de una persona en la parte trasera del predio que [&hellip;]<\/p>\n","protected":false},"author":3,"featured_media":684,"comment_status":"open","ping_status":"open","sticky":false,"template":"","format":"standard","meta":{"footnotes":""},"categories":[27],"tags":[678,8,648],"class_list":{"0":"post-683","1":"post","2":"type-post","3":"status-publish","4":"format-standard","5":"has-post-thumbnail","7":"category-seguridad","8":"tag-cementerio","9":"tag-jujuy","10":"tag-seguridad"},"yoast_head":"<!-- This site is optimized with the Yoast SEO plugin v27.5 - https:\/\/yoast.com\/product\/yoast-seo-wordpress\/ -->\n<title>Demoraron a siete personas por vandalizar el Cementerio El Salvador<\/title>\n<meta name=\"description\" content=\"Los casos de robos en el cementerio El Salvador no cesan y ya detuvieron a siete personas en el \u00faltimo tiempo.\" \/>\n<meta name=\"robots\" content=\"index, follow, max-snippet:-1, max-image-preview:large, max-video-preview:-1\" \/>\n<link rel=\"canonical\" href=\"https:\/\/www.muyjujuy.com\/index.php\/2022\/06\/22\/demoraron-a-siete-personas-por-vandalizar-el-cementerio-el-salvador\/\" \/>\n<meta property=\"og:locale\" content=\"es_ES\" \/>\n<meta property=\"og:type\" content=\"article\" \/>\n<meta property=\"og:title\" content=\"Demoraron a siete personas por vandalizar el Cementerio El Salvador\" \/>\n<meta property=\"og:description\" content=\"Los casos de robos en el cementerio El Salvador no cesan y ya detuvieron a siete personas en el \u00faltimo tiempo.\" \/>\n<meta property=\"og:url\" content=\"https:\/\/www.muyjujuy.com\/index.php\/2022\/06\/22\/demoraron-a-siete-personas-por-vandalizar-el-cementerio-el-salvador\/\" \/>\n<meta property=\"og:site_name\" content=\"Muy Jujuy\" \/>\n<meta property=\"article:publisher\" content=\"https:\/\/www.facebook.com\/muyjujuycom\" \/>\n<meta property=\"article:published_time\" content=\"2022-06-22T18:27:40+00:00\" \/>\n<meta property=\"article:modified_time\" content=\"2022-06-22T18:28:36+00:00\" \/>\n<meta property=\"og:image\" content=\"https:\/\/www.muyjujuy.com\/wp-content\/uploads\/2022\/06\/WhatsApp-Image-2022-06-22-at-3.27.17-PM.jpeg\" \/>\n\t<meta property=\"og:image:width\" content=\"990\" \/>\n\t<meta property=\"og:image:height\" content=\"610\" \/>\n\t<meta property=\"og:image:type\" content=\"image\/jpeg\" \/>\n<meta name=\"author\" content=\"Redacci\u00f3n Muy Jujuy\" \/>\n<meta name=\"twitter:card\" content=\"summary_large_image\" \/>\n<meta name=\"twitter:creator\" content=\"@muyjujuy\" \/>\n<meta name=\"twitter:site\" content=\"@muyjujuy\" \/>\n<meta name=\"twitter:label1\" content=\"Escrito por\" \/>\n\t<meta name=\"twitter:data1\" content=\"Redacci\u00f3n Muy Jujuy\" \/>\n\t<meta name=\"twitter:label2\" content=\"Tiempo de lectura\" \/>\n\t<meta name=\"twitter:data2\" content=\"1 minuto\" \/>\n<script type=\"application\/ld+json\" class=\"yoast-schema-graph\">{\"@context\":\"https:\\\/\\\/schema.org\",\"@graph\":[{\"@type\":\"Article\",\"@id\":\"https:\\\/\\\/www.muyjujuy.com\\\/index.php\\\/2022\\\/06\\\/22\\\/demoraron-a-siete-personas-por-vandalizar-el-cementerio-el-salvador\\\/#article\",\"isPartOf\":{\"@id\":\"https:\\\/\\\/www.muyjujuy.com\\\/index.php\\\/2022\\\/06\\\/22\\\/demoraron-a-siete-personas-por-vandalizar-el-cementerio-el-salvador\\\/\"},\"author\":{\"name\":\"Redacci\u00f3n Muy Jujuy\",\"@id\":\"https:\\\/\\\/www.muyjujuy.com\\\/#\\\/schema\\\/person\\\/1d0f6e223ccea9e3f9034c1a5b683bf2\"},\"headline\":\"Demoraron a siete personas por vandalizar el Cementerio El Salvador\",\"datePublished\":\"2022-06-22T18:27:40+00:00\",\"dateModified\":\"2022-06-22T18:28:36+00:00\",\"mainEntityOfPage\":{\"@id\":\"https:\\\/\\\/www.muyjujuy.com\\\/index.php\\\/2022\\\/06\\\/22\\\/demoraron-a-siete-personas-por-vandalizar-el-cementerio-el-salvador\\\/\"},\"wordCount\":222,\"commentCount\":0,\"publisher\":{\"@id\":\"https:\\\/\\\/www.muyjujuy.com\\\/#organization\"},\"image\":{\"@id\":\"https:\\\/\\\/www.muyjujuy.com\\\/index.php\\\/2022\\\/06\\\/22\\\/demoraron-a-siete-personas-por-vandalizar-el-cementerio-el-salvador\\\/#primaryimage\"},\"thumbnailUrl\":\"https:\\\/\\\/www.muyjujuy.com\\\/wp-content\\\/uploads\\\/2022\\\/06\\\/WhatsApp-Image-2022-06-22-at-3.27.17-PM.jpeg\",\"keywords\":[\"Cementerio\",\"Jujuy\",\"Seguridad\"],\"articleSection\":[\"Seguridad\"],\"inLanguage\":\"es-AR\",\"potentialAction\":[{\"@type\":\"CommentAction\",\"name\":\"Comment\",\"target\":[\"https:\\\/\\\/www.muyjujuy.com\\\/index.php\\\/2022\\\/06\\\/22\\\/demoraron-a-siete-personas-por-vandalizar-el-cementerio-el-salvador\\\/#respond\"]}]},{\"@type\":\"WebPage\",\"@id\":\"https:\\\/\\\/www.muyjujuy.com\\\/index.php\\\/2022\\\/06\\\/22\\\/demoraron-a-siete-personas-por-vandalizar-el-cementerio-el-salvador\\\/\",\"url\":\"https:\\\/\\\/www.muyjujuy.com\\\/index.php\\\/2022\\\/06\\\/22\\\/demoraron-a-siete-personas-por-vandalizar-el-cementerio-el-salvador\\\/\",\"name\":\"Demoraron a siete personas por vandalizar el Cementerio El Salvador\",\"isPartOf\":{\"@id\":\"https:\\\/\\\/www.muyjujuy.com\\\/#website\"},\"primaryImageOfPage\":{\"@id\":\"https:\\\/\\\/www.muyjujuy.com\\\/index.php\\\/2022\\\/06\\\/22\\\/demoraron-a-siete-personas-por-vandalizar-el-cementerio-el-salvador\\\/#primaryimage\"},\"image\":{\"@id\":\"https:\\\/\\\/www.muyjujuy.com\\\/index.php\\\/2022\\\/06\\\/22\\\/demoraron-a-siete-personas-por-vandalizar-el-cementerio-el-salvador\\\/#primaryimage\"},\"thumbnailUrl\":\"https:\\\/\\\/www.muyjujuy.com\\\/wp-content\\\/uploads\\\/2022\\\/06\\\/WhatsApp-Image-2022-06-22-at-3.27.17-PM.jpeg\",\"datePublished\":\"2022-06-22T18:27:40+00:00\",\"dateModified\":\"2022-06-22T18:28:36+00:00\",\"description\":\"Los casos de robos en el cementerio El Salvador no cesan y ya detuvieron a siete personas en el \u00faltimo tiempo.\",\"breadcrumb\":{\"@id\":\"https:\\\/\\\/www.muyjujuy.com\\\/index.php\\\/2022\\\/06\\\/22\\\/demoraron-a-siete-personas-por-vandalizar-el-cementerio-el-salvador\\\/#breadcrumb\"},\"inLanguage\":\"es-AR\",\"potentialAction\":[{\"@type\":\"ReadAction\",\"target\":[\"https:\\\/\\\/www.muyjujuy.com\\\/index.php\\\/2022\\\/06\\\/22\\\/demoraron-a-siete-personas-por-vandalizar-el-cementerio-el-salvador\\\/\"]}]},{\"@type\":\"ImageObject\",\"inLanguage\":\"es-AR\",\"@id\":\"https:\\\/\\\/www.muyjujuy.com\\\/index.php\\\/2022\\\/06\\\/22\\\/demoraron-a-siete-personas-por-vandalizar-el-cementerio-el-salvador\\\/#primaryimage\",\"url\":\"https:\\\/\\\/www.muyjujuy.com\\\/wp-content\\\/uploads\\\/2022\\\/06\\\/WhatsApp-Image-2022-06-22-at-3.27.17-PM.jpeg\",\"contentUrl\":\"https:\\\/\\\/www.muyjujuy.com\\\/wp-content\\\/uploads\\\/2022\\\/06\\\/WhatsApp-Image-2022-06-22-at-3.27.17-PM.jpeg\",\"width\":990,\"height\":610},{\"@type\":\"BreadcrumbList\",\"@id\":\"https:\\\/\\\/www.muyjujuy.com\\\/index.php\\\/2022\\\/06\\\/22\\\/demoraron-a-siete-personas-por-vandalizar-el-cementerio-el-salvador\\\/#breadcrumb\",\"itemListElement\":[{\"@type\":\"ListItem\",\"position\":1,\"name\":\"Inicio\",\"item\":\"https:\\\/\\\/www.muyjujuy.com\\\/\"},{\"@type\":\"ListItem\",\"position\":2,\"name\":\"Demoraron a siete personas por vandalizar el Cementerio El Salvador\"}]},{\"@type\":\"WebSite\",\"@id\":\"https:\\\/\\\/www.muyjujuy.com\\\/#website\",\"url\":\"https:\\\/\\\/www.muyjujuy.com\\\/\",\"name\":\"Muy Jujuy\",\"description\":\"\",\"publisher\":{\"@id\":\"https:\\\/\\\/www.muyjujuy.com\\\/#organization\"},\"potentialAction\":[{\"@type\":\"SearchAction\",\"target\":{\"@type\":\"EntryPoint\",\"urlTemplate\":\"https:\\\/\\\/www.muyjujuy.com\\\/?s={search_term_string}\"},\"query-input\":{\"@type\":\"PropertyValueSpecification\",\"valueRequired\":true,\"valueName\":\"search_term_string\"}}],\"inLanguage\":\"es-AR\"},{\"@type\":\"Organization\",\"@id\":\"https:\\\/\\\/www.muyjujuy.com\\\/#organization\",\"name\":\"Muy Jujuy\",\"url\":\"https:\\\/\\\/www.muyjujuy.com\\\/\",\"logo\":{\"@type\":\"ImageObject\",\"inLanguage\":\"es-AR\",\"@id\":\"https:\\\/\\\/www.muyjujuy.com\\\/#\\\/schema\\\/logo\\\/image\\\/\",\"url\":\"http:\\\/\\\/www.muyjujuy.com\\\/wp-content\\\/uploads\\\/2022\\\/05\\\/logo-mobil-jujuy.png\",\"contentUrl\":\"http:\\\/\\\/www.muyjujuy.com\\\/wp-content\\\/uploads\\\/2022\\\/05\\\/logo-mobil-jujuy.png\",\"width\":174,\"height\":81,\"caption\":\"Muy Jujuy\"},\"image\":{\"@id\":\"https:\\\/\\\/www.muyjujuy.com\\\/#\\\/schema\\\/logo\\\/image\\\/\"},\"sameAs\":[\"https:\\\/\\\/www.facebook.com\\\/muyjujuycom\",\"https:\\\/\\\/x.com\\\/muyjujuy\",\"https:\\\/\\\/www.instagram.com\\\/muyjujuycom\"]},{\"@type\":\"Person\",\"@id\":\"https:\\\/\\\/www.muyjujuy.com\\\/#\\\/schema\\\/person\\\/1d0f6e223ccea9e3f9034c1a5b683bf2\",\"name\":\"Redacci\u00f3n Muy Jujuy\",\"image\":{\"@type\":\"ImageObject\",\"inLanguage\":\"es-AR\",\"@id\":\"https:\\\/\\\/secure.gravatar.com\\\/avatar\\\/fec5f6f1893d741ed5eecccff109ce43e67a855411202a3212a058cb8e5c27d4?s=96&d=mm&r=g\",\"url\":\"https:\\\/\\\/secure.gravatar.com\\\/avatar\\\/fec5f6f1893d741ed5eecccff109ce43e67a855411202a3212a058cb8e5c27d4?s=96&d=mm&r=g\",\"contentUrl\":\"https:\\\/\\\/secure.gravatar.com\\\/avatar\\\/fec5f6f1893d741ed5eecccff109ce43e67a855411202a3212a058cb8e5c27d4?s=96&d=mm&r=g\",\"caption\":\"Redacci\u00f3n Muy Jujuy\"},\"url\":\"https:\\\/\\\/www.muyjujuy.com\\\/index.php\\\/author\\\/editor\\\/\"}]}<\/script>\n<!-- \/ Yoast SEO plugin. -->","yoast_head_json":{"title":"Demoraron a siete personas por vandalizar el Cementerio El Salvador","description":"Los casos de robos en el cementerio El Salvador no cesan y ya detuvieron a siete personas en el \u00faltimo tiempo.","robots":{"index":"index","follow":"follow","max-snippet":"max-snippet:-1","max-image-preview":"max-image-preview:large","max-video-preview":"max-video-preview:-1"},"canonical":"https:\/\/www.muyjujuy.com\/index.php\/2022\/06\/22\/demoraron-a-siete-personas-por-vandalizar-el-cementerio-el-salvador\/","og_locale":"es_ES","og_type":"article","og_title":"Demoraron a siete personas por vandalizar el Cementerio El Salvador","og_description":"Los casos de robos en el cementerio El Salvador no cesan y ya detuvieron a siete personas en el \u00faltimo tiempo.","og_url":"https:\/\/www.muyjujuy.com\/index.php\/2022\/06\/22\/demoraron-a-siete-personas-por-vandalizar-el-cementerio-el-salvador\/","og_site_name":"Muy Jujuy","article_publisher":"https:\/\/www.facebook.com\/muyjujuycom","article_published_time":"2022-06-22T18:27:40+00:00","article_modified_time":"2022-06-22T18:28:36+00:00","og_image":[{"width":990,"height":610,"url":"https:\/\/www.muyjujuy.com\/wp-content\/uploads\/2022\/06\/WhatsApp-Image-2022-06-22-at-3.27.17-PM.jpeg","type":"image\/jpeg"}],"author":"Redacci\u00f3n Muy Jujuy","twitter_card":"summary_large_image","twitter_creator":"@muyjujuy","twitter_site":"@muyjujuy","twitter_misc":{"Escrito por":"Redacci\u00f3n Muy Jujuy","Tiempo de lectura":"1 minuto"},"schema":{"@context":"https:\/\/schema.org","@graph":[{"@type":"Article","@id":"https:\/\/www.muyjujuy.com\/index.php\/2022\/06\/22\/demoraron-a-siete-personas-por-vandalizar-el-cementerio-el-salvador\/#article","isPartOf":{"@id":"https:\/\/www.muyjujuy.com\/index.php\/2022\/06\/22\/demoraron-a-siete-personas-por-vandalizar-el-cementerio-el-salvador\/"},"author":{"name":"Redacci\u00f3n Muy Jujuy","@id":"https:\/\/www.muyjujuy.com\/#\/schema\/person\/1d0f6e223ccea9e3f9034c1a5b683bf2"},"headline":"Demoraron a siete personas por vandalizar el Cementerio El Salvador","datePublished":"2022-06-22T18:27:40+00:00","dateModified":"2022-06-22T18:28:36+00:00","mainEntityOfPage":{"@id":"https:\/\/www.muyjujuy.com\/index.php\/2022\/06\/22\/demoraron-a-siete-personas-por-vandalizar-el-cementerio-el-salvador\/"},"wordCount":222,"commentCount":0,"publisher":{"@id":"https:\/\/www.muyjujuy.com\/#organization"},"image":{"@id":"https:\/\/www.muyjujuy.com\/index.php\/2022\/06\/22\/demoraron-a-siete-personas-por-vandalizar-el-cementerio-el-salvador\/#primaryimage"},"thumbnailUrl":"https:\/\/www.muyjujuy.com\/wp-content\/uploads\/2022\/06\/WhatsApp-Image-2022-06-22-at-3.27.17-PM.jpeg","keywords":["Cementerio","Jujuy","Seguridad"],"articleSection":["Seguridad"],"inLanguage":"es-AR","potentialAction":[{"@type":"CommentAction","name":"Comment","target":["https:\/\/www.muyjujuy.com\/index.php\/2022\/06\/22\/demoraron-a-siete-personas-por-vandalizar-el-cementerio-el-salvador\/#respond"]}]},{"@type":"WebPage","@id":"https:\/\/www.muyjujuy.com\/index.php\/2022\/06\/22\/demoraron-a-siete-personas-por-vandalizar-el-cementerio-el-salvador\/","url":"https:\/\/www.muyjujuy.com\/index.php\/2022\/06\/22\/demoraron-a-siete-personas-por-vandalizar-el-cementerio-el-salvador\/","name":"Demoraron a siete personas por vandalizar el Cementerio El Salvador","isPartOf":{"@id":"https:\/\/www.muyjujuy.com\/#website"},"primaryImageOfPage":{"@id":"https:\/\/www.muyjujuy.com\/index.php\/2022\/06\/22\/demoraron-a-siete-personas-por-vandalizar-el-cementerio-el-salvador\/#primaryimage"},"image":{"@id":"https:\/\/www.muyjujuy.com\/index.php\/2022\/06\/22\/demoraron-a-siete-personas-por-vandalizar-el-cementerio-el-salvador\/#primaryimage"},"thumbnailUrl":"https:\/\/www.muyjujuy.com\/wp-content\/uploads\/2022\/06\/WhatsApp-Image-2022-06-22-at-3.27.17-PM.jpeg","datePublished":"2022-06-22T18:27:40+00:00","dateModified":"2022-06-22T18:28:36+00:00","description":"Los casos de robos en el cementerio El Salvador no cesan y ya detuvieron a siete personas en el \u00faltimo tiempo.","breadcrumb":{"@id":"https:\/\/www.muyjujuy.com\/index.php\/2022\/06\/22\/demoraron-a-siete-personas-por-vandalizar-el-cementerio-el-salvador\/#breadcrumb"},"inLanguage":"es-AR","potentialAction":[{"@type":"ReadAction","target":["https:\/\/www.muyjujuy.com\/index.php\/2022\/06\/22\/demoraron-a-siete-personas-por-vandalizar-el-cementerio-el-salvador\/"]}]},{"@type":"ImageObject","inLanguage":"es-AR","@id":"https:\/\/www.muyjujuy.com\/index.php\/2022\/06\/22\/demoraron-a-siete-personas-por-vandalizar-el-cementerio-el-salvador\/#primaryimage","url":"https:\/\/www.muyjujuy.com\/wp-content\/uploads\/2022\/06\/WhatsApp-Image-2022-06-22-at-3.27.17-PM.jpeg","contentUrl":"https:\/\/www.muyjujuy.com\/wp-content\/uploads\/2022\/06\/WhatsApp-Image-2022-06-22-at-3.27.17-PM.jpeg","width":990,"height":610},{"@type":"BreadcrumbList","@id":"https:\/\/www.muyjujuy.com\/index.php\/2022\/06\/22\/demoraron-a-siete-personas-por-vandalizar-el-cementerio-el-salvador\/#breadcrumb","itemListElement":[{"@type":"ListItem","position":1,"name":"Inicio","item":"https:\/\/www.muyjujuy.com\/"},{"@type":"ListItem","position":2,"name":"Demoraron a siete personas por vandalizar el Cementerio El Salvador"}]},{"@type":"WebSite","@id":"https:\/\/www.muyjujuy.com\/#website","url":"https:\/\/www.muyjujuy.com\/","name":"Muy Jujuy","description":"","publisher":{"@id":"https:\/\/www.muyjujuy.com\/#organization"},"potentialAction":[{"@type":"SearchAction","target":{"@type":"EntryPoint","urlTemplate":"https:\/\/www.muyjujuy.com\/?s={search_term_string}"},"query-input":{"@type":"PropertyValueSpecification","valueRequired":true,"valueName":"search_term_string"}}],"inLanguage":"es-AR"},{"@type":"Organization","@id":"https:\/\/www.muyjujuy.com\/#organization","name":"Muy Jujuy","url":"https:\/\/www.muyjujuy.com\/","logo":{"@type":"ImageObject","inLanguage":"es-AR","@id":"https:\/\/www.muyjujuy.com\/#\/schema\/logo\/image\/","url":"http:\/\/www.muyjujuy.com\/wp-content\/uploads\/2022\/05\/logo-mobil-jujuy.png","contentUrl":"http:\/\/www.muyjujuy.com\/wp-content\/uploads\/2022\/05\/logo-mobil-jujuy.png","width":174,"height":81,"caption":"Muy Jujuy"},"image":{"@id":"https:\/\/www.muyjujuy.com\/#\/schema\/logo\/image\/"},"sameAs":["https:\/\/www.facebook.com\/muyjujuycom","https:\/\/x.com\/muyjujuy","https:\/\/www.instagram.com\/muyjujuycom"]},{"@type":"Person","@id":"https:\/\/www.muyjujuy.com\/#\/schema\/person\/1d0f6e223ccea9e3f9034c1a5b683bf2","name":"Redacci\u00f3n Muy Jujuy","image":{"@type":"ImageObject","inLanguage":"es-AR","@id":"https:\/\/secure.gravatar.com\/avatar\/fec5f6f1893d741ed5eecccff109ce43e67a855411202a3212a058cb8e5c27d4?s=96&d=mm&r=g","url":"https:\/\/secure.gravatar.com\/avatar\/fec5f6f1893d741ed5eecccff109ce43e67a855411202a3212a058cb8e5c27d4?s=96&d=mm&r=g","contentUrl":"https:\/\/secure.gravatar.com\/avatar\/fec5f6f1893d741ed5eecccff109ce43e67a855411202a3212a058cb8e5c27d4?s=96&d=mm&r=g","caption":"Redacci\u00f3n Muy Jujuy"},"url":"https:\/\/www.muyjujuy.com\/index.php\/author\/editor\/"}]}},"_links":{"self":[{"href":"https:\/\/www.muyjujuy.com\/index.php\/wp-json\/wp\/v2\/posts\/683","targetHints":{"allow":["GET"]}}],"collection":[{"href":"https:\/\/www.muyjujuy.com\/index.php\/wp-json\/wp\/v2\/posts"}],"about":[{"href":"https:\/\/www.muyjujuy.com\/index.php\/wp-json\/wp\/v2\/types\/post"}],"author":[{"embeddable":true,"href":"https:\/\/www.muyjujuy.com\/index.php\/wp-json\/wp\/v2\/users\/3"}],"replies":[{"embeddable":true,"href":"https:\/\/www.muyjujuy.com\/index.php\/wp-json\/wp\/v2\/comments?post=683"}],"version-history":[{"count":2,"href":"https:\/\/www.muyjujuy.com\/index.php\/wp-json\/wp\/v2\/posts\/683\/revisions"}],"predecessor-version":[{"id":686,"href":"https:\/\/www.muyjujuy.com\/index.php\/wp-json\/wp\/v2\/posts\/683\/revisions\/686"}],"wp:featuredmedia":[{"embeddable":true,"href":"https:\/\/www.muyjujuy.com\/index.php\/wp-json\/wp\/v2\/media\/684"}],"wp:attachment":[{"href":"https:\/\/www.muyjujuy.com\/index.php\/wp-json\/wp\/v2\/media?parent=683"}],"wp:term":[{"taxonomy":"category","embeddable":true,"href":"https:\/\/www.muyjujuy.com\/index.php\/wp-json\/wp\/v2\/categories?post=683"},{"taxonomy":"post_tag","embeddable":true,"href":"https:\/\/www.muyjujuy.com\/index.php\/wp-json\/wp\/v2\/tags?post=683"}],"curies":[{"name":"wp","href":"https:\/\/api.w.org\/{rel}","templated":true}]}}