{"id":696,"date":"2022-06-23T15:57:28","date_gmt":"2022-06-23T18:57:28","guid":{"rendered":"https:\/\/www.muyjujuy.com\/?p=696"},"modified":"2022-06-23T15:57:33","modified_gmt":"2022-06-23T18:57:33","slug":"daniel-filmus-junto-a-morales-en-jujuy-se-aplicara-el-programa-construir-ciencia","status":"publish","type":"post","link":"https:\/\/www.muyjujuy.com\/index.php\/2022\/06\/23\/daniel-filmus-junto-a-morales-en-jujuy-se-aplicara-el-programa-construir-ciencia\/","title":{"rendered":"Daniel Filmus junto a Morales: &#8220;En Jujuy se aplicar\u00e1 el programa Construir Ciencia&#8221;"},"content":{"rendered":"\n<p><em>El ministro de Ciencia se reuni\u00f3 con el gobernador de Jujuy y firmaron una serie de convenios.<\/em><\/p>\n\n\n\n<p>El Ministro de Ciencia, Tecnolog\u00eda e Innovaci\u00f3n, <strong><a href=\"https:\/\/twitter.com\/FilmusDaniel\">Daniel Filmus<\/a><\/strong>, visit\u00f3 la provincia de Jujuy y adelant\u00f3 que en la provincia se &#8220;aplicar\u00e1 el programa Construir Ciencia&#8221;. Dentro de la programaci\u00f3n prevista, <strong>estuvo en distintos puntos de la capital juje\u00f1a, acompa\u00f1ado por las autoridades del Gobierno de la provincia.<\/strong><\/p>\n\n\n\n<p>&#8220;El Plan Nacional 2030 de Ciencia, Tecnolog\u00eda e Innovaci\u00f3n es un convenio por el que todas las 24 provincias vamos a tener un plan generado desde abajo hacia arriba&#8221;, mencion\u00f3 el gobernador de Jujuy, <a href=\"https:\/\/www.muyjujuy.com\/?s=morales\">Gerardo Morales.<\/a> Filmus se reuni\u00f3 con el gobernante y se firmaron varios convenios.<br><br>&#8220;Son los temas que tenemos que poner sobre la mesa de debate en la Republica Argentina, que son pol\u00edticas p\u00fablicas que tienen que trascender a los gobiernos&#8221;, remarc\u00f3 el mandatario provincial.<\/p>\n\n\n\n<p>Por su parte, Filmus anunci\u00f3: <strong>&#8220;Hay dos grandes programas del Ministerio de Ciencia que vamos a aplicar aqu\u00ed en la provincia de Jujuy. Uno de esos programas es Construir Ciencia, con una inversi\u00f3n de m\u00e1s de mil millones de pesos&#8221;.<\/strong><\/p>\n\n\n\n<p>Tambi\u00e9n, el ministro adelant\u00f3 que la pr\u00f3xima semana el Ministerio de Ciencia y Tecnolog\u00eda va a brindar equipamiento cient\u00edfico para la provincia.<\/p>\n\n\n\n<h2 class=\"wp-block-heading\"><strong>Agenda<\/strong><\/h2>\n\n\n\n<p>La agenda prev\u00e9, para esta tarde,<strong> que tambi\u00e9n toda la comitiva visitar\u00e1 la Facultad de Ciencias Econ\u00f3micas<\/strong>, en donde se realizar\u00e1 un acto protocolar, con palabras a cargo del Rector de la Universidad Nacional de Jujuy, Mg. Mario C\u00e9sar Bonillo.<\/p>\n\n\n\n<p>Por \u00faltimo, la visita del ministro concluir\u00e1 en CANNAVA S.E., empresa dedicada a la producci\u00f3n p\u00fablica de derivados medicinales de cannabis de grado farmac\u00e9utico, con sede en La Caridad 320 Barrio Chijra, de San Salvador de Jujuy.<\/p>\n","protected":false},"excerpt":{"rendered":"<p>El ministro de Ciencia se reuni\u00f3 con el gobernador de Jujuy y firmaron una serie de convenios. El Ministro de Ciencia, Tecnolog\u00eda e Innovaci\u00f3n, Daniel Filmus, visit\u00f3 la provincia de Jujuy y adelant\u00f3 que en la provincia se &#8220;aplicar\u00e1 el programa Construir Ciencia&#8221;. Dentro de la programaci\u00f3n prevista, estuvo en distintos puntos de la capital [&hellip;]<\/p>\n","protected":false},"author":3,"featured_media":697,"comment_status":"open","ping_status":"open","sticky":false,"template":"","format":"standard","meta":{"footnotes":""},"categories":[24],"tags":[683,5,8],"class_list":{"0":"post-696","1":"post","2":"type-post","3":"status-publish","4":"format-standard","5":"has-post-thumbnail","7":"category-politica","8":"tag-daniel-filmus","9":"tag-gerardo-morales","10":"tag-jujuy"},"yoast_head":"<!-- This site is optimized with the Yoast SEO plugin v27.5 - https:\/\/yoast.com\/product\/yoast-seo-wordpress\/ -->\n<title>Daniel Filmus junto a Morales: &quot;En Jujuy se aplicar\u00e1 el programa Construir Ciencia&quot;<\/title>\n<meta name=\"description\" content=\"El ministro de Ciencia se reuni\u00f3 con el gobernador de Jujuy Gerardo Morales y firmaron una serie de convenios para la provincia.\" \/>\n<meta name=\"robots\" content=\"index, follow, max-snippet:-1, max-image-preview:large, max-video-preview:-1\" \/>\n<link rel=\"canonical\" href=\"https:\/\/www.muyjujuy.com\/index.php\/2022\/06\/23\/daniel-filmus-junto-a-morales-en-jujuy-se-aplicara-el-programa-construir-ciencia\/\" \/>\n<meta property=\"og:locale\" content=\"es_ES\" \/>\n<meta property=\"og:type\" content=\"article\" \/>\n<meta property=\"og:title\" content=\"Daniel Filmus junto a Morales: &quot;En Jujuy se aplicar\u00e1 el programa Construir Ciencia&quot;\" \/>\n<meta property=\"og:description\" content=\"El ministro de Ciencia se reuni\u00f3 con el gobernador de Jujuy Gerardo Morales y firmaron una serie de convenios para la provincia.\" \/>\n<meta property=\"og:url\" content=\"https:\/\/www.muyjujuy.com\/index.php\/2022\/06\/23\/daniel-filmus-junto-a-morales-en-jujuy-se-aplicara-el-programa-construir-ciencia\/\" \/>\n<meta property=\"og:site_name\" content=\"Muy Jujuy\" \/>\n<meta property=\"article:publisher\" content=\"https:\/\/www.facebook.com\/muyjujuycom\" \/>\n<meta property=\"article:published_time\" content=\"2022-06-23T18:57:28+00:00\" \/>\n<meta property=\"article:modified_time\" content=\"2022-06-23T18:57:33+00:00\" \/>\n<meta property=\"og:image\" content=\"https:\/\/www.muyjujuy.com\/wp-content\/uploads\/2022\/06\/FV9WKSpWQAYES2p.jpg\" \/>\n\t<meta property=\"og:image:width\" content=\"1600\" \/>\n\t<meta property=\"og:image:height\" content=\"890\" \/>\n\t<meta property=\"og:image:type\" content=\"image\/jpeg\" \/>\n<meta name=\"author\" content=\"Redacci\u00f3n Muy Jujuy\" \/>\n<meta name=\"twitter:card\" content=\"summary_large_image\" \/>\n<meta name=\"twitter:creator\" content=\"@muyjujuy\" \/>\n<meta name=\"twitter:site\" content=\"@muyjujuy\" \/>\n<meta name=\"twitter:label1\" content=\"Escrito por\" \/>\n\t<meta name=\"twitter:data1\" content=\"Redacci\u00f3n Muy Jujuy\" \/>\n\t<meta name=\"twitter:label2\" content=\"Tiempo de lectura\" \/>\n\t<meta name=\"twitter:data2\" content=\"2 minutos\" \/>\n<script type=\"application\/ld+json\" class=\"yoast-schema-graph\">{\"@context\":\"https:\\\/\\\/schema.org\",\"@graph\":[{\"@type\":\"Article\",\"@id\":\"https:\\\/\\\/www.muyjujuy.com\\\/index.php\\\/2022\\\/06\\\/23\\\/daniel-filmus-junto-a-morales-en-jujuy-se-aplicara-el-programa-construir-ciencia\\\/#article\",\"isPartOf\":{\"@id\":\"https:\\\/\\\/www.muyjujuy.com\\\/index.php\\\/2022\\\/06\\\/23\\\/daniel-filmus-junto-a-morales-en-jujuy-se-aplicara-el-programa-construir-ciencia\\\/\"},\"author\":{\"name\":\"Redacci\u00f3n Muy Jujuy\",\"@id\":\"https:\\\/\\\/www.muyjujuy.com\\\/#\\\/schema\\\/person\\\/1d0f6e223ccea9e3f9034c1a5b683bf2\"},\"headline\":\"Daniel Filmus junto a Morales: &#8220;En Jujuy se aplicar\u00e1 el programa Construir Ciencia&#8221;\",\"datePublished\":\"2022-06-23T18:57:28+00:00\",\"dateModified\":\"2022-06-23T18:57:33+00:00\",\"mainEntityOfPage\":{\"@id\":\"https:\\\/\\\/www.muyjujuy.com\\\/index.php\\\/2022\\\/06\\\/23\\\/daniel-filmus-junto-a-morales-en-jujuy-se-aplicara-el-programa-construir-ciencia\\\/\"},\"wordCount\":315,\"commentCount\":0,\"publisher\":{\"@id\":\"https:\\\/\\\/www.muyjujuy.com\\\/#organization\"},\"image\":{\"@id\":\"https:\\\/\\\/www.muyjujuy.com\\\/index.php\\\/2022\\\/06\\\/23\\\/daniel-filmus-junto-a-morales-en-jujuy-se-aplicara-el-programa-construir-ciencia\\\/#primaryimage\"},\"thumbnailUrl\":\"https:\\\/\\\/www.muyjujuy.com\\\/wp-content\\\/uploads\\\/2022\\\/06\\\/FV9WKSpWQAYES2p.jpg\",\"keywords\":[\"Daniel Filmus\",\"Gerardo Morales\",\"Jujuy\"],\"articleSection\":[\"Pol\u00edtica\"],\"inLanguage\":\"es-AR\",\"potentialAction\":[{\"@type\":\"CommentAction\",\"name\":\"Comment\",\"target\":[\"https:\\\/\\\/www.muyjujuy.com\\\/index.php\\\/2022\\\/06\\\/23\\\/daniel-filmus-junto-a-morales-en-jujuy-se-aplicara-el-programa-construir-ciencia\\\/#respond\"]}]},{\"@type\":\"WebPage\",\"@id\":\"https:\\\/\\\/www.muyjujuy.com\\\/index.php\\\/2022\\\/06\\\/23\\\/daniel-filmus-junto-a-morales-en-jujuy-se-aplicara-el-programa-construir-ciencia\\\/\",\"url\":\"https:\\\/\\\/www.muyjujuy.com\\\/index.php\\\/2022\\\/06\\\/23\\\/daniel-filmus-junto-a-morales-en-jujuy-se-aplicara-el-programa-construir-ciencia\\\/\",\"name\":\"Daniel Filmus junto a Morales: \\\"En Jujuy se aplicar\u00e1 el programa Construir Ciencia\\\"\",\"isPartOf\":{\"@id\":\"https:\\\/\\\/www.muyjujuy.com\\\/#website\"},\"primaryImageOfPage\":{\"@id\":\"https:\\\/\\\/www.muyjujuy.com\\\/index.php\\\/2022\\\/06\\\/23\\\/daniel-filmus-junto-a-morales-en-jujuy-se-aplicara-el-programa-construir-ciencia\\\/#primaryimage\"},\"image\":{\"@id\":\"https:\\\/\\\/www.muyjujuy.com\\\/index.php\\\/2022\\\/06\\\/23\\\/daniel-filmus-junto-a-morales-en-jujuy-se-aplicara-el-programa-construir-ciencia\\\/#primaryimage\"},\"thumbnailUrl\":\"https:\\\/\\\/www.muyjujuy.com\\\/wp-content\\\/uploads\\\/2022\\\/06\\\/FV9WKSpWQAYES2p.jpg\",\"datePublished\":\"2022-06-23T18:57:28+00:00\",\"dateModified\":\"2022-06-23T18:57:33+00:00\",\"description\":\"El ministro de Ciencia se reuni\u00f3 con el gobernador de Jujuy Gerardo Morales y firmaron una serie de convenios para la provincia.\",\"breadcrumb\":{\"@id\":\"https:\\\/\\\/www.muyjujuy.com\\\/index.php\\\/2022\\\/06\\\/23\\\/daniel-filmus-junto-a-morales-en-jujuy-se-aplicara-el-programa-construir-ciencia\\\/#breadcrumb\"},\"inLanguage\":\"es-AR\",\"potentialAction\":[{\"@type\":\"ReadAction\",\"target\":[\"https:\\\/\\\/www.muyjujuy.com\\\/index.php\\\/2022\\\/06\\\/23\\\/daniel-filmus-junto-a-morales-en-jujuy-se-aplicara-el-programa-construir-ciencia\\\/\"]}]},{\"@type\":\"ImageObject\",\"inLanguage\":\"es-AR\",\"@id\":\"https:\\\/\\\/www.muyjujuy.com\\\/index.php\\\/2022\\\/06\\\/23\\\/daniel-filmus-junto-a-morales-en-jujuy-se-aplicara-el-programa-construir-ciencia\\\/#primaryimage\",\"url\":\"https:\\\/\\\/www.muyjujuy.com\\\/wp-content\\\/uploads\\\/2022\\\/06\\\/FV9WKSpWQAYES2p.jpg\",\"contentUrl\":\"https:\\\/\\\/www.muyjujuy.com\\\/wp-content\\\/uploads\\\/2022\\\/06\\\/FV9WKSpWQAYES2p.jpg\",\"width\":1600,\"height\":890},{\"@type\":\"BreadcrumbList\",\"@id\":\"https:\\\/\\\/www.muyjujuy.com\\\/index.php\\\/2022\\\/06\\\/23\\\/daniel-filmus-junto-a-morales-en-jujuy-se-aplicara-el-programa-construir-ciencia\\\/#breadcrumb\",\"itemListElement\":[{\"@type\":\"ListItem\",\"position\":1,\"name\":\"Inicio\",\"item\":\"https:\\\/\\\/www.muyjujuy.com\\\/\"},{\"@type\":\"ListItem\",\"position\":2,\"name\":\"Daniel Filmus junto a Morales: &#8220;En Jujuy se aplicar\u00e1 el programa Construir Ciencia&#8221;\"}]},{\"@type\":\"WebSite\",\"@id\":\"https:\\\/\\\/www.muyjujuy.com\\\/#website\",\"url\":\"https:\\\/\\\/www.muyjujuy.com\\\/\",\"name\":\"Muy Jujuy\",\"description\":\"\",\"publisher\":{\"@id\":\"https:\\\/\\\/www.muyjujuy.com\\\/#organization\"},\"potentialAction\":[{\"@type\":\"SearchAction\",\"target\":{\"@type\":\"EntryPoint\",\"urlTemplate\":\"https:\\\/\\\/www.muyjujuy.com\\\/?s={search_term_string}\"},\"query-input\":{\"@type\":\"PropertyValueSpecification\",\"valueRequired\":true,\"valueName\":\"search_term_string\"}}],\"inLanguage\":\"es-AR\"},{\"@type\":\"Organization\",\"@id\":\"https:\\\/\\\/www.muyjujuy.com\\\/#organization\",\"name\":\"Muy Jujuy\",\"url\":\"https:\\\/\\\/www.muyjujuy.com\\\/\",\"logo\":{\"@type\":\"ImageObject\",\"inLanguage\":\"es-AR\",\"@id\":\"https:\\\/\\\/www.muyjujuy.com\\\/#\\\/schema\\\/logo\\\/image\\\/\",\"url\":\"http:\\\/\\\/www.muyjujuy.com\\\/wp-content\\\/uploads\\\/2022\\\/05\\\/logo-mobil-jujuy.png\",\"contentUrl\":\"http:\\\/\\\/www.muyjujuy.com\\\/wp-content\\\/uploads\\\/2022\\\/05\\\/logo-mobil-jujuy.png\",\"width\":174,\"height\":81,\"caption\":\"Muy Jujuy\"},\"image\":{\"@id\":\"https:\\\/\\\/www.muyjujuy.com\\\/#\\\/schema\\\/logo\\\/image\\\/\"},\"sameAs\":[\"https:\\\/\\\/www.facebook.com\\\/muyjujuycom\",\"https:\\\/\\\/x.com\\\/muyjujuy\",\"https:\\\/\\\/www.instagram.com\\\/muyjujuycom\"]},{\"@type\":\"Person\",\"@id\":\"https:\\\/\\\/www.muyjujuy.com\\\/#\\\/schema\\\/person\\\/1d0f6e223ccea9e3f9034c1a5b683bf2\",\"name\":\"Redacci\u00f3n Muy Jujuy\",\"image\":{\"@type\":\"ImageObject\",\"inLanguage\":\"es-AR\",\"@id\":\"https:\\\/\\\/secure.gravatar.com\\\/avatar\\\/fec5f6f1893d741ed5eecccff109ce43e67a855411202a3212a058cb8e5c27d4?s=96&d=mm&r=g\",\"url\":\"https:\\\/\\\/secure.gravatar.com\\\/avatar\\\/fec5f6f1893d741ed5eecccff109ce43e67a855411202a3212a058cb8e5c27d4?s=96&d=mm&r=g\",\"contentUrl\":\"https:\\\/\\\/secure.gravatar.com\\\/avatar\\\/fec5f6f1893d741ed5eecccff109ce43e67a855411202a3212a058cb8e5c27d4?s=96&d=mm&r=g\",\"caption\":\"Redacci\u00f3n Muy Jujuy\"},\"url\":\"https:\\\/\\\/www.muyjujuy.com\\\/index.php\\\/author\\\/editor\\\/\"}]}<\/script>\n<!-- \/ Yoast SEO plugin. -->","yoast_head_json":{"title":"Daniel Filmus junto a Morales: \"En Jujuy se aplicar\u00e1 el programa Construir Ciencia\"","description":"El ministro de Ciencia se reuni\u00f3 con el gobernador de Jujuy Gerardo Morales y firmaron una serie de convenios para la provincia.","robots":{"index":"index","follow":"follow","max-snippet":"max-snippet:-1","max-image-preview":"max-image-preview:large","max-video-preview":"max-video-preview:-1"},"canonical":"https:\/\/www.muyjujuy.com\/index.php\/2022\/06\/23\/daniel-filmus-junto-a-morales-en-jujuy-se-aplicara-el-programa-construir-ciencia\/","og_locale":"es_ES","og_type":"article","og_title":"Daniel Filmus junto a Morales: \"En Jujuy se aplicar\u00e1 el programa Construir Ciencia\"","og_description":"El ministro de Ciencia se reuni\u00f3 con el gobernador de Jujuy Gerardo Morales y firmaron una serie de convenios para la provincia.","og_url":"https:\/\/www.muyjujuy.com\/index.php\/2022\/06\/23\/daniel-filmus-junto-a-morales-en-jujuy-se-aplicara-el-programa-construir-ciencia\/","og_site_name":"Muy Jujuy","article_publisher":"https:\/\/www.facebook.com\/muyjujuycom","article_published_time":"2022-06-23T18:57:28+00:00","article_modified_time":"2022-06-23T18:57:33+00:00","og_image":[{"width":1600,"height":890,"url":"https:\/\/www.muyjujuy.com\/wp-content\/uploads\/2022\/06\/FV9WKSpWQAYES2p.jpg","type":"image\/jpeg"}],"author":"Redacci\u00f3n Muy Jujuy","twitter_card":"summary_large_image","twitter_creator":"@muyjujuy","twitter_site":"@muyjujuy","twitter_misc":{"Escrito por":"Redacci\u00f3n Muy Jujuy","Tiempo de lectura":"2 minutos"},"schema":{"@context":"https:\/\/schema.org","@graph":[{"@type":"Article","@id":"https:\/\/www.muyjujuy.com\/index.php\/2022\/06\/23\/daniel-filmus-junto-a-morales-en-jujuy-se-aplicara-el-programa-construir-ciencia\/#article","isPartOf":{"@id":"https:\/\/www.muyjujuy.com\/index.php\/2022\/06\/23\/daniel-filmus-junto-a-morales-en-jujuy-se-aplicara-el-programa-construir-ciencia\/"},"author":{"name":"Redacci\u00f3n Muy Jujuy","@id":"https:\/\/www.muyjujuy.com\/#\/schema\/person\/1d0f6e223ccea9e3f9034c1a5b683bf2"},"headline":"Daniel Filmus junto a Morales: &#8220;En Jujuy se aplicar\u00e1 el programa Construir Ciencia&#8221;","datePublished":"2022-06-23T18:57:28+00:00","dateModified":"2022-06-23T18:57:33+00:00","mainEntityOfPage":{"@id":"https:\/\/www.muyjujuy.com\/index.php\/2022\/06\/23\/daniel-filmus-junto-a-morales-en-jujuy-se-aplicara-el-programa-construir-ciencia\/"},"wordCount":315,"commentCount":0,"publisher":{"@id":"https:\/\/www.muyjujuy.com\/#organization"},"image":{"@id":"https:\/\/www.muyjujuy.com\/index.php\/2022\/06\/23\/daniel-filmus-junto-a-morales-en-jujuy-se-aplicara-el-programa-construir-ciencia\/#primaryimage"},"thumbnailUrl":"https:\/\/www.muyjujuy.com\/wp-content\/uploads\/2022\/06\/FV9WKSpWQAYES2p.jpg","keywords":["Daniel Filmus","Gerardo Morales","Jujuy"],"articleSection":["Pol\u00edtica"],"inLanguage":"es-AR","potentialAction":[{"@type":"CommentAction","name":"Comment","target":["https:\/\/www.muyjujuy.com\/index.php\/2022\/06\/23\/daniel-filmus-junto-a-morales-en-jujuy-se-aplicara-el-programa-construir-ciencia\/#respond"]}]},{"@type":"WebPage","@id":"https:\/\/www.muyjujuy.com\/index.php\/2022\/06\/23\/daniel-filmus-junto-a-morales-en-jujuy-se-aplicara-el-programa-construir-ciencia\/","url":"https:\/\/www.muyjujuy.com\/index.php\/2022\/06\/23\/daniel-filmus-junto-a-morales-en-jujuy-se-aplicara-el-programa-construir-ciencia\/","name":"Daniel Filmus junto a Morales: \"En Jujuy se aplicar\u00e1 el programa Construir Ciencia\"","isPartOf":{"@id":"https:\/\/www.muyjujuy.com\/#website"},"primaryImageOfPage":{"@id":"https:\/\/www.muyjujuy.com\/index.php\/2022\/06\/23\/daniel-filmus-junto-a-morales-en-jujuy-se-aplicara-el-programa-construir-ciencia\/#primaryimage"},"image":{"@id":"https:\/\/www.muyjujuy.com\/index.php\/2022\/06\/23\/daniel-filmus-junto-a-morales-en-jujuy-se-aplicara-el-programa-construir-ciencia\/#primaryimage"},"thumbnailUrl":"https:\/\/www.muyjujuy.com\/wp-content\/uploads\/2022\/06\/FV9WKSpWQAYES2p.jpg","datePublished":"2022-06-23T18:57:28+00:00","dateModified":"2022-06-23T18:57:33+00:00","description":"El ministro de Ciencia se reuni\u00f3 con el gobernador de Jujuy Gerardo Morales y firmaron una serie de convenios para la provincia.","breadcrumb":{"@id":"https:\/\/www.muyjujuy.com\/index.php\/2022\/06\/23\/daniel-filmus-junto-a-morales-en-jujuy-se-aplicara-el-programa-construir-ciencia\/#breadcrumb"},"inLanguage":"es-AR","potentialAction":[{"@type":"ReadAction","target":["https:\/\/www.muyjujuy.com\/index.php\/2022\/06\/23\/daniel-filmus-junto-a-morales-en-jujuy-se-aplicara-el-programa-construir-ciencia\/"]}]},{"@type":"ImageObject","inLanguage":"es-AR","@id":"https:\/\/www.muyjujuy.com\/index.php\/2022\/06\/23\/daniel-filmus-junto-a-morales-en-jujuy-se-aplicara-el-programa-construir-ciencia\/#primaryimage","url":"https:\/\/www.muyjujuy.com\/wp-content\/uploads\/2022\/06\/FV9WKSpWQAYES2p.jpg","contentUrl":"https:\/\/www.muyjujuy.com\/wp-content\/uploads\/2022\/06\/FV9WKSpWQAYES2p.jpg","width":1600,"height":890},{"@type":"BreadcrumbList","@id":"https:\/\/www.muyjujuy.com\/index.php\/2022\/06\/23\/daniel-filmus-junto-a-morales-en-jujuy-se-aplicara-el-programa-construir-ciencia\/#breadcrumb","itemListElement":[{"@type":"ListItem","position":1,"name":"Inicio","item":"https:\/\/www.muyjujuy.com\/"},{"@type":"ListItem","position":2,"name":"Daniel Filmus junto a Morales: &#8220;En Jujuy se aplicar\u00e1 el programa Construir Ciencia&#8221;"}]},{"@type":"WebSite","@id":"https:\/\/www.muyjujuy.com\/#website","url":"https:\/\/www.muyjujuy.com\/","name":"Muy Jujuy","description":"","publisher":{"@id":"https:\/\/www.muyjujuy.com\/#organization"},"potentialAction":[{"@type":"SearchAction","target":{"@type":"EntryPoint","urlTemplate":"https:\/\/www.muyjujuy.com\/?s={search_term_string}"},"query-input":{"@type":"PropertyValueSpecification","valueRequired":true,"valueName":"search_term_string"}}],"inLanguage":"es-AR"},{"@type":"Organization","@id":"https:\/\/www.muyjujuy.com\/#organization","name":"Muy Jujuy","url":"https:\/\/www.muyjujuy.com\/","logo":{"@type":"ImageObject","inLanguage":"es-AR","@id":"https:\/\/www.muyjujuy.com\/#\/schema\/logo\/image\/","url":"http:\/\/www.muyjujuy.com\/wp-content\/uploads\/2022\/05\/logo-mobil-jujuy.png","contentUrl":"http:\/\/www.muyjujuy.com\/wp-content\/uploads\/2022\/05\/logo-mobil-jujuy.png","width":174,"height":81,"caption":"Muy Jujuy"},"image":{"@id":"https:\/\/www.muyjujuy.com\/#\/schema\/logo\/image\/"},"sameAs":["https:\/\/www.facebook.com\/muyjujuycom","https:\/\/x.com\/muyjujuy","https:\/\/www.instagram.com\/muyjujuycom"]},{"@type":"Person","@id":"https:\/\/www.muyjujuy.com\/#\/schema\/person\/1d0f6e223ccea9e3f9034c1a5b683bf2","name":"Redacci\u00f3n Muy Jujuy","image":{"@type":"ImageObject","inLanguage":"es-AR","@id":"https:\/\/secure.gravatar.com\/avatar\/fec5f6f1893d741ed5eecccff109ce43e67a855411202a3212a058cb8e5c27d4?s=96&d=mm&r=g","url":"https:\/\/secure.gravatar.com\/avatar\/fec5f6f1893d741ed5eecccff109ce43e67a855411202a3212a058cb8e5c27d4?s=96&d=mm&r=g","contentUrl":"https:\/\/secure.gravatar.com\/avatar\/fec5f6f1893d741ed5eecccff109ce43e67a855411202a3212a058cb8e5c27d4?s=96&d=mm&r=g","caption":"Redacci\u00f3n Muy Jujuy"},"url":"https:\/\/www.muyjujuy.com\/index.php\/author\/editor\/"}]}},"_links":{"self":[{"href":"https:\/\/www.muyjujuy.com\/index.php\/wp-json\/wp\/v2\/posts\/696","targetHints":{"allow":["GET"]}}],"collection":[{"href":"https:\/\/www.muyjujuy.com\/index.php\/wp-json\/wp\/v2\/posts"}],"about":[{"href":"https:\/\/www.muyjujuy.com\/index.php\/wp-json\/wp\/v2\/types\/post"}],"author":[{"embeddable":true,"href":"https:\/\/www.muyjujuy.com\/index.php\/wp-json\/wp\/v2\/users\/3"}],"replies":[{"embeddable":true,"href":"https:\/\/www.muyjujuy.com\/index.php\/wp-json\/wp\/v2\/comments?post=696"}],"version-history":[{"count":1,"href":"https:\/\/www.muyjujuy.com\/index.php\/wp-json\/wp\/v2\/posts\/696\/revisions"}],"predecessor-version":[{"id":698,"href":"https:\/\/www.muyjujuy.com\/index.php\/wp-json\/wp\/v2\/posts\/696\/revisions\/698"}],"wp:featuredmedia":[{"embeddable":true,"href":"https:\/\/www.muyjujuy.com\/index.php\/wp-json\/wp\/v2\/media\/697"}],"wp:attachment":[{"href":"https:\/\/www.muyjujuy.com\/index.php\/wp-json\/wp\/v2\/media?parent=696"}],"wp:term":[{"taxonomy":"category","embeddable":true,"href":"https:\/\/www.muyjujuy.com\/index.php\/wp-json\/wp\/v2\/categories?post=696"},{"taxonomy":"post_tag","embeddable":true,"href":"https:\/\/www.muyjujuy.com\/index.php\/wp-json\/wp\/v2\/tags?post=696"}],"curies":[{"name":"wp","href":"https:\/\/api.w.org\/{rel}","templated":true}]}}