{"id":732,"date":"2022-06-28T12:52:34","date_gmt":"2022-06-28T15:52:34","guid":{"rendered":"https:\/\/www.muyjujuy.com\/?p=732"},"modified":"2022-06-28T12:52:36","modified_gmt":"2022-06-28T15:52:36","slug":"morales-entrego-financiamiento-e-insumos-a-cuidadores-de-la-casa-comun","status":"publish","type":"post","link":"https:\/\/www.muyjujuy.com\/index.php\/2022\/06\/28\/morales-entrego-financiamiento-e-insumos-a-cuidadores-de-la-casa-comun\/","title":{"rendered":"Morales entreg\u00f3 financiamiento e insumos a Cuidadores de la Casa Com\u00fan"},"content":{"rendered":"\n<p><em>El gobernador destac\u00f3 el trabajo que llevan a cabo j\u00f3venes de entre 16 y 24 a\u00f1os y garantiz\u00f3 el apoyo del Gobierno provincial.<\/em><\/p>\n\n\n\n<p>El gobernador de Jujuy, <a href=\"https:\/\/www.muyjujuy.com\/?s=morales\">Gerardo Morales<\/a>, entreg\u00f3 <strong>financiamiento e insumos para huertas y viveros <\/strong>a Cuidadores de Casa Com\u00fan. Fue en el marco del <strong>Plan para el Abordaje de Problemas Emergentes Asociados a los Residuos S\u00f3lidos Urbanos <\/strong>con fondos emergentes del BEI y del Ministerio de Ambiente y Cambio Clim\u00e1tico. El incentivo complementario es superior a los <strong>600 mil pesos.<\/strong><\/p>\n\n\n\n<p>Participaron j\u00f3venes de <strong>Humahuaca, El Talar, El Bananal, Calilegua, Caimancito, Libertador General San Mart\u00edn y de cuatro barrios en San Salvador.<br><\/strong><br>Morales visit\u00f3 uno de los proyectos y conoci\u00f3 en profundidad todos los que funcionan en el interior de la provincia. Particip\u00f3 de una muestra que se hizo en el Barrio La Merced de San Salvador de Jujuy. <\/p>\n\n\n\n<p>En primer lugar, el gobernador ratific\u00f3 el compromiso del Gobierno provincial de darle continuidad al programa. Adem\u00e1s, asegur\u00f3: &#8220;El crecimiento sostenido que muestran, y la necesidad de equipo e infraestructura que demanda, <strong>la vamos a acompa\u00f1ar desde todas las \u00e1reas del Estado necesarias\u201d.<\/strong><\/p>\n\n\n\n<p>Enfatiz\u00f3 en la idea de proyecto de vida anclado en los Cuidadores de la Casa Com\u00fan. Lo asoci\u00f3 al proyecto colectivo, esfuerzo propio, crecimiento y los valores de solidaridad. <\/p>\n\n\n\n<p><strong>&#8220;Generar recursos para generar m\u00e1s trabajo\u201d, <\/strong>explic\u00f3 Morales y asegur\u00f3: &#8220;Vamos a acompa\u00f1ar en su crecimiento y que puedan obtener su sello de calidad\u201d. <\/p>\n\n\n\n<p>Destac\u00f3, tambi\u00e9n, el valor de los &#8220;procesos formativos&#8221; y el apoyo t\u00e9cnico del Estado para que Cuidadores de la Casa Com\u00fan &#8220;pueda trabajar en proyectos de mayor envergadura y seguir desarroll\u00e1ndose&#8221;. <strong>&#8220;Nuestra tarea es acompa\u00f1arlos, y la de ustedes, poner el coraz\u00f3n como lo vienen haciendo d\u00eda a d\u00eda<\/strong>, apostando fuertemente a la inclusi\u00f3n y el progreso social&#8221; acot\u00f3.<\/p>\n\n\n\n<p>A su turno, la ministra de Ambiente y Cambio Clim\u00e1tico provincial, <strong>Mar\u00eda In\u00e9s Zigar\u00e1n<\/strong>, sostuvo que este Proyecto forma parte de la Convocatoria de Proyectos de Triple Impacto que ejecuta la Unidad de Implementaci\u00f3n del Programa GIRSU.<\/p>\n\n\n\n<h2 class=\"wp-block-heading\"><strong>\u00bfQu\u00e9 es Cuidadores de la Casa Com\u00fan?<\/strong><\/h2>\n\n\n\n<p>El Programa Cuidadores de la Casa Com\u00fan, surge por iniciativa de la Conferencia Episcopal Argentina. En Jujuy es administrado por el Obispado provincial a trav\u00e9s de la Pastoral Social de la Di\u00f3cesis de Jujuy. <\/p>\n\n\n\n<p>Est\u00e1 inspirado en la Carta Enc\u00edclica Laudato S\u00ed, del Papa Francisco que propicia una <strong>Ecolog\u00eda Integral <\/strong>como nuevo Paradigma de Justicia. Parte de un revisionismo profundo y ecum\u00e9nico de nuestro proceder individual y colectivo para el cuidado de la casa com\u00fan. Marca la necesidad de un cambio que no admite retrasos. <\/p>\n\n\n\n<p>Est\u00e1 dirigido a <strong>j\u00f3venes de entre 16 y 24 a\u00f1os <\/strong>en situaci\u00f3n de alta vulnerabilidad psicosocial. El objetivo es que puedan encontrar alternativas de trabajo generando emprendimientos sustentables que les permitan desarrollar y consolidar un proyecto de vida. <\/p>\n\n\n\n<p>En Jujuy cuenta con la participaci\u00f3n de m\u00e1s de 700 j\u00f3venes distribuidos en 10 n\u00facleos de la provincia de las localidades de El Bananal, El Talar, Caimancito, Calilegua, Libertador Gral. San Mart\u00edn; y de los barrios La Merced, El Chingo, Malvinas y Alto Comedero, de San Salvador de Jujuy.<\/p>\n","protected":false},"excerpt":{"rendered":"<p>El gobernador destac\u00f3 el trabajo que llevan a cabo j\u00f3venes de entre 16 y 24 a\u00f1os y garantiz\u00f3 el apoyo del Gobierno provincial. El gobernador de Jujuy, Gerardo Morales, entreg\u00f3 financiamiento e insumos para huertas y viveros a Cuidadores de Casa Com\u00fan. Fue en el marco del Plan para el Abordaje de Problemas Emergentes Asociados [&hellip;]<\/p>\n","protected":false},"author":3,"featured_media":733,"comment_status":"open","ping_status":"open","sticky":false,"template":"","format":"standard","meta":{"footnotes":""},"categories":[24],"tags":[5,8],"class_list":{"0":"post-732","1":"post","2":"type-post","3":"status-publish","4":"format-standard","5":"has-post-thumbnail","7":"category-politica","8":"tag-gerardo-morales","9":"tag-jujuy"},"yoast_head":"<!-- This site is optimized with the Yoast SEO plugin v27.5 - https:\/\/yoast.com\/product\/yoast-seo-wordpress\/ -->\n<title>Morales entreg\u00f3 financiamiento e insumos a Cuidadores de la Casa Com\u00fan - Muy Jujuy<\/title>\n<meta name=\"description\" content=\"El gobernador de Jujuy, Gerardo Morales, entreg\u00f3 financiamiento e insumos para huertas y viveros a Cuidadores de Casa Com\u00fan.\" \/>\n<meta name=\"robots\" content=\"index, follow, max-snippet:-1, max-image-preview:large, max-video-preview:-1\" \/>\n<link rel=\"canonical\" href=\"https:\/\/www.muyjujuy.com\/index.php\/2022\/06\/28\/morales-entrego-financiamiento-e-insumos-a-cuidadores-de-la-casa-comun\/\" \/>\n<meta property=\"og:locale\" content=\"es_ES\" \/>\n<meta property=\"og:type\" content=\"article\" \/>\n<meta property=\"og:title\" content=\"Morales entreg\u00f3 financiamiento e insumos a Cuidadores de la Casa Com\u00fan - Muy Jujuy\" \/>\n<meta property=\"og:description\" content=\"El gobernador de Jujuy, Gerardo Morales, entreg\u00f3 financiamiento e insumos para huertas y viveros a Cuidadores de Casa Com\u00fan.\" \/>\n<meta property=\"og:url\" content=\"https:\/\/www.muyjujuy.com\/index.php\/2022\/06\/28\/morales-entrego-financiamiento-e-insumos-a-cuidadores-de-la-casa-comun\/\" \/>\n<meta property=\"og:site_name\" content=\"Muy Jujuy\" \/>\n<meta property=\"article:publisher\" content=\"https:\/\/www.facebook.com\/muyjujuycom\" \/>\n<meta property=\"article:published_time\" content=\"2022-06-28T15:52:34+00:00\" \/>\n<meta property=\"article:modified_time\" content=\"2022-06-28T15:52:36+00:00\" \/>\n<meta property=\"og:image\" content=\"https:\/\/www.muyjujuy.com\/wp-content\/uploads\/2022\/06\/WhatsApp-Image-2022-06-28-at-12.51.38-PM.jpeg\" \/>\n\t<meta property=\"og:image:width\" content=\"1017\" \/>\n\t<meta property=\"og:image:height\" content=\"675\" \/>\n\t<meta property=\"og:image:type\" content=\"image\/jpeg\" \/>\n<meta name=\"author\" content=\"Redacci\u00f3n Muy Jujuy\" \/>\n<meta name=\"twitter:card\" content=\"summary_large_image\" \/>\n<meta name=\"twitter:creator\" content=\"@muyjujuy\" \/>\n<meta name=\"twitter:site\" content=\"@muyjujuy\" \/>\n<meta name=\"twitter:label1\" content=\"Escrito por\" \/>\n\t<meta name=\"twitter:data1\" content=\"Redacci\u00f3n Muy Jujuy\" \/>\n\t<meta name=\"twitter:label2\" content=\"Tiempo de lectura\" \/>\n\t<meta name=\"twitter:data2\" content=\"3 minutos\" \/>\n<script type=\"application\/ld+json\" class=\"yoast-schema-graph\">{\"@context\":\"https:\\\/\\\/schema.org\",\"@graph\":[{\"@type\":\"Article\",\"@id\":\"https:\\\/\\\/www.muyjujuy.com\\\/index.php\\\/2022\\\/06\\\/28\\\/morales-entrego-financiamiento-e-insumos-a-cuidadores-de-la-casa-comun\\\/#article\",\"isPartOf\":{\"@id\":\"https:\\\/\\\/www.muyjujuy.com\\\/index.php\\\/2022\\\/06\\\/28\\\/morales-entrego-financiamiento-e-insumos-a-cuidadores-de-la-casa-comun\\\/\"},\"author\":{\"name\":\"Redacci\u00f3n Muy Jujuy\",\"@id\":\"https:\\\/\\\/www.muyjujuy.com\\\/#\\\/schema\\\/person\\\/1d0f6e223ccea9e3f9034c1a5b683bf2\"},\"headline\":\"Morales entreg\u00f3 financiamiento e insumos a Cuidadores de la Casa Com\u00fan\",\"datePublished\":\"2022-06-28T15:52:34+00:00\",\"dateModified\":\"2022-06-28T15:52:36+00:00\",\"mainEntityOfPage\":{\"@id\":\"https:\\\/\\\/www.muyjujuy.com\\\/index.php\\\/2022\\\/06\\\/28\\\/morales-entrego-financiamiento-e-insumos-a-cuidadores-de-la-casa-comun\\\/\"},\"wordCount\":559,\"commentCount\":0,\"publisher\":{\"@id\":\"https:\\\/\\\/www.muyjujuy.com\\\/#organization\"},\"image\":{\"@id\":\"https:\\\/\\\/www.muyjujuy.com\\\/index.php\\\/2022\\\/06\\\/28\\\/morales-entrego-financiamiento-e-insumos-a-cuidadores-de-la-casa-comun\\\/#primaryimage\"},\"thumbnailUrl\":\"https:\\\/\\\/www.muyjujuy.com\\\/wp-content\\\/uploads\\\/2022\\\/06\\\/WhatsApp-Image-2022-06-28-at-12.51.38-PM.jpeg\",\"keywords\":[\"Gerardo Morales\",\"Jujuy\"],\"articleSection\":[\"Pol\u00edtica\"],\"inLanguage\":\"es-AR\",\"potentialAction\":[{\"@type\":\"CommentAction\",\"name\":\"Comment\",\"target\":[\"https:\\\/\\\/www.muyjujuy.com\\\/index.php\\\/2022\\\/06\\\/28\\\/morales-entrego-financiamiento-e-insumos-a-cuidadores-de-la-casa-comun\\\/#respond\"]}]},{\"@type\":\"WebPage\",\"@id\":\"https:\\\/\\\/www.muyjujuy.com\\\/index.php\\\/2022\\\/06\\\/28\\\/morales-entrego-financiamiento-e-insumos-a-cuidadores-de-la-casa-comun\\\/\",\"url\":\"https:\\\/\\\/www.muyjujuy.com\\\/index.php\\\/2022\\\/06\\\/28\\\/morales-entrego-financiamiento-e-insumos-a-cuidadores-de-la-casa-comun\\\/\",\"name\":\"Morales entreg\u00f3 financiamiento e insumos a Cuidadores de la Casa Com\u00fan - Muy Jujuy\",\"isPartOf\":{\"@id\":\"https:\\\/\\\/www.muyjujuy.com\\\/#website\"},\"primaryImageOfPage\":{\"@id\":\"https:\\\/\\\/www.muyjujuy.com\\\/index.php\\\/2022\\\/06\\\/28\\\/morales-entrego-financiamiento-e-insumos-a-cuidadores-de-la-casa-comun\\\/#primaryimage\"},\"image\":{\"@id\":\"https:\\\/\\\/www.muyjujuy.com\\\/index.php\\\/2022\\\/06\\\/28\\\/morales-entrego-financiamiento-e-insumos-a-cuidadores-de-la-casa-comun\\\/#primaryimage\"},\"thumbnailUrl\":\"https:\\\/\\\/www.muyjujuy.com\\\/wp-content\\\/uploads\\\/2022\\\/06\\\/WhatsApp-Image-2022-06-28-at-12.51.38-PM.jpeg\",\"datePublished\":\"2022-06-28T15:52:34+00:00\",\"dateModified\":\"2022-06-28T15:52:36+00:00\",\"description\":\"El gobernador de Jujuy, Gerardo Morales, entreg\u00f3 financiamiento e insumos para huertas y viveros a Cuidadores de Casa Com\u00fan.\",\"breadcrumb\":{\"@id\":\"https:\\\/\\\/www.muyjujuy.com\\\/index.php\\\/2022\\\/06\\\/28\\\/morales-entrego-financiamiento-e-insumos-a-cuidadores-de-la-casa-comun\\\/#breadcrumb\"},\"inLanguage\":\"es-AR\",\"potentialAction\":[{\"@type\":\"ReadAction\",\"target\":[\"https:\\\/\\\/www.muyjujuy.com\\\/index.php\\\/2022\\\/06\\\/28\\\/morales-entrego-financiamiento-e-insumos-a-cuidadores-de-la-casa-comun\\\/\"]}]},{\"@type\":\"ImageObject\",\"inLanguage\":\"es-AR\",\"@id\":\"https:\\\/\\\/www.muyjujuy.com\\\/index.php\\\/2022\\\/06\\\/28\\\/morales-entrego-financiamiento-e-insumos-a-cuidadores-de-la-casa-comun\\\/#primaryimage\",\"url\":\"https:\\\/\\\/www.muyjujuy.com\\\/wp-content\\\/uploads\\\/2022\\\/06\\\/WhatsApp-Image-2022-06-28-at-12.51.38-PM.jpeg\",\"contentUrl\":\"https:\\\/\\\/www.muyjujuy.com\\\/wp-content\\\/uploads\\\/2022\\\/06\\\/WhatsApp-Image-2022-06-28-at-12.51.38-PM.jpeg\",\"width\":1017,\"height\":675},{\"@type\":\"BreadcrumbList\",\"@id\":\"https:\\\/\\\/www.muyjujuy.com\\\/index.php\\\/2022\\\/06\\\/28\\\/morales-entrego-financiamiento-e-insumos-a-cuidadores-de-la-casa-comun\\\/#breadcrumb\",\"itemListElement\":[{\"@type\":\"ListItem\",\"position\":1,\"name\":\"Inicio\",\"item\":\"https:\\\/\\\/www.muyjujuy.com\\\/\"},{\"@type\":\"ListItem\",\"position\":2,\"name\":\"Morales entreg\u00f3 financiamiento e insumos a Cuidadores de la Casa Com\u00fan\"}]},{\"@type\":\"WebSite\",\"@id\":\"https:\\\/\\\/www.muyjujuy.com\\\/#website\",\"url\":\"https:\\\/\\\/www.muyjujuy.com\\\/\",\"name\":\"Muy Jujuy\",\"description\":\"\",\"publisher\":{\"@id\":\"https:\\\/\\\/www.muyjujuy.com\\\/#organization\"},\"potentialAction\":[{\"@type\":\"SearchAction\",\"target\":{\"@type\":\"EntryPoint\",\"urlTemplate\":\"https:\\\/\\\/www.muyjujuy.com\\\/?s={search_term_string}\"},\"query-input\":{\"@type\":\"PropertyValueSpecification\",\"valueRequired\":true,\"valueName\":\"search_term_string\"}}],\"inLanguage\":\"es-AR\"},{\"@type\":\"Organization\",\"@id\":\"https:\\\/\\\/www.muyjujuy.com\\\/#organization\",\"name\":\"Muy Jujuy\",\"url\":\"https:\\\/\\\/www.muyjujuy.com\\\/\",\"logo\":{\"@type\":\"ImageObject\",\"inLanguage\":\"es-AR\",\"@id\":\"https:\\\/\\\/www.muyjujuy.com\\\/#\\\/schema\\\/logo\\\/image\\\/\",\"url\":\"http:\\\/\\\/www.muyjujuy.com\\\/wp-content\\\/uploads\\\/2022\\\/05\\\/logo-mobil-jujuy.png\",\"contentUrl\":\"http:\\\/\\\/www.muyjujuy.com\\\/wp-content\\\/uploads\\\/2022\\\/05\\\/logo-mobil-jujuy.png\",\"width\":174,\"height\":81,\"caption\":\"Muy Jujuy\"},\"image\":{\"@id\":\"https:\\\/\\\/www.muyjujuy.com\\\/#\\\/schema\\\/logo\\\/image\\\/\"},\"sameAs\":[\"https:\\\/\\\/www.facebook.com\\\/muyjujuycom\",\"https:\\\/\\\/x.com\\\/muyjujuy\",\"https:\\\/\\\/www.instagram.com\\\/muyjujuycom\"]},{\"@type\":\"Person\",\"@id\":\"https:\\\/\\\/www.muyjujuy.com\\\/#\\\/schema\\\/person\\\/1d0f6e223ccea9e3f9034c1a5b683bf2\",\"name\":\"Redacci\u00f3n Muy Jujuy\",\"image\":{\"@type\":\"ImageObject\",\"inLanguage\":\"es-AR\",\"@id\":\"https:\\\/\\\/secure.gravatar.com\\\/avatar\\\/fec5f6f1893d741ed5eecccff109ce43e67a855411202a3212a058cb8e5c27d4?s=96&d=mm&r=g\",\"url\":\"https:\\\/\\\/secure.gravatar.com\\\/avatar\\\/fec5f6f1893d741ed5eecccff109ce43e67a855411202a3212a058cb8e5c27d4?s=96&d=mm&r=g\",\"contentUrl\":\"https:\\\/\\\/secure.gravatar.com\\\/avatar\\\/fec5f6f1893d741ed5eecccff109ce43e67a855411202a3212a058cb8e5c27d4?s=96&d=mm&r=g\",\"caption\":\"Redacci\u00f3n Muy Jujuy\"},\"url\":\"https:\\\/\\\/www.muyjujuy.com\\\/index.php\\\/author\\\/editor\\\/\"}]}<\/script>\n<!-- \/ Yoast SEO plugin. -->","yoast_head_json":{"title":"Morales entreg\u00f3 financiamiento e insumos a Cuidadores de la Casa Com\u00fan - Muy Jujuy","description":"El gobernador de Jujuy, Gerardo Morales, entreg\u00f3 financiamiento e insumos para huertas y viveros a Cuidadores de Casa Com\u00fan.","robots":{"index":"index","follow":"follow","max-snippet":"max-snippet:-1","max-image-preview":"max-image-preview:large","max-video-preview":"max-video-preview:-1"},"canonical":"https:\/\/www.muyjujuy.com\/index.php\/2022\/06\/28\/morales-entrego-financiamiento-e-insumos-a-cuidadores-de-la-casa-comun\/","og_locale":"es_ES","og_type":"article","og_title":"Morales entreg\u00f3 financiamiento e insumos a Cuidadores de la Casa Com\u00fan - Muy Jujuy","og_description":"El gobernador de Jujuy, Gerardo Morales, entreg\u00f3 financiamiento e insumos para huertas y viveros a Cuidadores de Casa Com\u00fan.","og_url":"https:\/\/www.muyjujuy.com\/index.php\/2022\/06\/28\/morales-entrego-financiamiento-e-insumos-a-cuidadores-de-la-casa-comun\/","og_site_name":"Muy Jujuy","article_publisher":"https:\/\/www.facebook.com\/muyjujuycom","article_published_time":"2022-06-28T15:52:34+00:00","article_modified_time":"2022-06-28T15:52:36+00:00","og_image":[{"width":1017,"height":675,"url":"https:\/\/www.muyjujuy.com\/wp-content\/uploads\/2022\/06\/WhatsApp-Image-2022-06-28-at-12.51.38-PM.jpeg","type":"image\/jpeg"}],"author":"Redacci\u00f3n Muy Jujuy","twitter_card":"summary_large_image","twitter_creator":"@muyjujuy","twitter_site":"@muyjujuy","twitter_misc":{"Escrito por":"Redacci\u00f3n Muy Jujuy","Tiempo de lectura":"3 minutos"},"schema":{"@context":"https:\/\/schema.org","@graph":[{"@type":"Article","@id":"https:\/\/www.muyjujuy.com\/index.php\/2022\/06\/28\/morales-entrego-financiamiento-e-insumos-a-cuidadores-de-la-casa-comun\/#article","isPartOf":{"@id":"https:\/\/www.muyjujuy.com\/index.php\/2022\/06\/28\/morales-entrego-financiamiento-e-insumos-a-cuidadores-de-la-casa-comun\/"},"author":{"name":"Redacci\u00f3n Muy Jujuy","@id":"https:\/\/www.muyjujuy.com\/#\/schema\/person\/1d0f6e223ccea9e3f9034c1a5b683bf2"},"headline":"Morales entreg\u00f3 financiamiento e insumos a Cuidadores de la Casa Com\u00fan","datePublished":"2022-06-28T15:52:34+00:00","dateModified":"2022-06-28T15:52:36+00:00","mainEntityOfPage":{"@id":"https:\/\/www.muyjujuy.com\/index.php\/2022\/06\/28\/morales-entrego-financiamiento-e-insumos-a-cuidadores-de-la-casa-comun\/"},"wordCount":559,"commentCount":0,"publisher":{"@id":"https:\/\/www.muyjujuy.com\/#organization"},"image":{"@id":"https:\/\/www.muyjujuy.com\/index.php\/2022\/06\/28\/morales-entrego-financiamiento-e-insumos-a-cuidadores-de-la-casa-comun\/#primaryimage"},"thumbnailUrl":"https:\/\/www.muyjujuy.com\/wp-content\/uploads\/2022\/06\/WhatsApp-Image-2022-06-28-at-12.51.38-PM.jpeg","keywords":["Gerardo Morales","Jujuy"],"articleSection":["Pol\u00edtica"],"inLanguage":"es-AR","potentialAction":[{"@type":"CommentAction","name":"Comment","target":["https:\/\/www.muyjujuy.com\/index.php\/2022\/06\/28\/morales-entrego-financiamiento-e-insumos-a-cuidadores-de-la-casa-comun\/#respond"]}]},{"@type":"WebPage","@id":"https:\/\/www.muyjujuy.com\/index.php\/2022\/06\/28\/morales-entrego-financiamiento-e-insumos-a-cuidadores-de-la-casa-comun\/","url":"https:\/\/www.muyjujuy.com\/index.php\/2022\/06\/28\/morales-entrego-financiamiento-e-insumos-a-cuidadores-de-la-casa-comun\/","name":"Morales entreg\u00f3 financiamiento e insumos a Cuidadores de la Casa Com\u00fan - Muy Jujuy","isPartOf":{"@id":"https:\/\/www.muyjujuy.com\/#website"},"primaryImageOfPage":{"@id":"https:\/\/www.muyjujuy.com\/index.php\/2022\/06\/28\/morales-entrego-financiamiento-e-insumos-a-cuidadores-de-la-casa-comun\/#primaryimage"},"image":{"@id":"https:\/\/www.muyjujuy.com\/index.php\/2022\/06\/28\/morales-entrego-financiamiento-e-insumos-a-cuidadores-de-la-casa-comun\/#primaryimage"},"thumbnailUrl":"https:\/\/www.muyjujuy.com\/wp-content\/uploads\/2022\/06\/WhatsApp-Image-2022-06-28-at-12.51.38-PM.jpeg","datePublished":"2022-06-28T15:52:34+00:00","dateModified":"2022-06-28T15:52:36+00:00","description":"El gobernador de Jujuy, Gerardo Morales, entreg\u00f3 financiamiento e insumos para huertas y viveros a Cuidadores de Casa Com\u00fan.","breadcrumb":{"@id":"https:\/\/www.muyjujuy.com\/index.php\/2022\/06\/28\/morales-entrego-financiamiento-e-insumos-a-cuidadores-de-la-casa-comun\/#breadcrumb"},"inLanguage":"es-AR","potentialAction":[{"@type":"ReadAction","target":["https:\/\/www.muyjujuy.com\/index.php\/2022\/06\/28\/morales-entrego-financiamiento-e-insumos-a-cuidadores-de-la-casa-comun\/"]}]},{"@type":"ImageObject","inLanguage":"es-AR","@id":"https:\/\/www.muyjujuy.com\/index.php\/2022\/06\/28\/morales-entrego-financiamiento-e-insumos-a-cuidadores-de-la-casa-comun\/#primaryimage","url":"https:\/\/www.muyjujuy.com\/wp-content\/uploads\/2022\/06\/WhatsApp-Image-2022-06-28-at-12.51.38-PM.jpeg","contentUrl":"https:\/\/www.muyjujuy.com\/wp-content\/uploads\/2022\/06\/WhatsApp-Image-2022-06-28-at-12.51.38-PM.jpeg","width":1017,"height":675},{"@type":"BreadcrumbList","@id":"https:\/\/www.muyjujuy.com\/index.php\/2022\/06\/28\/morales-entrego-financiamiento-e-insumos-a-cuidadores-de-la-casa-comun\/#breadcrumb","itemListElement":[{"@type":"ListItem","position":1,"name":"Inicio","item":"https:\/\/www.muyjujuy.com\/"},{"@type":"ListItem","position":2,"name":"Morales entreg\u00f3 financiamiento e insumos a Cuidadores de la Casa Com\u00fan"}]},{"@type":"WebSite","@id":"https:\/\/www.muyjujuy.com\/#website","url":"https:\/\/www.muyjujuy.com\/","name":"Muy Jujuy","description":"","publisher":{"@id":"https:\/\/www.muyjujuy.com\/#organization"},"potentialAction":[{"@type":"SearchAction","target":{"@type":"EntryPoint","urlTemplate":"https:\/\/www.muyjujuy.com\/?s={search_term_string}"},"query-input":{"@type":"PropertyValueSpecification","valueRequired":true,"valueName":"search_term_string"}}],"inLanguage":"es-AR"},{"@type":"Organization","@id":"https:\/\/www.muyjujuy.com\/#organization","name":"Muy Jujuy","url":"https:\/\/www.muyjujuy.com\/","logo":{"@type":"ImageObject","inLanguage":"es-AR","@id":"https:\/\/www.muyjujuy.com\/#\/schema\/logo\/image\/","url":"http:\/\/www.muyjujuy.com\/wp-content\/uploads\/2022\/05\/logo-mobil-jujuy.png","contentUrl":"http:\/\/www.muyjujuy.com\/wp-content\/uploads\/2022\/05\/logo-mobil-jujuy.png","width":174,"height":81,"caption":"Muy Jujuy"},"image":{"@id":"https:\/\/www.muyjujuy.com\/#\/schema\/logo\/image\/"},"sameAs":["https:\/\/www.facebook.com\/muyjujuycom","https:\/\/x.com\/muyjujuy","https:\/\/www.instagram.com\/muyjujuycom"]},{"@type":"Person","@id":"https:\/\/www.muyjujuy.com\/#\/schema\/person\/1d0f6e223ccea9e3f9034c1a5b683bf2","name":"Redacci\u00f3n Muy Jujuy","image":{"@type":"ImageObject","inLanguage":"es-AR","@id":"https:\/\/secure.gravatar.com\/avatar\/fec5f6f1893d741ed5eecccff109ce43e67a855411202a3212a058cb8e5c27d4?s=96&d=mm&r=g","url":"https:\/\/secure.gravatar.com\/avatar\/fec5f6f1893d741ed5eecccff109ce43e67a855411202a3212a058cb8e5c27d4?s=96&d=mm&r=g","contentUrl":"https:\/\/secure.gravatar.com\/avatar\/fec5f6f1893d741ed5eecccff109ce43e67a855411202a3212a058cb8e5c27d4?s=96&d=mm&r=g","caption":"Redacci\u00f3n Muy Jujuy"},"url":"https:\/\/www.muyjujuy.com\/index.php\/author\/editor\/"}]}},"_links":{"self":[{"href":"https:\/\/www.muyjujuy.com\/index.php\/wp-json\/wp\/v2\/posts\/732","targetHints":{"allow":["GET"]}}],"collection":[{"href":"https:\/\/www.muyjujuy.com\/index.php\/wp-json\/wp\/v2\/posts"}],"about":[{"href":"https:\/\/www.muyjujuy.com\/index.php\/wp-json\/wp\/v2\/types\/post"}],"author":[{"embeddable":true,"href":"https:\/\/www.muyjujuy.com\/index.php\/wp-json\/wp\/v2\/users\/3"}],"replies":[{"embeddable":true,"href":"https:\/\/www.muyjujuy.com\/index.php\/wp-json\/wp\/v2\/comments?post=732"}],"version-history":[{"count":1,"href":"https:\/\/www.muyjujuy.com\/index.php\/wp-json\/wp\/v2\/posts\/732\/revisions"}],"predecessor-version":[{"id":734,"href":"https:\/\/www.muyjujuy.com\/index.php\/wp-json\/wp\/v2\/posts\/732\/revisions\/734"}],"wp:featuredmedia":[{"embeddable":true,"href":"https:\/\/www.muyjujuy.com\/index.php\/wp-json\/wp\/v2\/media\/733"}],"wp:attachment":[{"href":"https:\/\/www.muyjujuy.com\/index.php\/wp-json\/wp\/v2\/media?parent=732"}],"wp:term":[{"taxonomy":"category","embeddable":true,"href":"https:\/\/www.muyjujuy.com\/index.php\/wp-json\/wp\/v2\/categories?post=732"},{"taxonomy":"post_tag","embeddable":true,"href":"https:\/\/www.muyjujuy.com\/index.php\/wp-json\/wp\/v2\/tags?post=732"}],"curies":[{"name":"wp","href":"https:\/\/api.w.org\/{rel}","templated":true}]}}