{"id":735,"date":"2022-06-28T13:36:40","date_gmt":"2022-06-28T16:36:40","guid":{"rendered":"https:\/\/www.muyjujuy.com\/?p=735"},"modified":"2022-06-28T13:36:44","modified_gmt":"2022-06-28T16:36:44","slug":"jujuy-se-registro-un-incremento-de-contagios-por-gripe","status":"publish","type":"post","link":"https:\/\/www.muyjujuy.com\/index.php\/2022\/06\/28\/jujuy-se-registro-un-incremento-de-contagios-por-gripe\/","title":{"rendered":"Jujuy: se registr\u00f3 un incremento de contagios por gripe"},"content":{"rendered":"\n<p><em>El aumento de casos de gripe pueden generar demora en la atenci\u00f3n en los centros de salud.<\/em><\/p>\n\n\n\n<p>Desde el Gobierno provincial advirtieron que creci\u00f3 la demanda en el sistema de salud ante la cantidad de cuadros gripales.<a href=\"https:\/\/datalapampa.com\/2022\/06\/28\/un-grupo-de-jovenes-creo-una-cooperativa-ladrillera-en-toay\/\"> <\/a>El secretario de Coordinaci\u00f3n del Ministerio de Salud juje\u00f1o, C\u00e9sar Mulqui, detall\u00f3 la situaci\u00f3n que atraviesa el sistema sanitario provincial. <\/p>\n\n\n\n<p>En di\u00e1logo con <em>La Mejor Ma\u00f1ana<\/em>, el funcionario indic\u00f3: <strong>&#8220;Estamos cursando cuadros gripales tremendos en cuanto a n\u00fameros y est\u00e1n ocupando mucho el sistema de salud<\/strong>&#8220;. En este sentido, el m\u00e9dico explic\u00f3 que <strong>se trata de ocupaci\u00f3n de consultorios, guardias e instituciones p\u00fablicas y privadas.<\/strong><\/p>\n\n\n\n<p>Mulqui aclar\u00f3 que puede haber algunas demoras cuando la gente acude a atenderse o solicitar un turno. <strong>&#8220;Con el tema de la pandemia hay muchas personas que no asistieron a atenderse<\/strong>&#8220;, sostuvo. Asimismo apunt\u00f3 que <strong>la demanda que generan los cuadros gripales tambi\u00e9n afecta y demora la asistencia.<\/strong><\/p>\n\n\n\n<p>\u201cEstamos reordenando los hospitales para que vuelvan a la actividad previa a la pandemia\u201d, manifest\u00f3 el funcionario y se\u00f1al\u00f3 que registraron jubilaciones y fallecimientos que dan lugar a nuevos cargos a cubrir.<\/p>\n\n\n\n<p>\u201cEl \u00e1rea m\u00e9dica y el \u00e1rea asistencial se est\u00e1 reordenando y empezando a trabajar el tema de la itinerancia. <strong>Ahora estamos empezando a ordenar y a abrir quir\u00f3fanos<\/strong>. En dos semanas empezaremos a operar en Humahuaca\u201d, adelant\u00f3.<\/p>\n\n\n\n<h2 class=\"wp-block-heading\"><strong>Situaci\u00f3n del avance del Covid-19<\/strong><\/h2>\n\n\n\n<p>Mulqui especific\u00f3 que <strong>no registran un incremento significativo de casos de coronavirus<\/strong>. \u201cPor ahora no son tantos, esto nos generaba un gran problema porque requer\u00eda mucho del sistema de salud\u201d, precis\u00f3.<\/p>\n\n\n\n<p>Adem\u00e1s, el funcionario destac\u00f3 la vacunaci\u00f3n para la disminuci\u00f3n de casos que se vive actualmente<strong>. \u201cEso ayud\u00f3 a que se morigere la asistencia\u201d,<\/strong> finaliz\u00f3.<\/p>\n\n\n\n<h2 class=\"wp-block-heading\"><strong>Informaci\u00f3n para solicitar asistencia<\/strong><\/h2>\n\n\n\n<p>Ante la presencia de cualquiera de los s\u00edntomas compatibles con gripe, <strong>se debe evitar la automedicaci\u00f3n y acudir a la consulta inmediata al m\u00e9dico de cabecera o bien al CAPS<\/strong> u hospital m\u00e1s pr\u00f3ximo al domicilio.<\/p>\n\n\n\n<p>Las medidas de cuidado son las indicadas para todo tipo de virus respiratorio, en particular las incorporadas por la comunidad frente a la pandemia: uso correcto del barbijo cubriendo nariz, boca y ment\u00f3n, lavado frecuente de las manos y respeto por la distancia social.<\/p>\n","protected":false},"excerpt":{"rendered":"<p>El aumento de casos de gripe pueden generar demora en la atenci\u00f3n en los centros de salud. Desde el Gobierno provincial advirtieron que creci\u00f3 la demanda en el sistema de salud ante la cantidad de cuadros gripales. El secretario de Coordinaci\u00f3n del Ministerio de Salud juje\u00f1o, C\u00e9sar Mulqui, detall\u00f3 la situaci\u00f3n que atraviesa el sistema [&hellip;]<\/p>\n","protected":false},"author":3,"featured_media":736,"comment_status":"open","ping_status":"open","sticky":false,"template":"","format":"standard","meta":{"footnotes":""},"categories":[25],"tags":[691,8,639],"class_list":{"0":"post-735","1":"post","2":"type-post","3":"status-publish","4":"format-standard","5":"has-post-thumbnail","7":"category-sociedad","8":"tag-gripe","9":"tag-jujuy","10":"tag-salud"},"yoast_head":"<!-- This site is optimized with the Yoast SEO plugin v27.5 - https:\/\/yoast.com\/product\/yoast-seo-wordpress\/ -->\n<title>Jujuy: se registr\u00f3 un incremento de contagios por gripe - Muy Jujuy<\/title>\n<meta name=\"description\" content=\"Desde el Gobierno provincial advirtieron que creci\u00f3 la demanda en el sistema de salud ante la cantidad de cuadros gripales.\" \/>\n<meta name=\"robots\" content=\"index, follow, max-snippet:-1, max-image-preview:large, max-video-preview:-1\" \/>\n<link rel=\"canonical\" href=\"https:\/\/www.muyjujuy.com\/index.php\/2022\/06\/28\/jujuy-se-registro-un-incremento-de-contagios-por-gripe\/\" \/>\n<meta property=\"og:locale\" content=\"es_ES\" \/>\n<meta property=\"og:type\" content=\"article\" \/>\n<meta property=\"og:title\" content=\"Jujuy: se registr\u00f3 un incremento de contagios por gripe - Muy Jujuy\" \/>\n<meta property=\"og:description\" content=\"Desde el Gobierno provincial advirtieron que creci\u00f3 la demanda en el sistema de salud ante la cantidad de cuadros gripales.\" \/>\n<meta property=\"og:url\" content=\"https:\/\/www.muyjujuy.com\/index.php\/2022\/06\/28\/jujuy-se-registro-un-incremento-de-contagios-por-gripe\/\" \/>\n<meta property=\"og:site_name\" content=\"Muy Jujuy\" \/>\n<meta property=\"article:publisher\" content=\"https:\/\/www.facebook.com\/muyjujuycom\" \/>\n<meta property=\"article:published_time\" content=\"2022-06-28T16:36:40+00:00\" \/>\n<meta property=\"article:modified_time\" content=\"2022-06-28T16:36:44+00:00\" \/>\n<meta property=\"og:image\" content=\"https:\/\/www.muyjujuy.com\/wp-content\/uploads\/2022\/06\/WhatsApp-Image-2022-06-28-at-1.35.20-PM.jpeg\" \/>\n\t<meta property=\"og:image:width\" content=\"1200\" \/>\n\t<meta property=\"og:image:height\" content=\"675\" \/>\n\t<meta property=\"og:image:type\" content=\"image\/jpeg\" \/>\n<meta name=\"author\" content=\"Redacci\u00f3n Muy Jujuy\" \/>\n<meta name=\"twitter:card\" content=\"summary_large_image\" \/>\n<meta name=\"twitter:creator\" content=\"@muyjujuy\" \/>\n<meta name=\"twitter:site\" content=\"@muyjujuy\" \/>\n<meta name=\"twitter:label1\" content=\"Escrito por\" \/>\n\t<meta name=\"twitter:data1\" content=\"Redacci\u00f3n Muy Jujuy\" \/>\n\t<meta name=\"twitter:label2\" content=\"Tiempo de lectura\" \/>\n\t<meta name=\"twitter:data2\" content=\"2 minutos\" \/>\n<script type=\"application\/ld+json\" class=\"yoast-schema-graph\">{\"@context\":\"https:\\\/\\\/schema.org\",\"@graph\":[{\"@type\":\"Article\",\"@id\":\"https:\\\/\\\/www.muyjujuy.com\\\/index.php\\\/2022\\\/06\\\/28\\\/jujuy-se-registro-un-incremento-de-contagios-por-gripe\\\/#article\",\"isPartOf\":{\"@id\":\"https:\\\/\\\/www.muyjujuy.com\\\/index.php\\\/2022\\\/06\\\/28\\\/jujuy-se-registro-un-incremento-de-contagios-por-gripe\\\/\"},\"author\":{\"name\":\"Redacci\u00f3n Muy Jujuy\",\"@id\":\"https:\\\/\\\/www.muyjujuy.com\\\/#\\\/schema\\\/person\\\/1d0f6e223ccea9e3f9034c1a5b683bf2\"},\"headline\":\"Jujuy: se registr\u00f3 un incremento de contagios por gripe\",\"datePublished\":\"2022-06-28T16:36:40+00:00\",\"dateModified\":\"2022-06-28T16:36:44+00:00\",\"mainEntityOfPage\":{\"@id\":\"https:\\\/\\\/www.muyjujuy.com\\\/index.php\\\/2022\\\/06\\\/28\\\/jujuy-se-registro-un-incremento-de-contagios-por-gripe\\\/\"},\"wordCount\":400,\"commentCount\":0,\"publisher\":{\"@id\":\"https:\\\/\\\/www.muyjujuy.com\\\/#organization\"},\"image\":{\"@id\":\"https:\\\/\\\/www.muyjujuy.com\\\/index.php\\\/2022\\\/06\\\/28\\\/jujuy-se-registro-un-incremento-de-contagios-por-gripe\\\/#primaryimage\"},\"thumbnailUrl\":\"https:\\\/\\\/www.muyjujuy.com\\\/wp-content\\\/uploads\\\/2022\\\/06\\\/WhatsApp-Image-2022-06-28-at-1.35.20-PM.jpeg\",\"keywords\":[\"Gripe\",\"Jujuy\",\"Salud\"],\"articleSection\":[\"Sociedad\"],\"inLanguage\":\"es-AR\",\"potentialAction\":[{\"@type\":\"CommentAction\",\"name\":\"Comment\",\"target\":[\"https:\\\/\\\/www.muyjujuy.com\\\/index.php\\\/2022\\\/06\\\/28\\\/jujuy-se-registro-un-incremento-de-contagios-por-gripe\\\/#respond\"]}]},{\"@type\":\"WebPage\",\"@id\":\"https:\\\/\\\/www.muyjujuy.com\\\/index.php\\\/2022\\\/06\\\/28\\\/jujuy-se-registro-un-incremento-de-contagios-por-gripe\\\/\",\"url\":\"https:\\\/\\\/www.muyjujuy.com\\\/index.php\\\/2022\\\/06\\\/28\\\/jujuy-se-registro-un-incremento-de-contagios-por-gripe\\\/\",\"name\":\"Jujuy: se registr\u00f3 un incremento de contagios por gripe - Muy Jujuy\",\"isPartOf\":{\"@id\":\"https:\\\/\\\/www.muyjujuy.com\\\/#website\"},\"primaryImageOfPage\":{\"@id\":\"https:\\\/\\\/www.muyjujuy.com\\\/index.php\\\/2022\\\/06\\\/28\\\/jujuy-se-registro-un-incremento-de-contagios-por-gripe\\\/#primaryimage\"},\"image\":{\"@id\":\"https:\\\/\\\/www.muyjujuy.com\\\/index.php\\\/2022\\\/06\\\/28\\\/jujuy-se-registro-un-incremento-de-contagios-por-gripe\\\/#primaryimage\"},\"thumbnailUrl\":\"https:\\\/\\\/www.muyjujuy.com\\\/wp-content\\\/uploads\\\/2022\\\/06\\\/WhatsApp-Image-2022-06-28-at-1.35.20-PM.jpeg\",\"datePublished\":\"2022-06-28T16:36:40+00:00\",\"dateModified\":\"2022-06-28T16:36:44+00:00\",\"description\":\"Desde el Gobierno provincial advirtieron que creci\u00f3 la demanda en el sistema de salud ante la cantidad de cuadros gripales.\",\"breadcrumb\":{\"@id\":\"https:\\\/\\\/www.muyjujuy.com\\\/index.php\\\/2022\\\/06\\\/28\\\/jujuy-se-registro-un-incremento-de-contagios-por-gripe\\\/#breadcrumb\"},\"inLanguage\":\"es-AR\",\"potentialAction\":[{\"@type\":\"ReadAction\",\"target\":[\"https:\\\/\\\/www.muyjujuy.com\\\/index.php\\\/2022\\\/06\\\/28\\\/jujuy-se-registro-un-incremento-de-contagios-por-gripe\\\/\"]}]},{\"@type\":\"ImageObject\",\"inLanguage\":\"es-AR\",\"@id\":\"https:\\\/\\\/www.muyjujuy.com\\\/index.php\\\/2022\\\/06\\\/28\\\/jujuy-se-registro-un-incremento-de-contagios-por-gripe\\\/#primaryimage\",\"url\":\"https:\\\/\\\/www.muyjujuy.com\\\/wp-content\\\/uploads\\\/2022\\\/06\\\/WhatsApp-Image-2022-06-28-at-1.35.20-PM.jpeg\",\"contentUrl\":\"https:\\\/\\\/www.muyjujuy.com\\\/wp-content\\\/uploads\\\/2022\\\/06\\\/WhatsApp-Image-2022-06-28-at-1.35.20-PM.jpeg\",\"width\":1200,\"height\":675},{\"@type\":\"BreadcrumbList\",\"@id\":\"https:\\\/\\\/www.muyjujuy.com\\\/index.php\\\/2022\\\/06\\\/28\\\/jujuy-se-registro-un-incremento-de-contagios-por-gripe\\\/#breadcrumb\",\"itemListElement\":[{\"@type\":\"ListItem\",\"position\":1,\"name\":\"Inicio\",\"item\":\"https:\\\/\\\/www.muyjujuy.com\\\/\"},{\"@type\":\"ListItem\",\"position\":2,\"name\":\"Jujuy: se registr\u00f3 un incremento de contagios por gripe\"}]},{\"@type\":\"WebSite\",\"@id\":\"https:\\\/\\\/www.muyjujuy.com\\\/#website\",\"url\":\"https:\\\/\\\/www.muyjujuy.com\\\/\",\"name\":\"Muy Jujuy\",\"description\":\"\",\"publisher\":{\"@id\":\"https:\\\/\\\/www.muyjujuy.com\\\/#organization\"},\"potentialAction\":[{\"@type\":\"SearchAction\",\"target\":{\"@type\":\"EntryPoint\",\"urlTemplate\":\"https:\\\/\\\/www.muyjujuy.com\\\/?s={search_term_string}\"},\"query-input\":{\"@type\":\"PropertyValueSpecification\",\"valueRequired\":true,\"valueName\":\"search_term_string\"}}],\"inLanguage\":\"es-AR\"},{\"@type\":\"Organization\",\"@id\":\"https:\\\/\\\/www.muyjujuy.com\\\/#organization\",\"name\":\"Muy Jujuy\",\"url\":\"https:\\\/\\\/www.muyjujuy.com\\\/\",\"logo\":{\"@type\":\"ImageObject\",\"inLanguage\":\"es-AR\",\"@id\":\"https:\\\/\\\/www.muyjujuy.com\\\/#\\\/schema\\\/logo\\\/image\\\/\",\"url\":\"http:\\\/\\\/www.muyjujuy.com\\\/wp-content\\\/uploads\\\/2022\\\/05\\\/logo-mobil-jujuy.png\",\"contentUrl\":\"http:\\\/\\\/www.muyjujuy.com\\\/wp-content\\\/uploads\\\/2022\\\/05\\\/logo-mobil-jujuy.png\",\"width\":174,\"height\":81,\"caption\":\"Muy Jujuy\"},\"image\":{\"@id\":\"https:\\\/\\\/www.muyjujuy.com\\\/#\\\/schema\\\/logo\\\/image\\\/\"},\"sameAs\":[\"https:\\\/\\\/www.facebook.com\\\/muyjujuycom\",\"https:\\\/\\\/x.com\\\/muyjujuy\",\"https:\\\/\\\/www.instagram.com\\\/muyjujuycom\"]},{\"@type\":\"Person\",\"@id\":\"https:\\\/\\\/www.muyjujuy.com\\\/#\\\/schema\\\/person\\\/1d0f6e223ccea9e3f9034c1a5b683bf2\",\"name\":\"Redacci\u00f3n Muy Jujuy\",\"image\":{\"@type\":\"ImageObject\",\"inLanguage\":\"es-AR\",\"@id\":\"https:\\\/\\\/secure.gravatar.com\\\/avatar\\\/fec5f6f1893d741ed5eecccff109ce43e67a855411202a3212a058cb8e5c27d4?s=96&d=mm&r=g\",\"url\":\"https:\\\/\\\/secure.gravatar.com\\\/avatar\\\/fec5f6f1893d741ed5eecccff109ce43e67a855411202a3212a058cb8e5c27d4?s=96&d=mm&r=g\",\"contentUrl\":\"https:\\\/\\\/secure.gravatar.com\\\/avatar\\\/fec5f6f1893d741ed5eecccff109ce43e67a855411202a3212a058cb8e5c27d4?s=96&d=mm&r=g\",\"caption\":\"Redacci\u00f3n Muy Jujuy\"},\"url\":\"https:\\\/\\\/www.muyjujuy.com\\\/index.php\\\/author\\\/editor\\\/\"}]}<\/script>\n<!-- \/ Yoast SEO plugin. -->","yoast_head_json":{"title":"Jujuy: se registr\u00f3 un incremento de contagios por gripe - Muy Jujuy","description":"Desde el Gobierno provincial advirtieron que creci\u00f3 la demanda en el sistema de salud ante la cantidad de cuadros gripales.","robots":{"index":"index","follow":"follow","max-snippet":"max-snippet:-1","max-image-preview":"max-image-preview:large","max-video-preview":"max-video-preview:-1"},"canonical":"https:\/\/www.muyjujuy.com\/index.php\/2022\/06\/28\/jujuy-se-registro-un-incremento-de-contagios-por-gripe\/","og_locale":"es_ES","og_type":"article","og_title":"Jujuy: se registr\u00f3 un incremento de contagios por gripe - Muy Jujuy","og_description":"Desde el Gobierno provincial advirtieron que creci\u00f3 la demanda en el sistema de salud ante la cantidad de cuadros gripales.","og_url":"https:\/\/www.muyjujuy.com\/index.php\/2022\/06\/28\/jujuy-se-registro-un-incremento-de-contagios-por-gripe\/","og_site_name":"Muy Jujuy","article_publisher":"https:\/\/www.facebook.com\/muyjujuycom","article_published_time":"2022-06-28T16:36:40+00:00","article_modified_time":"2022-06-28T16:36:44+00:00","og_image":[{"width":1200,"height":675,"url":"https:\/\/www.muyjujuy.com\/wp-content\/uploads\/2022\/06\/WhatsApp-Image-2022-06-28-at-1.35.20-PM.jpeg","type":"image\/jpeg"}],"author":"Redacci\u00f3n Muy Jujuy","twitter_card":"summary_large_image","twitter_creator":"@muyjujuy","twitter_site":"@muyjujuy","twitter_misc":{"Escrito por":"Redacci\u00f3n Muy Jujuy","Tiempo de lectura":"2 minutos"},"schema":{"@context":"https:\/\/schema.org","@graph":[{"@type":"Article","@id":"https:\/\/www.muyjujuy.com\/index.php\/2022\/06\/28\/jujuy-se-registro-un-incremento-de-contagios-por-gripe\/#article","isPartOf":{"@id":"https:\/\/www.muyjujuy.com\/index.php\/2022\/06\/28\/jujuy-se-registro-un-incremento-de-contagios-por-gripe\/"},"author":{"name":"Redacci\u00f3n Muy Jujuy","@id":"https:\/\/www.muyjujuy.com\/#\/schema\/person\/1d0f6e223ccea9e3f9034c1a5b683bf2"},"headline":"Jujuy: se registr\u00f3 un incremento de contagios por gripe","datePublished":"2022-06-28T16:36:40+00:00","dateModified":"2022-06-28T16:36:44+00:00","mainEntityOfPage":{"@id":"https:\/\/www.muyjujuy.com\/index.php\/2022\/06\/28\/jujuy-se-registro-un-incremento-de-contagios-por-gripe\/"},"wordCount":400,"commentCount":0,"publisher":{"@id":"https:\/\/www.muyjujuy.com\/#organization"},"image":{"@id":"https:\/\/www.muyjujuy.com\/index.php\/2022\/06\/28\/jujuy-se-registro-un-incremento-de-contagios-por-gripe\/#primaryimage"},"thumbnailUrl":"https:\/\/www.muyjujuy.com\/wp-content\/uploads\/2022\/06\/WhatsApp-Image-2022-06-28-at-1.35.20-PM.jpeg","keywords":["Gripe","Jujuy","Salud"],"articleSection":["Sociedad"],"inLanguage":"es-AR","potentialAction":[{"@type":"CommentAction","name":"Comment","target":["https:\/\/www.muyjujuy.com\/index.php\/2022\/06\/28\/jujuy-se-registro-un-incremento-de-contagios-por-gripe\/#respond"]}]},{"@type":"WebPage","@id":"https:\/\/www.muyjujuy.com\/index.php\/2022\/06\/28\/jujuy-se-registro-un-incremento-de-contagios-por-gripe\/","url":"https:\/\/www.muyjujuy.com\/index.php\/2022\/06\/28\/jujuy-se-registro-un-incremento-de-contagios-por-gripe\/","name":"Jujuy: se registr\u00f3 un incremento de contagios por gripe - Muy Jujuy","isPartOf":{"@id":"https:\/\/www.muyjujuy.com\/#website"},"primaryImageOfPage":{"@id":"https:\/\/www.muyjujuy.com\/index.php\/2022\/06\/28\/jujuy-se-registro-un-incremento-de-contagios-por-gripe\/#primaryimage"},"image":{"@id":"https:\/\/www.muyjujuy.com\/index.php\/2022\/06\/28\/jujuy-se-registro-un-incremento-de-contagios-por-gripe\/#primaryimage"},"thumbnailUrl":"https:\/\/www.muyjujuy.com\/wp-content\/uploads\/2022\/06\/WhatsApp-Image-2022-06-28-at-1.35.20-PM.jpeg","datePublished":"2022-06-28T16:36:40+00:00","dateModified":"2022-06-28T16:36:44+00:00","description":"Desde el Gobierno provincial advirtieron que creci\u00f3 la demanda en el sistema de salud ante la cantidad de cuadros gripales.","breadcrumb":{"@id":"https:\/\/www.muyjujuy.com\/index.php\/2022\/06\/28\/jujuy-se-registro-un-incremento-de-contagios-por-gripe\/#breadcrumb"},"inLanguage":"es-AR","potentialAction":[{"@type":"ReadAction","target":["https:\/\/www.muyjujuy.com\/index.php\/2022\/06\/28\/jujuy-se-registro-un-incremento-de-contagios-por-gripe\/"]}]},{"@type":"ImageObject","inLanguage":"es-AR","@id":"https:\/\/www.muyjujuy.com\/index.php\/2022\/06\/28\/jujuy-se-registro-un-incremento-de-contagios-por-gripe\/#primaryimage","url":"https:\/\/www.muyjujuy.com\/wp-content\/uploads\/2022\/06\/WhatsApp-Image-2022-06-28-at-1.35.20-PM.jpeg","contentUrl":"https:\/\/www.muyjujuy.com\/wp-content\/uploads\/2022\/06\/WhatsApp-Image-2022-06-28-at-1.35.20-PM.jpeg","width":1200,"height":675},{"@type":"BreadcrumbList","@id":"https:\/\/www.muyjujuy.com\/index.php\/2022\/06\/28\/jujuy-se-registro-un-incremento-de-contagios-por-gripe\/#breadcrumb","itemListElement":[{"@type":"ListItem","position":1,"name":"Inicio","item":"https:\/\/www.muyjujuy.com\/"},{"@type":"ListItem","position":2,"name":"Jujuy: se registr\u00f3 un incremento de contagios por gripe"}]},{"@type":"WebSite","@id":"https:\/\/www.muyjujuy.com\/#website","url":"https:\/\/www.muyjujuy.com\/","name":"Muy Jujuy","description":"","publisher":{"@id":"https:\/\/www.muyjujuy.com\/#organization"},"potentialAction":[{"@type":"SearchAction","target":{"@type":"EntryPoint","urlTemplate":"https:\/\/www.muyjujuy.com\/?s={search_term_string}"},"query-input":{"@type":"PropertyValueSpecification","valueRequired":true,"valueName":"search_term_string"}}],"inLanguage":"es-AR"},{"@type":"Organization","@id":"https:\/\/www.muyjujuy.com\/#organization","name":"Muy Jujuy","url":"https:\/\/www.muyjujuy.com\/","logo":{"@type":"ImageObject","inLanguage":"es-AR","@id":"https:\/\/www.muyjujuy.com\/#\/schema\/logo\/image\/","url":"http:\/\/www.muyjujuy.com\/wp-content\/uploads\/2022\/05\/logo-mobil-jujuy.png","contentUrl":"http:\/\/www.muyjujuy.com\/wp-content\/uploads\/2022\/05\/logo-mobil-jujuy.png","width":174,"height":81,"caption":"Muy Jujuy"},"image":{"@id":"https:\/\/www.muyjujuy.com\/#\/schema\/logo\/image\/"},"sameAs":["https:\/\/www.facebook.com\/muyjujuycom","https:\/\/x.com\/muyjujuy","https:\/\/www.instagram.com\/muyjujuycom"]},{"@type":"Person","@id":"https:\/\/www.muyjujuy.com\/#\/schema\/person\/1d0f6e223ccea9e3f9034c1a5b683bf2","name":"Redacci\u00f3n Muy Jujuy","image":{"@type":"ImageObject","inLanguage":"es-AR","@id":"https:\/\/secure.gravatar.com\/avatar\/fec5f6f1893d741ed5eecccff109ce43e67a855411202a3212a058cb8e5c27d4?s=96&d=mm&r=g","url":"https:\/\/secure.gravatar.com\/avatar\/fec5f6f1893d741ed5eecccff109ce43e67a855411202a3212a058cb8e5c27d4?s=96&d=mm&r=g","contentUrl":"https:\/\/secure.gravatar.com\/avatar\/fec5f6f1893d741ed5eecccff109ce43e67a855411202a3212a058cb8e5c27d4?s=96&d=mm&r=g","caption":"Redacci\u00f3n Muy Jujuy"},"url":"https:\/\/www.muyjujuy.com\/index.php\/author\/editor\/"}]}},"_links":{"self":[{"href":"https:\/\/www.muyjujuy.com\/index.php\/wp-json\/wp\/v2\/posts\/735","targetHints":{"allow":["GET"]}}],"collection":[{"href":"https:\/\/www.muyjujuy.com\/index.php\/wp-json\/wp\/v2\/posts"}],"about":[{"href":"https:\/\/www.muyjujuy.com\/index.php\/wp-json\/wp\/v2\/types\/post"}],"author":[{"embeddable":true,"href":"https:\/\/www.muyjujuy.com\/index.php\/wp-json\/wp\/v2\/users\/3"}],"replies":[{"embeddable":true,"href":"https:\/\/www.muyjujuy.com\/index.php\/wp-json\/wp\/v2\/comments?post=735"}],"version-history":[{"count":1,"href":"https:\/\/www.muyjujuy.com\/index.php\/wp-json\/wp\/v2\/posts\/735\/revisions"}],"predecessor-version":[{"id":737,"href":"https:\/\/www.muyjujuy.com\/index.php\/wp-json\/wp\/v2\/posts\/735\/revisions\/737"}],"wp:featuredmedia":[{"embeddable":true,"href":"https:\/\/www.muyjujuy.com\/index.php\/wp-json\/wp\/v2\/media\/736"}],"wp:attachment":[{"href":"https:\/\/www.muyjujuy.com\/index.php\/wp-json\/wp\/v2\/media?parent=735"}],"wp:term":[{"taxonomy":"category","embeddable":true,"href":"https:\/\/www.muyjujuy.com\/index.php\/wp-json\/wp\/v2\/categories?post=735"},{"taxonomy":"post_tag","embeddable":true,"href":"https:\/\/www.muyjujuy.com\/index.php\/wp-json\/wp\/v2\/tags?post=735"}],"curies":[{"name":"wp","href":"https:\/\/api.w.org\/{rel}","templated":true}]}}