{"id":779,"date":"2022-07-04T11:17:00","date_gmt":"2022-07-04T14:17:00","guid":{"rendered":"https:\/\/www.muyjujuy.com\/?p=779"},"modified":"2022-07-04T11:17:01","modified_gmt":"2022-07-04T14:17:01","slug":"jujuy-celebro-la-beatificacion-de-don-pedro-ortiz-de-zarate","status":"publish","type":"post","link":"https:\/\/www.muyjujuy.com\/index.php\/2022\/07\/04\/jujuy-celebro-la-beatificacion-de-don-pedro-ortiz-de-zarate\/","title":{"rendered":"Jujuy celebr\u00f3 la beatificaci\u00f3n de don Pedro Ortiz de Z\u00e1rate"},"content":{"rendered":"\n<p><em>Ciento de miles de personas participaron de la misa que se llev\u00f3 a cabo el domingo a la tarde en San Salvador.<\/em><\/p>\n\n\n\n<p>El infatigable sacerdote, <strong>Pedro Ortiz de Z\u00e1rate<\/strong>, amante de su tierra natal, consigui\u00f3 a trav\u00e9s de la dulzura y la belleza de la fe su beatificaci\u00f3n. Adem\u00e1s entreg\u00f3 su vida siendo conocido a partir de all\u00ed como <strong>M\u00e1rtir del Zenta.<\/strong><\/p>\n\n\n\n<p>El obispo de Jujuy, <strong>monse\u00f1or Daniel Fern\u00e1ndez, <\/strong>presidi\u00f3 este domingo una misa de acci\u00f3n de gracias por la beatificaci\u00f3n del juje\u00f1o <strong>Pedro Ortiz de Z\u00e1rate <\/strong>y el italiano <strong>Juan Antonio Solinas<\/strong>, los m\u00e1rtires del Zenta, declarados el s\u00e1bado \u00faltimo por el cardenal Marcello Semeraro, prefecto del Dicasterio para las Causas de los Santos.<\/p>\n\n\n\n<p>La misa fue oficiada por el obispo Fern\u00e1ndez en el atrio de la Catedral bas\u00edlica en el casco hist\u00f3rico de San Salvador de Jujuy. Hubo un masivo marco de delegaciones representativas de comunidades parroquiales, movimientos, instituciones y fieles en general. <\/p>\n\n\n\n<p>Tambi\u00e9n, participaron el gobernador <strong><a href=\"https:\/\/www.muyjujuy.com\/?s=morales\">Gerardo Morales<\/a><\/strong>, el vicegobernador <strong>Carlos Haquim <\/strong>y el intendente capitalino <strong>Ra\u00fal Jorge<\/strong>, entre otros.<\/p>\n\n\n\n<h2 class=\"wp-block-heading\"><strong>Una vida ejemplar<\/strong><\/h2>\n\n\n\n<p>Fern\u00e1ndez destac\u00f3 en su homil\u00eda las bondades del primer beato juje\u00f1o y expres\u00f3: &#8220;Nos llena de orgullo sumar a Pedro Ortiz de Z\u00e1rate al libro de oro del pueblo juje\u00f1o. Este pueblo que recibi\u00f3 el elogio del general Manuel Belgrano, esta tierra de grandes hombres y mujeres. <strong>Un pueblo heroico y valiente, algunos generales, otros simples soldados combatiendo a pie en las luchas por la independencia\u201d.<\/strong><\/p>\n\n\n\n<p>&#8220;Don Pedro abraz\u00f3 todos los estados de vida, y todo lo hizo con amor; en lo que le toc\u00f3 hacer, el desarrollo de su vida fue ejemplar&#8221;, describi\u00f3. <\/p>\n\n\n<div class=\"wp-block-image\">\n<figure class=\"aligncenter size-full is-resized\"><img loading=\"lazy\" decoding=\"async\" src=\"https:\/\/www.muyjujuy.com\/wp-content\/uploads\/2022\/07\/WhatsApp-Image-2022-07-04-at-11.13.16-AM.jpeg\" alt=\"\" class=\"wp-image-780\" width=\"707\" height=\"471\" srcset=\"https:\/\/www.muyjujuy.com\/wp-content\/uploads\/2022\/07\/WhatsApp-Image-2022-07-04-at-11.13.16-AM.jpeg 982w, https:\/\/www.muyjujuy.com\/wp-content\/uploads\/2022\/07\/WhatsApp-Image-2022-07-04-at-11.13.16-AM-300x200.jpeg 300w, https:\/\/www.muyjujuy.com\/wp-content\/uploads\/2022\/07\/WhatsApp-Image-2022-07-04-at-11.13.16-AM-768x511.jpeg 768w, https:\/\/www.muyjujuy.com\/wp-content\/uploads\/2022\/07\/WhatsApp-Image-2022-07-04-at-11.13.16-AM-150x100.jpeg 150w, https:\/\/www.muyjujuy.com\/wp-content\/uploads\/2022\/07\/WhatsApp-Image-2022-07-04-at-11.13.16-AM-696x464.jpeg 696w\" sizes=\"auto, (max-width: 707px) 100vw, 707px\" \/><\/figure>\n<\/div>\n\n\n<h2 class=\"wp-block-heading\"><strong>\u00bfQui\u00e9n era Pedro Ortiz?<\/strong><\/h2>\n\n\n\n<p><strong>Pedro Ortiz de Z\u00e1rate naci\u00f3 en San Salvador de Jujuy en 1622 <\/strong>y proven\u00eda de una familia de conquistadores, poseedora de varias encomiendas en la regi\u00f3n. Llev\u00f3 una vida de profunda religiosidad. Estudi\u00f3 en el seminario de C\u00f3rdoba, fue ordenado sacerdote en 1675 y como religioso se dedic\u00f3 a la evangelizaci\u00f3n de los ind\u00edgenas del Chaco, <strong>junto con los misioneros jesuitas que desempe\u00f1aron sus labores en este lugar durante 24 a\u00f1os<\/strong>.<\/p>\n\n\n\n<p>El obispo Fern\u00e1ndez invit\u00f3 al gobernador Morales a firmar el acta en la que qued\u00f3 asentado &#8220;el significado de tan hist\u00f3rico acontecimiento para la iglesia en la Argentina&#8221;.<\/p>\n\n\n\n<p><strong>&#8220;El beato Pedro Ortiz de Z\u00e1rate es una figura que todav\u00eda los juje\u00f1os tenemos que redescubrir en su grandeza y significado, por todo el bien que ha hecho.<\/strong> Incluso como hombre p\u00fablico antes de ser sacerdote y misionero&#8221;, concluy\u00f3.<\/p>\n","protected":false},"excerpt":{"rendered":"<p>Ciento de miles de personas participaron de la misa que se llev\u00f3 a cabo el domingo a la tarde en San Salvador. El infatigable sacerdote, Pedro Ortiz de Z\u00e1rate, amante de su tierra natal, consigui\u00f3 a trav\u00e9s de la dulzura y la belleza de la fe su beatificaci\u00f3n. Adem\u00e1s entreg\u00f3 su vida siendo conocido a [&hellip;]<\/p>\n","protected":false},"author":3,"featured_media":781,"comment_status":"open","ping_status":"open","sticky":false,"template":"","format":"standard","meta":{"footnotes":""},"categories":[25],"tags":[5,8,640],"class_list":{"0":"post-779","1":"post","2":"type-post","3":"status-publish","4":"format-standard","5":"has-post-thumbnail","7":"category-sociedad","8":"tag-gerardo-morales","9":"tag-jujuy","10":"tag-san-salvador"},"yoast_head":"<!-- This site is optimized with the Yoast SEO plugin v27.5 - https:\/\/yoast.com\/product\/yoast-seo-wordpress\/ -->\n<title>Jujuy celebr\u00f3 la beatificaci\u00f3n de don Pedro Ortiz de Z\u00e1rate - Muy Jujuy<\/title>\n<meta name=\"description\" content=\"El infatigable sacerdote, Pedro Ortiz de Z\u00e1rate, amante de su tierra natal, consigui\u00f3 a trav\u00e9s de la dulzura y la belleza de la fe su beatificaci\u00f3n.\" \/>\n<meta name=\"robots\" content=\"index, follow, max-snippet:-1, max-image-preview:large, max-video-preview:-1\" \/>\n<link rel=\"canonical\" href=\"https:\/\/www.muyjujuy.com\/index.php\/2022\/07\/04\/jujuy-celebro-la-beatificacion-de-don-pedro-ortiz-de-zarate\/\" \/>\n<meta property=\"og:locale\" content=\"es_ES\" \/>\n<meta property=\"og:type\" content=\"article\" \/>\n<meta property=\"og:title\" content=\"Jujuy celebr\u00f3 la beatificaci\u00f3n de don Pedro Ortiz de Z\u00e1rate - Muy Jujuy\" \/>\n<meta property=\"og:description\" content=\"El infatigable sacerdote, Pedro Ortiz de Z\u00e1rate, amante de su tierra natal, consigui\u00f3 a trav\u00e9s de la dulzura y la belleza de la fe su beatificaci\u00f3n.\" \/>\n<meta property=\"og:url\" content=\"https:\/\/www.muyjujuy.com\/index.php\/2022\/07\/04\/jujuy-celebro-la-beatificacion-de-don-pedro-ortiz-de-zarate\/\" \/>\n<meta property=\"og:site_name\" content=\"Muy Jujuy\" \/>\n<meta property=\"article:publisher\" content=\"https:\/\/www.facebook.com\/muyjujuycom\" \/>\n<meta property=\"article:published_time\" content=\"2022-07-04T14:17:00+00:00\" \/>\n<meta property=\"article:modified_time\" content=\"2022-07-04T14:17:01+00:00\" \/>\n<meta property=\"og:image\" content=\"https:\/\/www.muyjujuy.com\/wp-content\/uploads\/2022\/07\/WhatsApp-Image-2022-07-04-at-11.12.46-AM.jpeg\" \/>\n\t<meta property=\"og:image:width\" content=\"1012\" \/>\n\t<meta property=\"og:image:height\" content=\"675\" \/>\n\t<meta property=\"og:image:type\" content=\"image\/jpeg\" \/>\n<meta name=\"author\" content=\"Redacci\u00f3n Muy Jujuy\" \/>\n<meta name=\"twitter:card\" content=\"summary_large_image\" \/>\n<meta name=\"twitter:creator\" content=\"@muyjujuy\" \/>\n<meta name=\"twitter:site\" content=\"@muyjujuy\" \/>\n<meta name=\"twitter:label1\" content=\"Escrito por\" \/>\n\t<meta name=\"twitter:data1\" content=\"Redacci\u00f3n Muy Jujuy\" \/>\n\t<meta name=\"twitter:label2\" content=\"Tiempo de lectura\" \/>\n\t<meta name=\"twitter:data2\" content=\"3 minutos\" \/>\n<script type=\"application\/ld+json\" class=\"yoast-schema-graph\">{\"@context\":\"https:\\\/\\\/schema.org\",\"@graph\":[{\"@type\":\"Article\",\"@id\":\"https:\\\/\\\/www.muyjujuy.com\\\/index.php\\\/2022\\\/07\\\/04\\\/jujuy-celebro-la-beatificacion-de-don-pedro-ortiz-de-zarate\\\/#article\",\"isPartOf\":{\"@id\":\"https:\\\/\\\/www.muyjujuy.com\\\/index.php\\\/2022\\\/07\\\/04\\\/jujuy-celebro-la-beatificacion-de-don-pedro-ortiz-de-zarate\\\/\"},\"author\":{\"name\":\"Redacci\u00f3n Muy Jujuy\",\"@id\":\"https:\\\/\\\/www.muyjujuy.com\\\/#\\\/schema\\\/person\\\/1d0f6e223ccea9e3f9034c1a5b683bf2\"},\"headline\":\"Jujuy celebr\u00f3 la beatificaci\u00f3n de don Pedro Ortiz de Z\u00e1rate\",\"datePublished\":\"2022-07-04T14:17:00+00:00\",\"dateModified\":\"2022-07-04T14:17:01+00:00\",\"mainEntityOfPage\":{\"@id\":\"https:\\\/\\\/www.muyjujuy.com\\\/index.php\\\/2022\\\/07\\\/04\\\/jujuy-celebro-la-beatificacion-de-don-pedro-ortiz-de-zarate\\\/\"},\"wordCount\":459,\"commentCount\":0,\"publisher\":{\"@id\":\"https:\\\/\\\/www.muyjujuy.com\\\/#organization\"},\"image\":{\"@id\":\"https:\\\/\\\/www.muyjujuy.com\\\/index.php\\\/2022\\\/07\\\/04\\\/jujuy-celebro-la-beatificacion-de-don-pedro-ortiz-de-zarate\\\/#primaryimage\"},\"thumbnailUrl\":\"https:\\\/\\\/www.muyjujuy.com\\\/wp-content\\\/uploads\\\/2022\\\/07\\\/WhatsApp-Image-2022-07-04-at-11.12.46-AM.jpeg\",\"keywords\":[\"Gerardo Morales\",\"Jujuy\",\"San Salvador\"],\"articleSection\":[\"Sociedad\"],\"inLanguage\":\"es-AR\",\"potentialAction\":[{\"@type\":\"CommentAction\",\"name\":\"Comment\",\"target\":[\"https:\\\/\\\/www.muyjujuy.com\\\/index.php\\\/2022\\\/07\\\/04\\\/jujuy-celebro-la-beatificacion-de-don-pedro-ortiz-de-zarate\\\/#respond\"]}]},{\"@type\":\"WebPage\",\"@id\":\"https:\\\/\\\/www.muyjujuy.com\\\/index.php\\\/2022\\\/07\\\/04\\\/jujuy-celebro-la-beatificacion-de-don-pedro-ortiz-de-zarate\\\/\",\"url\":\"https:\\\/\\\/www.muyjujuy.com\\\/index.php\\\/2022\\\/07\\\/04\\\/jujuy-celebro-la-beatificacion-de-don-pedro-ortiz-de-zarate\\\/\",\"name\":\"Jujuy celebr\u00f3 la beatificaci\u00f3n de don Pedro Ortiz de Z\u00e1rate - Muy Jujuy\",\"isPartOf\":{\"@id\":\"https:\\\/\\\/www.muyjujuy.com\\\/#website\"},\"primaryImageOfPage\":{\"@id\":\"https:\\\/\\\/www.muyjujuy.com\\\/index.php\\\/2022\\\/07\\\/04\\\/jujuy-celebro-la-beatificacion-de-don-pedro-ortiz-de-zarate\\\/#primaryimage\"},\"image\":{\"@id\":\"https:\\\/\\\/www.muyjujuy.com\\\/index.php\\\/2022\\\/07\\\/04\\\/jujuy-celebro-la-beatificacion-de-don-pedro-ortiz-de-zarate\\\/#primaryimage\"},\"thumbnailUrl\":\"https:\\\/\\\/www.muyjujuy.com\\\/wp-content\\\/uploads\\\/2022\\\/07\\\/WhatsApp-Image-2022-07-04-at-11.12.46-AM.jpeg\",\"datePublished\":\"2022-07-04T14:17:00+00:00\",\"dateModified\":\"2022-07-04T14:17:01+00:00\",\"description\":\"El infatigable sacerdote, Pedro Ortiz de Z\u00e1rate, amante de su tierra natal, consigui\u00f3 a trav\u00e9s de la dulzura y la belleza de la fe su beatificaci\u00f3n.\",\"breadcrumb\":{\"@id\":\"https:\\\/\\\/www.muyjujuy.com\\\/index.php\\\/2022\\\/07\\\/04\\\/jujuy-celebro-la-beatificacion-de-don-pedro-ortiz-de-zarate\\\/#breadcrumb\"},\"inLanguage\":\"es-AR\",\"potentialAction\":[{\"@type\":\"ReadAction\",\"target\":[\"https:\\\/\\\/www.muyjujuy.com\\\/index.php\\\/2022\\\/07\\\/04\\\/jujuy-celebro-la-beatificacion-de-don-pedro-ortiz-de-zarate\\\/\"]}]},{\"@type\":\"ImageObject\",\"inLanguage\":\"es-AR\",\"@id\":\"https:\\\/\\\/www.muyjujuy.com\\\/index.php\\\/2022\\\/07\\\/04\\\/jujuy-celebro-la-beatificacion-de-don-pedro-ortiz-de-zarate\\\/#primaryimage\",\"url\":\"https:\\\/\\\/www.muyjujuy.com\\\/wp-content\\\/uploads\\\/2022\\\/07\\\/WhatsApp-Image-2022-07-04-at-11.12.46-AM.jpeg\",\"contentUrl\":\"https:\\\/\\\/www.muyjujuy.com\\\/wp-content\\\/uploads\\\/2022\\\/07\\\/WhatsApp-Image-2022-07-04-at-11.12.46-AM.jpeg\",\"width\":1012,\"height\":675},{\"@type\":\"BreadcrumbList\",\"@id\":\"https:\\\/\\\/www.muyjujuy.com\\\/index.php\\\/2022\\\/07\\\/04\\\/jujuy-celebro-la-beatificacion-de-don-pedro-ortiz-de-zarate\\\/#breadcrumb\",\"itemListElement\":[{\"@type\":\"ListItem\",\"position\":1,\"name\":\"Inicio\",\"item\":\"https:\\\/\\\/www.muyjujuy.com\\\/\"},{\"@type\":\"ListItem\",\"position\":2,\"name\":\"Jujuy celebr\u00f3 la beatificaci\u00f3n de don Pedro Ortiz de Z\u00e1rate\"}]},{\"@type\":\"WebSite\",\"@id\":\"https:\\\/\\\/www.muyjujuy.com\\\/#website\",\"url\":\"https:\\\/\\\/www.muyjujuy.com\\\/\",\"name\":\"Muy Jujuy\",\"description\":\"\",\"publisher\":{\"@id\":\"https:\\\/\\\/www.muyjujuy.com\\\/#organization\"},\"potentialAction\":[{\"@type\":\"SearchAction\",\"target\":{\"@type\":\"EntryPoint\",\"urlTemplate\":\"https:\\\/\\\/www.muyjujuy.com\\\/?s={search_term_string}\"},\"query-input\":{\"@type\":\"PropertyValueSpecification\",\"valueRequired\":true,\"valueName\":\"search_term_string\"}}],\"inLanguage\":\"es-AR\"},{\"@type\":\"Organization\",\"@id\":\"https:\\\/\\\/www.muyjujuy.com\\\/#organization\",\"name\":\"Muy Jujuy\",\"url\":\"https:\\\/\\\/www.muyjujuy.com\\\/\",\"logo\":{\"@type\":\"ImageObject\",\"inLanguage\":\"es-AR\",\"@id\":\"https:\\\/\\\/www.muyjujuy.com\\\/#\\\/schema\\\/logo\\\/image\\\/\",\"url\":\"http:\\\/\\\/www.muyjujuy.com\\\/wp-content\\\/uploads\\\/2022\\\/05\\\/logo-mobil-jujuy.png\",\"contentUrl\":\"http:\\\/\\\/www.muyjujuy.com\\\/wp-content\\\/uploads\\\/2022\\\/05\\\/logo-mobil-jujuy.png\",\"width\":174,\"height\":81,\"caption\":\"Muy Jujuy\"},\"image\":{\"@id\":\"https:\\\/\\\/www.muyjujuy.com\\\/#\\\/schema\\\/logo\\\/image\\\/\"},\"sameAs\":[\"https:\\\/\\\/www.facebook.com\\\/muyjujuycom\",\"https:\\\/\\\/x.com\\\/muyjujuy\",\"https:\\\/\\\/www.instagram.com\\\/muyjujuycom\"]},{\"@type\":\"Person\",\"@id\":\"https:\\\/\\\/www.muyjujuy.com\\\/#\\\/schema\\\/person\\\/1d0f6e223ccea9e3f9034c1a5b683bf2\",\"name\":\"Redacci\u00f3n Muy Jujuy\",\"image\":{\"@type\":\"ImageObject\",\"inLanguage\":\"es-AR\",\"@id\":\"https:\\\/\\\/secure.gravatar.com\\\/avatar\\\/fec5f6f1893d741ed5eecccff109ce43e67a855411202a3212a058cb8e5c27d4?s=96&d=mm&r=g\",\"url\":\"https:\\\/\\\/secure.gravatar.com\\\/avatar\\\/fec5f6f1893d741ed5eecccff109ce43e67a855411202a3212a058cb8e5c27d4?s=96&d=mm&r=g\",\"contentUrl\":\"https:\\\/\\\/secure.gravatar.com\\\/avatar\\\/fec5f6f1893d741ed5eecccff109ce43e67a855411202a3212a058cb8e5c27d4?s=96&d=mm&r=g\",\"caption\":\"Redacci\u00f3n Muy Jujuy\"},\"url\":\"https:\\\/\\\/www.muyjujuy.com\\\/index.php\\\/author\\\/editor\\\/\"}]}<\/script>\n<!-- \/ Yoast SEO plugin. -->","yoast_head_json":{"title":"Jujuy celebr\u00f3 la beatificaci\u00f3n de don Pedro Ortiz de Z\u00e1rate - Muy Jujuy","description":"El infatigable sacerdote, Pedro Ortiz de Z\u00e1rate, amante de su tierra natal, consigui\u00f3 a trav\u00e9s de la dulzura y la belleza de la fe su beatificaci\u00f3n.","robots":{"index":"index","follow":"follow","max-snippet":"max-snippet:-1","max-image-preview":"max-image-preview:large","max-video-preview":"max-video-preview:-1"},"canonical":"https:\/\/www.muyjujuy.com\/index.php\/2022\/07\/04\/jujuy-celebro-la-beatificacion-de-don-pedro-ortiz-de-zarate\/","og_locale":"es_ES","og_type":"article","og_title":"Jujuy celebr\u00f3 la beatificaci\u00f3n de don Pedro Ortiz de Z\u00e1rate - Muy Jujuy","og_description":"El infatigable sacerdote, Pedro Ortiz de Z\u00e1rate, amante de su tierra natal, consigui\u00f3 a trav\u00e9s de la dulzura y la belleza de la fe su beatificaci\u00f3n.","og_url":"https:\/\/www.muyjujuy.com\/index.php\/2022\/07\/04\/jujuy-celebro-la-beatificacion-de-don-pedro-ortiz-de-zarate\/","og_site_name":"Muy Jujuy","article_publisher":"https:\/\/www.facebook.com\/muyjujuycom","article_published_time":"2022-07-04T14:17:00+00:00","article_modified_time":"2022-07-04T14:17:01+00:00","og_image":[{"width":1012,"height":675,"url":"https:\/\/www.muyjujuy.com\/wp-content\/uploads\/2022\/07\/WhatsApp-Image-2022-07-04-at-11.12.46-AM.jpeg","type":"image\/jpeg"}],"author":"Redacci\u00f3n Muy Jujuy","twitter_card":"summary_large_image","twitter_creator":"@muyjujuy","twitter_site":"@muyjujuy","twitter_misc":{"Escrito por":"Redacci\u00f3n Muy Jujuy","Tiempo de lectura":"3 minutos"},"schema":{"@context":"https:\/\/schema.org","@graph":[{"@type":"Article","@id":"https:\/\/www.muyjujuy.com\/index.php\/2022\/07\/04\/jujuy-celebro-la-beatificacion-de-don-pedro-ortiz-de-zarate\/#article","isPartOf":{"@id":"https:\/\/www.muyjujuy.com\/index.php\/2022\/07\/04\/jujuy-celebro-la-beatificacion-de-don-pedro-ortiz-de-zarate\/"},"author":{"name":"Redacci\u00f3n Muy Jujuy","@id":"https:\/\/www.muyjujuy.com\/#\/schema\/person\/1d0f6e223ccea9e3f9034c1a5b683bf2"},"headline":"Jujuy celebr\u00f3 la beatificaci\u00f3n de don Pedro Ortiz de Z\u00e1rate","datePublished":"2022-07-04T14:17:00+00:00","dateModified":"2022-07-04T14:17:01+00:00","mainEntityOfPage":{"@id":"https:\/\/www.muyjujuy.com\/index.php\/2022\/07\/04\/jujuy-celebro-la-beatificacion-de-don-pedro-ortiz-de-zarate\/"},"wordCount":459,"commentCount":0,"publisher":{"@id":"https:\/\/www.muyjujuy.com\/#organization"},"image":{"@id":"https:\/\/www.muyjujuy.com\/index.php\/2022\/07\/04\/jujuy-celebro-la-beatificacion-de-don-pedro-ortiz-de-zarate\/#primaryimage"},"thumbnailUrl":"https:\/\/www.muyjujuy.com\/wp-content\/uploads\/2022\/07\/WhatsApp-Image-2022-07-04-at-11.12.46-AM.jpeg","keywords":["Gerardo Morales","Jujuy","San Salvador"],"articleSection":["Sociedad"],"inLanguage":"es-AR","potentialAction":[{"@type":"CommentAction","name":"Comment","target":["https:\/\/www.muyjujuy.com\/index.php\/2022\/07\/04\/jujuy-celebro-la-beatificacion-de-don-pedro-ortiz-de-zarate\/#respond"]}]},{"@type":"WebPage","@id":"https:\/\/www.muyjujuy.com\/index.php\/2022\/07\/04\/jujuy-celebro-la-beatificacion-de-don-pedro-ortiz-de-zarate\/","url":"https:\/\/www.muyjujuy.com\/index.php\/2022\/07\/04\/jujuy-celebro-la-beatificacion-de-don-pedro-ortiz-de-zarate\/","name":"Jujuy celebr\u00f3 la beatificaci\u00f3n de don Pedro Ortiz de Z\u00e1rate - Muy Jujuy","isPartOf":{"@id":"https:\/\/www.muyjujuy.com\/#website"},"primaryImageOfPage":{"@id":"https:\/\/www.muyjujuy.com\/index.php\/2022\/07\/04\/jujuy-celebro-la-beatificacion-de-don-pedro-ortiz-de-zarate\/#primaryimage"},"image":{"@id":"https:\/\/www.muyjujuy.com\/index.php\/2022\/07\/04\/jujuy-celebro-la-beatificacion-de-don-pedro-ortiz-de-zarate\/#primaryimage"},"thumbnailUrl":"https:\/\/www.muyjujuy.com\/wp-content\/uploads\/2022\/07\/WhatsApp-Image-2022-07-04-at-11.12.46-AM.jpeg","datePublished":"2022-07-04T14:17:00+00:00","dateModified":"2022-07-04T14:17:01+00:00","description":"El infatigable sacerdote, Pedro Ortiz de Z\u00e1rate, amante de su tierra natal, consigui\u00f3 a trav\u00e9s de la dulzura y la belleza de la fe su beatificaci\u00f3n.","breadcrumb":{"@id":"https:\/\/www.muyjujuy.com\/index.php\/2022\/07\/04\/jujuy-celebro-la-beatificacion-de-don-pedro-ortiz-de-zarate\/#breadcrumb"},"inLanguage":"es-AR","potentialAction":[{"@type":"ReadAction","target":["https:\/\/www.muyjujuy.com\/index.php\/2022\/07\/04\/jujuy-celebro-la-beatificacion-de-don-pedro-ortiz-de-zarate\/"]}]},{"@type":"ImageObject","inLanguage":"es-AR","@id":"https:\/\/www.muyjujuy.com\/index.php\/2022\/07\/04\/jujuy-celebro-la-beatificacion-de-don-pedro-ortiz-de-zarate\/#primaryimage","url":"https:\/\/www.muyjujuy.com\/wp-content\/uploads\/2022\/07\/WhatsApp-Image-2022-07-04-at-11.12.46-AM.jpeg","contentUrl":"https:\/\/www.muyjujuy.com\/wp-content\/uploads\/2022\/07\/WhatsApp-Image-2022-07-04-at-11.12.46-AM.jpeg","width":1012,"height":675},{"@type":"BreadcrumbList","@id":"https:\/\/www.muyjujuy.com\/index.php\/2022\/07\/04\/jujuy-celebro-la-beatificacion-de-don-pedro-ortiz-de-zarate\/#breadcrumb","itemListElement":[{"@type":"ListItem","position":1,"name":"Inicio","item":"https:\/\/www.muyjujuy.com\/"},{"@type":"ListItem","position":2,"name":"Jujuy celebr\u00f3 la beatificaci\u00f3n de don Pedro Ortiz de Z\u00e1rate"}]},{"@type":"WebSite","@id":"https:\/\/www.muyjujuy.com\/#website","url":"https:\/\/www.muyjujuy.com\/","name":"Muy Jujuy","description":"","publisher":{"@id":"https:\/\/www.muyjujuy.com\/#organization"},"potentialAction":[{"@type":"SearchAction","target":{"@type":"EntryPoint","urlTemplate":"https:\/\/www.muyjujuy.com\/?s={search_term_string}"},"query-input":{"@type":"PropertyValueSpecification","valueRequired":true,"valueName":"search_term_string"}}],"inLanguage":"es-AR"},{"@type":"Organization","@id":"https:\/\/www.muyjujuy.com\/#organization","name":"Muy Jujuy","url":"https:\/\/www.muyjujuy.com\/","logo":{"@type":"ImageObject","inLanguage":"es-AR","@id":"https:\/\/www.muyjujuy.com\/#\/schema\/logo\/image\/","url":"http:\/\/www.muyjujuy.com\/wp-content\/uploads\/2022\/05\/logo-mobil-jujuy.png","contentUrl":"http:\/\/www.muyjujuy.com\/wp-content\/uploads\/2022\/05\/logo-mobil-jujuy.png","width":174,"height":81,"caption":"Muy Jujuy"},"image":{"@id":"https:\/\/www.muyjujuy.com\/#\/schema\/logo\/image\/"},"sameAs":["https:\/\/www.facebook.com\/muyjujuycom","https:\/\/x.com\/muyjujuy","https:\/\/www.instagram.com\/muyjujuycom"]},{"@type":"Person","@id":"https:\/\/www.muyjujuy.com\/#\/schema\/person\/1d0f6e223ccea9e3f9034c1a5b683bf2","name":"Redacci\u00f3n Muy Jujuy","image":{"@type":"ImageObject","inLanguage":"es-AR","@id":"https:\/\/secure.gravatar.com\/avatar\/fec5f6f1893d741ed5eecccff109ce43e67a855411202a3212a058cb8e5c27d4?s=96&d=mm&r=g","url":"https:\/\/secure.gravatar.com\/avatar\/fec5f6f1893d741ed5eecccff109ce43e67a855411202a3212a058cb8e5c27d4?s=96&d=mm&r=g","contentUrl":"https:\/\/secure.gravatar.com\/avatar\/fec5f6f1893d741ed5eecccff109ce43e67a855411202a3212a058cb8e5c27d4?s=96&d=mm&r=g","caption":"Redacci\u00f3n Muy Jujuy"},"url":"https:\/\/www.muyjujuy.com\/index.php\/author\/editor\/"}]}},"_links":{"self":[{"href":"https:\/\/www.muyjujuy.com\/index.php\/wp-json\/wp\/v2\/posts\/779","targetHints":{"allow":["GET"]}}],"collection":[{"href":"https:\/\/www.muyjujuy.com\/index.php\/wp-json\/wp\/v2\/posts"}],"about":[{"href":"https:\/\/www.muyjujuy.com\/index.php\/wp-json\/wp\/v2\/types\/post"}],"author":[{"embeddable":true,"href":"https:\/\/www.muyjujuy.com\/index.php\/wp-json\/wp\/v2\/users\/3"}],"replies":[{"embeddable":true,"href":"https:\/\/www.muyjujuy.com\/index.php\/wp-json\/wp\/v2\/comments?post=779"}],"version-history":[{"count":1,"href":"https:\/\/www.muyjujuy.com\/index.php\/wp-json\/wp\/v2\/posts\/779\/revisions"}],"predecessor-version":[{"id":782,"href":"https:\/\/www.muyjujuy.com\/index.php\/wp-json\/wp\/v2\/posts\/779\/revisions\/782"}],"wp:featuredmedia":[{"embeddable":true,"href":"https:\/\/www.muyjujuy.com\/index.php\/wp-json\/wp\/v2\/media\/781"}],"wp:attachment":[{"href":"https:\/\/www.muyjujuy.com\/index.php\/wp-json\/wp\/v2\/media?parent=779"}],"wp:term":[{"taxonomy":"category","embeddable":true,"href":"https:\/\/www.muyjujuy.com\/index.php\/wp-json\/wp\/v2\/categories?post=779"},{"taxonomy":"post_tag","embeddable":true,"href":"https:\/\/www.muyjujuy.com\/index.php\/wp-json\/wp\/v2\/tags?post=779"}],"curies":[{"name":"wp","href":"https:\/\/api.w.org\/{rel}","templated":true}]}}