{"id":804,"date":"2022-07-05T15:29:14","date_gmt":"2022-07-05T18:29:14","guid":{"rendered":"https:\/\/www.muyjujuy.com\/?p=804"},"modified":"2022-07-05T15:29:16","modified_gmt":"2022-07-05T18:29:16","slug":"jujuy-suspendieron-los-vuelos-programados-para-el-domingo","status":"publish","type":"post","link":"https:\/\/www.muyjujuy.com\/index.php\/2022\/07\/05\/jujuy-suspendieron-los-vuelos-programados-para-el-domingo\/","title":{"rendered":"Jujuy: suspendieron los vuelos programados para el domingo"},"content":{"rendered":"\n<p><em>Los vuelos programados para el 10 de julio ser\u00e1n reprogramados y el lunes el aeropuerto operar\u00e1 con normalidad.<\/em> <\/p>\n\n\n\n<p>El encargado del aeropuerto de Jujuy, <strong>Jos\u00e9 Luis Subirat<\/strong> ,anticip\u00f3 que <strong>los vuelos de este domingo 10 fueron suspendidos <\/strong>debido a trabajos que realizar\u00e1n en el lugar.<\/p>\n\n\n\n<p><strong>&#8220;A partir de las 11 vamos a suspender las operaciones en el aeropuerto porque no va a haber servicios de control de tr\u00e1nsito a\u00e9reo&#8221;, <\/strong>explic\u00f3.<\/p>\n\n\n\n<p>Seg\u00fan coment\u00f3, est\u00e1 todo listo para <strong>comenzar los trabajos para cambiar la torre de control.<\/strong> &#8220;Necesitamos mover f\u00edsicamente todo el equipamiento de la torre vieja a la torre nueva&#8221;, detall\u00f3.<\/p>\n\n\n\n<p>Debido a esta situaci\u00f3n, <strong>el domingo los vuelos fueron suspendidos. El lunes volver\u00e1n a operar con normalidad.<\/strong><\/p>\n\n\n\n<h2 class=\"wp-block-heading\"><strong>Vuelo Jujuy &#8211; Iguaz\u00fa<\/strong><\/h2>\n\n\n\n<p><a href=\"https:\/\/www.muyjujuy.com\/index.php\/2022\/07\/05\/arribo-a-jujuy-el-vuelo-inaugural-de-la-temporada-con-turistas-provenientes-desde-iguazu\/\">La provincia de Jujuy recibi\u00f3 este lunes a los primeros turistas de la temporada invernal <\/a>a trav\u00e9s del\u00a0<strong>vuelo inaugural de Aerol\u00edneas Argentinas\u00a0<\/strong>proveniente de la ciudad de Iguaz\u00fa, Misiones. Este martes, llegar\u00e1 el vuelo de Mendoza.<\/p>\n\n\n\n<p>El aeropuerto internacional Horacio Guzm\u00e1n fue el lugar donde a pura m\u00fasica y danzas tradicionales&nbsp;<strong>los visitantes fueron sorprendidos con agasajos<\/strong>.<\/p>\n\n\n\n<p><strong>\u201cEst\u00e1bamos ansiosos de inaugurar este vuelo. Es el primero que nos va a conectar con la regi\u00f3n del litoral\u201d,&nbsp;<\/strong>expres\u00f3 el ministro de Cultura y Turismo de Jujuy,&nbsp;<strong>Federico Posadas<\/strong>.<\/p>\n\n\n\n<p>Asimismo, sostuvo que<strong>&nbsp;\u201cla demanda que est\u00e1 teniendo el destino Jujuy, fue escuchado\u201d<\/strong>&nbsp;por las autoridades de la aerol\u00ednea de bandera para concretar la ruta.<\/p>\n","protected":false},"excerpt":{"rendered":"<p>Los vuelos programados para el 10 de julio ser\u00e1n reprogramados y el lunes el aeropuerto operar\u00e1 con normalidad. El encargado del aeropuerto de Jujuy, Jos\u00e9 Luis Subirat ,anticip\u00f3 que los vuelos de este domingo 10 fueron suspendidos debido a trabajos que realizar\u00e1n en el lugar. &#8220;A partir de las 11 vamos a suspender las operaciones [&hellip;]<\/p>\n","protected":false},"author":3,"featured_media":805,"comment_status":"open","ping_status":"open","sticky":false,"template":"","format":"standard","meta":{"footnotes":""},"categories":[25],"tags":[8,702],"class_list":{"0":"post-804","1":"post","2":"type-post","3":"status-publish","4":"format-standard","5":"has-post-thumbnail","7":"category-sociedad","8":"tag-jujuy","9":"tag-vuelos"},"yoast_head":"<!-- This site is optimized with the Yoast SEO plugin v27.5 - https:\/\/yoast.com\/product\/yoast-seo-wordpress\/ -->\n<title>Jujuy: suspendieron los vuelos programados para el domingo - Muy Jujuy<\/title>\n<meta name=\"description\" content=\"El encargado del aeropuerto de Jujuy, Jos\u00e9 Luis Subirat ,anticip\u00f3 que los vuelos de este domingo 10 fueron suspendidos debido a trabajos que realizar\u00e1n en el lugar.\" \/>\n<meta name=\"robots\" content=\"index, follow, max-snippet:-1, max-image-preview:large, max-video-preview:-1\" \/>\n<link rel=\"canonical\" href=\"https:\/\/www.muyjujuy.com\/index.php\/2022\/07\/05\/jujuy-suspendieron-los-vuelos-programados-para-el-domingo\/\" \/>\n<meta property=\"og:locale\" content=\"es_ES\" \/>\n<meta property=\"og:type\" content=\"article\" \/>\n<meta property=\"og:title\" content=\"Jujuy: suspendieron los vuelos programados para el domingo - Muy Jujuy\" \/>\n<meta property=\"og:description\" content=\"El encargado del aeropuerto de Jujuy, Jos\u00e9 Luis Subirat ,anticip\u00f3 que los vuelos de este domingo 10 fueron suspendidos debido a trabajos que realizar\u00e1n en el lugar.\" \/>\n<meta property=\"og:url\" content=\"https:\/\/www.muyjujuy.com\/index.php\/2022\/07\/05\/jujuy-suspendieron-los-vuelos-programados-para-el-domingo\/\" \/>\n<meta property=\"og:site_name\" content=\"Muy Jujuy\" \/>\n<meta property=\"article:publisher\" content=\"https:\/\/www.facebook.com\/muyjujuycom\" \/>\n<meta property=\"article:published_time\" content=\"2022-07-05T18:29:14+00:00\" \/>\n<meta property=\"article:modified_time\" content=\"2022-07-05T18:29:16+00:00\" \/>\n<meta property=\"og:image\" content=\"https:\/\/www.muyjujuy.com\/wp-content\/uploads\/2022\/07\/WhatsApp-Image-2022-07-05-at-3.27.24-PM.jpeg\" \/>\n\t<meta property=\"og:image:width\" content=\"990\" \/>\n\t<meta property=\"og:image:height\" content=\"610\" \/>\n\t<meta property=\"og:image:type\" content=\"image\/jpeg\" \/>\n<meta name=\"author\" content=\"Redacci\u00f3n Muy Jujuy\" \/>\n<meta name=\"twitter:card\" content=\"summary_large_image\" \/>\n<meta name=\"twitter:creator\" content=\"@muyjujuy\" \/>\n<meta name=\"twitter:site\" content=\"@muyjujuy\" \/>\n<meta name=\"twitter:label1\" content=\"Escrito por\" \/>\n\t<meta name=\"twitter:data1\" content=\"Redacci\u00f3n Muy Jujuy\" \/>\n\t<meta name=\"twitter:label2\" content=\"Tiempo de lectura\" \/>\n\t<meta name=\"twitter:data2\" content=\"2 minutos\" \/>\n<script type=\"application\/ld+json\" class=\"yoast-schema-graph\">{\"@context\":\"https:\\\/\\\/schema.org\",\"@graph\":[{\"@type\":\"Article\",\"@id\":\"https:\\\/\\\/www.muyjujuy.com\\\/index.php\\\/2022\\\/07\\\/05\\\/jujuy-suspendieron-los-vuelos-programados-para-el-domingo\\\/#article\",\"isPartOf\":{\"@id\":\"https:\\\/\\\/www.muyjujuy.com\\\/index.php\\\/2022\\\/07\\\/05\\\/jujuy-suspendieron-los-vuelos-programados-para-el-domingo\\\/\"},\"author\":{\"name\":\"Redacci\u00f3n Muy Jujuy\",\"@id\":\"https:\\\/\\\/www.muyjujuy.com\\\/#\\\/schema\\\/person\\\/1d0f6e223ccea9e3f9034c1a5b683bf2\"},\"headline\":\"Jujuy: suspendieron los vuelos programados para el domingo\",\"datePublished\":\"2022-07-05T18:29:14+00:00\",\"dateModified\":\"2022-07-05T18:29:16+00:00\",\"mainEntityOfPage\":{\"@id\":\"https:\\\/\\\/www.muyjujuy.com\\\/index.php\\\/2022\\\/07\\\/05\\\/jujuy-suspendieron-los-vuelos-programados-para-el-domingo\\\/\"},\"wordCount\":259,\"commentCount\":0,\"publisher\":{\"@id\":\"https:\\\/\\\/www.muyjujuy.com\\\/#organization\"},\"image\":{\"@id\":\"https:\\\/\\\/www.muyjujuy.com\\\/index.php\\\/2022\\\/07\\\/05\\\/jujuy-suspendieron-los-vuelos-programados-para-el-domingo\\\/#primaryimage\"},\"thumbnailUrl\":\"https:\\\/\\\/www.muyjujuy.com\\\/wp-content\\\/uploads\\\/2022\\\/07\\\/WhatsApp-Image-2022-07-05-at-3.27.24-PM.jpeg\",\"keywords\":[\"Jujuy\",\"Vuelos\"],\"articleSection\":[\"Sociedad\"],\"inLanguage\":\"es-AR\",\"potentialAction\":[{\"@type\":\"CommentAction\",\"name\":\"Comment\",\"target\":[\"https:\\\/\\\/www.muyjujuy.com\\\/index.php\\\/2022\\\/07\\\/05\\\/jujuy-suspendieron-los-vuelos-programados-para-el-domingo\\\/#respond\"]}]},{\"@type\":\"WebPage\",\"@id\":\"https:\\\/\\\/www.muyjujuy.com\\\/index.php\\\/2022\\\/07\\\/05\\\/jujuy-suspendieron-los-vuelos-programados-para-el-domingo\\\/\",\"url\":\"https:\\\/\\\/www.muyjujuy.com\\\/index.php\\\/2022\\\/07\\\/05\\\/jujuy-suspendieron-los-vuelos-programados-para-el-domingo\\\/\",\"name\":\"Jujuy: suspendieron los vuelos programados para el domingo - Muy Jujuy\",\"isPartOf\":{\"@id\":\"https:\\\/\\\/www.muyjujuy.com\\\/#website\"},\"primaryImageOfPage\":{\"@id\":\"https:\\\/\\\/www.muyjujuy.com\\\/index.php\\\/2022\\\/07\\\/05\\\/jujuy-suspendieron-los-vuelos-programados-para-el-domingo\\\/#primaryimage\"},\"image\":{\"@id\":\"https:\\\/\\\/www.muyjujuy.com\\\/index.php\\\/2022\\\/07\\\/05\\\/jujuy-suspendieron-los-vuelos-programados-para-el-domingo\\\/#primaryimage\"},\"thumbnailUrl\":\"https:\\\/\\\/www.muyjujuy.com\\\/wp-content\\\/uploads\\\/2022\\\/07\\\/WhatsApp-Image-2022-07-05-at-3.27.24-PM.jpeg\",\"datePublished\":\"2022-07-05T18:29:14+00:00\",\"dateModified\":\"2022-07-05T18:29:16+00:00\",\"description\":\"El encargado del aeropuerto de Jujuy, Jos\u00e9 Luis Subirat ,anticip\u00f3 que los vuelos de este domingo 10 fueron suspendidos debido a trabajos que realizar\u00e1n en el lugar.\",\"breadcrumb\":{\"@id\":\"https:\\\/\\\/www.muyjujuy.com\\\/index.php\\\/2022\\\/07\\\/05\\\/jujuy-suspendieron-los-vuelos-programados-para-el-domingo\\\/#breadcrumb\"},\"inLanguage\":\"es-AR\",\"potentialAction\":[{\"@type\":\"ReadAction\",\"target\":[\"https:\\\/\\\/www.muyjujuy.com\\\/index.php\\\/2022\\\/07\\\/05\\\/jujuy-suspendieron-los-vuelos-programados-para-el-domingo\\\/\"]}]},{\"@type\":\"ImageObject\",\"inLanguage\":\"es-AR\",\"@id\":\"https:\\\/\\\/www.muyjujuy.com\\\/index.php\\\/2022\\\/07\\\/05\\\/jujuy-suspendieron-los-vuelos-programados-para-el-domingo\\\/#primaryimage\",\"url\":\"https:\\\/\\\/www.muyjujuy.com\\\/wp-content\\\/uploads\\\/2022\\\/07\\\/WhatsApp-Image-2022-07-05-at-3.27.24-PM.jpeg\",\"contentUrl\":\"https:\\\/\\\/www.muyjujuy.com\\\/wp-content\\\/uploads\\\/2022\\\/07\\\/WhatsApp-Image-2022-07-05-at-3.27.24-PM.jpeg\",\"width\":990,\"height\":610},{\"@type\":\"BreadcrumbList\",\"@id\":\"https:\\\/\\\/www.muyjujuy.com\\\/index.php\\\/2022\\\/07\\\/05\\\/jujuy-suspendieron-los-vuelos-programados-para-el-domingo\\\/#breadcrumb\",\"itemListElement\":[{\"@type\":\"ListItem\",\"position\":1,\"name\":\"Inicio\",\"item\":\"https:\\\/\\\/www.muyjujuy.com\\\/\"},{\"@type\":\"ListItem\",\"position\":2,\"name\":\"Jujuy: suspendieron los vuelos programados para el domingo\"}]},{\"@type\":\"WebSite\",\"@id\":\"https:\\\/\\\/www.muyjujuy.com\\\/#website\",\"url\":\"https:\\\/\\\/www.muyjujuy.com\\\/\",\"name\":\"Muy Jujuy\",\"description\":\"\",\"publisher\":{\"@id\":\"https:\\\/\\\/www.muyjujuy.com\\\/#organization\"},\"potentialAction\":[{\"@type\":\"SearchAction\",\"target\":{\"@type\":\"EntryPoint\",\"urlTemplate\":\"https:\\\/\\\/www.muyjujuy.com\\\/?s={search_term_string}\"},\"query-input\":{\"@type\":\"PropertyValueSpecification\",\"valueRequired\":true,\"valueName\":\"search_term_string\"}}],\"inLanguage\":\"es-AR\"},{\"@type\":\"Organization\",\"@id\":\"https:\\\/\\\/www.muyjujuy.com\\\/#organization\",\"name\":\"Muy Jujuy\",\"url\":\"https:\\\/\\\/www.muyjujuy.com\\\/\",\"logo\":{\"@type\":\"ImageObject\",\"inLanguage\":\"es-AR\",\"@id\":\"https:\\\/\\\/www.muyjujuy.com\\\/#\\\/schema\\\/logo\\\/image\\\/\",\"url\":\"http:\\\/\\\/www.muyjujuy.com\\\/wp-content\\\/uploads\\\/2022\\\/05\\\/logo-mobil-jujuy.png\",\"contentUrl\":\"http:\\\/\\\/www.muyjujuy.com\\\/wp-content\\\/uploads\\\/2022\\\/05\\\/logo-mobil-jujuy.png\",\"width\":174,\"height\":81,\"caption\":\"Muy Jujuy\"},\"image\":{\"@id\":\"https:\\\/\\\/www.muyjujuy.com\\\/#\\\/schema\\\/logo\\\/image\\\/\"},\"sameAs\":[\"https:\\\/\\\/www.facebook.com\\\/muyjujuycom\",\"https:\\\/\\\/x.com\\\/muyjujuy\",\"https:\\\/\\\/www.instagram.com\\\/muyjujuycom\"]},{\"@type\":\"Person\",\"@id\":\"https:\\\/\\\/www.muyjujuy.com\\\/#\\\/schema\\\/person\\\/1d0f6e223ccea9e3f9034c1a5b683bf2\",\"name\":\"Redacci\u00f3n Muy Jujuy\",\"image\":{\"@type\":\"ImageObject\",\"inLanguage\":\"es-AR\",\"@id\":\"https:\\\/\\\/secure.gravatar.com\\\/avatar\\\/fec5f6f1893d741ed5eecccff109ce43e67a855411202a3212a058cb8e5c27d4?s=96&d=mm&r=g\",\"url\":\"https:\\\/\\\/secure.gravatar.com\\\/avatar\\\/fec5f6f1893d741ed5eecccff109ce43e67a855411202a3212a058cb8e5c27d4?s=96&d=mm&r=g\",\"contentUrl\":\"https:\\\/\\\/secure.gravatar.com\\\/avatar\\\/fec5f6f1893d741ed5eecccff109ce43e67a855411202a3212a058cb8e5c27d4?s=96&d=mm&r=g\",\"caption\":\"Redacci\u00f3n Muy Jujuy\"},\"url\":\"https:\\\/\\\/www.muyjujuy.com\\\/index.php\\\/author\\\/editor\\\/\"}]}<\/script>\n<!-- \/ Yoast SEO plugin. -->","yoast_head_json":{"title":"Jujuy: suspendieron los vuelos programados para el domingo - Muy Jujuy","description":"El encargado del aeropuerto de Jujuy, Jos\u00e9 Luis Subirat ,anticip\u00f3 que los vuelos de este domingo 10 fueron suspendidos debido a trabajos que realizar\u00e1n en el lugar.","robots":{"index":"index","follow":"follow","max-snippet":"max-snippet:-1","max-image-preview":"max-image-preview:large","max-video-preview":"max-video-preview:-1"},"canonical":"https:\/\/www.muyjujuy.com\/index.php\/2022\/07\/05\/jujuy-suspendieron-los-vuelos-programados-para-el-domingo\/","og_locale":"es_ES","og_type":"article","og_title":"Jujuy: suspendieron los vuelos programados para el domingo - Muy Jujuy","og_description":"El encargado del aeropuerto de Jujuy, Jos\u00e9 Luis Subirat ,anticip\u00f3 que los vuelos de este domingo 10 fueron suspendidos debido a trabajos que realizar\u00e1n en el lugar.","og_url":"https:\/\/www.muyjujuy.com\/index.php\/2022\/07\/05\/jujuy-suspendieron-los-vuelos-programados-para-el-domingo\/","og_site_name":"Muy Jujuy","article_publisher":"https:\/\/www.facebook.com\/muyjujuycom","article_published_time":"2022-07-05T18:29:14+00:00","article_modified_time":"2022-07-05T18:29:16+00:00","og_image":[{"width":990,"height":610,"url":"https:\/\/www.muyjujuy.com\/wp-content\/uploads\/2022\/07\/WhatsApp-Image-2022-07-05-at-3.27.24-PM.jpeg","type":"image\/jpeg"}],"author":"Redacci\u00f3n Muy Jujuy","twitter_card":"summary_large_image","twitter_creator":"@muyjujuy","twitter_site":"@muyjujuy","twitter_misc":{"Escrito por":"Redacci\u00f3n Muy Jujuy","Tiempo de lectura":"2 minutos"},"schema":{"@context":"https:\/\/schema.org","@graph":[{"@type":"Article","@id":"https:\/\/www.muyjujuy.com\/index.php\/2022\/07\/05\/jujuy-suspendieron-los-vuelos-programados-para-el-domingo\/#article","isPartOf":{"@id":"https:\/\/www.muyjujuy.com\/index.php\/2022\/07\/05\/jujuy-suspendieron-los-vuelos-programados-para-el-domingo\/"},"author":{"name":"Redacci\u00f3n Muy Jujuy","@id":"https:\/\/www.muyjujuy.com\/#\/schema\/person\/1d0f6e223ccea9e3f9034c1a5b683bf2"},"headline":"Jujuy: suspendieron los vuelos programados para el domingo","datePublished":"2022-07-05T18:29:14+00:00","dateModified":"2022-07-05T18:29:16+00:00","mainEntityOfPage":{"@id":"https:\/\/www.muyjujuy.com\/index.php\/2022\/07\/05\/jujuy-suspendieron-los-vuelos-programados-para-el-domingo\/"},"wordCount":259,"commentCount":0,"publisher":{"@id":"https:\/\/www.muyjujuy.com\/#organization"},"image":{"@id":"https:\/\/www.muyjujuy.com\/index.php\/2022\/07\/05\/jujuy-suspendieron-los-vuelos-programados-para-el-domingo\/#primaryimage"},"thumbnailUrl":"https:\/\/www.muyjujuy.com\/wp-content\/uploads\/2022\/07\/WhatsApp-Image-2022-07-05-at-3.27.24-PM.jpeg","keywords":["Jujuy","Vuelos"],"articleSection":["Sociedad"],"inLanguage":"es-AR","potentialAction":[{"@type":"CommentAction","name":"Comment","target":["https:\/\/www.muyjujuy.com\/index.php\/2022\/07\/05\/jujuy-suspendieron-los-vuelos-programados-para-el-domingo\/#respond"]}]},{"@type":"WebPage","@id":"https:\/\/www.muyjujuy.com\/index.php\/2022\/07\/05\/jujuy-suspendieron-los-vuelos-programados-para-el-domingo\/","url":"https:\/\/www.muyjujuy.com\/index.php\/2022\/07\/05\/jujuy-suspendieron-los-vuelos-programados-para-el-domingo\/","name":"Jujuy: suspendieron los vuelos programados para el domingo - Muy Jujuy","isPartOf":{"@id":"https:\/\/www.muyjujuy.com\/#website"},"primaryImageOfPage":{"@id":"https:\/\/www.muyjujuy.com\/index.php\/2022\/07\/05\/jujuy-suspendieron-los-vuelos-programados-para-el-domingo\/#primaryimage"},"image":{"@id":"https:\/\/www.muyjujuy.com\/index.php\/2022\/07\/05\/jujuy-suspendieron-los-vuelos-programados-para-el-domingo\/#primaryimage"},"thumbnailUrl":"https:\/\/www.muyjujuy.com\/wp-content\/uploads\/2022\/07\/WhatsApp-Image-2022-07-05-at-3.27.24-PM.jpeg","datePublished":"2022-07-05T18:29:14+00:00","dateModified":"2022-07-05T18:29:16+00:00","description":"El encargado del aeropuerto de Jujuy, Jos\u00e9 Luis Subirat ,anticip\u00f3 que los vuelos de este domingo 10 fueron suspendidos debido a trabajos que realizar\u00e1n en el lugar.","breadcrumb":{"@id":"https:\/\/www.muyjujuy.com\/index.php\/2022\/07\/05\/jujuy-suspendieron-los-vuelos-programados-para-el-domingo\/#breadcrumb"},"inLanguage":"es-AR","potentialAction":[{"@type":"ReadAction","target":["https:\/\/www.muyjujuy.com\/index.php\/2022\/07\/05\/jujuy-suspendieron-los-vuelos-programados-para-el-domingo\/"]}]},{"@type":"ImageObject","inLanguage":"es-AR","@id":"https:\/\/www.muyjujuy.com\/index.php\/2022\/07\/05\/jujuy-suspendieron-los-vuelos-programados-para-el-domingo\/#primaryimage","url":"https:\/\/www.muyjujuy.com\/wp-content\/uploads\/2022\/07\/WhatsApp-Image-2022-07-05-at-3.27.24-PM.jpeg","contentUrl":"https:\/\/www.muyjujuy.com\/wp-content\/uploads\/2022\/07\/WhatsApp-Image-2022-07-05-at-3.27.24-PM.jpeg","width":990,"height":610},{"@type":"BreadcrumbList","@id":"https:\/\/www.muyjujuy.com\/index.php\/2022\/07\/05\/jujuy-suspendieron-los-vuelos-programados-para-el-domingo\/#breadcrumb","itemListElement":[{"@type":"ListItem","position":1,"name":"Inicio","item":"https:\/\/www.muyjujuy.com\/"},{"@type":"ListItem","position":2,"name":"Jujuy: suspendieron los vuelos programados para el domingo"}]},{"@type":"WebSite","@id":"https:\/\/www.muyjujuy.com\/#website","url":"https:\/\/www.muyjujuy.com\/","name":"Muy Jujuy","description":"","publisher":{"@id":"https:\/\/www.muyjujuy.com\/#organization"},"potentialAction":[{"@type":"SearchAction","target":{"@type":"EntryPoint","urlTemplate":"https:\/\/www.muyjujuy.com\/?s={search_term_string}"},"query-input":{"@type":"PropertyValueSpecification","valueRequired":true,"valueName":"search_term_string"}}],"inLanguage":"es-AR"},{"@type":"Organization","@id":"https:\/\/www.muyjujuy.com\/#organization","name":"Muy Jujuy","url":"https:\/\/www.muyjujuy.com\/","logo":{"@type":"ImageObject","inLanguage":"es-AR","@id":"https:\/\/www.muyjujuy.com\/#\/schema\/logo\/image\/","url":"http:\/\/www.muyjujuy.com\/wp-content\/uploads\/2022\/05\/logo-mobil-jujuy.png","contentUrl":"http:\/\/www.muyjujuy.com\/wp-content\/uploads\/2022\/05\/logo-mobil-jujuy.png","width":174,"height":81,"caption":"Muy Jujuy"},"image":{"@id":"https:\/\/www.muyjujuy.com\/#\/schema\/logo\/image\/"},"sameAs":["https:\/\/www.facebook.com\/muyjujuycom","https:\/\/x.com\/muyjujuy","https:\/\/www.instagram.com\/muyjujuycom"]},{"@type":"Person","@id":"https:\/\/www.muyjujuy.com\/#\/schema\/person\/1d0f6e223ccea9e3f9034c1a5b683bf2","name":"Redacci\u00f3n Muy Jujuy","image":{"@type":"ImageObject","inLanguage":"es-AR","@id":"https:\/\/secure.gravatar.com\/avatar\/fec5f6f1893d741ed5eecccff109ce43e67a855411202a3212a058cb8e5c27d4?s=96&d=mm&r=g","url":"https:\/\/secure.gravatar.com\/avatar\/fec5f6f1893d741ed5eecccff109ce43e67a855411202a3212a058cb8e5c27d4?s=96&d=mm&r=g","contentUrl":"https:\/\/secure.gravatar.com\/avatar\/fec5f6f1893d741ed5eecccff109ce43e67a855411202a3212a058cb8e5c27d4?s=96&d=mm&r=g","caption":"Redacci\u00f3n Muy Jujuy"},"url":"https:\/\/www.muyjujuy.com\/index.php\/author\/editor\/"}]}},"_links":{"self":[{"href":"https:\/\/www.muyjujuy.com\/index.php\/wp-json\/wp\/v2\/posts\/804","targetHints":{"allow":["GET"]}}],"collection":[{"href":"https:\/\/www.muyjujuy.com\/index.php\/wp-json\/wp\/v2\/posts"}],"about":[{"href":"https:\/\/www.muyjujuy.com\/index.php\/wp-json\/wp\/v2\/types\/post"}],"author":[{"embeddable":true,"href":"https:\/\/www.muyjujuy.com\/index.php\/wp-json\/wp\/v2\/users\/3"}],"replies":[{"embeddable":true,"href":"https:\/\/www.muyjujuy.com\/index.php\/wp-json\/wp\/v2\/comments?post=804"}],"version-history":[{"count":1,"href":"https:\/\/www.muyjujuy.com\/index.php\/wp-json\/wp\/v2\/posts\/804\/revisions"}],"predecessor-version":[{"id":806,"href":"https:\/\/www.muyjujuy.com\/index.php\/wp-json\/wp\/v2\/posts\/804\/revisions\/806"}],"wp:featuredmedia":[{"embeddable":true,"href":"https:\/\/www.muyjujuy.com\/index.php\/wp-json\/wp\/v2\/media\/805"}],"wp:attachment":[{"href":"https:\/\/www.muyjujuy.com\/index.php\/wp-json\/wp\/v2\/media?parent=804"}],"wp:term":[{"taxonomy":"category","embeddable":true,"href":"https:\/\/www.muyjujuy.com\/index.php\/wp-json\/wp\/v2\/categories?post=804"},{"taxonomy":"post_tag","embeddable":true,"href":"https:\/\/www.muyjujuy.com\/index.php\/wp-json\/wp\/v2\/tags?post=804"}],"curies":[{"name":"wp","href":"https:\/\/api.w.org\/{rel}","templated":true}]}}