{"id":813,"date":"2022-07-06T13:16:07","date_gmt":"2022-07-06T16:16:07","guid":{"rendered":"https:\/\/www.muyjujuy.com\/?p=813"},"modified":"2022-07-06T13:54:14","modified_gmt":"2022-07-06T16:54:14","slug":"jujuy-concreto-la-exportacion-del-primer-lote-de-fibra-de-vicuna-a-italia","status":"publish","type":"post","link":"https:\/\/www.muyjujuy.com\/index.php\/2022\/07\/06\/jujuy-concreto-la-exportacion-del-primer-lote-de-fibra-de-vicuna-a-italia\/","title":{"rendered":"Jujuy concret\u00f3 la exportaci\u00f3n del primer lote de fibra de vicu\u00f1a a Italia"},"content":{"rendered":"\n<p><em>Es el puntapi\u00e9 inicial para hacer crecer la matriz productiva de la provincia.<\/em><\/p>\n\n\n\n<p>El Gobierno de Jujuy concret\u00f3 este mi\u00e9rcoles <strong>la exportaci\u00f3n a Italia del primer lote de 124 kilos de fibra de vicu\u00f1a producida en la provincia<\/strong>. El producto es el resultado del trabajo en conjunto entre el Ejecutivo provincial y comunidades de la Puna.<\/p>\n\n\n\n<p>El acto tuvo lugar este martes en el <strong>Aeropuerto Horacio Guzm\u00e1n<\/strong> y cont\u00f3 con la participaci\u00f3n del gobernador <strong><a href=\"https:\/\/www.muyjujuy.com\/?s=morales\">Gerardo Morales<\/a><\/strong>, el ministro de Producci\u00f3n provincial, <strong>Exequiel Lello Ivacevich<\/strong>, la ministra de Ambiente y Cambio Clim\u00e1tico, <strong>In\u00e9s Zigar\u00e1n <\/strong>y el contacto virtual de representantes de la firma italiana.<\/p>\n\n\n\n<p>Este primer lote que se exporta a Italia y <strong>consta de un total de 124 kilos de fibra de vicu\u00f1a<\/strong>. <strong>Esto fue el resultado del trabajo que se llev\u00f3 adelante con 16 comunidades de la Puna<\/strong>. Se realiz\u00f3 una tarea sustentable en la que <strong>se busc\u00f3 el cuidado de la biodiversidad <\/strong>a la vez que favorecer la actividad econ\u00f3mica de los pobladores.<\/p>\n\n\n\n<h2 class=\"wp-block-heading\"><strong>Caracter\u00edsticas de la fibra de Vicu\u00f1a<\/strong><\/h2>\n\n\n\n<p>La fibra se comercializ\u00f3 <strong>a 468 d\u00f3lares por kilo<\/strong>, lo que significa que este primer lote de 124 kilos se comercializ\u00f3 a un precio de m\u00e1s de <strong>58 mil d\u00f3lares.<\/strong><\/p>\n\n\n\n<p>Eliphas Coeli, representante de Loro Piana en Per\u00fa, expres\u00f3: <strong>&#8220;Es un honor para nosotros tener una primera relaci\u00f3n comercial con Jujuy<\/strong> porque aparte de un producto de primera calidad. <strong>Creemos en el potencial que van a desarrollar en los pr\u00f3ximos a\u00f1os\u201d.<\/strong><\/p>\n\n\n\n<p>A su vez, el presidente de la firma, Adolfo Bottari, en contacto desde Italia, resalt\u00f3 que la exportaci\u00f3n de este primer lote <strong>&#8220;es un evento muy importante tambi\u00e9n para nosotros<\/strong>&#8220;. Asegur\u00f3 que Jujuy <strong>&#8220;tiene la fibra de vicu\u00f1a m\u00e1s linda del mundo&#8221;.<\/strong><\/p>\n\n\n\n<h2 class=\"wp-block-heading\"><strong>Decisi\u00f3n pol\u00edtica<\/strong><\/h2>\n\n\n\n<p>Zigar\u00e1n resalt\u00f3 que \u201cesta primera operaci\u00f3n de exportaci\u00f3n de la fibra de vicu\u00f1a generada en los procesos de cosecha en la provincia. <strong>Es el resultado de una decisi\u00f3n pol\u00edtica que se propuso la conservaci\u00f3n del ambiente y de los recursos naturales y de su biodiversidad\u201d.<\/strong><\/p>\n\n\n\n<p>Destac\u00f3 a su vez que <strong>&#8220;es la expresi\u00f3n de una pol\u00edtica p\u00fablica que trabaj\u00f3 para concretar esa decisi\u00f3n pol\u00edtica<\/strong>. Es el resultado de un trabajo interinstitucional y el trabajo particular de <strong>las comunidades ind\u00edgenas de la Puna que son las protagonistas de los procesos de cosecha de fibra&#8221;.<\/strong><\/p>\n\n\n\n<p>Remarc\u00f3, adem\u00e1s, que Jujuy \u201ces la provincia que tiene la mayor poblaci\u00f3n de vicu\u00f1as\u201d con un total de 150 mil cabezas. <strong>&#8220;Por lo tanto tiene un mayor potencial en t\u00e9rminos de aprovechamiento&#8221;<\/strong>, enfatiz\u00f3.<\/p>\n\n\n\n<p>Por su parte, el ministro de Producci\u00f3n destac\u00f3 que \u201cel precio que se estableci\u00f3 para esta compra es muy bueno y est\u00e1 por encima del precio que generalmente se encuentra en la plaza local\u201d. Resalt\u00f3 a su vez que<strong> \u201cesto genera la posibilidad de que podamos abrir nuevos mercados y formalizar las cadenas\u201d.<\/strong><\/p>\n\n\n\n<p>A su turno, Morales manifest\u00f3 su voluntad de concretar m\u00e1s operaciones de este tipo con Loro Piana. Detall\u00f3 que con el desarrollo de esta industria <strong>se est\u00e1 interviniendo s\u00f3lo en el 3% del total de vicu\u00f1as que hay en la provincia. <\/strong>&#8220;Tenemos mucho para crecer, y por eso es importante que fortalezcamos este v\u00ednculo&#8221;, enfatiz\u00f3.<\/p>\n","protected":false},"excerpt":{"rendered":"<p>Es el puntapi\u00e9 inicial para hacer crecer la matriz productiva de la provincia. El Gobierno de Jujuy concret\u00f3 este mi\u00e9rcoles la exportaci\u00f3n a Italia del primer lote de 124 kilos de fibra de vicu\u00f1a producida en la provincia. El producto es el resultado del trabajo en conjunto entre el Ejecutivo provincial y comunidades de la [&hellip;]<\/p>\n","protected":false},"author":3,"featured_media":818,"comment_status":"open","ping_status":"open","sticky":false,"template":"","format":"standard","meta":{"footnotes":""},"categories":[24],"tags":[5,8,703],"class_list":{"0":"post-813","1":"post","2":"type-post","3":"status-publish","4":"format-standard","5":"has-post-thumbnail","7":"category-politica","8":"tag-gerardo-morales","9":"tag-jujuy","10":"tag-produccion"},"yoast_head":"<!-- This site is optimized with the Yoast SEO plugin v27.5 - https:\/\/yoast.com\/product\/yoast-seo-wordpress\/ -->\n<title>Jujuy concret\u00f3 la exportaci\u00f3n del primer lote de fibra de vicu\u00f1a a Italia - Muy Jujuy<\/title>\n<meta name=\"description\" content=\"El Gobierno de Jujuy concret\u00f3 este mi\u00e9rcoles la exportaci\u00f3n a Italia del primer lote de 124 kilos de fibra de vicu\u00f1a producida en la provincia.\" \/>\n<meta name=\"robots\" content=\"index, follow, max-snippet:-1, max-image-preview:large, max-video-preview:-1\" \/>\n<link rel=\"canonical\" href=\"https:\/\/www.muyjujuy.com\/index.php\/2022\/07\/06\/jujuy-concreto-la-exportacion-del-primer-lote-de-fibra-de-vicuna-a-italia\/\" \/>\n<meta property=\"og:locale\" content=\"es_ES\" \/>\n<meta property=\"og:type\" content=\"article\" \/>\n<meta property=\"og:title\" content=\"Jujuy concret\u00f3 la exportaci\u00f3n del primer lote de fibra de vicu\u00f1a a Italia - Muy Jujuy\" \/>\n<meta property=\"og:description\" content=\"El Gobierno de Jujuy concret\u00f3 este mi\u00e9rcoles la exportaci\u00f3n a Italia del primer lote de 124 kilos de fibra de vicu\u00f1a producida en la provincia.\" \/>\n<meta property=\"og:url\" content=\"https:\/\/www.muyjujuy.com\/index.php\/2022\/07\/06\/jujuy-concreto-la-exportacion-del-primer-lote-de-fibra-de-vicuna-a-italia\/\" \/>\n<meta property=\"og:site_name\" content=\"Muy Jujuy\" \/>\n<meta property=\"article:publisher\" content=\"https:\/\/www.facebook.com\/muyjujuycom\" \/>\n<meta property=\"article:published_time\" content=\"2022-07-06T16:16:07+00:00\" \/>\n<meta property=\"article:modified_time\" content=\"2022-07-06T16:54:14+00:00\" \/>\n<meta property=\"og:image\" content=\"https:\/\/www.muyjujuy.com\/wp-content\/uploads\/2022\/07\/WhatsApp-Image-2022-07-06-at-1.52.50-PM.jpeg\" \/>\n\t<meta property=\"og:image:width\" content=\"970\" \/>\n\t<meta property=\"og:image:height\" content=\"546\" \/>\n\t<meta property=\"og:image:type\" content=\"image\/jpeg\" \/>\n<meta name=\"author\" content=\"Redacci\u00f3n Muy Jujuy\" \/>\n<meta name=\"twitter:card\" content=\"summary_large_image\" \/>\n<meta name=\"twitter:creator\" content=\"@muyjujuy\" \/>\n<meta name=\"twitter:site\" content=\"@muyjujuy\" \/>\n<meta name=\"twitter:label1\" content=\"Escrito por\" \/>\n\t<meta name=\"twitter:data1\" content=\"Redacci\u00f3n Muy Jujuy\" \/>\n\t<meta name=\"twitter:label2\" content=\"Tiempo de lectura\" \/>\n\t<meta name=\"twitter:data2\" content=\"3 minutos\" \/>\n<script type=\"application\/ld+json\" class=\"yoast-schema-graph\">{\"@context\":\"https:\\\/\\\/schema.org\",\"@graph\":[{\"@type\":\"Article\",\"@id\":\"https:\\\/\\\/www.muyjujuy.com\\\/index.php\\\/2022\\\/07\\\/06\\\/jujuy-concreto-la-exportacion-del-primer-lote-de-fibra-de-vicuna-a-italia\\\/#article\",\"isPartOf\":{\"@id\":\"https:\\\/\\\/www.muyjujuy.com\\\/index.php\\\/2022\\\/07\\\/06\\\/jujuy-concreto-la-exportacion-del-primer-lote-de-fibra-de-vicuna-a-italia\\\/\"},\"author\":{\"name\":\"Redacci\u00f3n Muy Jujuy\",\"@id\":\"https:\\\/\\\/www.muyjujuy.com\\\/#\\\/schema\\\/person\\\/1d0f6e223ccea9e3f9034c1a5b683bf2\"},\"headline\":\"Jujuy concret\u00f3 la exportaci\u00f3n del primer lote de fibra de vicu\u00f1a a Italia\",\"datePublished\":\"2022-07-06T16:16:07+00:00\",\"dateModified\":\"2022-07-06T16:54:14+00:00\",\"mainEntityOfPage\":{\"@id\":\"https:\\\/\\\/www.muyjujuy.com\\\/index.php\\\/2022\\\/07\\\/06\\\/jujuy-concreto-la-exportacion-del-primer-lote-de-fibra-de-vicuna-a-italia\\\/\"},\"wordCount\":574,\"commentCount\":0,\"publisher\":{\"@id\":\"https:\\\/\\\/www.muyjujuy.com\\\/#organization\"},\"image\":{\"@id\":\"https:\\\/\\\/www.muyjujuy.com\\\/index.php\\\/2022\\\/07\\\/06\\\/jujuy-concreto-la-exportacion-del-primer-lote-de-fibra-de-vicuna-a-italia\\\/#primaryimage\"},\"thumbnailUrl\":\"https:\\\/\\\/www.muyjujuy.com\\\/wp-content\\\/uploads\\\/2022\\\/07\\\/WhatsApp-Image-2022-07-06-at-1.52.50-PM.jpeg\",\"keywords\":[\"Gerardo Morales\",\"Jujuy\",\"Producci\u00f3n\"],\"articleSection\":[\"Pol\u00edtica\"],\"inLanguage\":\"es-AR\",\"potentialAction\":[{\"@type\":\"CommentAction\",\"name\":\"Comment\",\"target\":[\"https:\\\/\\\/www.muyjujuy.com\\\/index.php\\\/2022\\\/07\\\/06\\\/jujuy-concreto-la-exportacion-del-primer-lote-de-fibra-de-vicuna-a-italia\\\/#respond\"]}]},{\"@type\":\"WebPage\",\"@id\":\"https:\\\/\\\/www.muyjujuy.com\\\/index.php\\\/2022\\\/07\\\/06\\\/jujuy-concreto-la-exportacion-del-primer-lote-de-fibra-de-vicuna-a-italia\\\/\",\"url\":\"https:\\\/\\\/www.muyjujuy.com\\\/index.php\\\/2022\\\/07\\\/06\\\/jujuy-concreto-la-exportacion-del-primer-lote-de-fibra-de-vicuna-a-italia\\\/\",\"name\":\"Jujuy concret\u00f3 la exportaci\u00f3n del primer lote de fibra de vicu\u00f1a a Italia - Muy Jujuy\",\"isPartOf\":{\"@id\":\"https:\\\/\\\/www.muyjujuy.com\\\/#website\"},\"primaryImageOfPage\":{\"@id\":\"https:\\\/\\\/www.muyjujuy.com\\\/index.php\\\/2022\\\/07\\\/06\\\/jujuy-concreto-la-exportacion-del-primer-lote-de-fibra-de-vicuna-a-italia\\\/#primaryimage\"},\"image\":{\"@id\":\"https:\\\/\\\/www.muyjujuy.com\\\/index.php\\\/2022\\\/07\\\/06\\\/jujuy-concreto-la-exportacion-del-primer-lote-de-fibra-de-vicuna-a-italia\\\/#primaryimage\"},\"thumbnailUrl\":\"https:\\\/\\\/www.muyjujuy.com\\\/wp-content\\\/uploads\\\/2022\\\/07\\\/WhatsApp-Image-2022-07-06-at-1.52.50-PM.jpeg\",\"datePublished\":\"2022-07-06T16:16:07+00:00\",\"dateModified\":\"2022-07-06T16:54:14+00:00\",\"description\":\"El Gobierno de Jujuy concret\u00f3 este mi\u00e9rcoles la exportaci\u00f3n a Italia del primer lote de 124 kilos de fibra de vicu\u00f1a producida en la provincia.\",\"breadcrumb\":{\"@id\":\"https:\\\/\\\/www.muyjujuy.com\\\/index.php\\\/2022\\\/07\\\/06\\\/jujuy-concreto-la-exportacion-del-primer-lote-de-fibra-de-vicuna-a-italia\\\/#breadcrumb\"},\"inLanguage\":\"es-AR\",\"potentialAction\":[{\"@type\":\"ReadAction\",\"target\":[\"https:\\\/\\\/www.muyjujuy.com\\\/index.php\\\/2022\\\/07\\\/06\\\/jujuy-concreto-la-exportacion-del-primer-lote-de-fibra-de-vicuna-a-italia\\\/\"]}]},{\"@type\":\"ImageObject\",\"inLanguage\":\"es-AR\",\"@id\":\"https:\\\/\\\/www.muyjujuy.com\\\/index.php\\\/2022\\\/07\\\/06\\\/jujuy-concreto-la-exportacion-del-primer-lote-de-fibra-de-vicuna-a-italia\\\/#primaryimage\",\"url\":\"https:\\\/\\\/www.muyjujuy.com\\\/wp-content\\\/uploads\\\/2022\\\/07\\\/WhatsApp-Image-2022-07-06-at-1.52.50-PM.jpeg\",\"contentUrl\":\"https:\\\/\\\/www.muyjujuy.com\\\/wp-content\\\/uploads\\\/2022\\\/07\\\/WhatsApp-Image-2022-07-06-at-1.52.50-PM.jpeg\",\"width\":970,\"height\":546},{\"@type\":\"BreadcrumbList\",\"@id\":\"https:\\\/\\\/www.muyjujuy.com\\\/index.php\\\/2022\\\/07\\\/06\\\/jujuy-concreto-la-exportacion-del-primer-lote-de-fibra-de-vicuna-a-italia\\\/#breadcrumb\",\"itemListElement\":[{\"@type\":\"ListItem\",\"position\":1,\"name\":\"Inicio\",\"item\":\"https:\\\/\\\/www.muyjujuy.com\\\/\"},{\"@type\":\"ListItem\",\"position\":2,\"name\":\"Jujuy concret\u00f3 la exportaci\u00f3n del primer lote de fibra de vicu\u00f1a a Italia\"}]},{\"@type\":\"WebSite\",\"@id\":\"https:\\\/\\\/www.muyjujuy.com\\\/#website\",\"url\":\"https:\\\/\\\/www.muyjujuy.com\\\/\",\"name\":\"Muy Jujuy\",\"description\":\"\",\"publisher\":{\"@id\":\"https:\\\/\\\/www.muyjujuy.com\\\/#organization\"},\"potentialAction\":[{\"@type\":\"SearchAction\",\"target\":{\"@type\":\"EntryPoint\",\"urlTemplate\":\"https:\\\/\\\/www.muyjujuy.com\\\/?s={search_term_string}\"},\"query-input\":{\"@type\":\"PropertyValueSpecification\",\"valueRequired\":true,\"valueName\":\"search_term_string\"}}],\"inLanguage\":\"es-AR\"},{\"@type\":\"Organization\",\"@id\":\"https:\\\/\\\/www.muyjujuy.com\\\/#organization\",\"name\":\"Muy Jujuy\",\"url\":\"https:\\\/\\\/www.muyjujuy.com\\\/\",\"logo\":{\"@type\":\"ImageObject\",\"inLanguage\":\"es-AR\",\"@id\":\"https:\\\/\\\/www.muyjujuy.com\\\/#\\\/schema\\\/logo\\\/image\\\/\",\"url\":\"http:\\\/\\\/www.muyjujuy.com\\\/wp-content\\\/uploads\\\/2022\\\/05\\\/logo-mobil-jujuy.png\",\"contentUrl\":\"http:\\\/\\\/www.muyjujuy.com\\\/wp-content\\\/uploads\\\/2022\\\/05\\\/logo-mobil-jujuy.png\",\"width\":174,\"height\":81,\"caption\":\"Muy Jujuy\"},\"image\":{\"@id\":\"https:\\\/\\\/www.muyjujuy.com\\\/#\\\/schema\\\/logo\\\/image\\\/\"},\"sameAs\":[\"https:\\\/\\\/www.facebook.com\\\/muyjujuycom\",\"https:\\\/\\\/x.com\\\/muyjujuy\",\"https:\\\/\\\/www.instagram.com\\\/muyjujuycom\"]},{\"@type\":\"Person\",\"@id\":\"https:\\\/\\\/www.muyjujuy.com\\\/#\\\/schema\\\/person\\\/1d0f6e223ccea9e3f9034c1a5b683bf2\",\"name\":\"Redacci\u00f3n Muy Jujuy\",\"image\":{\"@type\":\"ImageObject\",\"inLanguage\":\"es-AR\",\"@id\":\"https:\\\/\\\/secure.gravatar.com\\\/avatar\\\/fec5f6f1893d741ed5eecccff109ce43e67a855411202a3212a058cb8e5c27d4?s=96&d=mm&r=g\",\"url\":\"https:\\\/\\\/secure.gravatar.com\\\/avatar\\\/fec5f6f1893d741ed5eecccff109ce43e67a855411202a3212a058cb8e5c27d4?s=96&d=mm&r=g\",\"contentUrl\":\"https:\\\/\\\/secure.gravatar.com\\\/avatar\\\/fec5f6f1893d741ed5eecccff109ce43e67a855411202a3212a058cb8e5c27d4?s=96&d=mm&r=g\",\"caption\":\"Redacci\u00f3n Muy Jujuy\"},\"url\":\"https:\\\/\\\/www.muyjujuy.com\\\/index.php\\\/author\\\/editor\\\/\"}]}<\/script>\n<!-- \/ Yoast SEO plugin. -->","yoast_head_json":{"title":"Jujuy concret\u00f3 la exportaci\u00f3n del primer lote de fibra de vicu\u00f1a a Italia - Muy Jujuy","description":"El Gobierno de Jujuy concret\u00f3 este mi\u00e9rcoles la exportaci\u00f3n a Italia del primer lote de 124 kilos de fibra de vicu\u00f1a producida en la provincia.","robots":{"index":"index","follow":"follow","max-snippet":"max-snippet:-1","max-image-preview":"max-image-preview:large","max-video-preview":"max-video-preview:-1"},"canonical":"https:\/\/www.muyjujuy.com\/index.php\/2022\/07\/06\/jujuy-concreto-la-exportacion-del-primer-lote-de-fibra-de-vicuna-a-italia\/","og_locale":"es_ES","og_type":"article","og_title":"Jujuy concret\u00f3 la exportaci\u00f3n del primer lote de fibra de vicu\u00f1a a Italia - Muy Jujuy","og_description":"El Gobierno de Jujuy concret\u00f3 este mi\u00e9rcoles la exportaci\u00f3n a Italia del primer lote de 124 kilos de fibra de vicu\u00f1a producida en la provincia.","og_url":"https:\/\/www.muyjujuy.com\/index.php\/2022\/07\/06\/jujuy-concreto-la-exportacion-del-primer-lote-de-fibra-de-vicuna-a-italia\/","og_site_name":"Muy Jujuy","article_publisher":"https:\/\/www.facebook.com\/muyjujuycom","article_published_time":"2022-07-06T16:16:07+00:00","article_modified_time":"2022-07-06T16:54:14+00:00","og_image":[{"width":970,"height":546,"url":"https:\/\/www.muyjujuy.com\/wp-content\/uploads\/2022\/07\/WhatsApp-Image-2022-07-06-at-1.52.50-PM.jpeg","type":"image\/jpeg"}],"author":"Redacci\u00f3n Muy Jujuy","twitter_card":"summary_large_image","twitter_creator":"@muyjujuy","twitter_site":"@muyjujuy","twitter_misc":{"Escrito por":"Redacci\u00f3n Muy Jujuy","Tiempo de lectura":"3 minutos"},"schema":{"@context":"https:\/\/schema.org","@graph":[{"@type":"Article","@id":"https:\/\/www.muyjujuy.com\/index.php\/2022\/07\/06\/jujuy-concreto-la-exportacion-del-primer-lote-de-fibra-de-vicuna-a-italia\/#article","isPartOf":{"@id":"https:\/\/www.muyjujuy.com\/index.php\/2022\/07\/06\/jujuy-concreto-la-exportacion-del-primer-lote-de-fibra-de-vicuna-a-italia\/"},"author":{"name":"Redacci\u00f3n Muy Jujuy","@id":"https:\/\/www.muyjujuy.com\/#\/schema\/person\/1d0f6e223ccea9e3f9034c1a5b683bf2"},"headline":"Jujuy concret\u00f3 la exportaci\u00f3n del primer lote de fibra de vicu\u00f1a a Italia","datePublished":"2022-07-06T16:16:07+00:00","dateModified":"2022-07-06T16:54:14+00:00","mainEntityOfPage":{"@id":"https:\/\/www.muyjujuy.com\/index.php\/2022\/07\/06\/jujuy-concreto-la-exportacion-del-primer-lote-de-fibra-de-vicuna-a-italia\/"},"wordCount":574,"commentCount":0,"publisher":{"@id":"https:\/\/www.muyjujuy.com\/#organization"},"image":{"@id":"https:\/\/www.muyjujuy.com\/index.php\/2022\/07\/06\/jujuy-concreto-la-exportacion-del-primer-lote-de-fibra-de-vicuna-a-italia\/#primaryimage"},"thumbnailUrl":"https:\/\/www.muyjujuy.com\/wp-content\/uploads\/2022\/07\/WhatsApp-Image-2022-07-06-at-1.52.50-PM.jpeg","keywords":["Gerardo Morales","Jujuy","Producci\u00f3n"],"articleSection":["Pol\u00edtica"],"inLanguage":"es-AR","potentialAction":[{"@type":"CommentAction","name":"Comment","target":["https:\/\/www.muyjujuy.com\/index.php\/2022\/07\/06\/jujuy-concreto-la-exportacion-del-primer-lote-de-fibra-de-vicuna-a-italia\/#respond"]}]},{"@type":"WebPage","@id":"https:\/\/www.muyjujuy.com\/index.php\/2022\/07\/06\/jujuy-concreto-la-exportacion-del-primer-lote-de-fibra-de-vicuna-a-italia\/","url":"https:\/\/www.muyjujuy.com\/index.php\/2022\/07\/06\/jujuy-concreto-la-exportacion-del-primer-lote-de-fibra-de-vicuna-a-italia\/","name":"Jujuy concret\u00f3 la exportaci\u00f3n del primer lote de fibra de vicu\u00f1a a Italia - Muy Jujuy","isPartOf":{"@id":"https:\/\/www.muyjujuy.com\/#website"},"primaryImageOfPage":{"@id":"https:\/\/www.muyjujuy.com\/index.php\/2022\/07\/06\/jujuy-concreto-la-exportacion-del-primer-lote-de-fibra-de-vicuna-a-italia\/#primaryimage"},"image":{"@id":"https:\/\/www.muyjujuy.com\/index.php\/2022\/07\/06\/jujuy-concreto-la-exportacion-del-primer-lote-de-fibra-de-vicuna-a-italia\/#primaryimage"},"thumbnailUrl":"https:\/\/www.muyjujuy.com\/wp-content\/uploads\/2022\/07\/WhatsApp-Image-2022-07-06-at-1.52.50-PM.jpeg","datePublished":"2022-07-06T16:16:07+00:00","dateModified":"2022-07-06T16:54:14+00:00","description":"El Gobierno de Jujuy concret\u00f3 este mi\u00e9rcoles la exportaci\u00f3n a Italia del primer lote de 124 kilos de fibra de vicu\u00f1a producida en la provincia.","breadcrumb":{"@id":"https:\/\/www.muyjujuy.com\/index.php\/2022\/07\/06\/jujuy-concreto-la-exportacion-del-primer-lote-de-fibra-de-vicuna-a-italia\/#breadcrumb"},"inLanguage":"es-AR","potentialAction":[{"@type":"ReadAction","target":["https:\/\/www.muyjujuy.com\/index.php\/2022\/07\/06\/jujuy-concreto-la-exportacion-del-primer-lote-de-fibra-de-vicuna-a-italia\/"]}]},{"@type":"ImageObject","inLanguage":"es-AR","@id":"https:\/\/www.muyjujuy.com\/index.php\/2022\/07\/06\/jujuy-concreto-la-exportacion-del-primer-lote-de-fibra-de-vicuna-a-italia\/#primaryimage","url":"https:\/\/www.muyjujuy.com\/wp-content\/uploads\/2022\/07\/WhatsApp-Image-2022-07-06-at-1.52.50-PM.jpeg","contentUrl":"https:\/\/www.muyjujuy.com\/wp-content\/uploads\/2022\/07\/WhatsApp-Image-2022-07-06-at-1.52.50-PM.jpeg","width":970,"height":546},{"@type":"BreadcrumbList","@id":"https:\/\/www.muyjujuy.com\/index.php\/2022\/07\/06\/jujuy-concreto-la-exportacion-del-primer-lote-de-fibra-de-vicuna-a-italia\/#breadcrumb","itemListElement":[{"@type":"ListItem","position":1,"name":"Inicio","item":"https:\/\/www.muyjujuy.com\/"},{"@type":"ListItem","position":2,"name":"Jujuy concret\u00f3 la exportaci\u00f3n del primer lote de fibra de vicu\u00f1a a Italia"}]},{"@type":"WebSite","@id":"https:\/\/www.muyjujuy.com\/#website","url":"https:\/\/www.muyjujuy.com\/","name":"Muy Jujuy","description":"","publisher":{"@id":"https:\/\/www.muyjujuy.com\/#organization"},"potentialAction":[{"@type":"SearchAction","target":{"@type":"EntryPoint","urlTemplate":"https:\/\/www.muyjujuy.com\/?s={search_term_string}"},"query-input":{"@type":"PropertyValueSpecification","valueRequired":true,"valueName":"search_term_string"}}],"inLanguage":"es-AR"},{"@type":"Organization","@id":"https:\/\/www.muyjujuy.com\/#organization","name":"Muy Jujuy","url":"https:\/\/www.muyjujuy.com\/","logo":{"@type":"ImageObject","inLanguage":"es-AR","@id":"https:\/\/www.muyjujuy.com\/#\/schema\/logo\/image\/","url":"http:\/\/www.muyjujuy.com\/wp-content\/uploads\/2022\/05\/logo-mobil-jujuy.png","contentUrl":"http:\/\/www.muyjujuy.com\/wp-content\/uploads\/2022\/05\/logo-mobil-jujuy.png","width":174,"height":81,"caption":"Muy Jujuy"},"image":{"@id":"https:\/\/www.muyjujuy.com\/#\/schema\/logo\/image\/"},"sameAs":["https:\/\/www.facebook.com\/muyjujuycom","https:\/\/x.com\/muyjujuy","https:\/\/www.instagram.com\/muyjujuycom"]},{"@type":"Person","@id":"https:\/\/www.muyjujuy.com\/#\/schema\/person\/1d0f6e223ccea9e3f9034c1a5b683bf2","name":"Redacci\u00f3n Muy Jujuy","image":{"@type":"ImageObject","inLanguage":"es-AR","@id":"https:\/\/secure.gravatar.com\/avatar\/fec5f6f1893d741ed5eecccff109ce43e67a855411202a3212a058cb8e5c27d4?s=96&d=mm&r=g","url":"https:\/\/secure.gravatar.com\/avatar\/fec5f6f1893d741ed5eecccff109ce43e67a855411202a3212a058cb8e5c27d4?s=96&d=mm&r=g","contentUrl":"https:\/\/secure.gravatar.com\/avatar\/fec5f6f1893d741ed5eecccff109ce43e67a855411202a3212a058cb8e5c27d4?s=96&d=mm&r=g","caption":"Redacci\u00f3n Muy Jujuy"},"url":"https:\/\/www.muyjujuy.com\/index.php\/author\/editor\/"}]}},"_links":{"self":[{"href":"https:\/\/www.muyjujuy.com\/index.php\/wp-json\/wp\/v2\/posts\/813","targetHints":{"allow":["GET"]}}],"collection":[{"href":"https:\/\/www.muyjujuy.com\/index.php\/wp-json\/wp\/v2\/posts"}],"about":[{"href":"https:\/\/www.muyjujuy.com\/index.php\/wp-json\/wp\/v2\/types\/post"}],"author":[{"embeddable":true,"href":"https:\/\/www.muyjujuy.com\/index.php\/wp-json\/wp\/v2\/users\/3"}],"replies":[{"embeddable":true,"href":"https:\/\/www.muyjujuy.com\/index.php\/wp-json\/wp\/v2\/comments?post=813"}],"version-history":[{"count":1,"href":"https:\/\/www.muyjujuy.com\/index.php\/wp-json\/wp\/v2\/posts\/813\/revisions"}],"predecessor-version":[{"id":815,"href":"https:\/\/www.muyjujuy.com\/index.php\/wp-json\/wp\/v2\/posts\/813\/revisions\/815"}],"wp:featuredmedia":[{"embeddable":true,"href":"https:\/\/www.muyjujuy.com\/index.php\/wp-json\/wp\/v2\/media\/818"}],"wp:attachment":[{"href":"https:\/\/www.muyjujuy.com\/index.php\/wp-json\/wp\/v2\/media?parent=813"}],"wp:term":[{"taxonomy":"category","embeddable":true,"href":"https:\/\/www.muyjujuy.com\/index.php\/wp-json\/wp\/v2\/categories?post=813"},{"taxonomy":"post_tag","embeddable":true,"href":"https:\/\/www.muyjujuy.com\/index.php\/wp-json\/wp\/v2\/tags?post=813"}],"curies":[{"name":"wp","href":"https:\/\/api.w.org\/{rel}","templated":true}]}}