{"id":816,"date":"2022-07-06T13:37:19","date_gmt":"2022-07-06T16:37:19","guid":{"rendered":"https:\/\/www.muyjujuy.com\/?p=816"},"modified":"2022-07-06T13:37:21","modified_gmt":"2022-07-06T16:37:21","slug":"otros-dos-ninos-fueron-atacados-por-perros-en-jujuy","status":"publish","type":"post","link":"https:\/\/www.muyjujuy.com\/index.php\/2022\/07\/06\/otros-dos-ninos-fueron-atacados-por-perros-en-jujuy\/","title":{"rendered":"Otros dos ni\u00f1os fueron atacados por perros en Jujuy"},"content":{"rendered":"\n<p><em>Los dos menores tuvieron que ser hospitalizados por las mordeduras y uno de ellos tuvo que ser operado.<\/em><\/p>\n\n\n\n<p><strong>Dos ni\u00f1os fueron atacados por perros en Jujuy. <\/strong>El primer caso involucra a un nene de 2 a\u00f1os de Alto Comedero y el otro a una nena de 4 a\u00f1os que por la gravedad de las lesiones tuvo que ser intervenida quir\u00fargicamente.<\/p>\n\n\n\n<p>La ni\u00f1a de 4 a\u00f1os <strong>ingres\u00f3 al hospital Materno Infantil con su madre<\/strong>. La mujer explic\u00f3 que <strong>su hija fue atacada por un perro<\/strong>. Tras el examen m\u00e9dico fue diagnosticada por mordeduras en el miembro inferior derecho y abdomen.<\/p>\n\n\n\n<p>Por la gravedad de las lesiones<strong>, la m\u00e9dica que atendi\u00f3 a la nena deriv\u00f3 a la menor para que sea intervenida quir\u00fargicamente<\/strong>. La madre de la nena asegur\u00f3 que<strong> su hija fue a comprar junto a una t\u00eda en una despensa cerca de su domicilio cuando un perro de raza pitbul la atac\u00f3.<\/strong><\/p>\n\n\n\n<p>En la exposici\u00f3n policial que realiz\u00f3 la mujer dio a conocer que la propietaria del perro se acerc\u00f3 al hospital acompa\u00f1\u00e1ndolas y <strong>dio a conocer que el animal tiene el carnet de vacunas.<\/strong><\/p>\n\n\n\n<h2 class=\"wp-block-heading\"><strong>Otro caso<\/strong> <strong>de un perro atacando a un menor<\/strong><\/h2>\n\n\n\n<p>Un nene de 2 a\u00f1os ingres\u00f3 junto a su mam\u00e1 al<strong> Hospital Materno Infantil<\/strong> con lesiones en la cara. Seg\u00fan explicaron, <strong>fue atacado por un perro.<\/strong><\/p>\n\n\n\n<p>Una de las m\u00e9dicas de guardia asisti\u00f3 al menor y diagnostic\u00f3 <strong>&#8220;mordedura de can en el rostro&#8221;<\/strong> y detall\u00f3 que <strong>se produjo a la altura de la mejilla izquierda. <\/strong>El nene fue atendido y qued\u00f3 en observaci\u00f3n.<\/p>\n\n\n\n<h2 class=\"wp-block-heading\"><strong>Estad\u00edsticas<\/strong><\/h2>\n\n\n\n<p>Seg\u00fan precisaron, de lo que va del a\u00f1o <a href=\"https:\/\/www.muyjujuy.com\/index.php\/2022\/07\/04\/otra-vez-un-perro-pitbull-un-hombre-fue-atacado-en-alto-comedero\/\">se registraron m\u00e1s de 1.000 mordeduras en Jujuy.<\/a> En los \u00faltimos meses, la provincia <strong>fue noticia por los diferentes ataques de perros que se produjeron en ni\u00f1os peque\u00f1os. <\/strong><\/p>\n\n\n\n<p>Estos hechos generaron preocupaci\u00f3n en la sociedad sobre la conducta de los animales y c\u00f3mo se deber\u00eda actuar en estos casos.<\/p>\n\n\n\n<p><strong>Natalia Rivero Matas<\/strong>, referente del Departamento Provincial de Zoonosis, indic\u00f3 que en lo que va del a\u00f1o,<strong> se registraron alrededor de 1.000 mordeduras a nivel provincial.<\/strong><\/p>\n\n\n\n<p>Explic\u00f3 que la cantidad de mordeduras que hay este a\u00f1o <strong>&#8220;no es mayor que a\u00f1os anteriores&#8221;. <\/strong>&#8220;Uno tiene la sensaci\u00f3n de que aumentaron porque muchas de esas mordeduras fueron en ni\u00f1os peque\u00f1os&#8221;, repar\u00f3.<\/p>\n\n\n\n<p>A su vez, detall\u00f3 que las personas que mayormente sufren una mordedura de perro son las que tienen entre &#8220;25 y 64 a\u00f1os de edad&#8221;, por lo tanto asegur\u00f3 que <strong>&#8220;no incrementaron los ataques en menores de edad. Solo el 20% de los accidentados son menores de 15 a\u00f1os&#8221;.<\/strong><\/p>\n\n\n\n<h2 class=\"wp-block-heading\"><strong>C\u00f3mo actuar si te muerte un perro<\/strong><\/h2>\n\n\n\n<p>Natalia Matas recomend\u00f3 a quienes sean mordidos por un animal identificarlo y realizar la denuncia correspondiente en la Polic\u00eda para que se realice el seguimiento.<\/p>\n\n\n\n<p>Adem\u00e1s, es clave concurrir r\u00e1pidamente al centro sanitario m\u00e1s cercano y seguir con las indicaciones que dicten los profesionales de la salud.<\/p>\n","protected":false},"excerpt":{"rendered":"<p>Los dos menores tuvieron que ser hospitalizados por las mordeduras y uno de ellos tuvo que ser operado. Dos ni\u00f1os fueron atacados por perros en Jujuy. El primer caso involucra a un nene de 2 a\u00f1os de Alto Comedero y el otro a una nena de 4 a\u00f1os que por la gravedad de las lesiones [&hellip;]<\/p>\n","protected":false},"author":3,"featured_media":19,"comment_status":"open","ping_status":"open","sticky":false,"template":"","format":"standard","meta":{"footnotes":""},"categories":[25],"tags":[8,704],"class_list":{"0":"post-816","1":"post","2":"type-post","3":"status-publish","4":"format-standard","5":"has-post-thumbnail","7":"category-sociedad","8":"tag-jujuy","9":"tag-perros"},"yoast_head":"<!-- This site is optimized with the Yoast SEO plugin v27.5 - https:\/\/yoast.com\/product\/yoast-seo-wordpress\/ -->\n<title>Otros dos ni\u00f1os fueron atacados por perros en Jujuy - Muy Jujuy<\/title>\n<meta name=\"description\" content=\"Dos ni\u00f1os fueron atacados por perros en Jujuy. El primer caso involucra a un nene de 2 a\u00f1os de Alto Comedero y el otro a una nena de 4 a\u00f1os.\" \/>\n<meta name=\"robots\" content=\"index, follow, max-snippet:-1, max-image-preview:large, max-video-preview:-1\" \/>\n<link rel=\"canonical\" href=\"https:\/\/www.muyjujuy.com\/index.php\/2022\/07\/06\/otros-dos-ninos-fueron-atacados-por-perros-en-jujuy\/\" \/>\n<meta property=\"og:locale\" content=\"es_ES\" \/>\n<meta property=\"og:type\" content=\"article\" \/>\n<meta property=\"og:title\" content=\"Otros dos ni\u00f1os fueron atacados por perros en Jujuy - Muy Jujuy\" \/>\n<meta property=\"og:description\" content=\"Dos ni\u00f1os fueron atacados por perros en Jujuy. El primer caso involucra a un nene de 2 a\u00f1os de Alto Comedero y el otro a una nena de 4 a\u00f1os.\" \/>\n<meta property=\"og:url\" content=\"https:\/\/www.muyjujuy.com\/index.php\/2022\/07\/06\/otros-dos-ninos-fueron-atacados-por-perros-en-jujuy\/\" \/>\n<meta property=\"og:site_name\" content=\"Muy Jujuy\" \/>\n<meta property=\"article:publisher\" content=\"https:\/\/www.facebook.com\/muyjujuycom\" \/>\n<meta property=\"article:published_time\" content=\"2022-07-06T16:37:19+00:00\" \/>\n<meta property=\"article:modified_time\" content=\"2022-07-06T16:37:21+00:00\" \/>\n<meta property=\"og:image\" content=\"https:\/\/www.muyjujuy.com\/wp-content\/uploads\/2022\/05\/perro_rabia.jpg\" \/>\n\t<meta property=\"og:image:width\" content=\"880\" \/>\n\t<meta property=\"og:image:height\" content=\"586\" \/>\n\t<meta property=\"og:image:type\" content=\"image\/jpeg\" \/>\n<meta name=\"author\" content=\"Redacci\u00f3n Muy Jujuy\" \/>\n<meta name=\"twitter:card\" content=\"summary_large_image\" \/>\n<meta name=\"twitter:creator\" content=\"@muyjujuy\" \/>\n<meta name=\"twitter:site\" content=\"@muyjujuy\" \/>\n<meta name=\"twitter:label1\" content=\"Escrito por\" \/>\n\t<meta name=\"twitter:data1\" content=\"Redacci\u00f3n Muy Jujuy\" \/>\n\t<meta name=\"twitter:label2\" content=\"Tiempo de lectura\" \/>\n\t<meta name=\"twitter:data2\" content=\"3 minutos\" \/>\n<script type=\"application\/ld+json\" class=\"yoast-schema-graph\">{\"@context\":\"https:\\\/\\\/schema.org\",\"@graph\":[{\"@type\":\"Article\",\"@id\":\"https:\\\/\\\/www.muyjujuy.com\\\/index.php\\\/2022\\\/07\\\/06\\\/otros-dos-ninos-fueron-atacados-por-perros-en-jujuy\\\/#article\",\"isPartOf\":{\"@id\":\"https:\\\/\\\/www.muyjujuy.com\\\/index.php\\\/2022\\\/07\\\/06\\\/otros-dos-ninos-fueron-atacados-por-perros-en-jujuy\\\/\"},\"author\":{\"name\":\"Redacci\u00f3n Muy Jujuy\",\"@id\":\"https:\\\/\\\/www.muyjujuy.com\\\/#\\\/schema\\\/person\\\/1d0f6e223ccea9e3f9034c1a5b683bf2\"},\"headline\":\"Otros dos ni\u00f1os fueron atacados por perros en Jujuy\",\"datePublished\":\"2022-07-06T16:37:19+00:00\",\"dateModified\":\"2022-07-06T16:37:21+00:00\",\"mainEntityOfPage\":{\"@id\":\"https:\\\/\\\/www.muyjujuy.com\\\/index.php\\\/2022\\\/07\\\/06\\\/otros-dos-ninos-fueron-atacados-por-perros-en-jujuy\\\/\"},\"wordCount\":515,\"commentCount\":0,\"publisher\":{\"@id\":\"https:\\\/\\\/www.muyjujuy.com\\\/#organization\"},\"image\":{\"@id\":\"https:\\\/\\\/www.muyjujuy.com\\\/index.php\\\/2022\\\/07\\\/06\\\/otros-dos-ninos-fueron-atacados-por-perros-en-jujuy\\\/#primaryimage\"},\"thumbnailUrl\":\"https:\\\/\\\/www.muyjujuy.com\\\/wp-content\\\/uploads\\\/2022\\\/05\\\/perro_rabia.jpg\",\"keywords\":[\"Jujuy\",\"Perros\"],\"articleSection\":[\"Sociedad\"],\"inLanguage\":\"es-AR\",\"potentialAction\":[{\"@type\":\"CommentAction\",\"name\":\"Comment\",\"target\":[\"https:\\\/\\\/www.muyjujuy.com\\\/index.php\\\/2022\\\/07\\\/06\\\/otros-dos-ninos-fueron-atacados-por-perros-en-jujuy\\\/#respond\"]}]},{\"@type\":\"WebPage\",\"@id\":\"https:\\\/\\\/www.muyjujuy.com\\\/index.php\\\/2022\\\/07\\\/06\\\/otros-dos-ninos-fueron-atacados-por-perros-en-jujuy\\\/\",\"url\":\"https:\\\/\\\/www.muyjujuy.com\\\/index.php\\\/2022\\\/07\\\/06\\\/otros-dos-ninos-fueron-atacados-por-perros-en-jujuy\\\/\",\"name\":\"Otros dos ni\u00f1os fueron atacados por perros en Jujuy - Muy Jujuy\",\"isPartOf\":{\"@id\":\"https:\\\/\\\/www.muyjujuy.com\\\/#website\"},\"primaryImageOfPage\":{\"@id\":\"https:\\\/\\\/www.muyjujuy.com\\\/index.php\\\/2022\\\/07\\\/06\\\/otros-dos-ninos-fueron-atacados-por-perros-en-jujuy\\\/#primaryimage\"},\"image\":{\"@id\":\"https:\\\/\\\/www.muyjujuy.com\\\/index.php\\\/2022\\\/07\\\/06\\\/otros-dos-ninos-fueron-atacados-por-perros-en-jujuy\\\/#primaryimage\"},\"thumbnailUrl\":\"https:\\\/\\\/www.muyjujuy.com\\\/wp-content\\\/uploads\\\/2022\\\/05\\\/perro_rabia.jpg\",\"datePublished\":\"2022-07-06T16:37:19+00:00\",\"dateModified\":\"2022-07-06T16:37:21+00:00\",\"description\":\"Dos ni\u00f1os fueron atacados por perros en Jujuy. El primer caso involucra a un nene de 2 a\u00f1os de Alto Comedero y el otro a una nena de 4 a\u00f1os.\",\"breadcrumb\":{\"@id\":\"https:\\\/\\\/www.muyjujuy.com\\\/index.php\\\/2022\\\/07\\\/06\\\/otros-dos-ninos-fueron-atacados-por-perros-en-jujuy\\\/#breadcrumb\"},\"inLanguage\":\"es-AR\",\"potentialAction\":[{\"@type\":\"ReadAction\",\"target\":[\"https:\\\/\\\/www.muyjujuy.com\\\/index.php\\\/2022\\\/07\\\/06\\\/otros-dos-ninos-fueron-atacados-por-perros-en-jujuy\\\/\"]}]},{\"@type\":\"ImageObject\",\"inLanguage\":\"es-AR\",\"@id\":\"https:\\\/\\\/www.muyjujuy.com\\\/index.php\\\/2022\\\/07\\\/06\\\/otros-dos-ninos-fueron-atacados-por-perros-en-jujuy\\\/#primaryimage\",\"url\":\"https:\\\/\\\/www.muyjujuy.com\\\/wp-content\\\/uploads\\\/2022\\\/05\\\/perro_rabia.jpg\",\"contentUrl\":\"https:\\\/\\\/www.muyjujuy.com\\\/wp-content\\\/uploads\\\/2022\\\/05\\\/perro_rabia.jpg\",\"width\":880,\"height\":586},{\"@type\":\"BreadcrumbList\",\"@id\":\"https:\\\/\\\/www.muyjujuy.com\\\/index.php\\\/2022\\\/07\\\/06\\\/otros-dos-ninos-fueron-atacados-por-perros-en-jujuy\\\/#breadcrumb\",\"itemListElement\":[{\"@type\":\"ListItem\",\"position\":1,\"name\":\"Inicio\",\"item\":\"https:\\\/\\\/www.muyjujuy.com\\\/\"},{\"@type\":\"ListItem\",\"position\":2,\"name\":\"Otros dos ni\u00f1os fueron atacados por perros en Jujuy\"}]},{\"@type\":\"WebSite\",\"@id\":\"https:\\\/\\\/www.muyjujuy.com\\\/#website\",\"url\":\"https:\\\/\\\/www.muyjujuy.com\\\/\",\"name\":\"Muy Jujuy\",\"description\":\"\",\"publisher\":{\"@id\":\"https:\\\/\\\/www.muyjujuy.com\\\/#organization\"},\"potentialAction\":[{\"@type\":\"SearchAction\",\"target\":{\"@type\":\"EntryPoint\",\"urlTemplate\":\"https:\\\/\\\/www.muyjujuy.com\\\/?s={search_term_string}\"},\"query-input\":{\"@type\":\"PropertyValueSpecification\",\"valueRequired\":true,\"valueName\":\"search_term_string\"}}],\"inLanguage\":\"es-AR\"},{\"@type\":\"Organization\",\"@id\":\"https:\\\/\\\/www.muyjujuy.com\\\/#organization\",\"name\":\"Muy Jujuy\",\"url\":\"https:\\\/\\\/www.muyjujuy.com\\\/\",\"logo\":{\"@type\":\"ImageObject\",\"inLanguage\":\"es-AR\",\"@id\":\"https:\\\/\\\/www.muyjujuy.com\\\/#\\\/schema\\\/logo\\\/image\\\/\",\"url\":\"http:\\\/\\\/www.muyjujuy.com\\\/wp-content\\\/uploads\\\/2022\\\/05\\\/logo-mobil-jujuy.png\",\"contentUrl\":\"http:\\\/\\\/www.muyjujuy.com\\\/wp-content\\\/uploads\\\/2022\\\/05\\\/logo-mobil-jujuy.png\",\"width\":174,\"height\":81,\"caption\":\"Muy Jujuy\"},\"image\":{\"@id\":\"https:\\\/\\\/www.muyjujuy.com\\\/#\\\/schema\\\/logo\\\/image\\\/\"},\"sameAs\":[\"https:\\\/\\\/www.facebook.com\\\/muyjujuycom\",\"https:\\\/\\\/x.com\\\/muyjujuy\",\"https:\\\/\\\/www.instagram.com\\\/muyjujuycom\"]},{\"@type\":\"Person\",\"@id\":\"https:\\\/\\\/www.muyjujuy.com\\\/#\\\/schema\\\/person\\\/1d0f6e223ccea9e3f9034c1a5b683bf2\",\"name\":\"Redacci\u00f3n Muy Jujuy\",\"image\":{\"@type\":\"ImageObject\",\"inLanguage\":\"es-AR\",\"@id\":\"https:\\\/\\\/secure.gravatar.com\\\/avatar\\\/fec5f6f1893d741ed5eecccff109ce43e67a855411202a3212a058cb8e5c27d4?s=96&d=mm&r=g\",\"url\":\"https:\\\/\\\/secure.gravatar.com\\\/avatar\\\/fec5f6f1893d741ed5eecccff109ce43e67a855411202a3212a058cb8e5c27d4?s=96&d=mm&r=g\",\"contentUrl\":\"https:\\\/\\\/secure.gravatar.com\\\/avatar\\\/fec5f6f1893d741ed5eecccff109ce43e67a855411202a3212a058cb8e5c27d4?s=96&d=mm&r=g\",\"caption\":\"Redacci\u00f3n Muy Jujuy\"},\"url\":\"https:\\\/\\\/www.muyjujuy.com\\\/index.php\\\/author\\\/editor\\\/\"}]}<\/script>\n<!-- \/ Yoast SEO plugin. -->","yoast_head_json":{"title":"Otros dos ni\u00f1os fueron atacados por perros en Jujuy - Muy Jujuy","description":"Dos ni\u00f1os fueron atacados por perros en Jujuy. El primer caso involucra a un nene de 2 a\u00f1os de Alto Comedero y el otro a una nena de 4 a\u00f1os.","robots":{"index":"index","follow":"follow","max-snippet":"max-snippet:-1","max-image-preview":"max-image-preview:large","max-video-preview":"max-video-preview:-1"},"canonical":"https:\/\/www.muyjujuy.com\/index.php\/2022\/07\/06\/otros-dos-ninos-fueron-atacados-por-perros-en-jujuy\/","og_locale":"es_ES","og_type":"article","og_title":"Otros dos ni\u00f1os fueron atacados por perros en Jujuy - Muy Jujuy","og_description":"Dos ni\u00f1os fueron atacados por perros en Jujuy. El primer caso involucra a un nene de 2 a\u00f1os de Alto Comedero y el otro a una nena de 4 a\u00f1os.","og_url":"https:\/\/www.muyjujuy.com\/index.php\/2022\/07\/06\/otros-dos-ninos-fueron-atacados-por-perros-en-jujuy\/","og_site_name":"Muy Jujuy","article_publisher":"https:\/\/www.facebook.com\/muyjujuycom","article_published_time":"2022-07-06T16:37:19+00:00","article_modified_time":"2022-07-06T16:37:21+00:00","og_image":[{"width":880,"height":586,"url":"https:\/\/www.muyjujuy.com\/wp-content\/uploads\/2022\/05\/perro_rabia.jpg","type":"image\/jpeg"}],"author":"Redacci\u00f3n Muy Jujuy","twitter_card":"summary_large_image","twitter_creator":"@muyjujuy","twitter_site":"@muyjujuy","twitter_misc":{"Escrito por":"Redacci\u00f3n Muy Jujuy","Tiempo de lectura":"3 minutos"},"schema":{"@context":"https:\/\/schema.org","@graph":[{"@type":"Article","@id":"https:\/\/www.muyjujuy.com\/index.php\/2022\/07\/06\/otros-dos-ninos-fueron-atacados-por-perros-en-jujuy\/#article","isPartOf":{"@id":"https:\/\/www.muyjujuy.com\/index.php\/2022\/07\/06\/otros-dos-ninos-fueron-atacados-por-perros-en-jujuy\/"},"author":{"name":"Redacci\u00f3n Muy Jujuy","@id":"https:\/\/www.muyjujuy.com\/#\/schema\/person\/1d0f6e223ccea9e3f9034c1a5b683bf2"},"headline":"Otros dos ni\u00f1os fueron atacados por perros en Jujuy","datePublished":"2022-07-06T16:37:19+00:00","dateModified":"2022-07-06T16:37:21+00:00","mainEntityOfPage":{"@id":"https:\/\/www.muyjujuy.com\/index.php\/2022\/07\/06\/otros-dos-ninos-fueron-atacados-por-perros-en-jujuy\/"},"wordCount":515,"commentCount":0,"publisher":{"@id":"https:\/\/www.muyjujuy.com\/#organization"},"image":{"@id":"https:\/\/www.muyjujuy.com\/index.php\/2022\/07\/06\/otros-dos-ninos-fueron-atacados-por-perros-en-jujuy\/#primaryimage"},"thumbnailUrl":"https:\/\/www.muyjujuy.com\/wp-content\/uploads\/2022\/05\/perro_rabia.jpg","keywords":["Jujuy","Perros"],"articleSection":["Sociedad"],"inLanguage":"es-AR","potentialAction":[{"@type":"CommentAction","name":"Comment","target":["https:\/\/www.muyjujuy.com\/index.php\/2022\/07\/06\/otros-dos-ninos-fueron-atacados-por-perros-en-jujuy\/#respond"]}]},{"@type":"WebPage","@id":"https:\/\/www.muyjujuy.com\/index.php\/2022\/07\/06\/otros-dos-ninos-fueron-atacados-por-perros-en-jujuy\/","url":"https:\/\/www.muyjujuy.com\/index.php\/2022\/07\/06\/otros-dos-ninos-fueron-atacados-por-perros-en-jujuy\/","name":"Otros dos ni\u00f1os fueron atacados por perros en Jujuy - Muy Jujuy","isPartOf":{"@id":"https:\/\/www.muyjujuy.com\/#website"},"primaryImageOfPage":{"@id":"https:\/\/www.muyjujuy.com\/index.php\/2022\/07\/06\/otros-dos-ninos-fueron-atacados-por-perros-en-jujuy\/#primaryimage"},"image":{"@id":"https:\/\/www.muyjujuy.com\/index.php\/2022\/07\/06\/otros-dos-ninos-fueron-atacados-por-perros-en-jujuy\/#primaryimage"},"thumbnailUrl":"https:\/\/www.muyjujuy.com\/wp-content\/uploads\/2022\/05\/perro_rabia.jpg","datePublished":"2022-07-06T16:37:19+00:00","dateModified":"2022-07-06T16:37:21+00:00","description":"Dos ni\u00f1os fueron atacados por perros en Jujuy. El primer caso involucra a un nene de 2 a\u00f1os de Alto Comedero y el otro a una nena de 4 a\u00f1os.","breadcrumb":{"@id":"https:\/\/www.muyjujuy.com\/index.php\/2022\/07\/06\/otros-dos-ninos-fueron-atacados-por-perros-en-jujuy\/#breadcrumb"},"inLanguage":"es-AR","potentialAction":[{"@type":"ReadAction","target":["https:\/\/www.muyjujuy.com\/index.php\/2022\/07\/06\/otros-dos-ninos-fueron-atacados-por-perros-en-jujuy\/"]}]},{"@type":"ImageObject","inLanguage":"es-AR","@id":"https:\/\/www.muyjujuy.com\/index.php\/2022\/07\/06\/otros-dos-ninos-fueron-atacados-por-perros-en-jujuy\/#primaryimage","url":"https:\/\/www.muyjujuy.com\/wp-content\/uploads\/2022\/05\/perro_rabia.jpg","contentUrl":"https:\/\/www.muyjujuy.com\/wp-content\/uploads\/2022\/05\/perro_rabia.jpg","width":880,"height":586},{"@type":"BreadcrumbList","@id":"https:\/\/www.muyjujuy.com\/index.php\/2022\/07\/06\/otros-dos-ninos-fueron-atacados-por-perros-en-jujuy\/#breadcrumb","itemListElement":[{"@type":"ListItem","position":1,"name":"Inicio","item":"https:\/\/www.muyjujuy.com\/"},{"@type":"ListItem","position":2,"name":"Otros dos ni\u00f1os fueron atacados por perros en Jujuy"}]},{"@type":"WebSite","@id":"https:\/\/www.muyjujuy.com\/#website","url":"https:\/\/www.muyjujuy.com\/","name":"Muy Jujuy","description":"","publisher":{"@id":"https:\/\/www.muyjujuy.com\/#organization"},"potentialAction":[{"@type":"SearchAction","target":{"@type":"EntryPoint","urlTemplate":"https:\/\/www.muyjujuy.com\/?s={search_term_string}"},"query-input":{"@type":"PropertyValueSpecification","valueRequired":true,"valueName":"search_term_string"}}],"inLanguage":"es-AR"},{"@type":"Organization","@id":"https:\/\/www.muyjujuy.com\/#organization","name":"Muy Jujuy","url":"https:\/\/www.muyjujuy.com\/","logo":{"@type":"ImageObject","inLanguage":"es-AR","@id":"https:\/\/www.muyjujuy.com\/#\/schema\/logo\/image\/","url":"http:\/\/www.muyjujuy.com\/wp-content\/uploads\/2022\/05\/logo-mobil-jujuy.png","contentUrl":"http:\/\/www.muyjujuy.com\/wp-content\/uploads\/2022\/05\/logo-mobil-jujuy.png","width":174,"height":81,"caption":"Muy Jujuy"},"image":{"@id":"https:\/\/www.muyjujuy.com\/#\/schema\/logo\/image\/"},"sameAs":["https:\/\/www.facebook.com\/muyjujuycom","https:\/\/x.com\/muyjujuy","https:\/\/www.instagram.com\/muyjujuycom"]},{"@type":"Person","@id":"https:\/\/www.muyjujuy.com\/#\/schema\/person\/1d0f6e223ccea9e3f9034c1a5b683bf2","name":"Redacci\u00f3n Muy Jujuy","image":{"@type":"ImageObject","inLanguage":"es-AR","@id":"https:\/\/secure.gravatar.com\/avatar\/fec5f6f1893d741ed5eecccff109ce43e67a855411202a3212a058cb8e5c27d4?s=96&d=mm&r=g","url":"https:\/\/secure.gravatar.com\/avatar\/fec5f6f1893d741ed5eecccff109ce43e67a855411202a3212a058cb8e5c27d4?s=96&d=mm&r=g","contentUrl":"https:\/\/secure.gravatar.com\/avatar\/fec5f6f1893d741ed5eecccff109ce43e67a855411202a3212a058cb8e5c27d4?s=96&d=mm&r=g","caption":"Redacci\u00f3n Muy Jujuy"},"url":"https:\/\/www.muyjujuy.com\/index.php\/author\/editor\/"}]}},"_links":{"self":[{"href":"https:\/\/www.muyjujuy.com\/index.php\/wp-json\/wp\/v2\/posts\/816","targetHints":{"allow":["GET"]}}],"collection":[{"href":"https:\/\/www.muyjujuy.com\/index.php\/wp-json\/wp\/v2\/posts"}],"about":[{"href":"https:\/\/www.muyjujuy.com\/index.php\/wp-json\/wp\/v2\/types\/post"}],"author":[{"embeddable":true,"href":"https:\/\/www.muyjujuy.com\/index.php\/wp-json\/wp\/v2\/users\/3"}],"replies":[{"embeddable":true,"href":"https:\/\/www.muyjujuy.com\/index.php\/wp-json\/wp\/v2\/comments?post=816"}],"version-history":[{"count":1,"href":"https:\/\/www.muyjujuy.com\/index.php\/wp-json\/wp\/v2\/posts\/816\/revisions"}],"predecessor-version":[{"id":817,"href":"https:\/\/www.muyjujuy.com\/index.php\/wp-json\/wp\/v2\/posts\/816\/revisions\/817"}],"wp:featuredmedia":[{"embeddable":true,"href":"https:\/\/www.muyjujuy.com\/index.php\/wp-json\/wp\/v2\/media\/19"}],"wp:attachment":[{"href":"https:\/\/www.muyjujuy.com\/index.php\/wp-json\/wp\/v2\/media?parent=816"}],"wp:term":[{"taxonomy":"category","embeddable":true,"href":"https:\/\/www.muyjujuy.com\/index.php\/wp-json\/wp\/v2\/categories?post=816"},{"taxonomy":"post_tag","embeddable":true,"href":"https:\/\/www.muyjujuy.com\/index.php\/wp-json\/wp\/v2\/tags?post=816"}],"curies":[{"name":"wp","href":"https:\/\/api.w.org\/{rel}","templated":true}]}}