{"id":819,"date":"2022-07-07T12:47:03","date_gmt":"2022-07-07T15:47:03","guid":{"rendered":"https:\/\/www.muyjujuy.com\/?p=819"},"modified":"2022-07-07T12:47:04","modified_gmt":"2022-07-07T15:47:04","slug":"junto-a-manes-morales-inauguro-el-secundario-33-de-reyes","status":"publish","type":"post","link":"https:\/\/www.muyjujuy.com\/index.php\/2022\/07\/07\/junto-a-manes-morales-inauguro-el-secundario-33-de-reyes\/","title":{"rendered":"Junto a Manes, Morales inaugur\u00f3 el Secundario 33 de Reyes"},"content":{"rendered":"\n<p><em>El gobernador Morales encabez\u00f3 la puesta en marcha de un nuevo edificio educativo a partir del programa PROMACE.<\/em><\/p>\n\n\n\n<p>El gobernador <a href=\"https:\/\/twitter.com\/GerardoMorales\">Gerardo Morales <\/a>encabez\u00f3 la inauguraci\u00f3n del nuevo edificio del <strong>Colegio Secundario 33 de Reyes<\/strong> trav\u00e9s del PROMACE. La obra demand\u00f3 una inversi\u00f3n de <strong>$78 millones<\/strong> y se realiz\u00f3 con <strong>fondos propios obtenidos de la renta de Cauchari<\/strong><\/p>\n\n\n\n<p>Al respecto, el gobernante Valor\u00f3 la decisi\u00f3n del Estado provincial de <strong>\u201ctransformar la energ\u00eda en educaci\u00f3n\u201d y reafirm\u00f3: <\/strong>&#8220;Apostar a la educaci\u00f3n, es apostar al principio central de pol\u00edtica p\u00fablica, y eso es apostar al futuro de las futuras generaciones&#8221;.<br><br><strong>&#8220;La batalla social contra la pobreza y el crecimiento econ\u00f3mico se logra promoviendo y desarrollando pol\u00edticas educativas equitativas y de acceso a las comunidades&#8221;, <\/strong>enfatiz\u00f3.<br><br>Asegur\u00f3 que &#8220;el mundo cambia constantemente y las grandes potencias concentran todos sus esfuerzos en la ciencia, tecnolog\u00eda e innovaci\u00f3n&#8221;. Y reiter\u00f3 el compromiso por <strong>&#8220;realizar proyectos que trascienden y que generan importantes cambios culturales&#8221;.<\/strong><\/p>\n\n\n\n<p>En esa l\u00ednea, apunt\u00f3 <strong>&#8220;al uso y desarrollo de energ\u00edas renovables y sostenibles, <\/strong>capacitaci\u00f3n, educaci\u00f3n y conectividad como herramientas esenciales para el desarrollo de los pueblos&#8221;.<\/p>\n\n\n\n<h2 class=\"wp-block-heading\"><strong>Inversi\u00f3n en educaci\u00f3n<\/strong><\/h2>\n\n\n\n<p>Morales Anticip\u00f3 que se continuar\u00e1 trabajando en las <strong>escuelas con jornada extendida<\/strong> al remarcar que significa &#8220;m\u00e1s trabajo y m\u00e1s compromiso\u201d.<\/p>\n\n\n\n<p>Record\u00f3 el cambio de paradigma y apuntar a un Jujuy Verde. &#8220;Todas las escuelas tienen paneles solares. <strong>Apostamos que pr\u00f3ximamente puedan generar su propia energ\u00eda y volverse totalmente sostenibles&#8221;,<\/strong> remarc\u00f3. <\/p>\n\n\n\n<h2 class=\"wp-block-heading\"><strong>PROMACE<\/strong><\/h2>\n\n\n\n<p>A su turno, la ministra de Educaci\u00f3n provincial, <strong>Mar\u00eda Teresa Bovi<\/strong>, destac\u00f3 &#8220;la gran decisi\u00f3n que es PROMACE&#8221; e indic\u00f3: &#8220;Ya vamos inaugurando<strong> 10 nuevos edificios<\/strong> y reacondicionando muchos m\u00e1s&#8221;. <\/p>\n\n\n\n<p>Ponder\u00f3 <strong>el avance de los 70 de edificios escolares que se encuentran en construcci\u00f3n<\/strong> en todo el territorio provincial. &#8220;Esto representa no solo educaci\u00f3n, sino la reactivaci\u00f3n de la econom\u00eda a trav\u00e9s de la obra p\u00fablica&#8221;, subray\u00f3.<br><br>\u201cEste nuevo edificio representa el acceso a la calidad para toda esta localidad\u201d, destac\u00f3 e hizo hincapi\u00e9 a las \u201ccapacitaciones constantes, equipamiento tecnol\u00f3gico y la implementaci\u00f3n de otros tantos proyectos para el fortalecimiento de una sociedad m\u00e1s justa\u201d. <\/p>\n\n\n\n<h2 class=\"wp-block-heading\"><strong>Visita de Manes<\/strong><\/h2>\n\n\n\n<p>Morales realiz\u00f3 la inauguraci\u00f3n junto al diputado radical <strong><a href=\"https:\/\/twitter.com\/ManesF\">Facundo Manes,<\/a><\/strong> que fue especialmente invitado para el evento. Al respecto, el legislador evidenci\u00f3 &#8220;un profundo respeto y admiraci\u00f3n por estas obras. <strong>Son muestra de un crecimiento y ejemplifican a Jujuy como una provincia con los mejores valores de Argentina&#8221;.<\/strong><\/p>\n\n\n\n<p><strong>&#8220;La educaci\u00f3n no es solo aprender datos y cosas, es lograr una br\u00fajula confiable en la vida en un mundo cambiant<\/strong>e y din\u00e1mico, que fortalece la autoestima para perseguir los sue\u00f1os&#8221;, describi\u00f3.<\/p>\n\n\n\n<p>Y asever\u00f3: &#8220;Invertir en educaci\u00f3n y conocimiento es la mejor arma para luchar contra la pobreza y la desigualdad\u201d.<\/p>\n","protected":false},"excerpt":{"rendered":"<p>El gobernador Morales encabez\u00f3 la puesta en marcha de un nuevo edificio educativo a partir del programa PROMACE. El gobernador Gerardo Morales encabez\u00f3 la inauguraci\u00f3n del nuevo edificio del Colegio Secundario 33 de Reyes trav\u00e9s del PROMACE. La obra demand\u00f3 una inversi\u00f3n de $78 millones y se realiz\u00f3 con fondos propios obtenidos de la renta [&hellip;]<\/p>\n","protected":false},"author":3,"featured_media":820,"comment_status":"open","ping_status":"open","sticky":false,"template":"","format":"standard","meta":{"footnotes":""},"categories":[24],"tags":[705,5,8],"class_list":{"0":"post-819","1":"post","2":"type-post","3":"status-publish","4":"format-standard","5":"has-post-thumbnail","7":"category-politica","8":"tag-facundo-manes","9":"tag-gerardo-morales","10":"tag-jujuy"},"yoast_head":"<!-- This site is optimized with the Yoast SEO plugin v27.5 - https:\/\/yoast.com\/product\/yoast-seo-wordpress\/ -->\n<title>Junto a Manes, Morales inaugur\u00f3 el Secundario 33 de Reyes - Muy Jujuy<\/title>\n<meta name=\"description\" content=\"El gobernador Gerardo Morales encabez\u00f3 la inauguraci\u00f3n del nuevo edificio del Colegio Secundario 33 de Reyes trav\u00e9s del PROMACE.\" \/>\n<meta name=\"robots\" content=\"index, follow, max-snippet:-1, max-image-preview:large, max-video-preview:-1\" \/>\n<link rel=\"canonical\" href=\"https:\/\/www.muyjujuy.com\/index.php\/2022\/07\/07\/junto-a-manes-morales-inauguro-el-secundario-33-de-reyes\/\" \/>\n<meta property=\"og:locale\" content=\"es_ES\" \/>\n<meta property=\"og:type\" content=\"article\" \/>\n<meta property=\"og:title\" content=\"Junto a Manes, Morales inaugur\u00f3 el Secundario 33 de Reyes - Muy Jujuy\" \/>\n<meta property=\"og:description\" content=\"El gobernador Gerardo Morales encabez\u00f3 la inauguraci\u00f3n del nuevo edificio del Colegio Secundario 33 de Reyes trav\u00e9s del PROMACE.\" \/>\n<meta property=\"og:url\" content=\"https:\/\/www.muyjujuy.com\/index.php\/2022\/07\/07\/junto-a-manes-morales-inauguro-el-secundario-33-de-reyes\/\" \/>\n<meta property=\"og:site_name\" content=\"Muy Jujuy\" \/>\n<meta property=\"article:publisher\" content=\"https:\/\/www.facebook.com\/muyjujuycom\" \/>\n<meta property=\"article:published_time\" content=\"2022-07-07T15:47:03+00:00\" \/>\n<meta property=\"article:modified_time\" content=\"2022-07-07T15:47:04+00:00\" \/>\n<meta property=\"og:image\" content=\"https:\/\/www.muyjujuy.com\/wp-content\/uploads\/2022\/07\/WhatsApp-Image-2022-07-07-at-12.45.21-PM.jpeg\" \/>\n\t<meta property=\"og:image:width\" content=\"1016\" \/>\n\t<meta property=\"og:image:height\" content=\"675\" \/>\n\t<meta property=\"og:image:type\" content=\"image\/jpeg\" \/>\n<meta name=\"author\" content=\"Redacci\u00f3n Muy Jujuy\" \/>\n<meta name=\"twitter:card\" content=\"summary_large_image\" \/>\n<meta name=\"twitter:creator\" content=\"@muyjujuy\" \/>\n<meta name=\"twitter:site\" content=\"@muyjujuy\" \/>\n<meta name=\"twitter:label1\" content=\"Escrito por\" \/>\n\t<meta name=\"twitter:data1\" content=\"Redacci\u00f3n Muy Jujuy\" \/>\n\t<meta name=\"twitter:label2\" content=\"Tiempo de lectura\" \/>\n\t<meta name=\"twitter:data2\" content=\"3 minutos\" \/>\n<script type=\"application\/ld+json\" class=\"yoast-schema-graph\">{\"@context\":\"https:\\\/\\\/schema.org\",\"@graph\":[{\"@type\":\"Article\",\"@id\":\"https:\\\/\\\/www.muyjujuy.com\\\/index.php\\\/2022\\\/07\\\/07\\\/junto-a-manes-morales-inauguro-el-secundario-33-de-reyes\\\/#article\",\"isPartOf\":{\"@id\":\"https:\\\/\\\/www.muyjujuy.com\\\/index.php\\\/2022\\\/07\\\/07\\\/junto-a-manes-morales-inauguro-el-secundario-33-de-reyes\\\/\"},\"author\":{\"name\":\"Redacci\u00f3n Muy Jujuy\",\"@id\":\"https:\\\/\\\/www.muyjujuy.com\\\/#\\\/schema\\\/person\\\/1d0f6e223ccea9e3f9034c1a5b683bf2\"},\"headline\":\"Junto a Manes, Morales inaugur\u00f3 el Secundario 33 de Reyes\",\"datePublished\":\"2022-07-07T15:47:03+00:00\",\"dateModified\":\"2022-07-07T15:47:04+00:00\",\"mainEntityOfPage\":{\"@id\":\"https:\\\/\\\/www.muyjujuy.com\\\/index.php\\\/2022\\\/07\\\/07\\\/junto-a-manes-morales-inauguro-el-secundario-33-de-reyes\\\/\"},\"wordCount\":493,\"commentCount\":0,\"publisher\":{\"@id\":\"https:\\\/\\\/www.muyjujuy.com\\\/#organization\"},\"image\":{\"@id\":\"https:\\\/\\\/www.muyjujuy.com\\\/index.php\\\/2022\\\/07\\\/07\\\/junto-a-manes-morales-inauguro-el-secundario-33-de-reyes\\\/#primaryimage\"},\"thumbnailUrl\":\"https:\\\/\\\/www.muyjujuy.com\\\/wp-content\\\/uploads\\\/2022\\\/07\\\/WhatsApp-Image-2022-07-07-at-12.45.21-PM.jpeg\",\"keywords\":[\"Facundo Manes\",\"Gerardo Morales\",\"Jujuy\"],\"articleSection\":[\"Pol\u00edtica\"],\"inLanguage\":\"es-AR\",\"potentialAction\":[{\"@type\":\"CommentAction\",\"name\":\"Comment\",\"target\":[\"https:\\\/\\\/www.muyjujuy.com\\\/index.php\\\/2022\\\/07\\\/07\\\/junto-a-manes-morales-inauguro-el-secundario-33-de-reyes\\\/#respond\"]}]},{\"@type\":\"WebPage\",\"@id\":\"https:\\\/\\\/www.muyjujuy.com\\\/index.php\\\/2022\\\/07\\\/07\\\/junto-a-manes-morales-inauguro-el-secundario-33-de-reyes\\\/\",\"url\":\"https:\\\/\\\/www.muyjujuy.com\\\/index.php\\\/2022\\\/07\\\/07\\\/junto-a-manes-morales-inauguro-el-secundario-33-de-reyes\\\/\",\"name\":\"Junto a Manes, Morales inaugur\u00f3 el Secundario 33 de Reyes - Muy Jujuy\",\"isPartOf\":{\"@id\":\"https:\\\/\\\/www.muyjujuy.com\\\/#website\"},\"primaryImageOfPage\":{\"@id\":\"https:\\\/\\\/www.muyjujuy.com\\\/index.php\\\/2022\\\/07\\\/07\\\/junto-a-manes-morales-inauguro-el-secundario-33-de-reyes\\\/#primaryimage\"},\"image\":{\"@id\":\"https:\\\/\\\/www.muyjujuy.com\\\/index.php\\\/2022\\\/07\\\/07\\\/junto-a-manes-morales-inauguro-el-secundario-33-de-reyes\\\/#primaryimage\"},\"thumbnailUrl\":\"https:\\\/\\\/www.muyjujuy.com\\\/wp-content\\\/uploads\\\/2022\\\/07\\\/WhatsApp-Image-2022-07-07-at-12.45.21-PM.jpeg\",\"datePublished\":\"2022-07-07T15:47:03+00:00\",\"dateModified\":\"2022-07-07T15:47:04+00:00\",\"description\":\"El gobernador Gerardo Morales encabez\u00f3 la inauguraci\u00f3n del nuevo edificio del Colegio Secundario 33 de Reyes trav\u00e9s del PROMACE.\",\"breadcrumb\":{\"@id\":\"https:\\\/\\\/www.muyjujuy.com\\\/index.php\\\/2022\\\/07\\\/07\\\/junto-a-manes-morales-inauguro-el-secundario-33-de-reyes\\\/#breadcrumb\"},\"inLanguage\":\"es-AR\",\"potentialAction\":[{\"@type\":\"ReadAction\",\"target\":[\"https:\\\/\\\/www.muyjujuy.com\\\/index.php\\\/2022\\\/07\\\/07\\\/junto-a-manes-morales-inauguro-el-secundario-33-de-reyes\\\/\"]}]},{\"@type\":\"ImageObject\",\"inLanguage\":\"es-AR\",\"@id\":\"https:\\\/\\\/www.muyjujuy.com\\\/index.php\\\/2022\\\/07\\\/07\\\/junto-a-manes-morales-inauguro-el-secundario-33-de-reyes\\\/#primaryimage\",\"url\":\"https:\\\/\\\/www.muyjujuy.com\\\/wp-content\\\/uploads\\\/2022\\\/07\\\/WhatsApp-Image-2022-07-07-at-12.45.21-PM.jpeg\",\"contentUrl\":\"https:\\\/\\\/www.muyjujuy.com\\\/wp-content\\\/uploads\\\/2022\\\/07\\\/WhatsApp-Image-2022-07-07-at-12.45.21-PM.jpeg\",\"width\":1016,\"height\":675},{\"@type\":\"BreadcrumbList\",\"@id\":\"https:\\\/\\\/www.muyjujuy.com\\\/index.php\\\/2022\\\/07\\\/07\\\/junto-a-manes-morales-inauguro-el-secundario-33-de-reyes\\\/#breadcrumb\",\"itemListElement\":[{\"@type\":\"ListItem\",\"position\":1,\"name\":\"Inicio\",\"item\":\"https:\\\/\\\/www.muyjujuy.com\\\/\"},{\"@type\":\"ListItem\",\"position\":2,\"name\":\"Junto a Manes, Morales inaugur\u00f3 el Secundario 33 de Reyes\"}]},{\"@type\":\"WebSite\",\"@id\":\"https:\\\/\\\/www.muyjujuy.com\\\/#website\",\"url\":\"https:\\\/\\\/www.muyjujuy.com\\\/\",\"name\":\"Muy Jujuy\",\"description\":\"\",\"publisher\":{\"@id\":\"https:\\\/\\\/www.muyjujuy.com\\\/#organization\"},\"potentialAction\":[{\"@type\":\"SearchAction\",\"target\":{\"@type\":\"EntryPoint\",\"urlTemplate\":\"https:\\\/\\\/www.muyjujuy.com\\\/?s={search_term_string}\"},\"query-input\":{\"@type\":\"PropertyValueSpecification\",\"valueRequired\":true,\"valueName\":\"search_term_string\"}}],\"inLanguage\":\"es-AR\"},{\"@type\":\"Organization\",\"@id\":\"https:\\\/\\\/www.muyjujuy.com\\\/#organization\",\"name\":\"Muy Jujuy\",\"url\":\"https:\\\/\\\/www.muyjujuy.com\\\/\",\"logo\":{\"@type\":\"ImageObject\",\"inLanguage\":\"es-AR\",\"@id\":\"https:\\\/\\\/www.muyjujuy.com\\\/#\\\/schema\\\/logo\\\/image\\\/\",\"url\":\"http:\\\/\\\/www.muyjujuy.com\\\/wp-content\\\/uploads\\\/2022\\\/05\\\/logo-mobil-jujuy.png\",\"contentUrl\":\"http:\\\/\\\/www.muyjujuy.com\\\/wp-content\\\/uploads\\\/2022\\\/05\\\/logo-mobil-jujuy.png\",\"width\":174,\"height\":81,\"caption\":\"Muy Jujuy\"},\"image\":{\"@id\":\"https:\\\/\\\/www.muyjujuy.com\\\/#\\\/schema\\\/logo\\\/image\\\/\"},\"sameAs\":[\"https:\\\/\\\/www.facebook.com\\\/muyjujuycom\",\"https:\\\/\\\/x.com\\\/muyjujuy\",\"https:\\\/\\\/www.instagram.com\\\/muyjujuycom\"]},{\"@type\":\"Person\",\"@id\":\"https:\\\/\\\/www.muyjujuy.com\\\/#\\\/schema\\\/person\\\/1d0f6e223ccea9e3f9034c1a5b683bf2\",\"name\":\"Redacci\u00f3n Muy Jujuy\",\"image\":{\"@type\":\"ImageObject\",\"inLanguage\":\"es-AR\",\"@id\":\"https:\\\/\\\/secure.gravatar.com\\\/avatar\\\/fec5f6f1893d741ed5eecccff109ce43e67a855411202a3212a058cb8e5c27d4?s=96&d=mm&r=g\",\"url\":\"https:\\\/\\\/secure.gravatar.com\\\/avatar\\\/fec5f6f1893d741ed5eecccff109ce43e67a855411202a3212a058cb8e5c27d4?s=96&d=mm&r=g\",\"contentUrl\":\"https:\\\/\\\/secure.gravatar.com\\\/avatar\\\/fec5f6f1893d741ed5eecccff109ce43e67a855411202a3212a058cb8e5c27d4?s=96&d=mm&r=g\",\"caption\":\"Redacci\u00f3n Muy Jujuy\"},\"url\":\"https:\\\/\\\/www.muyjujuy.com\\\/index.php\\\/author\\\/editor\\\/\"}]}<\/script>\n<!-- \/ Yoast SEO plugin. -->","yoast_head_json":{"title":"Junto a Manes, Morales inaugur\u00f3 el Secundario 33 de Reyes - Muy Jujuy","description":"El gobernador Gerardo Morales encabez\u00f3 la inauguraci\u00f3n del nuevo edificio del Colegio Secundario 33 de Reyes trav\u00e9s del PROMACE.","robots":{"index":"index","follow":"follow","max-snippet":"max-snippet:-1","max-image-preview":"max-image-preview:large","max-video-preview":"max-video-preview:-1"},"canonical":"https:\/\/www.muyjujuy.com\/index.php\/2022\/07\/07\/junto-a-manes-morales-inauguro-el-secundario-33-de-reyes\/","og_locale":"es_ES","og_type":"article","og_title":"Junto a Manes, Morales inaugur\u00f3 el Secundario 33 de Reyes - Muy Jujuy","og_description":"El gobernador Gerardo Morales encabez\u00f3 la inauguraci\u00f3n del nuevo edificio del Colegio Secundario 33 de Reyes trav\u00e9s del PROMACE.","og_url":"https:\/\/www.muyjujuy.com\/index.php\/2022\/07\/07\/junto-a-manes-morales-inauguro-el-secundario-33-de-reyes\/","og_site_name":"Muy Jujuy","article_publisher":"https:\/\/www.facebook.com\/muyjujuycom","article_published_time":"2022-07-07T15:47:03+00:00","article_modified_time":"2022-07-07T15:47:04+00:00","og_image":[{"width":1016,"height":675,"url":"https:\/\/www.muyjujuy.com\/wp-content\/uploads\/2022\/07\/WhatsApp-Image-2022-07-07-at-12.45.21-PM.jpeg","type":"image\/jpeg"}],"author":"Redacci\u00f3n Muy Jujuy","twitter_card":"summary_large_image","twitter_creator":"@muyjujuy","twitter_site":"@muyjujuy","twitter_misc":{"Escrito por":"Redacci\u00f3n Muy Jujuy","Tiempo de lectura":"3 minutos"},"schema":{"@context":"https:\/\/schema.org","@graph":[{"@type":"Article","@id":"https:\/\/www.muyjujuy.com\/index.php\/2022\/07\/07\/junto-a-manes-morales-inauguro-el-secundario-33-de-reyes\/#article","isPartOf":{"@id":"https:\/\/www.muyjujuy.com\/index.php\/2022\/07\/07\/junto-a-manes-morales-inauguro-el-secundario-33-de-reyes\/"},"author":{"name":"Redacci\u00f3n Muy Jujuy","@id":"https:\/\/www.muyjujuy.com\/#\/schema\/person\/1d0f6e223ccea9e3f9034c1a5b683bf2"},"headline":"Junto a Manes, Morales inaugur\u00f3 el Secundario 33 de Reyes","datePublished":"2022-07-07T15:47:03+00:00","dateModified":"2022-07-07T15:47:04+00:00","mainEntityOfPage":{"@id":"https:\/\/www.muyjujuy.com\/index.php\/2022\/07\/07\/junto-a-manes-morales-inauguro-el-secundario-33-de-reyes\/"},"wordCount":493,"commentCount":0,"publisher":{"@id":"https:\/\/www.muyjujuy.com\/#organization"},"image":{"@id":"https:\/\/www.muyjujuy.com\/index.php\/2022\/07\/07\/junto-a-manes-morales-inauguro-el-secundario-33-de-reyes\/#primaryimage"},"thumbnailUrl":"https:\/\/www.muyjujuy.com\/wp-content\/uploads\/2022\/07\/WhatsApp-Image-2022-07-07-at-12.45.21-PM.jpeg","keywords":["Facundo Manes","Gerardo Morales","Jujuy"],"articleSection":["Pol\u00edtica"],"inLanguage":"es-AR","potentialAction":[{"@type":"CommentAction","name":"Comment","target":["https:\/\/www.muyjujuy.com\/index.php\/2022\/07\/07\/junto-a-manes-morales-inauguro-el-secundario-33-de-reyes\/#respond"]}]},{"@type":"WebPage","@id":"https:\/\/www.muyjujuy.com\/index.php\/2022\/07\/07\/junto-a-manes-morales-inauguro-el-secundario-33-de-reyes\/","url":"https:\/\/www.muyjujuy.com\/index.php\/2022\/07\/07\/junto-a-manes-morales-inauguro-el-secundario-33-de-reyes\/","name":"Junto a Manes, Morales inaugur\u00f3 el Secundario 33 de Reyes - Muy Jujuy","isPartOf":{"@id":"https:\/\/www.muyjujuy.com\/#website"},"primaryImageOfPage":{"@id":"https:\/\/www.muyjujuy.com\/index.php\/2022\/07\/07\/junto-a-manes-morales-inauguro-el-secundario-33-de-reyes\/#primaryimage"},"image":{"@id":"https:\/\/www.muyjujuy.com\/index.php\/2022\/07\/07\/junto-a-manes-morales-inauguro-el-secundario-33-de-reyes\/#primaryimage"},"thumbnailUrl":"https:\/\/www.muyjujuy.com\/wp-content\/uploads\/2022\/07\/WhatsApp-Image-2022-07-07-at-12.45.21-PM.jpeg","datePublished":"2022-07-07T15:47:03+00:00","dateModified":"2022-07-07T15:47:04+00:00","description":"El gobernador Gerardo Morales encabez\u00f3 la inauguraci\u00f3n del nuevo edificio del Colegio Secundario 33 de Reyes trav\u00e9s del PROMACE.","breadcrumb":{"@id":"https:\/\/www.muyjujuy.com\/index.php\/2022\/07\/07\/junto-a-manes-morales-inauguro-el-secundario-33-de-reyes\/#breadcrumb"},"inLanguage":"es-AR","potentialAction":[{"@type":"ReadAction","target":["https:\/\/www.muyjujuy.com\/index.php\/2022\/07\/07\/junto-a-manes-morales-inauguro-el-secundario-33-de-reyes\/"]}]},{"@type":"ImageObject","inLanguage":"es-AR","@id":"https:\/\/www.muyjujuy.com\/index.php\/2022\/07\/07\/junto-a-manes-morales-inauguro-el-secundario-33-de-reyes\/#primaryimage","url":"https:\/\/www.muyjujuy.com\/wp-content\/uploads\/2022\/07\/WhatsApp-Image-2022-07-07-at-12.45.21-PM.jpeg","contentUrl":"https:\/\/www.muyjujuy.com\/wp-content\/uploads\/2022\/07\/WhatsApp-Image-2022-07-07-at-12.45.21-PM.jpeg","width":1016,"height":675},{"@type":"BreadcrumbList","@id":"https:\/\/www.muyjujuy.com\/index.php\/2022\/07\/07\/junto-a-manes-morales-inauguro-el-secundario-33-de-reyes\/#breadcrumb","itemListElement":[{"@type":"ListItem","position":1,"name":"Inicio","item":"https:\/\/www.muyjujuy.com\/"},{"@type":"ListItem","position":2,"name":"Junto a Manes, Morales inaugur\u00f3 el Secundario 33 de Reyes"}]},{"@type":"WebSite","@id":"https:\/\/www.muyjujuy.com\/#website","url":"https:\/\/www.muyjujuy.com\/","name":"Muy Jujuy","description":"","publisher":{"@id":"https:\/\/www.muyjujuy.com\/#organization"},"potentialAction":[{"@type":"SearchAction","target":{"@type":"EntryPoint","urlTemplate":"https:\/\/www.muyjujuy.com\/?s={search_term_string}"},"query-input":{"@type":"PropertyValueSpecification","valueRequired":true,"valueName":"search_term_string"}}],"inLanguage":"es-AR"},{"@type":"Organization","@id":"https:\/\/www.muyjujuy.com\/#organization","name":"Muy Jujuy","url":"https:\/\/www.muyjujuy.com\/","logo":{"@type":"ImageObject","inLanguage":"es-AR","@id":"https:\/\/www.muyjujuy.com\/#\/schema\/logo\/image\/","url":"http:\/\/www.muyjujuy.com\/wp-content\/uploads\/2022\/05\/logo-mobil-jujuy.png","contentUrl":"http:\/\/www.muyjujuy.com\/wp-content\/uploads\/2022\/05\/logo-mobil-jujuy.png","width":174,"height":81,"caption":"Muy Jujuy"},"image":{"@id":"https:\/\/www.muyjujuy.com\/#\/schema\/logo\/image\/"},"sameAs":["https:\/\/www.facebook.com\/muyjujuycom","https:\/\/x.com\/muyjujuy","https:\/\/www.instagram.com\/muyjujuycom"]},{"@type":"Person","@id":"https:\/\/www.muyjujuy.com\/#\/schema\/person\/1d0f6e223ccea9e3f9034c1a5b683bf2","name":"Redacci\u00f3n Muy Jujuy","image":{"@type":"ImageObject","inLanguage":"es-AR","@id":"https:\/\/secure.gravatar.com\/avatar\/fec5f6f1893d741ed5eecccff109ce43e67a855411202a3212a058cb8e5c27d4?s=96&d=mm&r=g","url":"https:\/\/secure.gravatar.com\/avatar\/fec5f6f1893d741ed5eecccff109ce43e67a855411202a3212a058cb8e5c27d4?s=96&d=mm&r=g","contentUrl":"https:\/\/secure.gravatar.com\/avatar\/fec5f6f1893d741ed5eecccff109ce43e67a855411202a3212a058cb8e5c27d4?s=96&d=mm&r=g","caption":"Redacci\u00f3n Muy Jujuy"},"url":"https:\/\/www.muyjujuy.com\/index.php\/author\/editor\/"}]}},"_links":{"self":[{"href":"https:\/\/www.muyjujuy.com\/index.php\/wp-json\/wp\/v2\/posts\/819","targetHints":{"allow":["GET"]}}],"collection":[{"href":"https:\/\/www.muyjujuy.com\/index.php\/wp-json\/wp\/v2\/posts"}],"about":[{"href":"https:\/\/www.muyjujuy.com\/index.php\/wp-json\/wp\/v2\/types\/post"}],"author":[{"embeddable":true,"href":"https:\/\/www.muyjujuy.com\/index.php\/wp-json\/wp\/v2\/users\/3"}],"replies":[{"embeddable":true,"href":"https:\/\/www.muyjujuy.com\/index.php\/wp-json\/wp\/v2\/comments?post=819"}],"version-history":[{"count":1,"href":"https:\/\/www.muyjujuy.com\/index.php\/wp-json\/wp\/v2\/posts\/819\/revisions"}],"predecessor-version":[{"id":821,"href":"https:\/\/www.muyjujuy.com\/index.php\/wp-json\/wp\/v2\/posts\/819\/revisions\/821"}],"wp:featuredmedia":[{"embeddable":true,"href":"https:\/\/www.muyjujuy.com\/index.php\/wp-json\/wp\/v2\/media\/820"}],"wp:attachment":[{"href":"https:\/\/www.muyjujuy.com\/index.php\/wp-json\/wp\/v2\/media?parent=819"}],"wp:term":[{"taxonomy":"category","embeddable":true,"href":"https:\/\/www.muyjujuy.com\/index.php\/wp-json\/wp\/v2\/categories?post=819"},{"taxonomy":"post_tag","embeddable":true,"href":"https:\/\/www.muyjujuy.com\/index.php\/wp-json\/wp\/v2\/tags?post=819"}],"curies":[{"name":"wp","href":"https:\/\/api.w.org\/{rel}","templated":true}]}}