{"id":825,"date":"2022-07-07T14:29:47","date_gmt":"2022-07-07T17:29:47","guid":{"rendered":"https:\/\/www.muyjujuy.com\/?p=825"},"modified":"2022-07-07T14:29:49","modified_gmt":"2022-07-07T17:29:49","slug":"falta-de-gasoil-la-situacion-en-jujuy-empeora-y-ya-no-hay-provincias-con-pleno-abastecimiento","status":"publish","type":"post","link":"https:\/\/www.muyjujuy.com\/index.php\/2022\/07\/07\/falta-de-gasoil-la-situacion-en-jujuy-empeora-y-ya-no-hay-provincias-con-pleno-abastecimiento\/","title":{"rendered":"Falta de gasoil: la situaci\u00f3n en Jujuy empeora y ya no hay provincias con pleno abastecimiento"},"content":{"rendered":"\n<p><em>La situaci\u00f3n sigue siendo compleja y desde Fadeeac exigen que se forme una mesa de trabajo.<\/em><\/p>\n\n\n\n<p><strong><a href=\"https:\/\/www.muyjujuy.com\/?s=gasoil\">Los problemas de abastecimiento de gasoil <\/a>en Jujuy contin\u00faan y no parece haber soluci\u00f3n en el corto plazo. <\/strong>Desde hace semanas\u00a0<strong>la provincia est\u00e1 en &#8220;zona roja<\/strong>&#8220;, de acuerdo al mapa que elabora la\u00a0Federaci\u00f3n Argentina de Entidades Empresarias del Autotransporte de Cargas (Fadeeac). Cada vez en m\u00e1s estaciones de servicios se ve la faltante.<\/p>\n\n\n\n<p>Al respecto, Silvia Ficoseco, integrante de la C\u00e1mara de Expendedores de Combustibles de Jujuy afirm\u00f3:<strong> &#8220;Es insuficiente lo que mandan para cubrir toda la demanda<\/strong>&#8220;<\/p>\n\n\n\n<p>Por otra parte, desde la entidad que nuclea a las empresas de cargas destacaron en un informe que el inicio de julio coincidi\u00f3 con <strong>&#8220;la primera vez que el verde desaparece totalmente del mapa de abastecimiento de gasoil&#8221;.\u00a0<\/strong><\/p>\n\n\n\n<p>A fines de junio <strong>s\u00f3lo Tierra del Fuego aparec\u00eda en verde pleno<\/strong>, color con el que se identifica a las provincias que no sufren restricci\u00f3n alguna para la carga del combustible. Ahora, en todo el pa\u00eds hay faltante de gasoil.<\/p>\n\n\n\n<p>\u201cEsperamos que este haya sido el mapa m\u00e1s complicado de la serie. De acuerdo con lo que nos informaron, <strong>tanto los grandes como los peque\u00f1os productores de aceite ya est\u00e1n entregando producto a las petroleras para aumentar el corte con biodiesel. <\/strong>Eso y el final de la siembra y cosecha en el campo empezar\u00eda a llevar algo de alivio a los transportistas a la hora de buscar combustible&#8221;, indic\u00f3 <strong>Roberto Guarnieri<\/strong>, presidente de Fadeeac.<\/p>\n\n\n\n<p>Guarnieri insisti\u00f3 en que &#8220;la prolongaci\u00f3n de este escenario de escasez y la tardanza en el despacho del gasoil importado, pese a los anuncios oficiales, <strong>imprime velocidad al aumento de precios&#8221;. <\/strong><\/p>\n\n\n\n<p>&#8220;Desde el sector del transporte de cargas <strong>hemos alertado sobre el tema <\/strong>y queremos colaborar para morigerar los efectos adversos derivados de no administrar pol\u00edticas en tiempo y forma. Por ello<strong>, reiteramos, es urgente y necesaria la puesta en marcha de mesas de trabajo integradas por representantes del sector p\u00fablico y privado\u201d, <\/strong>reclam\u00f3.<\/p>\n\n\n\n<p>Ante la situaci\u00f3n de que las provincias del sur tambi\u00e9n registran faltantes de gasoil, desde la Federaci\u00f3n apuntaron: &#8220;Las provincias hidrocarbur\u00edferas de la Patagonia lograban escapar del faltante que afecta de modo especial a la zona centro y norte de la Argentina. Sin embargo, <strong>el desviar combustible desde el sur para intentar compensar la situaci\u00f3n de las regiones m\u00e1s complicadas hizo que tambi\u00e9n all\u00ed aparecieran cupos y se extendieran los tiempos de espera para repostar&#8221;<\/strong><\/p>\n\n\n\n<h2 class=\"wp-block-heading\"><strong>Situaci\u00f3n a principio de julio<\/strong><\/h2>\n\n\n\n<ul class=\"wp-block-list\"><li>En rojo 11 distritos, es decir con\u00a0 muy bajo o nulo abastecimiento y mayor demora en la carga de combustible: Buenos Aires, Entre R\u00edos, Corrientes, Misiones, Santa Fe, C\u00f3rdoba, Tucum\u00e1n, Jujuy, Formosa, Mendoza y La Rioja.<br><\/li><li>Una provincia en naranja intenso, porque el promedio de suministro es de entre 21 y 50 litros por unidad, con demoras sustantivas en los tiempos de espera y sobrecostos: San Luis.<br><\/li><li>En naranja 9 territorios. Significa que el promedio de suministro es de entre 51 y 100 litros por unidad; hay tiempos de espera sustantivos y sobrecostos: R\u00edo Negro, Neuqu\u00e9n, La Pampa, San Juan, Catamarca, Santiago del Estero, Salta, Chaco y CABA.<br><\/li><li>3 provincias en amarillo, donde el promedio de suministro es inferior al normal y se registran demoras leves para la carga: Chubut, Santa Cruz y Tierra del Fuego.<\/li><\/ul>\n","protected":false},"excerpt":{"rendered":"<p>La situaci\u00f3n sigue siendo compleja y desde Fadeeac exigen que se forme una mesa de trabajo. Los problemas de abastecimiento de gasoil en Jujuy contin\u00faan y no parece haber soluci\u00f3n en el corto plazo. Desde hace semanas\u00a0la provincia est\u00e1 en &#8220;zona roja&#8220;, de acuerdo al mapa que elabora la\u00a0Federaci\u00f3n Argentina de Entidades Empresarias del Autotransporte [&hellip;]<\/p>\n","protected":false},"author":3,"featured_media":633,"comment_status":"open","ping_status":"open","sticky":false,"template":"","format":"standard","meta":{"footnotes":""},"categories":[25],"tags":[668,8],"class_list":{"0":"post-825","1":"post","2":"type-post","3":"status-publish","4":"format-standard","5":"has-post-thumbnail","7":"category-sociedad","8":"tag-gasoil","9":"tag-jujuy"},"yoast_head":"<!-- This site is optimized with the Yoast SEO plugin v27.5 - https:\/\/yoast.com\/product\/yoast-seo-wordpress\/ -->\n<title>Falta de gasoil: la situaci\u00f3n en Jujuy empeora y ya no hay provincias con pleno abastecimiento - Muy Jujuy<\/title>\n<meta name=\"description\" content=\"Los problemas de abastecimiento de gasoil en Jujuy contin\u00faan y no parece haber soluci\u00f3n en el corto plazo y exigen una mesa de trabajo.\" \/>\n<meta name=\"robots\" content=\"index, follow, max-snippet:-1, max-image-preview:large, max-video-preview:-1\" \/>\n<link rel=\"canonical\" href=\"https:\/\/www.muyjujuy.com\/index.php\/2022\/07\/07\/falta-de-gasoil-la-situacion-en-jujuy-empeora-y-ya-no-hay-provincias-con-pleno-abastecimiento\/\" \/>\n<meta property=\"og:locale\" content=\"es_ES\" \/>\n<meta property=\"og:type\" content=\"article\" \/>\n<meta property=\"og:title\" content=\"Falta de gasoil: la situaci\u00f3n en Jujuy empeora y ya no hay provincias con pleno abastecimiento - Muy Jujuy\" \/>\n<meta property=\"og:description\" content=\"Los problemas de abastecimiento de gasoil en Jujuy contin\u00faan y no parece haber soluci\u00f3n en el corto plazo y exigen una mesa de trabajo.\" \/>\n<meta property=\"og:url\" content=\"https:\/\/www.muyjujuy.com\/index.php\/2022\/07\/07\/falta-de-gasoil-la-situacion-en-jujuy-empeora-y-ya-no-hay-provincias-con-pleno-abastecimiento\/\" \/>\n<meta property=\"og:site_name\" content=\"Muy Jujuy\" \/>\n<meta property=\"article:publisher\" content=\"https:\/\/www.facebook.com\/muyjujuycom\" \/>\n<meta property=\"article:published_time\" content=\"2022-07-07T17:29:47+00:00\" \/>\n<meta property=\"article:modified_time\" content=\"2022-07-07T17:29:49+00:00\" \/>\n<meta property=\"og:image\" content=\"https:\/\/www.muyjujuy.com\/wp-content\/uploads\/2022\/06\/gasoil.jpg\" \/>\n\t<meta property=\"og:image:width\" content=\"600\" \/>\n\t<meta property=\"og:image:height\" content=\"369\" \/>\n\t<meta property=\"og:image:type\" content=\"image\/jpeg\" \/>\n<meta name=\"author\" content=\"Redacci\u00f3n Muy Jujuy\" \/>\n<meta name=\"twitter:card\" content=\"summary_large_image\" \/>\n<meta name=\"twitter:creator\" content=\"@muyjujuy\" \/>\n<meta name=\"twitter:site\" content=\"@muyjujuy\" \/>\n<meta name=\"twitter:label1\" content=\"Escrito por\" \/>\n\t<meta name=\"twitter:data1\" content=\"Redacci\u00f3n Muy Jujuy\" \/>\n\t<meta name=\"twitter:label2\" content=\"Tiempo de lectura\" \/>\n\t<meta name=\"twitter:data2\" content=\"3 minutos\" \/>\n<script type=\"application\/ld+json\" class=\"yoast-schema-graph\">{\"@context\":\"https:\\\/\\\/schema.org\",\"@graph\":[{\"@type\":\"Article\",\"@id\":\"https:\\\/\\\/www.muyjujuy.com\\\/index.php\\\/2022\\\/07\\\/07\\\/falta-de-gasoil-la-situacion-en-jujuy-empeora-y-ya-no-hay-provincias-con-pleno-abastecimiento\\\/#article\",\"isPartOf\":{\"@id\":\"https:\\\/\\\/www.muyjujuy.com\\\/index.php\\\/2022\\\/07\\\/07\\\/falta-de-gasoil-la-situacion-en-jujuy-empeora-y-ya-no-hay-provincias-con-pleno-abastecimiento\\\/\"},\"author\":{\"name\":\"Redacci\u00f3n Muy Jujuy\",\"@id\":\"https:\\\/\\\/www.muyjujuy.com\\\/#\\\/schema\\\/person\\\/1d0f6e223ccea9e3f9034c1a5b683bf2\"},\"headline\":\"Falta de gasoil: la situaci\u00f3n en Jujuy empeora y ya no hay provincias con pleno abastecimiento\",\"datePublished\":\"2022-07-07T17:29:47+00:00\",\"dateModified\":\"2022-07-07T17:29:49+00:00\",\"mainEntityOfPage\":{\"@id\":\"https:\\\/\\\/www.muyjujuy.com\\\/index.php\\\/2022\\\/07\\\/07\\\/falta-de-gasoil-la-situacion-en-jujuy-empeora-y-ya-no-hay-provincias-con-pleno-abastecimiento\\\/\"},\"wordCount\":588,\"commentCount\":0,\"publisher\":{\"@id\":\"https:\\\/\\\/www.muyjujuy.com\\\/#organization\"},\"image\":{\"@id\":\"https:\\\/\\\/www.muyjujuy.com\\\/index.php\\\/2022\\\/07\\\/07\\\/falta-de-gasoil-la-situacion-en-jujuy-empeora-y-ya-no-hay-provincias-con-pleno-abastecimiento\\\/#primaryimage\"},\"thumbnailUrl\":\"https:\\\/\\\/www.muyjujuy.com\\\/wp-content\\\/uploads\\\/2022\\\/06\\\/gasoil.jpg\",\"keywords\":[\"Gasoil\",\"Jujuy\"],\"articleSection\":[\"Sociedad\"],\"inLanguage\":\"es-AR\",\"potentialAction\":[{\"@type\":\"CommentAction\",\"name\":\"Comment\",\"target\":[\"https:\\\/\\\/www.muyjujuy.com\\\/index.php\\\/2022\\\/07\\\/07\\\/falta-de-gasoil-la-situacion-en-jujuy-empeora-y-ya-no-hay-provincias-con-pleno-abastecimiento\\\/#respond\"]}]},{\"@type\":\"WebPage\",\"@id\":\"https:\\\/\\\/www.muyjujuy.com\\\/index.php\\\/2022\\\/07\\\/07\\\/falta-de-gasoil-la-situacion-en-jujuy-empeora-y-ya-no-hay-provincias-con-pleno-abastecimiento\\\/\",\"url\":\"https:\\\/\\\/www.muyjujuy.com\\\/index.php\\\/2022\\\/07\\\/07\\\/falta-de-gasoil-la-situacion-en-jujuy-empeora-y-ya-no-hay-provincias-con-pleno-abastecimiento\\\/\",\"name\":\"Falta de gasoil: la situaci\u00f3n en Jujuy empeora y ya no hay provincias con pleno abastecimiento - Muy Jujuy\",\"isPartOf\":{\"@id\":\"https:\\\/\\\/www.muyjujuy.com\\\/#website\"},\"primaryImageOfPage\":{\"@id\":\"https:\\\/\\\/www.muyjujuy.com\\\/index.php\\\/2022\\\/07\\\/07\\\/falta-de-gasoil-la-situacion-en-jujuy-empeora-y-ya-no-hay-provincias-con-pleno-abastecimiento\\\/#primaryimage\"},\"image\":{\"@id\":\"https:\\\/\\\/www.muyjujuy.com\\\/index.php\\\/2022\\\/07\\\/07\\\/falta-de-gasoil-la-situacion-en-jujuy-empeora-y-ya-no-hay-provincias-con-pleno-abastecimiento\\\/#primaryimage\"},\"thumbnailUrl\":\"https:\\\/\\\/www.muyjujuy.com\\\/wp-content\\\/uploads\\\/2022\\\/06\\\/gasoil.jpg\",\"datePublished\":\"2022-07-07T17:29:47+00:00\",\"dateModified\":\"2022-07-07T17:29:49+00:00\",\"description\":\"Los problemas de abastecimiento de gasoil en Jujuy contin\u00faan y no parece haber soluci\u00f3n en el corto plazo y exigen una mesa de trabajo.\",\"breadcrumb\":{\"@id\":\"https:\\\/\\\/www.muyjujuy.com\\\/index.php\\\/2022\\\/07\\\/07\\\/falta-de-gasoil-la-situacion-en-jujuy-empeora-y-ya-no-hay-provincias-con-pleno-abastecimiento\\\/#breadcrumb\"},\"inLanguage\":\"es-AR\",\"potentialAction\":[{\"@type\":\"ReadAction\",\"target\":[\"https:\\\/\\\/www.muyjujuy.com\\\/index.php\\\/2022\\\/07\\\/07\\\/falta-de-gasoil-la-situacion-en-jujuy-empeora-y-ya-no-hay-provincias-con-pleno-abastecimiento\\\/\"]}]},{\"@type\":\"ImageObject\",\"inLanguage\":\"es-AR\",\"@id\":\"https:\\\/\\\/www.muyjujuy.com\\\/index.php\\\/2022\\\/07\\\/07\\\/falta-de-gasoil-la-situacion-en-jujuy-empeora-y-ya-no-hay-provincias-con-pleno-abastecimiento\\\/#primaryimage\",\"url\":\"https:\\\/\\\/www.muyjujuy.com\\\/wp-content\\\/uploads\\\/2022\\\/06\\\/gasoil.jpg\",\"contentUrl\":\"https:\\\/\\\/www.muyjujuy.com\\\/wp-content\\\/uploads\\\/2022\\\/06\\\/gasoil.jpg\",\"width\":600,\"height\":369},{\"@type\":\"BreadcrumbList\",\"@id\":\"https:\\\/\\\/www.muyjujuy.com\\\/index.php\\\/2022\\\/07\\\/07\\\/falta-de-gasoil-la-situacion-en-jujuy-empeora-y-ya-no-hay-provincias-con-pleno-abastecimiento\\\/#breadcrumb\",\"itemListElement\":[{\"@type\":\"ListItem\",\"position\":1,\"name\":\"Inicio\",\"item\":\"https:\\\/\\\/www.muyjujuy.com\\\/\"},{\"@type\":\"ListItem\",\"position\":2,\"name\":\"Falta de gasoil: la situaci\u00f3n en Jujuy empeora y ya no hay provincias con pleno abastecimiento\"}]},{\"@type\":\"WebSite\",\"@id\":\"https:\\\/\\\/www.muyjujuy.com\\\/#website\",\"url\":\"https:\\\/\\\/www.muyjujuy.com\\\/\",\"name\":\"Muy Jujuy\",\"description\":\"\",\"publisher\":{\"@id\":\"https:\\\/\\\/www.muyjujuy.com\\\/#organization\"},\"potentialAction\":[{\"@type\":\"SearchAction\",\"target\":{\"@type\":\"EntryPoint\",\"urlTemplate\":\"https:\\\/\\\/www.muyjujuy.com\\\/?s={search_term_string}\"},\"query-input\":{\"@type\":\"PropertyValueSpecification\",\"valueRequired\":true,\"valueName\":\"search_term_string\"}}],\"inLanguage\":\"es-AR\"},{\"@type\":\"Organization\",\"@id\":\"https:\\\/\\\/www.muyjujuy.com\\\/#organization\",\"name\":\"Muy Jujuy\",\"url\":\"https:\\\/\\\/www.muyjujuy.com\\\/\",\"logo\":{\"@type\":\"ImageObject\",\"inLanguage\":\"es-AR\",\"@id\":\"https:\\\/\\\/www.muyjujuy.com\\\/#\\\/schema\\\/logo\\\/image\\\/\",\"url\":\"http:\\\/\\\/www.muyjujuy.com\\\/wp-content\\\/uploads\\\/2022\\\/05\\\/logo-mobil-jujuy.png\",\"contentUrl\":\"http:\\\/\\\/www.muyjujuy.com\\\/wp-content\\\/uploads\\\/2022\\\/05\\\/logo-mobil-jujuy.png\",\"width\":174,\"height\":81,\"caption\":\"Muy Jujuy\"},\"image\":{\"@id\":\"https:\\\/\\\/www.muyjujuy.com\\\/#\\\/schema\\\/logo\\\/image\\\/\"},\"sameAs\":[\"https:\\\/\\\/www.facebook.com\\\/muyjujuycom\",\"https:\\\/\\\/x.com\\\/muyjujuy\",\"https:\\\/\\\/www.instagram.com\\\/muyjujuycom\"]},{\"@type\":\"Person\",\"@id\":\"https:\\\/\\\/www.muyjujuy.com\\\/#\\\/schema\\\/person\\\/1d0f6e223ccea9e3f9034c1a5b683bf2\",\"name\":\"Redacci\u00f3n Muy Jujuy\",\"image\":{\"@type\":\"ImageObject\",\"inLanguage\":\"es-AR\",\"@id\":\"https:\\\/\\\/secure.gravatar.com\\\/avatar\\\/fec5f6f1893d741ed5eecccff109ce43e67a855411202a3212a058cb8e5c27d4?s=96&d=mm&r=g\",\"url\":\"https:\\\/\\\/secure.gravatar.com\\\/avatar\\\/fec5f6f1893d741ed5eecccff109ce43e67a855411202a3212a058cb8e5c27d4?s=96&d=mm&r=g\",\"contentUrl\":\"https:\\\/\\\/secure.gravatar.com\\\/avatar\\\/fec5f6f1893d741ed5eecccff109ce43e67a855411202a3212a058cb8e5c27d4?s=96&d=mm&r=g\",\"caption\":\"Redacci\u00f3n Muy Jujuy\"},\"url\":\"https:\\\/\\\/www.muyjujuy.com\\\/index.php\\\/author\\\/editor\\\/\"}]}<\/script>\n<!-- \/ Yoast SEO plugin. -->","yoast_head_json":{"title":"Falta de gasoil: la situaci\u00f3n en Jujuy empeora y ya no hay provincias con pleno abastecimiento - Muy Jujuy","description":"Los problemas de abastecimiento de gasoil en Jujuy contin\u00faan y no parece haber soluci\u00f3n en el corto plazo y exigen una mesa de trabajo.","robots":{"index":"index","follow":"follow","max-snippet":"max-snippet:-1","max-image-preview":"max-image-preview:large","max-video-preview":"max-video-preview:-1"},"canonical":"https:\/\/www.muyjujuy.com\/index.php\/2022\/07\/07\/falta-de-gasoil-la-situacion-en-jujuy-empeora-y-ya-no-hay-provincias-con-pleno-abastecimiento\/","og_locale":"es_ES","og_type":"article","og_title":"Falta de gasoil: la situaci\u00f3n en Jujuy empeora y ya no hay provincias con pleno abastecimiento - Muy Jujuy","og_description":"Los problemas de abastecimiento de gasoil en Jujuy contin\u00faan y no parece haber soluci\u00f3n en el corto plazo y exigen una mesa de trabajo.","og_url":"https:\/\/www.muyjujuy.com\/index.php\/2022\/07\/07\/falta-de-gasoil-la-situacion-en-jujuy-empeora-y-ya-no-hay-provincias-con-pleno-abastecimiento\/","og_site_name":"Muy Jujuy","article_publisher":"https:\/\/www.facebook.com\/muyjujuycom","article_published_time":"2022-07-07T17:29:47+00:00","article_modified_time":"2022-07-07T17:29:49+00:00","og_image":[{"width":600,"height":369,"url":"https:\/\/www.muyjujuy.com\/wp-content\/uploads\/2022\/06\/gasoil.jpg","type":"image\/jpeg"}],"author":"Redacci\u00f3n Muy Jujuy","twitter_card":"summary_large_image","twitter_creator":"@muyjujuy","twitter_site":"@muyjujuy","twitter_misc":{"Escrito por":"Redacci\u00f3n Muy Jujuy","Tiempo de lectura":"3 minutos"},"schema":{"@context":"https:\/\/schema.org","@graph":[{"@type":"Article","@id":"https:\/\/www.muyjujuy.com\/index.php\/2022\/07\/07\/falta-de-gasoil-la-situacion-en-jujuy-empeora-y-ya-no-hay-provincias-con-pleno-abastecimiento\/#article","isPartOf":{"@id":"https:\/\/www.muyjujuy.com\/index.php\/2022\/07\/07\/falta-de-gasoil-la-situacion-en-jujuy-empeora-y-ya-no-hay-provincias-con-pleno-abastecimiento\/"},"author":{"name":"Redacci\u00f3n Muy Jujuy","@id":"https:\/\/www.muyjujuy.com\/#\/schema\/person\/1d0f6e223ccea9e3f9034c1a5b683bf2"},"headline":"Falta de gasoil: la situaci\u00f3n en Jujuy empeora y ya no hay provincias con pleno abastecimiento","datePublished":"2022-07-07T17:29:47+00:00","dateModified":"2022-07-07T17:29:49+00:00","mainEntityOfPage":{"@id":"https:\/\/www.muyjujuy.com\/index.php\/2022\/07\/07\/falta-de-gasoil-la-situacion-en-jujuy-empeora-y-ya-no-hay-provincias-con-pleno-abastecimiento\/"},"wordCount":588,"commentCount":0,"publisher":{"@id":"https:\/\/www.muyjujuy.com\/#organization"},"image":{"@id":"https:\/\/www.muyjujuy.com\/index.php\/2022\/07\/07\/falta-de-gasoil-la-situacion-en-jujuy-empeora-y-ya-no-hay-provincias-con-pleno-abastecimiento\/#primaryimage"},"thumbnailUrl":"https:\/\/www.muyjujuy.com\/wp-content\/uploads\/2022\/06\/gasoil.jpg","keywords":["Gasoil","Jujuy"],"articleSection":["Sociedad"],"inLanguage":"es-AR","potentialAction":[{"@type":"CommentAction","name":"Comment","target":["https:\/\/www.muyjujuy.com\/index.php\/2022\/07\/07\/falta-de-gasoil-la-situacion-en-jujuy-empeora-y-ya-no-hay-provincias-con-pleno-abastecimiento\/#respond"]}]},{"@type":"WebPage","@id":"https:\/\/www.muyjujuy.com\/index.php\/2022\/07\/07\/falta-de-gasoil-la-situacion-en-jujuy-empeora-y-ya-no-hay-provincias-con-pleno-abastecimiento\/","url":"https:\/\/www.muyjujuy.com\/index.php\/2022\/07\/07\/falta-de-gasoil-la-situacion-en-jujuy-empeora-y-ya-no-hay-provincias-con-pleno-abastecimiento\/","name":"Falta de gasoil: la situaci\u00f3n en Jujuy empeora y ya no hay provincias con pleno abastecimiento - Muy Jujuy","isPartOf":{"@id":"https:\/\/www.muyjujuy.com\/#website"},"primaryImageOfPage":{"@id":"https:\/\/www.muyjujuy.com\/index.php\/2022\/07\/07\/falta-de-gasoil-la-situacion-en-jujuy-empeora-y-ya-no-hay-provincias-con-pleno-abastecimiento\/#primaryimage"},"image":{"@id":"https:\/\/www.muyjujuy.com\/index.php\/2022\/07\/07\/falta-de-gasoil-la-situacion-en-jujuy-empeora-y-ya-no-hay-provincias-con-pleno-abastecimiento\/#primaryimage"},"thumbnailUrl":"https:\/\/www.muyjujuy.com\/wp-content\/uploads\/2022\/06\/gasoil.jpg","datePublished":"2022-07-07T17:29:47+00:00","dateModified":"2022-07-07T17:29:49+00:00","description":"Los problemas de abastecimiento de gasoil en Jujuy contin\u00faan y no parece haber soluci\u00f3n en el corto plazo y exigen una mesa de trabajo.","breadcrumb":{"@id":"https:\/\/www.muyjujuy.com\/index.php\/2022\/07\/07\/falta-de-gasoil-la-situacion-en-jujuy-empeora-y-ya-no-hay-provincias-con-pleno-abastecimiento\/#breadcrumb"},"inLanguage":"es-AR","potentialAction":[{"@type":"ReadAction","target":["https:\/\/www.muyjujuy.com\/index.php\/2022\/07\/07\/falta-de-gasoil-la-situacion-en-jujuy-empeora-y-ya-no-hay-provincias-con-pleno-abastecimiento\/"]}]},{"@type":"ImageObject","inLanguage":"es-AR","@id":"https:\/\/www.muyjujuy.com\/index.php\/2022\/07\/07\/falta-de-gasoil-la-situacion-en-jujuy-empeora-y-ya-no-hay-provincias-con-pleno-abastecimiento\/#primaryimage","url":"https:\/\/www.muyjujuy.com\/wp-content\/uploads\/2022\/06\/gasoil.jpg","contentUrl":"https:\/\/www.muyjujuy.com\/wp-content\/uploads\/2022\/06\/gasoil.jpg","width":600,"height":369},{"@type":"BreadcrumbList","@id":"https:\/\/www.muyjujuy.com\/index.php\/2022\/07\/07\/falta-de-gasoil-la-situacion-en-jujuy-empeora-y-ya-no-hay-provincias-con-pleno-abastecimiento\/#breadcrumb","itemListElement":[{"@type":"ListItem","position":1,"name":"Inicio","item":"https:\/\/www.muyjujuy.com\/"},{"@type":"ListItem","position":2,"name":"Falta de gasoil: la situaci\u00f3n en Jujuy empeora y ya no hay provincias con pleno abastecimiento"}]},{"@type":"WebSite","@id":"https:\/\/www.muyjujuy.com\/#website","url":"https:\/\/www.muyjujuy.com\/","name":"Muy Jujuy","description":"","publisher":{"@id":"https:\/\/www.muyjujuy.com\/#organization"},"potentialAction":[{"@type":"SearchAction","target":{"@type":"EntryPoint","urlTemplate":"https:\/\/www.muyjujuy.com\/?s={search_term_string}"},"query-input":{"@type":"PropertyValueSpecification","valueRequired":true,"valueName":"search_term_string"}}],"inLanguage":"es-AR"},{"@type":"Organization","@id":"https:\/\/www.muyjujuy.com\/#organization","name":"Muy Jujuy","url":"https:\/\/www.muyjujuy.com\/","logo":{"@type":"ImageObject","inLanguage":"es-AR","@id":"https:\/\/www.muyjujuy.com\/#\/schema\/logo\/image\/","url":"http:\/\/www.muyjujuy.com\/wp-content\/uploads\/2022\/05\/logo-mobil-jujuy.png","contentUrl":"http:\/\/www.muyjujuy.com\/wp-content\/uploads\/2022\/05\/logo-mobil-jujuy.png","width":174,"height":81,"caption":"Muy Jujuy"},"image":{"@id":"https:\/\/www.muyjujuy.com\/#\/schema\/logo\/image\/"},"sameAs":["https:\/\/www.facebook.com\/muyjujuycom","https:\/\/x.com\/muyjujuy","https:\/\/www.instagram.com\/muyjujuycom"]},{"@type":"Person","@id":"https:\/\/www.muyjujuy.com\/#\/schema\/person\/1d0f6e223ccea9e3f9034c1a5b683bf2","name":"Redacci\u00f3n Muy Jujuy","image":{"@type":"ImageObject","inLanguage":"es-AR","@id":"https:\/\/secure.gravatar.com\/avatar\/fec5f6f1893d741ed5eecccff109ce43e67a855411202a3212a058cb8e5c27d4?s=96&d=mm&r=g","url":"https:\/\/secure.gravatar.com\/avatar\/fec5f6f1893d741ed5eecccff109ce43e67a855411202a3212a058cb8e5c27d4?s=96&d=mm&r=g","contentUrl":"https:\/\/secure.gravatar.com\/avatar\/fec5f6f1893d741ed5eecccff109ce43e67a855411202a3212a058cb8e5c27d4?s=96&d=mm&r=g","caption":"Redacci\u00f3n Muy Jujuy"},"url":"https:\/\/www.muyjujuy.com\/index.php\/author\/editor\/"}]}},"_links":{"self":[{"href":"https:\/\/www.muyjujuy.com\/index.php\/wp-json\/wp\/v2\/posts\/825","targetHints":{"allow":["GET"]}}],"collection":[{"href":"https:\/\/www.muyjujuy.com\/index.php\/wp-json\/wp\/v2\/posts"}],"about":[{"href":"https:\/\/www.muyjujuy.com\/index.php\/wp-json\/wp\/v2\/types\/post"}],"author":[{"embeddable":true,"href":"https:\/\/www.muyjujuy.com\/index.php\/wp-json\/wp\/v2\/users\/3"}],"replies":[{"embeddable":true,"href":"https:\/\/www.muyjujuy.com\/index.php\/wp-json\/wp\/v2\/comments?post=825"}],"version-history":[{"count":1,"href":"https:\/\/www.muyjujuy.com\/index.php\/wp-json\/wp\/v2\/posts\/825\/revisions"}],"predecessor-version":[{"id":826,"href":"https:\/\/www.muyjujuy.com\/index.php\/wp-json\/wp\/v2\/posts\/825\/revisions\/826"}],"wp:featuredmedia":[{"embeddable":true,"href":"https:\/\/www.muyjujuy.com\/index.php\/wp-json\/wp\/v2\/media\/633"}],"wp:attachment":[{"href":"https:\/\/www.muyjujuy.com\/index.php\/wp-json\/wp\/v2\/media?parent=825"}],"wp:term":[{"taxonomy":"category","embeddable":true,"href":"https:\/\/www.muyjujuy.com\/index.php\/wp-json\/wp\/v2\/categories?post=825"},{"taxonomy":"post_tag","embeddable":true,"href":"https:\/\/www.muyjujuy.com\/index.php\/wp-json\/wp\/v2\/tags?post=825"}],"curies":[{"name":"wp","href":"https:\/\/api.w.org\/{rel}","templated":true}]}}