{"id":831,"date":"2022-07-08T11:11:06","date_gmt":"2022-07-08T14:11:06","guid":{"rendered":"https:\/\/www.muyjujuy.com\/?p=831"},"modified":"2022-07-08T11:11:07","modified_gmt":"2022-07-08T14:11:07","slug":"san-salvador-vuelven-los-conciertos-gratis-para-toda-la-familia-en-plaza-espana","status":"publish","type":"post","link":"https:\/\/www.muyjujuy.com\/index.php\/2022\/07\/08\/san-salvador-vuelven-los-conciertos-gratis-para-toda-la-familia-en-plaza-espana\/","title":{"rendered":"San Salvador: vuelven los conciertos gratis para toda la familia en Plaza Espa\u00f1a"},"content":{"rendered":"\n<p><em>En el marco de los festejos del 9 de Julio, los juje\u00f1os y turistas podr\u00e1n disfrutar de conciertos y festividades en la ciudad capitalina.<\/em><\/p>\n\n\n\n<p>El Ministerio de Cultura y Turismo provincial dar\u00e1 inicio a <strong>un nuevo Ciclo de Conciertos en <a href=\"https:\/\/www.google.com\/maps\/place\/Plaza+Espa%C3%B1a\/@-24.1873056,-65.2993876,15z\/data=!4m2!3m1!1s0x0:0xcf92b2bea71f457f?sa=X&amp;ved=2ahUKEwid2J60uun4AhWpt5UCHcd6BOQQ_BJ6BAhPEAU\">Plaza Espa\u00f1a<\/a> <\/strong>este s\u00e1bado 9 de Julio con un Especial D\u00eda de la Independencia. Tambi\u00e9n, ser\u00e1 el lanzamiento de la <strong>Temporada Tur\u00edstica de Invierno <\/strong>y la apertura de la Feria Provincial del Mercado Artesanal de Jujuy que<strong> estar\u00e1 habilitada hasta el 24 de julio.<\/strong><\/p>\n\n\n\n<p>A partir de las 16:30, con entrada libre y gratuita, se podr\u00e1 disfrutar de espect\u00e1culos art\u00edsticos a cargo:<strong> Generaci\u00f3n Guari, Oriana Reyes, Albahaca, Jos\u00e9 Sim\u00f3n y Los Churos Changos y Fortunato Ramos. <\/strong><\/p>\n\n\n\n<p>Adem\u00e1s de una recreaci\u00f3n del 9 de Julio de 1816, de pintura en vivo, de pintacaritas y saborear un &#8220;Chocolate Patrio&#8221;.<\/p>\n\n\n\n<h2 class=\"wp-block-heading\"><strong>&#8220;Garantizar derechos culturales&#8221;<\/strong><\/h2>\n\n\n\n<p>Al respecto, el secretario de Cultura, <strong>Luis Medina Zar<\/strong>, se\u00f1al\u00f3 que &#8220;el Gobierno, en una fecha tan cara para los argentinos, <strong>abre nuevamente Casa de Gobierno para presentar un nuevo ciclo de conciertos <\/strong>para que las personas <strong>visiten, participen y disfruten en familia de artistas <\/strong>consagrados y emergentes, como fue en el verano y otras fechas patrias\u201d.<\/p>\n\n\n\n<p>\u201cDe esa forma adem\u00e1s, se contin\u00faan garantizando los derechos culturales para la comunidad y los artistas generando espacios para que muestren su arte. Tambi\u00e9n los artesanos de distintos puntos de la provincia participar\u00e1n en la 1ra. Feria Provincia para mostrar sus obras y vendiendo aut\u00e9nticas artesan\u00edas, que estar\u00e1 habilitada hasta el 24 de julio\u201d, enfatiz\u00f3.<\/p>\n\n\n\n<p>Puntualiz\u00f3 que <strong>\u201cesto coincide con el lanzamiento de la Temporada Tur\u00edstica de Invierno <\/strong>donde los municipios de las cuatro regiones estar\u00e1n mostrando sus propuestas tanto para turistas como para el p\u00fablico en general. Por todo ello, <strong>est\u00e1 invitada toda la comunidad y los turistas para este 9 de julio a partir de las 16,30\u201d.<\/strong><\/p>\n\n\n\n<h2 class=\"wp-block-heading\"><strong>Horario de la feria<\/strong><\/h2>\n\n\n\n<p>La 1ra. Feria Provincial del Mercado Artesanal de Jujuy estar\u00e1 habilitada de lunes a viernes en el horario de 10 a 20 horas y los s\u00e1bados y domingo de 10 a 21 horas.<\/p>\n","protected":false},"excerpt":{"rendered":"<p>En el marco de los festejos del 9 de Julio, los juje\u00f1os y turistas podr\u00e1n disfrutar de conciertos y festividades en la ciudad capitalina. El Ministerio de Cultura y Turismo provincial dar\u00e1 inicio a un nuevo Ciclo de Conciertos en Plaza Espa\u00f1a este s\u00e1bado 9 de Julio con un Especial D\u00eda de la Independencia. Tambi\u00e9n, [&hellip;]<\/p>\n","protected":false},"author":3,"featured_media":832,"comment_status":"open","ping_status":"open","sticky":false,"template":"","format":"standard","meta":{"footnotes":""},"categories":[24],"tags":[706,8,640],"class_list":{"0":"post-831","1":"post","2":"type-post","3":"status-publish","4":"format-standard","5":"has-post-thumbnail","7":"category-politica","8":"tag-9-de-julio","9":"tag-jujuy","10":"tag-san-salvador"},"yoast_head":"<!-- This site is optimized with the Yoast SEO plugin v27.5 - https:\/\/yoast.com\/product\/yoast-seo-wordpress\/ -->\n<title>San Salvador: vuelven los conciertos gratis para toda la familia en Plaza Espa\u00f1a - Muy Jujuy<\/title>\n<meta name=\"description\" content=\"El Ministerio de Cultura y Turismo provincial dar\u00e1 inicio a un nuevo Ciclo de Conciertos en Plaza Espa\u00f1a este s\u00e1bado 9 de Julio con un Especial D\u00eda de la Independencia\" \/>\n<meta name=\"robots\" content=\"index, follow, max-snippet:-1, max-image-preview:large, max-video-preview:-1\" \/>\n<link rel=\"canonical\" href=\"https:\/\/www.muyjujuy.com\/index.php\/2022\/07\/08\/san-salvador-vuelven-los-conciertos-gratis-para-toda-la-familia-en-plaza-espana\/\" \/>\n<meta property=\"og:locale\" content=\"es_ES\" \/>\n<meta property=\"og:type\" content=\"article\" \/>\n<meta property=\"og:title\" content=\"San Salvador: vuelven los conciertos gratis para toda la familia en Plaza Espa\u00f1a - Muy Jujuy\" \/>\n<meta property=\"og:description\" content=\"El Ministerio de Cultura y Turismo provincial dar\u00e1 inicio a un nuevo Ciclo de Conciertos en Plaza Espa\u00f1a este s\u00e1bado 9 de Julio con un Especial D\u00eda de la Independencia\" \/>\n<meta property=\"og:url\" content=\"https:\/\/www.muyjujuy.com\/index.php\/2022\/07\/08\/san-salvador-vuelven-los-conciertos-gratis-para-toda-la-familia-en-plaza-espana\/\" \/>\n<meta property=\"og:site_name\" content=\"Muy Jujuy\" \/>\n<meta property=\"article:publisher\" content=\"https:\/\/www.facebook.com\/muyjujuycom\" \/>\n<meta property=\"article:published_time\" content=\"2022-07-08T14:11:06+00:00\" \/>\n<meta property=\"article:modified_time\" content=\"2022-07-08T14:11:07+00:00\" \/>\n<meta property=\"og:image\" content=\"https:\/\/www.muyjujuy.com\/wp-content\/uploads\/2022\/07\/plaza-espana-1.jpg\" \/>\n\t<meta property=\"og:image:width\" content=\"990\" \/>\n\t<meta property=\"og:image:height\" content=\"610\" \/>\n\t<meta property=\"og:image:type\" content=\"image\/jpeg\" \/>\n<meta name=\"author\" content=\"Redacci\u00f3n Muy Jujuy\" \/>\n<meta name=\"twitter:card\" content=\"summary_large_image\" \/>\n<meta name=\"twitter:creator\" content=\"@muyjujuy\" \/>\n<meta name=\"twitter:site\" content=\"@muyjujuy\" \/>\n<meta name=\"twitter:label1\" content=\"Escrito por\" \/>\n\t<meta name=\"twitter:data1\" content=\"Redacci\u00f3n Muy Jujuy\" \/>\n\t<meta name=\"twitter:label2\" content=\"Tiempo de lectura\" \/>\n\t<meta name=\"twitter:data2\" content=\"2 minutos\" \/>\n<script type=\"application\/ld+json\" class=\"yoast-schema-graph\">{\"@context\":\"https:\\\/\\\/schema.org\",\"@graph\":[{\"@type\":\"Article\",\"@id\":\"https:\\\/\\\/www.muyjujuy.com\\\/index.php\\\/2022\\\/07\\\/08\\\/san-salvador-vuelven-los-conciertos-gratis-para-toda-la-familia-en-plaza-espana\\\/#article\",\"isPartOf\":{\"@id\":\"https:\\\/\\\/www.muyjujuy.com\\\/index.php\\\/2022\\\/07\\\/08\\\/san-salvador-vuelven-los-conciertos-gratis-para-toda-la-familia-en-plaza-espana\\\/\"},\"author\":{\"name\":\"Redacci\u00f3n Muy Jujuy\",\"@id\":\"https:\\\/\\\/www.muyjujuy.com\\\/#\\\/schema\\\/person\\\/1d0f6e223ccea9e3f9034c1a5b683bf2\"},\"headline\":\"San Salvador: vuelven los conciertos gratis para toda la familia en Plaza Espa\u00f1a\",\"datePublished\":\"2022-07-08T14:11:06+00:00\",\"dateModified\":\"2022-07-08T14:11:07+00:00\",\"mainEntityOfPage\":{\"@id\":\"https:\\\/\\\/www.muyjujuy.com\\\/index.php\\\/2022\\\/07\\\/08\\\/san-salvador-vuelven-los-conciertos-gratis-para-toda-la-familia-en-plaza-espana\\\/\"},\"wordCount\":368,\"commentCount\":0,\"publisher\":{\"@id\":\"https:\\\/\\\/www.muyjujuy.com\\\/#organization\"},\"image\":{\"@id\":\"https:\\\/\\\/www.muyjujuy.com\\\/index.php\\\/2022\\\/07\\\/08\\\/san-salvador-vuelven-los-conciertos-gratis-para-toda-la-familia-en-plaza-espana\\\/#primaryimage\"},\"thumbnailUrl\":\"https:\\\/\\\/www.muyjujuy.com\\\/wp-content\\\/uploads\\\/2022\\\/07\\\/plaza-espana-1.jpg\",\"keywords\":[\"9 de Julio\",\"Jujuy\",\"San Salvador\"],\"articleSection\":[\"Pol\u00edtica\"],\"inLanguage\":\"es-AR\",\"potentialAction\":[{\"@type\":\"CommentAction\",\"name\":\"Comment\",\"target\":[\"https:\\\/\\\/www.muyjujuy.com\\\/index.php\\\/2022\\\/07\\\/08\\\/san-salvador-vuelven-los-conciertos-gratis-para-toda-la-familia-en-plaza-espana\\\/#respond\"]}]},{\"@type\":\"WebPage\",\"@id\":\"https:\\\/\\\/www.muyjujuy.com\\\/index.php\\\/2022\\\/07\\\/08\\\/san-salvador-vuelven-los-conciertos-gratis-para-toda-la-familia-en-plaza-espana\\\/\",\"url\":\"https:\\\/\\\/www.muyjujuy.com\\\/index.php\\\/2022\\\/07\\\/08\\\/san-salvador-vuelven-los-conciertos-gratis-para-toda-la-familia-en-plaza-espana\\\/\",\"name\":\"San Salvador: vuelven los conciertos gratis para toda la familia en Plaza Espa\u00f1a - Muy Jujuy\",\"isPartOf\":{\"@id\":\"https:\\\/\\\/www.muyjujuy.com\\\/#website\"},\"primaryImageOfPage\":{\"@id\":\"https:\\\/\\\/www.muyjujuy.com\\\/index.php\\\/2022\\\/07\\\/08\\\/san-salvador-vuelven-los-conciertos-gratis-para-toda-la-familia-en-plaza-espana\\\/#primaryimage\"},\"image\":{\"@id\":\"https:\\\/\\\/www.muyjujuy.com\\\/index.php\\\/2022\\\/07\\\/08\\\/san-salvador-vuelven-los-conciertos-gratis-para-toda-la-familia-en-plaza-espana\\\/#primaryimage\"},\"thumbnailUrl\":\"https:\\\/\\\/www.muyjujuy.com\\\/wp-content\\\/uploads\\\/2022\\\/07\\\/plaza-espana-1.jpg\",\"datePublished\":\"2022-07-08T14:11:06+00:00\",\"dateModified\":\"2022-07-08T14:11:07+00:00\",\"description\":\"El Ministerio de Cultura y Turismo provincial dar\u00e1 inicio a un nuevo Ciclo de Conciertos en Plaza Espa\u00f1a este s\u00e1bado 9 de Julio con un Especial D\u00eda de la Independencia\",\"breadcrumb\":{\"@id\":\"https:\\\/\\\/www.muyjujuy.com\\\/index.php\\\/2022\\\/07\\\/08\\\/san-salvador-vuelven-los-conciertos-gratis-para-toda-la-familia-en-plaza-espana\\\/#breadcrumb\"},\"inLanguage\":\"es-AR\",\"potentialAction\":[{\"@type\":\"ReadAction\",\"target\":[\"https:\\\/\\\/www.muyjujuy.com\\\/index.php\\\/2022\\\/07\\\/08\\\/san-salvador-vuelven-los-conciertos-gratis-para-toda-la-familia-en-plaza-espana\\\/\"]}]},{\"@type\":\"ImageObject\",\"inLanguage\":\"es-AR\",\"@id\":\"https:\\\/\\\/www.muyjujuy.com\\\/index.php\\\/2022\\\/07\\\/08\\\/san-salvador-vuelven-los-conciertos-gratis-para-toda-la-familia-en-plaza-espana\\\/#primaryimage\",\"url\":\"https:\\\/\\\/www.muyjujuy.com\\\/wp-content\\\/uploads\\\/2022\\\/07\\\/plaza-espana-1.jpg\",\"contentUrl\":\"https:\\\/\\\/www.muyjujuy.com\\\/wp-content\\\/uploads\\\/2022\\\/07\\\/plaza-espana-1.jpg\",\"width\":990,\"height\":610},{\"@type\":\"BreadcrumbList\",\"@id\":\"https:\\\/\\\/www.muyjujuy.com\\\/index.php\\\/2022\\\/07\\\/08\\\/san-salvador-vuelven-los-conciertos-gratis-para-toda-la-familia-en-plaza-espana\\\/#breadcrumb\",\"itemListElement\":[{\"@type\":\"ListItem\",\"position\":1,\"name\":\"Inicio\",\"item\":\"https:\\\/\\\/www.muyjujuy.com\\\/\"},{\"@type\":\"ListItem\",\"position\":2,\"name\":\"San Salvador: vuelven los conciertos gratis para toda la familia en Plaza Espa\u00f1a\"}]},{\"@type\":\"WebSite\",\"@id\":\"https:\\\/\\\/www.muyjujuy.com\\\/#website\",\"url\":\"https:\\\/\\\/www.muyjujuy.com\\\/\",\"name\":\"Muy Jujuy\",\"description\":\"\",\"publisher\":{\"@id\":\"https:\\\/\\\/www.muyjujuy.com\\\/#organization\"},\"potentialAction\":[{\"@type\":\"SearchAction\",\"target\":{\"@type\":\"EntryPoint\",\"urlTemplate\":\"https:\\\/\\\/www.muyjujuy.com\\\/?s={search_term_string}\"},\"query-input\":{\"@type\":\"PropertyValueSpecification\",\"valueRequired\":true,\"valueName\":\"search_term_string\"}}],\"inLanguage\":\"es-AR\"},{\"@type\":\"Organization\",\"@id\":\"https:\\\/\\\/www.muyjujuy.com\\\/#organization\",\"name\":\"Muy Jujuy\",\"url\":\"https:\\\/\\\/www.muyjujuy.com\\\/\",\"logo\":{\"@type\":\"ImageObject\",\"inLanguage\":\"es-AR\",\"@id\":\"https:\\\/\\\/www.muyjujuy.com\\\/#\\\/schema\\\/logo\\\/image\\\/\",\"url\":\"http:\\\/\\\/www.muyjujuy.com\\\/wp-content\\\/uploads\\\/2022\\\/05\\\/logo-mobil-jujuy.png\",\"contentUrl\":\"http:\\\/\\\/www.muyjujuy.com\\\/wp-content\\\/uploads\\\/2022\\\/05\\\/logo-mobil-jujuy.png\",\"width\":174,\"height\":81,\"caption\":\"Muy Jujuy\"},\"image\":{\"@id\":\"https:\\\/\\\/www.muyjujuy.com\\\/#\\\/schema\\\/logo\\\/image\\\/\"},\"sameAs\":[\"https:\\\/\\\/www.facebook.com\\\/muyjujuycom\",\"https:\\\/\\\/x.com\\\/muyjujuy\",\"https:\\\/\\\/www.instagram.com\\\/muyjujuycom\"]},{\"@type\":\"Person\",\"@id\":\"https:\\\/\\\/www.muyjujuy.com\\\/#\\\/schema\\\/person\\\/1d0f6e223ccea9e3f9034c1a5b683bf2\",\"name\":\"Redacci\u00f3n Muy Jujuy\",\"image\":{\"@type\":\"ImageObject\",\"inLanguage\":\"es-AR\",\"@id\":\"https:\\\/\\\/secure.gravatar.com\\\/avatar\\\/fec5f6f1893d741ed5eecccff109ce43e67a855411202a3212a058cb8e5c27d4?s=96&d=mm&r=g\",\"url\":\"https:\\\/\\\/secure.gravatar.com\\\/avatar\\\/fec5f6f1893d741ed5eecccff109ce43e67a855411202a3212a058cb8e5c27d4?s=96&d=mm&r=g\",\"contentUrl\":\"https:\\\/\\\/secure.gravatar.com\\\/avatar\\\/fec5f6f1893d741ed5eecccff109ce43e67a855411202a3212a058cb8e5c27d4?s=96&d=mm&r=g\",\"caption\":\"Redacci\u00f3n Muy Jujuy\"},\"url\":\"https:\\\/\\\/www.muyjujuy.com\\\/index.php\\\/author\\\/editor\\\/\"}]}<\/script>\n<!-- \/ Yoast SEO plugin. -->","yoast_head_json":{"title":"San Salvador: vuelven los conciertos gratis para toda la familia en Plaza Espa\u00f1a - Muy Jujuy","description":"El Ministerio de Cultura y Turismo provincial dar\u00e1 inicio a un nuevo Ciclo de Conciertos en Plaza Espa\u00f1a este s\u00e1bado 9 de Julio con un Especial D\u00eda de la Independencia","robots":{"index":"index","follow":"follow","max-snippet":"max-snippet:-1","max-image-preview":"max-image-preview:large","max-video-preview":"max-video-preview:-1"},"canonical":"https:\/\/www.muyjujuy.com\/index.php\/2022\/07\/08\/san-salvador-vuelven-los-conciertos-gratis-para-toda-la-familia-en-plaza-espana\/","og_locale":"es_ES","og_type":"article","og_title":"San Salvador: vuelven los conciertos gratis para toda la familia en Plaza Espa\u00f1a - Muy Jujuy","og_description":"El Ministerio de Cultura y Turismo provincial dar\u00e1 inicio a un nuevo Ciclo de Conciertos en Plaza Espa\u00f1a este s\u00e1bado 9 de Julio con un Especial D\u00eda de la Independencia","og_url":"https:\/\/www.muyjujuy.com\/index.php\/2022\/07\/08\/san-salvador-vuelven-los-conciertos-gratis-para-toda-la-familia-en-plaza-espana\/","og_site_name":"Muy Jujuy","article_publisher":"https:\/\/www.facebook.com\/muyjujuycom","article_published_time":"2022-07-08T14:11:06+00:00","article_modified_time":"2022-07-08T14:11:07+00:00","og_image":[{"width":990,"height":610,"url":"https:\/\/www.muyjujuy.com\/wp-content\/uploads\/2022\/07\/plaza-espana-1.jpg","type":"image\/jpeg"}],"author":"Redacci\u00f3n Muy Jujuy","twitter_card":"summary_large_image","twitter_creator":"@muyjujuy","twitter_site":"@muyjujuy","twitter_misc":{"Escrito por":"Redacci\u00f3n Muy Jujuy","Tiempo de lectura":"2 minutos"},"schema":{"@context":"https:\/\/schema.org","@graph":[{"@type":"Article","@id":"https:\/\/www.muyjujuy.com\/index.php\/2022\/07\/08\/san-salvador-vuelven-los-conciertos-gratis-para-toda-la-familia-en-plaza-espana\/#article","isPartOf":{"@id":"https:\/\/www.muyjujuy.com\/index.php\/2022\/07\/08\/san-salvador-vuelven-los-conciertos-gratis-para-toda-la-familia-en-plaza-espana\/"},"author":{"name":"Redacci\u00f3n Muy Jujuy","@id":"https:\/\/www.muyjujuy.com\/#\/schema\/person\/1d0f6e223ccea9e3f9034c1a5b683bf2"},"headline":"San Salvador: vuelven los conciertos gratis para toda la familia en Plaza Espa\u00f1a","datePublished":"2022-07-08T14:11:06+00:00","dateModified":"2022-07-08T14:11:07+00:00","mainEntityOfPage":{"@id":"https:\/\/www.muyjujuy.com\/index.php\/2022\/07\/08\/san-salvador-vuelven-los-conciertos-gratis-para-toda-la-familia-en-plaza-espana\/"},"wordCount":368,"commentCount":0,"publisher":{"@id":"https:\/\/www.muyjujuy.com\/#organization"},"image":{"@id":"https:\/\/www.muyjujuy.com\/index.php\/2022\/07\/08\/san-salvador-vuelven-los-conciertos-gratis-para-toda-la-familia-en-plaza-espana\/#primaryimage"},"thumbnailUrl":"https:\/\/www.muyjujuy.com\/wp-content\/uploads\/2022\/07\/plaza-espana-1.jpg","keywords":["9 de Julio","Jujuy","San Salvador"],"articleSection":["Pol\u00edtica"],"inLanguage":"es-AR","potentialAction":[{"@type":"CommentAction","name":"Comment","target":["https:\/\/www.muyjujuy.com\/index.php\/2022\/07\/08\/san-salvador-vuelven-los-conciertos-gratis-para-toda-la-familia-en-plaza-espana\/#respond"]}]},{"@type":"WebPage","@id":"https:\/\/www.muyjujuy.com\/index.php\/2022\/07\/08\/san-salvador-vuelven-los-conciertos-gratis-para-toda-la-familia-en-plaza-espana\/","url":"https:\/\/www.muyjujuy.com\/index.php\/2022\/07\/08\/san-salvador-vuelven-los-conciertos-gratis-para-toda-la-familia-en-plaza-espana\/","name":"San Salvador: vuelven los conciertos gratis para toda la familia en Plaza Espa\u00f1a - Muy Jujuy","isPartOf":{"@id":"https:\/\/www.muyjujuy.com\/#website"},"primaryImageOfPage":{"@id":"https:\/\/www.muyjujuy.com\/index.php\/2022\/07\/08\/san-salvador-vuelven-los-conciertos-gratis-para-toda-la-familia-en-plaza-espana\/#primaryimage"},"image":{"@id":"https:\/\/www.muyjujuy.com\/index.php\/2022\/07\/08\/san-salvador-vuelven-los-conciertos-gratis-para-toda-la-familia-en-plaza-espana\/#primaryimage"},"thumbnailUrl":"https:\/\/www.muyjujuy.com\/wp-content\/uploads\/2022\/07\/plaza-espana-1.jpg","datePublished":"2022-07-08T14:11:06+00:00","dateModified":"2022-07-08T14:11:07+00:00","description":"El Ministerio de Cultura y Turismo provincial dar\u00e1 inicio a un nuevo Ciclo de Conciertos en Plaza Espa\u00f1a este s\u00e1bado 9 de Julio con un Especial D\u00eda de la Independencia","breadcrumb":{"@id":"https:\/\/www.muyjujuy.com\/index.php\/2022\/07\/08\/san-salvador-vuelven-los-conciertos-gratis-para-toda-la-familia-en-plaza-espana\/#breadcrumb"},"inLanguage":"es-AR","potentialAction":[{"@type":"ReadAction","target":["https:\/\/www.muyjujuy.com\/index.php\/2022\/07\/08\/san-salvador-vuelven-los-conciertos-gratis-para-toda-la-familia-en-plaza-espana\/"]}]},{"@type":"ImageObject","inLanguage":"es-AR","@id":"https:\/\/www.muyjujuy.com\/index.php\/2022\/07\/08\/san-salvador-vuelven-los-conciertos-gratis-para-toda-la-familia-en-plaza-espana\/#primaryimage","url":"https:\/\/www.muyjujuy.com\/wp-content\/uploads\/2022\/07\/plaza-espana-1.jpg","contentUrl":"https:\/\/www.muyjujuy.com\/wp-content\/uploads\/2022\/07\/plaza-espana-1.jpg","width":990,"height":610},{"@type":"BreadcrumbList","@id":"https:\/\/www.muyjujuy.com\/index.php\/2022\/07\/08\/san-salvador-vuelven-los-conciertos-gratis-para-toda-la-familia-en-plaza-espana\/#breadcrumb","itemListElement":[{"@type":"ListItem","position":1,"name":"Inicio","item":"https:\/\/www.muyjujuy.com\/"},{"@type":"ListItem","position":2,"name":"San Salvador: vuelven los conciertos gratis para toda la familia en Plaza Espa\u00f1a"}]},{"@type":"WebSite","@id":"https:\/\/www.muyjujuy.com\/#website","url":"https:\/\/www.muyjujuy.com\/","name":"Muy Jujuy","description":"","publisher":{"@id":"https:\/\/www.muyjujuy.com\/#organization"},"potentialAction":[{"@type":"SearchAction","target":{"@type":"EntryPoint","urlTemplate":"https:\/\/www.muyjujuy.com\/?s={search_term_string}"},"query-input":{"@type":"PropertyValueSpecification","valueRequired":true,"valueName":"search_term_string"}}],"inLanguage":"es-AR"},{"@type":"Organization","@id":"https:\/\/www.muyjujuy.com\/#organization","name":"Muy Jujuy","url":"https:\/\/www.muyjujuy.com\/","logo":{"@type":"ImageObject","inLanguage":"es-AR","@id":"https:\/\/www.muyjujuy.com\/#\/schema\/logo\/image\/","url":"http:\/\/www.muyjujuy.com\/wp-content\/uploads\/2022\/05\/logo-mobil-jujuy.png","contentUrl":"http:\/\/www.muyjujuy.com\/wp-content\/uploads\/2022\/05\/logo-mobil-jujuy.png","width":174,"height":81,"caption":"Muy Jujuy"},"image":{"@id":"https:\/\/www.muyjujuy.com\/#\/schema\/logo\/image\/"},"sameAs":["https:\/\/www.facebook.com\/muyjujuycom","https:\/\/x.com\/muyjujuy","https:\/\/www.instagram.com\/muyjujuycom"]},{"@type":"Person","@id":"https:\/\/www.muyjujuy.com\/#\/schema\/person\/1d0f6e223ccea9e3f9034c1a5b683bf2","name":"Redacci\u00f3n Muy Jujuy","image":{"@type":"ImageObject","inLanguage":"es-AR","@id":"https:\/\/secure.gravatar.com\/avatar\/fec5f6f1893d741ed5eecccff109ce43e67a855411202a3212a058cb8e5c27d4?s=96&d=mm&r=g","url":"https:\/\/secure.gravatar.com\/avatar\/fec5f6f1893d741ed5eecccff109ce43e67a855411202a3212a058cb8e5c27d4?s=96&d=mm&r=g","contentUrl":"https:\/\/secure.gravatar.com\/avatar\/fec5f6f1893d741ed5eecccff109ce43e67a855411202a3212a058cb8e5c27d4?s=96&d=mm&r=g","caption":"Redacci\u00f3n Muy Jujuy"},"url":"https:\/\/www.muyjujuy.com\/index.php\/author\/editor\/"}]}},"_links":{"self":[{"href":"https:\/\/www.muyjujuy.com\/index.php\/wp-json\/wp\/v2\/posts\/831","targetHints":{"allow":["GET"]}}],"collection":[{"href":"https:\/\/www.muyjujuy.com\/index.php\/wp-json\/wp\/v2\/posts"}],"about":[{"href":"https:\/\/www.muyjujuy.com\/index.php\/wp-json\/wp\/v2\/types\/post"}],"author":[{"embeddable":true,"href":"https:\/\/www.muyjujuy.com\/index.php\/wp-json\/wp\/v2\/users\/3"}],"replies":[{"embeddable":true,"href":"https:\/\/www.muyjujuy.com\/index.php\/wp-json\/wp\/v2\/comments?post=831"}],"version-history":[{"count":1,"href":"https:\/\/www.muyjujuy.com\/index.php\/wp-json\/wp\/v2\/posts\/831\/revisions"}],"predecessor-version":[{"id":833,"href":"https:\/\/www.muyjujuy.com\/index.php\/wp-json\/wp\/v2\/posts\/831\/revisions\/833"}],"wp:featuredmedia":[{"embeddable":true,"href":"https:\/\/www.muyjujuy.com\/index.php\/wp-json\/wp\/v2\/media\/832"}],"wp:attachment":[{"href":"https:\/\/www.muyjujuy.com\/index.php\/wp-json\/wp\/v2\/media?parent=831"}],"wp:term":[{"taxonomy":"category","embeddable":true,"href":"https:\/\/www.muyjujuy.com\/index.php\/wp-json\/wp\/v2\/categories?post=831"},{"taxonomy":"post_tag","embeddable":true,"href":"https:\/\/www.muyjujuy.com\/index.php\/wp-json\/wp\/v2\/tags?post=831"}],"curies":[{"name":"wp","href":"https:\/\/api.w.org\/{rel}","templated":true}]}}