{"id":889,"date":"2022-07-14T10:17:35","date_gmt":"2022-07-14T13:17:35","guid":{"rendered":"https:\/\/www.muyjujuy.com\/?p=889"},"modified":"2022-07-14T10:17:37","modified_gmt":"2022-07-14T13:17:37","slug":"se-registro-un-nuevo-sismo-de-3-grados-en-la-escala-de-richter-en-lozano","status":"publish","type":"post","link":"https:\/\/www.muyjujuy.com\/index.php\/2022\/07\/14\/se-registro-un-nuevo-sismo-de-3-grados-en-la-escala-de-richter-en-lozano\/","title":{"rendered":"Se registr\u00f3 un nuevo sismo de 3 grados en la escala de Richter en Lozano"},"content":{"rendered":"\n<p><em>El sismo tuvo su epicentro a 16 kil\u00f3metros al Noreste de San Salvador De Jujuy y se sinti\u00f3 levemente por los juje\u00f1os.<\/em><\/p>\n\n\n\n<p>A primera hora de la ma\u00f1ana de este jueves se sinti\u00f3 un nuevo temblor en Jujuy. Esta vez, el sismo se produjo en la localidad de Lozano. Vecinos del lugar sintieron el movimiento antes de la 7. <\/p>\n\n\n\n<p>El Instituto Nacional de Prevenci\u00f3n S\u00edsmica detall\u00f3 que <strong>el temblor se registr\u00f3 a las 06.35 horas <\/strong>en dicha la localidad y <strong>tuvo una magnitud de 3 grados en la escala de Richter y una profundidad de 11 kil\u00f3metros. <\/strong>El movimiento s\u00edsmico fue sentido leventemente por algunas personas.<\/p>\n\n\n\n<p>Adem\u00e1s el INPRES inform\u00f3 que el epicentro <strong>se registr\u00f3 a 16 kil\u00f3metros al Noreste de San Salvador De Jujuy<\/strong>; a 84 kil\u00f3metros al Norte de Salta y a 54 kil\u00f3metros al Oeste de San Pedro De Jujuy.<\/p>\n\n\n<div class=\"wp-block-image\">\n<figure class=\"aligncenter size-full is-resized\"><img loading=\"lazy\" decoding=\"async\" src=\"https:\/\/www.muyjujuy.com\/wp-content\/uploads\/2022\/07\/temblor-en-jujuy.jpg\" alt=\"\" class=\"wp-image-890\" width=\"374\" height=\"467\" srcset=\"https:\/\/www.muyjujuy.com\/wp-content\/uploads\/2022\/07\/temblor-en-jujuy.jpg 446w, https:\/\/www.muyjujuy.com\/wp-content\/uploads\/2022\/07\/temblor-en-jujuy-240x300.jpg 240w, https:\/\/www.muyjujuy.com\/wp-content\/uploads\/2022\/07\/temblor-en-jujuy-150x187.jpg 150w, https:\/\/www.muyjujuy.com\/wp-content\/uploads\/2022\/07\/temblor-en-jujuy-300x375.jpg 300w\" sizes=\"auto, (max-width: 374px) 100vw, 374px\" \/><\/figure>\n<\/div>\n\n\n<h2 class=\"wp-block-heading\"><strong>Sismos en la Puna<\/strong><\/h2>\n\n\n\n<p>La semana pasada, <strong><a href=\"https:\/\/www.muyjujuy.com\/index.php\/2022\/07\/11\/se-registraron-dos-sismos-de-mas-de-3-puntos-en-la-escala-de-richter-en-la-puna\/\">dos temblores se sintieron en la regi\u00f3n de la Puna en Jujuy<\/a>.\u00a0<\/strong>Seg\u00fan detall\u00f3 el Instituto Nacional de Prevenci\u00f3n S\u00edsmica (INPRES),\u00a0<strong>los sismos se registraron minutos entre las 7 y 9 horas de la ma\u00f1ana.<\/strong><\/p>\n\n\n\n<p><strong>El primer sismo se registr\u00f3 a las 6:54&nbsp;<\/strong>en el departamento de Rinconada. Tuvo una profundidad de 254 kil\u00f3metros y una magnitud de 3.3 grados en la escala de Richter.<\/p>\n\n\n\n<p>El INPRES detall\u00f3 que el epicentro&nbsp;<strong>estuvo a 222 kil\u00f3metros al Noroeste de San Salvador de Jujuy,&nbsp;<\/strong>a 284 kil\u00f3metros al Norte de Salta y a 9 kil\u00f3metros al Norte de Rinconda.<\/p>\n\n\n<div class=\"wp-block-image\">\n<figure class=\"aligncenter is-resized\"><a href=\"https:\/\/www.muyjujuy.com\/wp-content\/uploads\/2022\/07\/sismo-rinconada.jpg\"><img loading=\"lazy\" decoding=\"async\" src=\"https:\/\/www.muyjujuy.com\/wp-content\/uploads\/2022\/07\/sismo-rinconada.jpg\" alt=\"\" class=\"wp-image-856\" width=\"376\" height=\"489\" srcset=\"https:\/\/www.muyjujuy.com\/wp-content\/uploads\/2022\/07\/sismo-rinconada.jpg 469w, https:\/\/www.muyjujuy.com\/wp-content\/uploads\/2022\/07\/sismo-rinconada-231x300.jpg 231w, https:\/\/www.muyjujuy.com\/wp-content\/uploads\/2022\/07\/sismo-rinconada-150x195.jpg 150w, https:\/\/www.muyjujuy.com\/wp-content\/uploads\/2022\/07\/sismo-rinconada-300x390.jpg 300w\" sizes=\"auto, (max-width: 376px) 100vw, 376px\" \/><\/a><\/figure>\n<\/div>\n\n\n<p>En tanto al segundo temblor,&nbsp;<strong>se registr\u00f3 a las 8:50 horas<\/strong>&nbsp;en el departamento de&nbsp;<strong>Susques.<\/strong><\/p>\n\n\n\n<p>En este caso,&nbsp;<strong>el epicentro fue a 183 kil\u00f3metros al Noroeste de San Salvador de Jujuy<\/strong>, al Norte de Salta y a 45 kil\u00f3metros de Susques.<\/p>\n\n\n\n<p>El instituto indic\u00f3 que&nbsp;<strong>este movimiento tuvo una profundidad de 227 kil\u00f3metros y una magnitud de 3.9.<\/strong><\/p>\n","protected":false},"excerpt":{"rendered":"<p>El sismo tuvo su epicentro a 16 kil\u00f3metros al Noreste de San Salvador De Jujuy y se sinti\u00f3 levemente por los juje\u00f1os. A primera hora de la ma\u00f1ana de este jueves se sinti\u00f3 un nuevo temblor en Jujuy. Esta vez, el sismo se produjo en la localidad de Lozano. Vecinos del lugar sintieron el movimiento [&hellip;]<\/p>\n","protected":false},"author":3,"featured_media":891,"comment_status":"open","ping_status":"open","sticky":false,"template":"","format":"standard","meta":{"footnotes":""},"categories":[25],"tags":[8,716,710],"class_list":{"0":"post-889","1":"post","2":"type-post","3":"status-publish","4":"format-standard","5":"has-post-thumbnail","7":"category-sociedad","8":"tag-jujuy","9":"tag-lozano","10":"tag-sismo"},"yoast_head":"<!-- This site is optimized with the Yoast SEO plugin v27.5 - https:\/\/yoast.com\/product\/yoast-seo-wordpress\/ -->\n<title>Se registr\u00f3 un nuevo sismo de 3 grados en la escala de Richter en Lozano - Muy Jujuy<\/title>\n<meta name=\"description\" content=\"A primera hora de la ma\u00f1ana de este jueves se sinti\u00f3 un nuevo temblor en Jujuy. Esta vez, el sismo se produjo en la localidad de Lozano.\" \/>\n<meta name=\"robots\" content=\"index, follow, max-snippet:-1, max-image-preview:large, max-video-preview:-1\" \/>\n<link rel=\"canonical\" href=\"https:\/\/www.muyjujuy.com\/index.php\/2022\/07\/14\/se-registro-un-nuevo-sismo-de-3-grados-en-la-escala-de-richter-en-lozano\/\" \/>\n<meta property=\"og:locale\" content=\"es_ES\" \/>\n<meta property=\"og:type\" content=\"article\" \/>\n<meta property=\"og:title\" content=\"Se registr\u00f3 un nuevo sismo de 3 grados en la escala de Richter en Lozano - Muy Jujuy\" \/>\n<meta property=\"og:description\" content=\"A primera hora de la ma\u00f1ana de este jueves se sinti\u00f3 un nuevo temblor en Jujuy. Esta vez, el sismo se produjo en la localidad de Lozano.\" \/>\n<meta property=\"og:url\" content=\"https:\/\/www.muyjujuy.com\/index.php\/2022\/07\/14\/se-registro-un-nuevo-sismo-de-3-grados-en-la-escala-de-richter-en-lozano\/\" \/>\n<meta property=\"og:site_name\" content=\"Muy Jujuy\" \/>\n<meta property=\"article:publisher\" content=\"https:\/\/www.facebook.com\/muyjujuycom\" \/>\n<meta property=\"article:published_time\" content=\"2022-07-14T13:17:35+00:00\" \/>\n<meta property=\"article:modified_time\" content=\"2022-07-14T13:17:37+00:00\" \/>\n<meta property=\"og:image\" content=\"https:\/\/www.muyjujuy.com\/wp-content\/uploads\/2022\/07\/WhatsApp-Image-2022-07-14-at-10.16.31-AM.jpeg\" \/>\n\t<meta property=\"og:image:width\" content=\"970\" \/>\n\t<meta property=\"og:image:height\" content=\"546\" \/>\n\t<meta property=\"og:image:type\" content=\"image\/jpeg\" \/>\n<meta name=\"author\" content=\"Redacci\u00f3n Muy Jujuy\" \/>\n<meta name=\"twitter:card\" content=\"summary_large_image\" \/>\n<meta name=\"twitter:creator\" content=\"@muyjujuy\" \/>\n<meta name=\"twitter:site\" content=\"@muyjujuy\" \/>\n<meta name=\"twitter:label1\" content=\"Escrito por\" \/>\n\t<meta name=\"twitter:data1\" content=\"Redacci\u00f3n Muy Jujuy\" \/>\n\t<meta name=\"twitter:label2\" content=\"Tiempo de lectura\" \/>\n\t<meta name=\"twitter:data2\" content=\"2 minutos\" \/>\n<script type=\"application\/ld+json\" class=\"yoast-schema-graph\">{\"@context\":\"https:\\\/\\\/schema.org\",\"@graph\":[{\"@type\":\"Article\",\"@id\":\"https:\\\/\\\/www.muyjujuy.com\\\/index.php\\\/2022\\\/07\\\/14\\\/se-registro-un-nuevo-sismo-de-3-grados-en-la-escala-de-richter-en-lozano\\\/#article\",\"isPartOf\":{\"@id\":\"https:\\\/\\\/www.muyjujuy.com\\\/index.php\\\/2022\\\/07\\\/14\\\/se-registro-un-nuevo-sismo-de-3-grados-en-la-escala-de-richter-en-lozano\\\/\"},\"author\":{\"name\":\"Redacci\u00f3n Muy Jujuy\",\"@id\":\"https:\\\/\\\/www.muyjujuy.com\\\/#\\\/schema\\\/person\\\/1d0f6e223ccea9e3f9034c1a5b683bf2\"},\"headline\":\"Se registr\u00f3 un nuevo sismo de 3 grados en la escala de Richter en Lozano\",\"datePublished\":\"2022-07-14T13:17:35+00:00\",\"dateModified\":\"2022-07-14T13:17:37+00:00\",\"mainEntityOfPage\":{\"@id\":\"https:\\\/\\\/www.muyjujuy.com\\\/index.php\\\/2022\\\/07\\\/14\\\/se-registro-un-nuevo-sismo-de-3-grados-en-la-escala-de-richter-en-lozano\\\/\"},\"wordCount\":330,\"commentCount\":0,\"publisher\":{\"@id\":\"https:\\\/\\\/www.muyjujuy.com\\\/#organization\"},\"image\":{\"@id\":\"https:\\\/\\\/www.muyjujuy.com\\\/index.php\\\/2022\\\/07\\\/14\\\/se-registro-un-nuevo-sismo-de-3-grados-en-la-escala-de-richter-en-lozano\\\/#primaryimage\"},\"thumbnailUrl\":\"https:\\\/\\\/www.muyjujuy.com\\\/wp-content\\\/uploads\\\/2022\\\/07\\\/WhatsApp-Image-2022-07-14-at-10.16.31-AM.jpeg\",\"keywords\":[\"Jujuy\",\"Lozano\",\"Sismo\"],\"articleSection\":[\"Sociedad\"],\"inLanguage\":\"es-AR\",\"potentialAction\":[{\"@type\":\"CommentAction\",\"name\":\"Comment\",\"target\":[\"https:\\\/\\\/www.muyjujuy.com\\\/index.php\\\/2022\\\/07\\\/14\\\/se-registro-un-nuevo-sismo-de-3-grados-en-la-escala-de-richter-en-lozano\\\/#respond\"]}]},{\"@type\":\"WebPage\",\"@id\":\"https:\\\/\\\/www.muyjujuy.com\\\/index.php\\\/2022\\\/07\\\/14\\\/se-registro-un-nuevo-sismo-de-3-grados-en-la-escala-de-richter-en-lozano\\\/\",\"url\":\"https:\\\/\\\/www.muyjujuy.com\\\/index.php\\\/2022\\\/07\\\/14\\\/se-registro-un-nuevo-sismo-de-3-grados-en-la-escala-de-richter-en-lozano\\\/\",\"name\":\"Se registr\u00f3 un nuevo sismo de 3 grados en la escala de Richter en Lozano - Muy Jujuy\",\"isPartOf\":{\"@id\":\"https:\\\/\\\/www.muyjujuy.com\\\/#website\"},\"primaryImageOfPage\":{\"@id\":\"https:\\\/\\\/www.muyjujuy.com\\\/index.php\\\/2022\\\/07\\\/14\\\/se-registro-un-nuevo-sismo-de-3-grados-en-la-escala-de-richter-en-lozano\\\/#primaryimage\"},\"image\":{\"@id\":\"https:\\\/\\\/www.muyjujuy.com\\\/index.php\\\/2022\\\/07\\\/14\\\/se-registro-un-nuevo-sismo-de-3-grados-en-la-escala-de-richter-en-lozano\\\/#primaryimage\"},\"thumbnailUrl\":\"https:\\\/\\\/www.muyjujuy.com\\\/wp-content\\\/uploads\\\/2022\\\/07\\\/WhatsApp-Image-2022-07-14-at-10.16.31-AM.jpeg\",\"datePublished\":\"2022-07-14T13:17:35+00:00\",\"dateModified\":\"2022-07-14T13:17:37+00:00\",\"description\":\"A primera hora de la ma\u00f1ana de este jueves se sinti\u00f3 un nuevo temblor en Jujuy. Esta vez, el sismo se produjo en la localidad de Lozano.\",\"breadcrumb\":{\"@id\":\"https:\\\/\\\/www.muyjujuy.com\\\/index.php\\\/2022\\\/07\\\/14\\\/se-registro-un-nuevo-sismo-de-3-grados-en-la-escala-de-richter-en-lozano\\\/#breadcrumb\"},\"inLanguage\":\"es-AR\",\"potentialAction\":[{\"@type\":\"ReadAction\",\"target\":[\"https:\\\/\\\/www.muyjujuy.com\\\/index.php\\\/2022\\\/07\\\/14\\\/se-registro-un-nuevo-sismo-de-3-grados-en-la-escala-de-richter-en-lozano\\\/\"]}]},{\"@type\":\"ImageObject\",\"inLanguage\":\"es-AR\",\"@id\":\"https:\\\/\\\/www.muyjujuy.com\\\/index.php\\\/2022\\\/07\\\/14\\\/se-registro-un-nuevo-sismo-de-3-grados-en-la-escala-de-richter-en-lozano\\\/#primaryimage\",\"url\":\"https:\\\/\\\/www.muyjujuy.com\\\/wp-content\\\/uploads\\\/2022\\\/07\\\/WhatsApp-Image-2022-07-14-at-10.16.31-AM.jpeg\",\"contentUrl\":\"https:\\\/\\\/www.muyjujuy.com\\\/wp-content\\\/uploads\\\/2022\\\/07\\\/WhatsApp-Image-2022-07-14-at-10.16.31-AM.jpeg\",\"width\":970,\"height\":546},{\"@type\":\"BreadcrumbList\",\"@id\":\"https:\\\/\\\/www.muyjujuy.com\\\/index.php\\\/2022\\\/07\\\/14\\\/se-registro-un-nuevo-sismo-de-3-grados-en-la-escala-de-richter-en-lozano\\\/#breadcrumb\",\"itemListElement\":[{\"@type\":\"ListItem\",\"position\":1,\"name\":\"Inicio\",\"item\":\"https:\\\/\\\/www.muyjujuy.com\\\/\"},{\"@type\":\"ListItem\",\"position\":2,\"name\":\"Se registr\u00f3 un nuevo sismo de 3 grados en la escala de Richter en Lozano\"}]},{\"@type\":\"WebSite\",\"@id\":\"https:\\\/\\\/www.muyjujuy.com\\\/#website\",\"url\":\"https:\\\/\\\/www.muyjujuy.com\\\/\",\"name\":\"Muy Jujuy\",\"description\":\"\",\"publisher\":{\"@id\":\"https:\\\/\\\/www.muyjujuy.com\\\/#organization\"},\"potentialAction\":[{\"@type\":\"SearchAction\",\"target\":{\"@type\":\"EntryPoint\",\"urlTemplate\":\"https:\\\/\\\/www.muyjujuy.com\\\/?s={search_term_string}\"},\"query-input\":{\"@type\":\"PropertyValueSpecification\",\"valueRequired\":true,\"valueName\":\"search_term_string\"}}],\"inLanguage\":\"es-AR\"},{\"@type\":\"Organization\",\"@id\":\"https:\\\/\\\/www.muyjujuy.com\\\/#organization\",\"name\":\"Muy Jujuy\",\"url\":\"https:\\\/\\\/www.muyjujuy.com\\\/\",\"logo\":{\"@type\":\"ImageObject\",\"inLanguage\":\"es-AR\",\"@id\":\"https:\\\/\\\/www.muyjujuy.com\\\/#\\\/schema\\\/logo\\\/image\\\/\",\"url\":\"http:\\\/\\\/www.muyjujuy.com\\\/wp-content\\\/uploads\\\/2022\\\/05\\\/logo-mobil-jujuy.png\",\"contentUrl\":\"http:\\\/\\\/www.muyjujuy.com\\\/wp-content\\\/uploads\\\/2022\\\/05\\\/logo-mobil-jujuy.png\",\"width\":174,\"height\":81,\"caption\":\"Muy Jujuy\"},\"image\":{\"@id\":\"https:\\\/\\\/www.muyjujuy.com\\\/#\\\/schema\\\/logo\\\/image\\\/\"},\"sameAs\":[\"https:\\\/\\\/www.facebook.com\\\/muyjujuycom\",\"https:\\\/\\\/x.com\\\/muyjujuy\",\"https:\\\/\\\/www.instagram.com\\\/muyjujuycom\"]},{\"@type\":\"Person\",\"@id\":\"https:\\\/\\\/www.muyjujuy.com\\\/#\\\/schema\\\/person\\\/1d0f6e223ccea9e3f9034c1a5b683bf2\",\"name\":\"Redacci\u00f3n Muy Jujuy\",\"image\":{\"@type\":\"ImageObject\",\"inLanguage\":\"es-AR\",\"@id\":\"https:\\\/\\\/secure.gravatar.com\\\/avatar\\\/fec5f6f1893d741ed5eecccff109ce43e67a855411202a3212a058cb8e5c27d4?s=96&d=mm&r=g\",\"url\":\"https:\\\/\\\/secure.gravatar.com\\\/avatar\\\/fec5f6f1893d741ed5eecccff109ce43e67a855411202a3212a058cb8e5c27d4?s=96&d=mm&r=g\",\"contentUrl\":\"https:\\\/\\\/secure.gravatar.com\\\/avatar\\\/fec5f6f1893d741ed5eecccff109ce43e67a855411202a3212a058cb8e5c27d4?s=96&d=mm&r=g\",\"caption\":\"Redacci\u00f3n Muy Jujuy\"},\"url\":\"https:\\\/\\\/www.muyjujuy.com\\\/index.php\\\/author\\\/editor\\\/\"}]}<\/script>\n<!-- \/ Yoast SEO plugin. -->","yoast_head_json":{"title":"Se registr\u00f3 un nuevo sismo de 3 grados en la escala de Richter en Lozano - Muy Jujuy","description":"A primera hora de la ma\u00f1ana de este jueves se sinti\u00f3 un nuevo temblor en Jujuy. Esta vez, el sismo se produjo en la localidad de Lozano.","robots":{"index":"index","follow":"follow","max-snippet":"max-snippet:-1","max-image-preview":"max-image-preview:large","max-video-preview":"max-video-preview:-1"},"canonical":"https:\/\/www.muyjujuy.com\/index.php\/2022\/07\/14\/se-registro-un-nuevo-sismo-de-3-grados-en-la-escala-de-richter-en-lozano\/","og_locale":"es_ES","og_type":"article","og_title":"Se registr\u00f3 un nuevo sismo de 3 grados en la escala de Richter en Lozano - Muy Jujuy","og_description":"A primera hora de la ma\u00f1ana de este jueves se sinti\u00f3 un nuevo temblor en Jujuy. Esta vez, el sismo se produjo en la localidad de Lozano.","og_url":"https:\/\/www.muyjujuy.com\/index.php\/2022\/07\/14\/se-registro-un-nuevo-sismo-de-3-grados-en-la-escala-de-richter-en-lozano\/","og_site_name":"Muy Jujuy","article_publisher":"https:\/\/www.facebook.com\/muyjujuycom","article_published_time":"2022-07-14T13:17:35+00:00","article_modified_time":"2022-07-14T13:17:37+00:00","og_image":[{"width":970,"height":546,"url":"https:\/\/www.muyjujuy.com\/wp-content\/uploads\/2022\/07\/WhatsApp-Image-2022-07-14-at-10.16.31-AM.jpeg","type":"image\/jpeg"}],"author":"Redacci\u00f3n Muy Jujuy","twitter_card":"summary_large_image","twitter_creator":"@muyjujuy","twitter_site":"@muyjujuy","twitter_misc":{"Escrito por":"Redacci\u00f3n Muy Jujuy","Tiempo de lectura":"2 minutos"},"schema":{"@context":"https:\/\/schema.org","@graph":[{"@type":"Article","@id":"https:\/\/www.muyjujuy.com\/index.php\/2022\/07\/14\/se-registro-un-nuevo-sismo-de-3-grados-en-la-escala-de-richter-en-lozano\/#article","isPartOf":{"@id":"https:\/\/www.muyjujuy.com\/index.php\/2022\/07\/14\/se-registro-un-nuevo-sismo-de-3-grados-en-la-escala-de-richter-en-lozano\/"},"author":{"name":"Redacci\u00f3n Muy Jujuy","@id":"https:\/\/www.muyjujuy.com\/#\/schema\/person\/1d0f6e223ccea9e3f9034c1a5b683bf2"},"headline":"Se registr\u00f3 un nuevo sismo de 3 grados en la escala de Richter en Lozano","datePublished":"2022-07-14T13:17:35+00:00","dateModified":"2022-07-14T13:17:37+00:00","mainEntityOfPage":{"@id":"https:\/\/www.muyjujuy.com\/index.php\/2022\/07\/14\/se-registro-un-nuevo-sismo-de-3-grados-en-la-escala-de-richter-en-lozano\/"},"wordCount":330,"commentCount":0,"publisher":{"@id":"https:\/\/www.muyjujuy.com\/#organization"},"image":{"@id":"https:\/\/www.muyjujuy.com\/index.php\/2022\/07\/14\/se-registro-un-nuevo-sismo-de-3-grados-en-la-escala-de-richter-en-lozano\/#primaryimage"},"thumbnailUrl":"https:\/\/www.muyjujuy.com\/wp-content\/uploads\/2022\/07\/WhatsApp-Image-2022-07-14-at-10.16.31-AM.jpeg","keywords":["Jujuy","Lozano","Sismo"],"articleSection":["Sociedad"],"inLanguage":"es-AR","potentialAction":[{"@type":"CommentAction","name":"Comment","target":["https:\/\/www.muyjujuy.com\/index.php\/2022\/07\/14\/se-registro-un-nuevo-sismo-de-3-grados-en-la-escala-de-richter-en-lozano\/#respond"]}]},{"@type":"WebPage","@id":"https:\/\/www.muyjujuy.com\/index.php\/2022\/07\/14\/se-registro-un-nuevo-sismo-de-3-grados-en-la-escala-de-richter-en-lozano\/","url":"https:\/\/www.muyjujuy.com\/index.php\/2022\/07\/14\/se-registro-un-nuevo-sismo-de-3-grados-en-la-escala-de-richter-en-lozano\/","name":"Se registr\u00f3 un nuevo sismo de 3 grados en la escala de Richter en Lozano - Muy Jujuy","isPartOf":{"@id":"https:\/\/www.muyjujuy.com\/#website"},"primaryImageOfPage":{"@id":"https:\/\/www.muyjujuy.com\/index.php\/2022\/07\/14\/se-registro-un-nuevo-sismo-de-3-grados-en-la-escala-de-richter-en-lozano\/#primaryimage"},"image":{"@id":"https:\/\/www.muyjujuy.com\/index.php\/2022\/07\/14\/se-registro-un-nuevo-sismo-de-3-grados-en-la-escala-de-richter-en-lozano\/#primaryimage"},"thumbnailUrl":"https:\/\/www.muyjujuy.com\/wp-content\/uploads\/2022\/07\/WhatsApp-Image-2022-07-14-at-10.16.31-AM.jpeg","datePublished":"2022-07-14T13:17:35+00:00","dateModified":"2022-07-14T13:17:37+00:00","description":"A primera hora de la ma\u00f1ana de este jueves se sinti\u00f3 un nuevo temblor en Jujuy. Esta vez, el sismo se produjo en la localidad de Lozano.","breadcrumb":{"@id":"https:\/\/www.muyjujuy.com\/index.php\/2022\/07\/14\/se-registro-un-nuevo-sismo-de-3-grados-en-la-escala-de-richter-en-lozano\/#breadcrumb"},"inLanguage":"es-AR","potentialAction":[{"@type":"ReadAction","target":["https:\/\/www.muyjujuy.com\/index.php\/2022\/07\/14\/se-registro-un-nuevo-sismo-de-3-grados-en-la-escala-de-richter-en-lozano\/"]}]},{"@type":"ImageObject","inLanguage":"es-AR","@id":"https:\/\/www.muyjujuy.com\/index.php\/2022\/07\/14\/se-registro-un-nuevo-sismo-de-3-grados-en-la-escala-de-richter-en-lozano\/#primaryimage","url":"https:\/\/www.muyjujuy.com\/wp-content\/uploads\/2022\/07\/WhatsApp-Image-2022-07-14-at-10.16.31-AM.jpeg","contentUrl":"https:\/\/www.muyjujuy.com\/wp-content\/uploads\/2022\/07\/WhatsApp-Image-2022-07-14-at-10.16.31-AM.jpeg","width":970,"height":546},{"@type":"BreadcrumbList","@id":"https:\/\/www.muyjujuy.com\/index.php\/2022\/07\/14\/se-registro-un-nuevo-sismo-de-3-grados-en-la-escala-de-richter-en-lozano\/#breadcrumb","itemListElement":[{"@type":"ListItem","position":1,"name":"Inicio","item":"https:\/\/www.muyjujuy.com\/"},{"@type":"ListItem","position":2,"name":"Se registr\u00f3 un nuevo sismo de 3 grados en la escala de Richter en Lozano"}]},{"@type":"WebSite","@id":"https:\/\/www.muyjujuy.com\/#website","url":"https:\/\/www.muyjujuy.com\/","name":"Muy Jujuy","description":"","publisher":{"@id":"https:\/\/www.muyjujuy.com\/#organization"},"potentialAction":[{"@type":"SearchAction","target":{"@type":"EntryPoint","urlTemplate":"https:\/\/www.muyjujuy.com\/?s={search_term_string}"},"query-input":{"@type":"PropertyValueSpecification","valueRequired":true,"valueName":"search_term_string"}}],"inLanguage":"es-AR"},{"@type":"Organization","@id":"https:\/\/www.muyjujuy.com\/#organization","name":"Muy Jujuy","url":"https:\/\/www.muyjujuy.com\/","logo":{"@type":"ImageObject","inLanguage":"es-AR","@id":"https:\/\/www.muyjujuy.com\/#\/schema\/logo\/image\/","url":"http:\/\/www.muyjujuy.com\/wp-content\/uploads\/2022\/05\/logo-mobil-jujuy.png","contentUrl":"http:\/\/www.muyjujuy.com\/wp-content\/uploads\/2022\/05\/logo-mobil-jujuy.png","width":174,"height":81,"caption":"Muy Jujuy"},"image":{"@id":"https:\/\/www.muyjujuy.com\/#\/schema\/logo\/image\/"},"sameAs":["https:\/\/www.facebook.com\/muyjujuycom","https:\/\/x.com\/muyjujuy","https:\/\/www.instagram.com\/muyjujuycom"]},{"@type":"Person","@id":"https:\/\/www.muyjujuy.com\/#\/schema\/person\/1d0f6e223ccea9e3f9034c1a5b683bf2","name":"Redacci\u00f3n Muy Jujuy","image":{"@type":"ImageObject","inLanguage":"es-AR","@id":"https:\/\/secure.gravatar.com\/avatar\/fec5f6f1893d741ed5eecccff109ce43e67a855411202a3212a058cb8e5c27d4?s=96&d=mm&r=g","url":"https:\/\/secure.gravatar.com\/avatar\/fec5f6f1893d741ed5eecccff109ce43e67a855411202a3212a058cb8e5c27d4?s=96&d=mm&r=g","contentUrl":"https:\/\/secure.gravatar.com\/avatar\/fec5f6f1893d741ed5eecccff109ce43e67a855411202a3212a058cb8e5c27d4?s=96&d=mm&r=g","caption":"Redacci\u00f3n Muy Jujuy"},"url":"https:\/\/www.muyjujuy.com\/index.php\/author\/editor\/"}]}},"_links":{"self":[{"href":"https:\/\/www.muyjujuy.com\/index.php\/wp-json\/wp\/v2\/posts\/889","targetHints":{"allow":["GET"]}}],"collection":[{"href":"https:\/\/www.muyjujuy.com\/index.php\/wp-json\/wp\/v2\/posts"}],"about":[{"href":"https:\/\/www.muyjujuy.com\/index.php\/wp-json\/wp\/v2\/types\/post"}],"author":[{"embeddable":true,"href":"https:\/\/www.muyjujuy.com\/index.php\/wp-json\/wp\/v2\/users\/3"}],"replies":[{"embeddable":true,"href":"https:\/\/www.muyjujuy.com\/index.php\/wp-json\/wp\/v2\/comments?post=889"}],"version-history":[{"count":1,"href":"https:\/\/www.muyjujuy.com\/index.php\/wp-json\/wp\/v2\/posts\/889\/revisions"}],"predecessor-version":[{"id":892,"href":"https:\/\/www.muyjujuy.com\/index.php\/wp-json\/wp\/v2\/posts\/889\/revisions\/892"}],"wp:featuredmedia":[{"embeddable":true,"href":"https:\/\/www.muyjujuy.com\/index.php\/wp-json\/wp\/v2\/media\/891"}],"wp:attachment":[{"href":"https:\/\/www.muyjujuy.com\/index.php\/wp-json\/wp\/v2\/media?parent=889"}],"wp:term":[{"taxonomy":"category","embeddable":true,"href":"https:\/\/www.muyjujuy.com\/index.php\/wp-json\/wp\/v2\/categories?post=889"},{"taxonomy":"post_tag","embeddable":true,"href":"https:\/\/www.muyjujuy.com\/index.php\/wp-json\/wp\/v2\/tags?post=889"}],"curies":[{"name":"wp","href":"https:\/\/api.w.org\/{rel}","templated":true}]}}