{"id":914,"date":"2022-07-15T13:06:35","date_gmt":"2022-07-15T16:06:35","guid":{"rendered":"https:\/\/www.muyjujuy.com\/?p=914"},"modified":"2022-07-15T13:06:37","modified_gmt":"2022-07-15T16:06:37","slug":"el-gobierno-de-jujuy-analizan-cobrar-la-atencion-medica-a-extranjeros","status":"publish","type":"post","link":"https:\/\/www.muyjujuy.com\/index.php\/2022\/07\/15\/el-gobierno-de-jujuy-analizan-cobrar-la-atencion-medica-a-extranjeros\/","title":{"rendered":"El Gobierno de Jujuy analizan cobrar la atenci\u00f3n m\u00e9dica a extranjeros"},"content":{"rendered":"\n<p><em>El Ministerio de Salud provincial eval\u00faa aplicar &#8220;alg\u00fan tipo de retribuci\u00f3n&#8221; para los extranjeros que reciban atenci\u00f3n m\u00e9dica.<\/em> <\/p>\n\n\n\n<p>El Gobierno de Jujuy indic\u00f3 que <strong>se encuentra en an\u00e1lisis implementar el cobro de la atenci\u00f3n m\u00e9dica a turistas extranjeros. <\/strong>En el marco de que el convenio de colaboraci\u00f3n pierda vigencia.<\/p>\n\n\n\n<p><a href=\"https:\/\/www.muyjujuy.com\/index.php\/2022\/07\/13\/morales-acuso-a-bolivia-de-incumplir-acuerdos-de-salud-y-de-discriminacion\/\">Tras el caso del motociclista salte\u00f1o que muri\u00f3 en Bolivia<\/a> por que no habr\u00eda recibido atenci\u00f3n m\u00e9dica, puso en debate <strong>la vigencia del convenio de reciprocidad en salud con el pa\u00eds vecino.<\/strong><\/p>\n\n\n\n<p>Al respecto, el ministro de Salud de Jujuy, <strong>Antonio Buljubasich, <\/strong>adelant\u00f3 que en la provincia <strong>se est\u00e1 analizando implementar el cobro de la atenci\u00f3n m\u00e9dica a extranjeros.<\/strong> Todo est\u00e1 sujeto a que el convenio deje de estar en vigencia.<\/p>\n\n\n\n<p>\u201cExiste la posibilidad de que si este convenio cae, <strong>vamos a tener potestad de implementar alg\u00fan tipo de retribuci\u00f3n en el sistema sanitario de la provincia para con los extranjeros\u201d, <\/strong>explic\u00f3 Buljubasich en di\u00e1logo con <em>La Mejor Ma\u00f1ana<\/em>.<\/p>\n\n\n\n<p>Asimismo, apunt\u00f3: &#8220;Si lo que pas\u00f3 en Cochabamba es cierto, es decir el incumplimiento del convenio por una de las partes, <strong>corresponde hacer la denuncia y tomar otra medida<\/strong>&#8220;. Adem\u00e1s, insisti\u00f3: <strong>&#8220;Si el tratamiento es el mismo ac\u00e1 que all\u00e1, sigamos as\u00ed, pero si no es la misma respuesta, hay que reverlo\u201d.<\/strong><\/p>\n\n\n\n<p><strong>\u201cEstamos analizando seriamente de qu\u00e9 manera implementar otro sistema\u201d, <\/strong>advirti\u00f3 el funcionario y descart\u00f3 que tenga que ver con un acto de xenofobia, sino con <strong>\u201cuna cuesti\u00f3n de recursos y contrapartida\u201d.<\/strong><\/p>\n\n\n\n<h2 class=\"wp-block-heading\"><strong>Datos sobre la atenci\u00f3n m\u00e9dica a extranjeros <\/strong><\/h2>\n\n\n\n<p>Buljubasich detall\u00f3 que <strong>en el \u00faltimo a\u00f1o se registraron m\u00e1s de 30 mil consultas m\u00e9dicas de extranjeros en Jujuy<\/strong>. En 2019, antes de la pandemia, <strong>fueron 50 mil las consultas.<\/strong><\/p>\n\n\n\n<p>\u201cA un valor del Instituto de Seguros de mil pesos (la consulta), estamos hablando de 50 millones de pesos\u201d, apunt\u00f3 y replic\u00f3 que <strong>&#8220;son n\u00fameros importantes para el sistema sanitario de la provincia&#8221;.<\/strong><\/p>\n\n\n\n<p>En ese sentido, remarc\u00f3: <strong>&#8220;La salud es un recurso que nos cuesta mucho dinero y hay que optimizarlo y analizar de qu\u00e9 manera continuamos&#8221;.<\/strong><\/p>\n","protected":false},"excerpt":{"rendered":"<p>El Ministerio de Salud provincial eval\u00faa aplicar &#8220;alg\u00fan tipo de retribuci\u00f3n&#8221; para los extranjeros que reciban atenci\u00f3n m\u00e9dica. El Gobierno de Jujuy indic\u00f3 que se encuentra en an\u00e1lisis implementar el cobro de la atenci\u00f3n m\u00e9dica a turistas extranjeros. En el marco de que el convenio de colaboraci\u00f3n pierda vigencia. Tras el caso del motociclista salte\u00f1o [&hellip;]<\/p>\n","protected":false},"author":3,"featured_media":915,"comment_status":"open","ping_status":"open","sticky":false,"template":"","format":"standard","meta":{"footnotes":""},"categories":[24],"tags":[713,722,8],"class_list":{"0":"post-914","1":"post","2":"type-post","3":"status-publish","4":"format-standard","5":"has-post-thumbnail","7":"category-politica","8":"tag-bolivia","9":"tag-extranjeros","10":"tag-jujuy"},"yoast_head":"<!-- This site is optimized with the Yoast SEO plugin v27.5 - https:\/\/yoast.com\/product\/yoast-seo-wordpress\/ -->\n<title>El Gobierno de Jujuy analizan cobrar la atenci\u00f3n m\u00e9dica a extranjeros - Muy Jujuy<\/title>\n<meta name=\"description\" content=\"El Gobierno de Jujuy indic\u00f3 que se encuentra en an\u00e1lisis implementar el cobro de la atenci\u00f3n m\u00e9dica a turistas extranjeros.\" \/>\n<meta name=\"robots\" content=\"index, follow, max-snippet:-1, max-image-preview:large, max-video-preview:-1\" \/>\n<link rel=\"canonical\" href=\"https:\/\/www.muyjujuy.com\/index.php\/2022\/07\/15\/el-gobierno-de-jujuy-analizan-cobrar-la-atencion-medica-a-extranjeros\/\" \/>\n<meta property=\"og:locale\" content=\"es_ES\" \/>\n<meta property=\"og:type\" content=\"article\" \/>\n<meta property=\"og:title\" content=\"El Gobierno de Jujuy analizan cobrar la atenci\u00f3n m\u00e9dica a extranjeros - Muy Jujuy\" \/>\n<meta property=\"og:description\" content=\"El Gobierno de Jujuy indic\u00f3 que se encuentra en an\u00e1lisis implementar el cobro de la atenci\u00f3n m\u00e9dica a turistas extranjeros.\" \/>\n<meta property=\"og:url\" content=\"https:\/\/www.muyjujuy.com\/index.php\/2022\/07\/15\/el-gobierno-de-jujuy-analizan-cobrar-la-atencion-medica-a-extranjeros\/\" \/>\n<meta property=\"og:site_name\" content=\"Muy Jujuy\" \/>\n<meta property=\"article:publisher\" content=\"https:\/\/www.facebook.com\/muyjujuycom\" \/>\n<meta property=\"article:published_time\" content=\"2022-07-15T16:06:35+00:00\" \/>\n<meta property=\"article:modified_time\" content=\"2022-07-15T16:06:37+00:00\" \/>\n<meta property=\"og:image\" content=\"https:\/\/www.muyjujuy.com\/wp-content\/uploads\/2022\/07\/WhatsApp-Image-2022-07-15-at-1.05.30-PM.jpeg\" \/>\n\t<meta property=\"og:image:width\" content=\"990\" \/>\n\t<meta property=\"og:image:height\" content=\"610\" \/>\n\t<meta property=\"og:image:type\" content=\"image\/jpeg\" \/>\n<meta name=\"author\" content=\"Redacci\u00f3n Muy Jujuy\" \/>\n<meta name=\"twitter:card\" content=\"summary_large_image\" \/>\n<meta name=\"twitter:creator\" content=\"@muyjujuy\" \/>\n<meta name=\"twitter:site\" content=\"@muyjujuy\" \/>\n<meta name=\"twitter:label1\" content=\"Escrito por\" \/>\n\t<meta name=\"twitter:data1\" content=\"Redacci\u00f3n Muy Jujuy\" \/>\n\t<meta name=\"twitter:label2\" content=\"Tiempo de lectura\" \/>\n\t<meta name=\"twitter:data2\" content=\"2 minutos\" \/>\n<script type=\"application\/ld+json\" class=\"yoast-schema-graph\">{\"@context\":\"https:\\\/\\\/schema.org\",\"@graph\":[{\"@type\":\"Article\",\"@id\":\"https:\\\/\\\/www.muyjujuy.com\\\/index.php\\\/2022\\\/07\\\/15\\\/el-gobierno-de-jujuy-analizan-cobrar-la-atencion-medica-a-extranjeros\\\/#article\",\"isPartOf\":{\"@id\":\"https:\\\/\\\/www.muyjujuy.com\\\/index.php\\\/2022\\\/07\\\/15\\\/el-gobierno-de-jujuy-analizan-cobrar-la-atencion-medica-a-extranjeros\\\/\"},\"author\":{\"name\":\"Redacci\u00f3n Muy Jujuy\",\"@id\":\"https:\\\/\\\/www.muyjujuy.com\\\/#\\\/schema\\\/person\\\/1d0f6e223ccea9e3f9034c1a5b683bf2\"},\"headline\":\"El Gobierno de Jujuy analizan cobrar la atenci\u00f3n m\u00e9dica a extranjeros\",\"datePublished\":\"2022-07-15T16:06:35+00:00\",\"dateModified\":\"2022-07-15T16:06:37+00:00\",\"mainEntityOfPage\":{\"@id\":\"https:\\\/\\\/www.muyjujuy.com\\\/index.php\\\/2022\\\/07\\\/15\\\/el-gobierno-de-jujuy-analizan-cobrar-la-atencion-medica-a-extranjeros\\\/\"},\"wordCount\":372,\"commentCount\":0,\"publisher\":{\"@id\":\"https:\\\/\\\/www.muyjujuy.com\\\/#organization\"},\"image\":{\"@id\":\"https:\\\/\\\/www.muyjujuy.com\\\/index.php\\\/2022\\\/07\\\/15\\\/el-gobierno-de-jujuy-analizan-cobrar-la-atencion-medica-a-extranjeros\\\/#primaryimage\"},\"thumbnailUrl\":\"https:\\\/\\\/www.muyjujuy.com\\\/wp-content\\\/uploads\\\/2022\\\/07\\\/WhatsApp-Image-2022-07-15-at-1.05.30-PM.jpeg\",\"keywords\":[\"Bolivia\",\"Extranjeros\",\"Jujuy\"],\"articleSection\":[\"Pol\u00edtica\"],\"inLanguage\":\"es-AR\",\"potentialAction\":[{\"@type\":\"CommentAction\",\"name\":\"Comment\",\"target\":[\"https:\\\/\\\/www.muyjujuy.com\\\/index.php\\\/2022\\\/07\\\/15\\\/el-gobierno-de-jujuy-analizan-cobrar-la-atencion-medica-a-extranjeros\\\/#respond\"]}]},{\"@type\":\"WebPage\",\"@id\":\"https:\\\/\\\/www.muyjujuy.com\\\/index.php\\\/2022\\\/07\\\/15\\\/el-gobierno-de-jujuy-analizan-cobrar-la-atencion-medica-a-extranjeros\\\/\",\"url\":\"https:\\\/\\\/www.muyjujuy.com\\\/index.php\\\/2022\\\/07\\\/15\\\/el-gobierno-de-jujuy-analizan-cobrar-la-atencion-medica-a-extranjeros\\\/\",\"name\":\"El Gobierno de Jujuy analizan cobrar la atenci\u00f3n m\u00e9dica a extranjeros - Muy Jujuy\",\"isPartOf\":{\"@id\":\"https:\\\/\\\/www.muyjujuy.com\\\/#website\"},\"primaryImageOfPage\":{\"@id\":\"https:\\\/\\\/www.muyjujuy.com\\\/index.php\\\/2022\\\/07\\\/15\\\/el-gobierno-de-jujuy-analizan-cobrar-la-atencion-medica-a-extranjeros\\\/#primaryimage\"},\"image\":{\"@id\":\"https:\\\/\\\/www.muyjujuy.com\\\/index.php\\\/2022\\\/07\\\/15\\\/el-gobierno-de-jujuy-analizan-cobrar-la-atencion-medica-a-extranjeros\\\/#primaryimage\"},\"thumbnailUrl\":\"https:\\\/\\\/www.muyjujuy.com\\\/wp-content\\\/uploads\\\/2022\\\/07\\\/WhatsApp-Image-2022-07-15-at-1.05.30-PM.jpeg\",\"datePublished\":\"2022-07-15T16:06:35+00:00\",\"dateModified\":\"2022-07-15T16:06:37+00:00\",\"description\":\"El Gobierno de Jujuy indic\u00f3 que se encuentra en an\u00e1lisis implementar el cobro de la atenci\u00f3n m\u00e9dica a turistas extranjeros.\",\"breadcrumb\":{\"@id\":\"https:\\\/\\\/www.muyjujuy.com\\\/index.php\\\/2022\\\/07\\\/15\\\/el-gobierno-de-jujuy-analizan-cobrar-la-atencion-medica-a-extranjeros\\\/#breadcrumb\"},\"inLanguage\":\"es-AR\",\"potentialAction\":[{\"@type\":\"ReadAction\",\"target\":[\"https:\\\/\\\/www.muyjujuy.com\\\/index.php\\\/2022\\\/07\\\/15\\\/el-gobierno-de-jujuy-analizan-cobrar-la-atencion-medica-a-extranjeros\\\/\"]}]},{\"@type\":\"ImageObject\",\"inLanguage\":\"es-AR\",\"@id\":\"https:\\\/\\\/www.muyjujuy.com\\\/index.php\\\/2022\\\/07\\\/15\\\/el-gobierno-de-jujuy-analizan-cobrar-la-atencion-medica-a-extranjeros\\\/#primaryimage\",\"url\":\"https:\\\/\\\/www.muyjujuy.com\\\/wp-content\\\/uploads\\\/2022\\\/07\\\/WhatsApp-Image-2022-07-15-at-1.05.30-PM.jpeg\",\"contentUrl\":\"https:\\\/\\\/www.muyjujuy.com\\\/wp-content\\\/uploads\\\/2022\\\/07\\\/WhatsApp-Image-2022-07-15-at-1.05.30-PM.jpeg\",\"width\":990,\"height\":610},{\"@type\":\"BreadcrumbList\",\"@id\":\"https:\\\/\\\/www.muyjujuy.com\\\/index.php\\\/2022\\\/07\\\/15\\\/el-gobierno-de-jujuy-analizan-cobrar-la-atencion-medica-a-extranjeros\\\/#breadcrumb\",\"itemListElement\":[{\"@type\":\"ListItem\",\"position\":1,\"name\":\"Inicio\",\"item\":\"https:\\\/\\\/www.muyjujuy.com\\\/\"},{\"@type\":\"ListItem\",\"position\":2,\"name\":\"El Gobierno de Jujuy analizan cobrar la atenci\u00f3n m\u00e9dica a extranjeros\"}]},{\"@type\":\"WebSite\",\"@id\":\"https:\\\/\\\/www.muyjujuy.com\\\/#website\",\"url\":\"https:\\\/\\\/www.muyjujuy.com\\\/\",\"name\":\"Muy Jujuy\",\"description\":\"\",\"publisher\":{\"@id\":\"https:\\\/\\\/www.muyjujuy.com\\\/#organization\"},\"potentialAction\":[{\"@type\":\"SearchAction\",\"target\":{\"@type\":\"EntryPoint\",\"urlTemplate\":\"https:\\\/\\\/www.muyjujuy.com\\\/?s={search_term_string}\"},\"query-input\":{\"@type\":\"PropertyValueSpecification\",\"valueRequired\":true,\"valueName\":\"search_term_string\"}}],\"inLanguage\":\"es-AR\"},{\"@type\":\"Organization\",\"@id\":\"https:\\\/\\\/www.muyjujuy.com\\\/#organization\",\"name\":\"Muy Jujuy\",\"url\":\"https:\\\/\\\/www.muyjujuy.com\\\/\",\"logo\":{\"@type\":\"ImageObject\",\"inLanguage\":\"es-AR\",\"@id\":\"https:\\\/\\\/www.muyjujuy.com\\\/#\\\/schema\\\/logo\\\/image\\\/\",\"url\":\"http:\\\/\\\/www.muyjujuy.com\\\/wp-content\\\/uploads\\\/2022\\\/05\\\/logo-mobil-jujuy.png\",\"contentUrl\":\"http:\\\/\\\/www.muyjujuy.com\\\/wp-content\\\/uploads\\\/2022\\\/05\\\/logo-mobil-jujuy.png\",\"width\":174,\"height\":81,\"caption\":\"Muy Jujuy\"},\"image\":{\"@id\":\"https:\\\/\\\/www.muyjujuy.com\\\/#\\\/schema\\\/logo\\\/image\\\/\"},\"sameAs\":[\"https:\\\/\\\/www.facebook.com\\\/muyjujuycom\",\"https:\\\/\\\/x.com\\\/muyjujuy\",\"https:\\\/\\\/www.instagram.com\\\/muyjujuycom\"]},{\"@type\":\"Person\",\"@id\":\"https:\\\/\\\/www.muyjujuy.com\\\/#\\\/schema\\\/person\\\/1d0f6e223ccea9e3f9034c1a5b683bf2\",\"name\":\"Redacci\u00f3n Muy Jujuy\",\"image\":{\"@type\":\"ImageObject\",\"inLanguage\":\"es-AR\",\"@id\":\"https:\\\/\\\/secure.gravatar.com\\\/avatar\\\/fec5f6f1893d741ed5eecccff109ce43e67a855411202a3212a058cb8e5c27d4?s=96&d=mm&r=g\",\"url\":\"https:\\\/\\\/secure.gravatar.com\\\/avatar\\\/fec5f6f1893d741ed5eecccff109ce43e67a855411202a3212a058cb8e5c27d4?s=96&d=mm&r=g\",\"contentUrl\":\"https:\\\/\\\/secure.gravatar.com\\\/avatar\\\/fec5f6f1893d741ed5eecccff109ce43e67a855411202a3212a058cb8e5c27d4?s=96&d=mm&r=g\",\"caption\":\"Redacci\u00f3n Muy Jujuy\"},\"url\":\"https:\\\/\\\/www.muyjujuy.com\\\/index.php\\\/author\\\/editor\\\/\"}]}<\/script>\n<!-- \/ Yoast SEO plugin. -->","yoast_head_json":{"title":"El Gobierno de Jujuy analizan cobrar la atenci\u00f3n m\u00e9dica a extranjeros - Muy Jujuy","description":"El Gobierno de Jujuy indic\u00f3 que se encuentra en an\u00e1lisis implementar el cobro de la atenci\u00f3n m\u00e9dica a turistas extranjeros.","robots":{"index":"index","follow":"follow","max-snippet":"max-snippet:-1","max-image-preview":"max-image-preview:large","max-video-preview":"max-video-preview:-1"},"canonical":"https:\/\/www.muyjujuy.com\/index.php\/2022\/07\/15\/el-gobierno-de-jujuy-analizan-cobrar-la-atencion-medica-a-extranjeros\/","og_locale":"es_ES","og_type":"article","og_title":"El Gobierno de Jujuy analizan cobrar la atenci\u00f3n m\u00e9dica a extranjeros - Muy Jujuy","og_description":"El Gobierno de Jujuy indic\u00f3 que se encuentra en an\u00e1lisis implementar el cobro de la atenci\u00f3n m\u00e9dica a turistas extranjeros.","og_url":"https:\/\/www.muyjujuy.com\/index.php\/2022\/07\/15\/el-gobierno-de-jujuy-analizan-cobrar-la-atencion-medica-a-extranjeros\/","og_site_name":"Muy Jujuy","article_publisher":"https:\/\/www.facebook.com\/muyjujuycom","article_published_time":"2022-07-15T16:06:35+00:00","article_modified_time":"2022-07-15T16:06:37+00:00","og_image":[{"width":990,"height":610,"url":"https:\/\/www.muyjujuy.com\/wp-content\/uploads\/2022\/07\/WhatsApp-Image-2022-07-15-at-1.05.30-PM.jpeg","type":"image\/jpeg"}],"author":"Redacci\u00f3n Muy Jujuy","twitter_card":"summary_large_image","twitter_creator":"@muyjujuy","twitter_site":"@muyjujuy","twitter_misc":{"Escrito por":"Redacci\u00f3n Muy Jujuy","Tiempo de lectura":"2 minutos"},"schema":{"@context":"https:\/\/schema.org","@graph":[{"@type":"Article","@id":"https:\/\/www.muyjujuy.com\/index.php\/2022\/07\/15\/el-gobierno-de-jujuy-analizan-cobrar-la-atencion-medica-a-extranjeros\/#article","isPartOf":{"@id":"https:\/\/www.muyjujuy.com\/index.php\/2022\/07\/15\/el-gobierno-de-jujuy-analizan-cobrar-la-atencion-medica-a-extranjeros\/"},"author":{"name":"Redacci\u00f3n Muy Jujuy","@id":"https:\/\/www.muyjujuy.com\/#\/schema\/person\/1d0f6e223ccea9e3f9034c1a5b683bf2"},"headline":"El Gobierno de Jujuy analizan cobrar la atenci\u00f3n m\u00e9dica a extranjeros","datePublished":"2022-07-15T16:06:35+00:00","dateModified":"2022-07-15T16:06:37+00:00","mainEntityOfPage":{"@id":"https:\/\/www.muyjujuy.com\/index.php\/2022\/07\/15\/el-gobierno-de-jujuy-analizan-cobrar-la-atencion-medica-a-extranjeros\/"},"wordCount":372,"commentCount":0,"publisher":{"@id":"https:\/\/www.muyjujuy.com\/#organization"},"image":{"@id":"https:\/\/www.muyjujuy.com\/index.php\/2022\/07\/15\/el-gobierno-de-jujuy-analizan-cobrar-la-atencion-medica-a-extranjeros\/#primaryimage"},"thumbnailUrl":"https:\/\/www.muyjujuy.com\/wp-content\/uploads\/2022\/07\/WhatsApp-Image-2022-07-15-at-1.05.30-PM.jpeg","keywords":["Bolivia","Extranjeros","Jujuy"],"articleSection":["Pol\u00edtica"],"inLanguage":"es-AR","potentialAction":[{"@type":"CommentAction","name":"Comment","target":["https:\/\/www.muyjujuy.com\/index.php\/2022\/07\/15\/el-gobierno-de-jujuy-analizan-cobrar-la-atencion-medica-a-extranjeros\/#respond"]}]},{"@type":"WebPage","@id":"https:\/\/www.muyjujuy.com\/index.php\/2022\/07\/15\/el-gobierno-de-jujuy-analizan-cobrar-la-atencion-medica-a-extranjeros\/","url":"https:\/\/www.muyjujuy.com\/index.php\/2022\/07\/15\/el-gobierno-de-jujuy-analizan-cobrar-la-atencion-medica-a-extranjeros\/","name":"El Gobierno de Jujuy analizan cobrar la atenci\u00f3n m\u00e9dica a extranjeros - Muy Jujuy","isPartOf":{"@id":"https:\/\/www.muyjujuy.com\/#website"},"primaryImageOfPage":{"@id":"https:\/\/www.muyjujuy.com\/index.php\/2022\/07\/15\/el-gobierno-de-jujuy-analizan-cobrar-la-atencion-medica-a-extranjeros\/#primaryimage"},"image":{"@id":"https:\/\/www.muyjujuy.com\/index.php\/2022\/07\/15\/el-gobierno-de-jujuy-analizan-cobrar-la-atencion-medica-a-extranjeros\/#primaryimage"},"thumbnailUrl":"https:\/\/www.muyjujuy.com\/wp-content\/uploads\/2022\/07\/WhatsApp-Image-2022-07-15-at-1.05.30-PM.jpeg","datePublished":"2022-07-15T16:06:35+00:00","dateModified":"2022-07-15T16:06:37+00:00","description":"El Gobierno de Jujuy indic\u00f3 que se encuentra en an\u00e1lisis implementar el cobro de la atenci\u00f3n m\u00e9dica a turistas extranjeros.","breadcrumb":{"@id":"https:\/\/www.muyjujuy.com\/index.php\/2022\/07\/15\/el-gobierno-de-jujuy-analizan-cobrar-la-atencion-medica-a-extranjeros\/#breadcrumb"},"inLanguage":"es-AR","potentialAction":[{"@type":"ReadAction","target":["https:\/\/www.muyjujuy.com\/index.php\/2022\/07\/15\/el-gobierno-de-jujuy-analizan-cobrar-la-atencion-medica-a-extranjeros\/"]}]},{"@type":"ImageObject","inLanguage":"es-AR","@id":"https:\/\/www.muyjujuy.com\/index.php\/2022\/07\/15\/el-gobierno-de-jujuy-analizan-cobrar-la-atencion-medica-a-extranjeros\/#primaryimage","url":"https:\/\/www.muyjujuy.com\/wp-content\/uploads\/2022\/07\/WhatsApp-Image-2022-07-15-at-1.05.30-PM.jpeg","contentUrl":"https:\/\/www.muyjujuy.com\/wp-content\/uploads\/2022\/07\/WhatsApp-Image-2022-07-15-at-1.05.30-PM.jpeg","width":990,"height":610},{"@type":"BreadcrumbList","@id":"https:\/\/www.muyjujuy.com\/index.php\/2022\/07\/15\/el-gobierno-de-jujuy-analizan-cobrar-la-atencion-medica-a-extranjeros\/#breadcrumb","itemListElement":[{"@type":"ListItem","position":1,"name":"Inicio","item":"https:\/\/www.muyjujuy.com\/"},{"@type":"ListItem","position":2,"name":"El Gobierno de Jujuy analizan cobrar la atenci\u00f3n m\u00e9dica a extranjeros"}]},{"@type":"WebSite","@id":"https:\/\/www.muyjujuy.com\/#website","url":"https:\/\/www.muyjujuy.com\/","name":"Muy Jujuy","description":"","publisher":{"@id":"https:\/\/www.muyjujuy.com\/#organization"},"potentialAction":[{"@type":"SearchAction","target":{"@type":"EntryPoint","urlTemplate":"https:\/\/www.muyjujuy.com\/?s={search_term_string}"},"query-input":{"@type":"PropertyValueSpecification","valueRequired":true,"valueName":"search_term_string"}}],"inLanguage":"es-AR"},{"@type":"Organization","@id":"https:\/\/www.muyjujuy.com\/#organization","name":"Muy Jujuy","url":"https:\/\/www.muyjujuy.com\/","logo":{"@type":"ImageObject","inLanguage":"es-AR","@id":"https:\/\/www.muyjujuy.com\/#\/schema\/logo\/image\/","url":"http:\/\/www.muyjujuy.com\/wp-content\/uploads\/2022\/05\/logo-mobil-jujuy.png","contentUrl":"http:\/\/www.muyjujuy.com\/wp-content\/uploads\/2022\/05\/logo-mobil-jujuy.png","width":174,"height":81,"caption":"Muy Jujuy"},"image":{"@id":"https:\/\/www.muyjujuy.com\/#\/schema\/logo\/image\/"},"sameAs":["https:\/\/www.facebook.com\/muyjujuycom","https:\/\/x.com\/muyjujuy","https:\/\/www.instagram.com\/muyjujuycom"]},{"@type":"Person","@id":"https:\/\/www.muyjujuy.com\/#\/schema\/person\/1d0f6e223ccea9e3f9034c1a5b683bf2","name":"Redacci\u00f3n Muy Jujuy","image":{"@type":"ImageObject","inLanguage":"es-AR","@id":"https:\/\/secure.gravatar.com\/avatar\/fec5f6f1893d741ed5eecccff109ce43e67a855411202a3212a058cb8e5c27d4?s=96&d=mm&r=g","url":"https:\/\/secure.gravatar.com\/avatar\/fec5f6f1893d741ed5eecccff109ce43e67a855411202a3212a058cb8e5c27d4?s=96&d=mm&r=g","contentUrl":"https:\/\/secure.gravatar.com\/avatar\/fec5f6f1893d741ed5eecccff109ce43e67a855411202a3212a058cb8e5c27d4?s=96&d=mm&r=g","caption":"Redacci\u00f3n Muy Jujuy"},"url":"https:\/\/www.muyjujuy.com\/index.php\/author\/editor\/"}]}},"_links":{"self":[{"href":"https:\/\/www.muyjujuy.com\/index.php\/wp-json\/wp\/v2\/posts\/914","targetHints":{"allow":["GET"]}}],"collection":[{"href":"https:\/\/www.muyjujuy.com\/index.php\/wp-json\/wp\/v2\/posts"}],"about":[{"href":"https:\/\/www.muyjujuy.com\/index.php\/wp-json\/wp\/v2\/types\/post"}],"author":[{"embeddable":true,"href":"https:\/\/www.muyjujuy.com\/index.php\/wp-json\/wp\/v2\/users\/3"}],"replies":[{"embeddable":true,"href":"https:\/\/www.muyjujuy.com\/index.php\/wp-json\/wp\/v2\/comments?post=914"}],"version-history":[{"count":1,"href":"https:\/\/www.muyjujuy.com\/index.php\/wp-json\/wp\/v2\/posts\/914\/revisions"}],"predecessor-version":[{"id":916,"href":"https:\/\/www.muyjujuy.com\/index.php\/wp-json\/wp\/v2\/posts\/914\/revisions\/916"}],"wp:featuredmedia":[{"embeddable":true,"href":"https:\/\/www.muyjujuy.com\/index.php\/wp-json\/wp\/v2\/media\/915"}],"wp:attachment":[{"href":"https:\/\/www.muyjujuy.com\/index.php\/wp-json\/wp\/v2\/media?parent=914"}],"wp:term":[{"taxonomy":"category","embeddable":true,"href":"https:\/\/www.muyjujuy.com\/index.php\/wp-json\/wp\/v2\/categories?post=914"},{"taxonomy":"post_tag","embeddable":true,"href":"https:\/\/www.muyjujuy.com\/index.php\/wp-json\/wp\/v2\/tags?post=914"}],"curies":[{"name":"wp","href":"https:\/\/api.w.org\/{rel}","templated":true}]}}