{"id":917,"date":"2022-07-15T15:16:10","date_gmt":"2022-07-15T18:16:10","guid":{"rendered":"https:\/\/www.muyjujuy.com\/?p=917"},"modified":"2022-07-15T15:16:15","modified_gmt":"2022-07-15T18:16:15","slug":"paritaria-trimestral-el-gobierno-de-jujuy-acordo-un-aumento-del-20-para-docentes","status":"publish","type":"post","link":"https:\/\/www.muyjujuy.com\/index.php\/2022\/07\/15\/paritaria-trimestral-el-gobierno-de-jujuy-acordo-un-aumento-del-20-para-docentes\/","title":{"rendered":"Paritaria trimestral: el Gobierno de Jujuy acord\u00f3 un aumento del 20% para docentes"},"content":{"rendered":"\n<p><em>La Provincia y gremios docentes llegaron a un acuerdo salarial en el marco de la paritaria trimestral.<\/em><\/p>\n\n\n\n<p>Representantes del Gobierno provincial y dirigentes de los sindicatos docentes se reunieron en paritaria y <strong>acordaron un aumento del 20% para julio, agosto y septiembre.<\/strong><\/p>\n\n\n\n<p>El ministro de Trabajo juje\u00f1o, Gaspar Santill\u00e1n, destac\u00f3 el consenso alcanzado en di\u00e1logo con <em>AM630<\/em> y advirti\u00f3 que &#8220;la falta de previsibilidad econ\u00f3mica del Gobierno y su incapacidad de contener la inflaci\u00f3n oblig\u00f3 al Gobierno de Jujuy a convocar a los gremios estatales a discutir paritarias cada tres meses&#8221;. <strong>&#8220;La finalidad de evitar que los empleados p\u00fablicos sigan perdiendo poder adquisitivo&#8221;, <\/strong>asever\u00f3.<\/p>\n\n\n\n<h2 class=\"wp-block-heading\"><strong>Acuerdo en paritaria<\/strong><\/h2>\n\n\n\n<p>El acuerdo establece un 10% en agosto con el salario de julio y otro 10% en septiembre con el salario de agosto.<\/p>\n\n\n\n<p>Por otro lado, el ministro de Trabajo explic\u00f3 que tomando en cuenta otros \u00edtems <strong>&#8220;los docentes recibir\u00e1n un aumento total de alrededor del 46% desde enero hasta septiembre de este a\u00f1o&#8221;<\/strong>.<\/p>\n\n\n\n<p>Asimismo, Santill\u00e1n apunt\u00f3 que se retomar\u00e1 la paritaria en octubre para acordar una nueva <strong>suba salarial del \u00faltimo trimestre del a\u00f1o<\/strong>.<\/p>\n\n\n\n<p>En tanto que este lunes 18 de julio, los funcionarios del Gobierno provincial continuar\u00e1n las reuniones paritarias con otros gremios estatales. <strong><a href=\"https:\/\/www.muyjujuy.com\/?s=paritaria\">&#8220;La pr\u00f3xima semana queremos cerrar la discusi\u00f3n con todos los sectores&#8221;<\/a><\/strong>, concluy\u00f3 el ministro de Trabajo.<\/p>\n","protected":false},"excerpt":{"rendered":"<p>La Provincia y gremios docentes llegaron a un acuerdo salarial en el marco de la paritaria trimestral. Representantes del Gobierno provincial y dirigentes de los sindicatos docentes se reunieron en paritaria y acordaron un aumento del 20% para julio, agosto y septiembre. El ministro de Trabajo juje\u00f1o, Gaspar Santill\u00e1n, destac\u00f3 el consenso alcanzado en di\u00e1logo [&hellip;]<\/p>\n","protected":false},"author":3,"featured_media":918,"comment_status":"open","ping_status":"open","sticky":false,"template":"","format":"standard","meta":{"footnotes":""},"categories":[24],"tags":[723,8,596],"class_list":{"0":"post-917","1":"post","2":"type-post","3":"status-publish","4":"format-standard","5":"has-post-thumbnail","7":"category-politica","8":"tag-docentes","9":"tag-jujuy","10":"tag-paritaria"},"yoast_head":"<!-- This site is optimized with the Yoast SEO plugin v27.5 - https:\/\/yoast.com\/product\/yoast-seo-wordpress\/ -->\n<title>Paritaria trimestral: el Gobierno de Jujuy acord\u00f3 un aumento del 20% para docentes - Muy Jujuy<\/title>\n<meta name=\"description\" content=\"Representantes del Gobierno provincial y dirigentes de los sindicatos docentes se reunieron en paritaria y acordaron un aumento del 20%.\" \/>\n<meta name=\"robots\" content=\"index, follow, max-snippet:-1, max-image-preview:large, max-video-preview:-1\" \/>\n<link rel=\"canonical\" href=\"https:\/\/www.muyjujuy.com\/index.php\/2022\/07\/15\/paritaria-trimestral-el-gobierno-de-jujuy-acordo-un-aumento-del-20-para-docentes\/\" \/>\n<meta property=\"og:locale\" content=\"es_ES\" \/>\n<meta property=\"og:type\" content=\"article\" \/>\n<meta property=\"og:title\" content=\"Paritaria trimestral: el Gobierno de Jujuy acord\u00f3 un aumento del 20% para docentes - Muy Jujuy\" \/>\n<meta property=\"og:description\" content=\"Representantes del Gobierno provincial y dirigentes de los sindicatos docentes se reunieron en paritaria y acordaron un aumento del 20%.\" \/>\n<meta property=\"og:url\" content=\"https:\/\/www.muyjujuy.com\/index.php\/2022\/07\/15\/paritaria-trimestral-el-gobierno-de-jujuy-acordo-un-aumento-del-20-para-docentes\/\" \/>\n<meta property=\"og:site_name\" content=\"Muy Jujuy\" \/>\n<meta property=\"article:publisher\" content=\"https:\/\/www.facebook.com\/muyjujuycom\" \/>\n<meta property=\"article:published_time\" content=\"2022-07-15T18:16:10+00:00\" \/>\n<meta property=\"article:modified_time\" content=\"2022-07-15T18:16:15+00:00\" \/>\n<meta property=\"og:image\" content=\"https:\/\/www.muyjujuy.com\/wp-content\/uploads\/2022\/07\/paritarias-docentes-gaspar-santillan.jpg\" \/>\n\t<meta property=\"og:image:width\" content=\"990\" \/>\n\t<meta property=\"og:image:height\" content=\"610\" \/>\n\t<meta property=\"og:image:type\" content=\"image\/jpeg\" \/>\n<meta name=\"author\" content=\"Redacci\u00f3n Muy Jujuy\" \/>\n<meta name=\"twitter:card\" content=\"summary_large_image\" \/>\n<meta name=\"twitter:creator\" content=\"@muyjujuy\" \/>\n<meta name=\"twitter:site\" content=\"@muyjujuy\" \/>\n<meta name=\"twitter:label1\" content=\"Escrito por\" \/>\n\t<meta name=\"twitter:data1\" content=\"Redacci\u00f3n Muy Jujuy\" \/>\n\t<meta name=\"twitter:label2\" content=\"Tiempo de lectura\" \/>\n\t<meta name=\"twitter:data2\" content=\"1 minuto\" \/>\n<script type=\"application\/ld+json\" class=\"yoast-schema-graph\">{\"@context\":\"https:\\\/\\\/schema.org\",\"@graph\":[{\"@type\":\"Article\",\"@id\":\"https:\\\/\\\/www.muyjujuy.com\\\/index.php\\\/2022\\\/07\\\/15\\\/paritaria-trimestral-el-gobierno-de-jujuy-acordo-un-aumento-del-20-para-docentes\\\/#article\",\"isPartOf\":{\"@id\":\"https:\\\/\\\/www.muyjujuy.com\\\/index.php\\\/2022\\\/07\\\/15\\\/paritaria-trimestral-el-gobierno-de-jujuy-acordo-un-aumento-del-20-para-docentes\\\/\"},\"author\":{\"name\":\"Redacci\u00f3n Muy Jujuy\",\"@id\":\"https:\\\/\\\/www.muyjujuy.com\\\/#\\\/schema\\\/person\\\/1d0f6e223ccea9e3f9034c1a5b683bf2\"},\"headline\":\"Paritaria trimestral: el Gobierno de Jujuy acord\u00f3 un aumento del 20% para docentes\",\"datePublished\":\"2022-07-15T18:16:10+00:00\",\"dateModified\":\"2022-07-15T18:16:15+00:00\",\"mainEntityOfPage\":{\"@id\":\"https:\\\/\\\/www.muyjujuy.com\\\/index.php\\\/2022\\\/07\\\/15\\\/paritaria-trimestral-el-gobierno-de-jujuy-acordo-un-aumento-del-20-para-docentes\\\/\"},\"wordCount\":238,\"commentCount\":0,\"publisher\":{\"@id\":\"https:\\\/\\\/www.muyjujuy.com\\\/#organization\"},\"image\":{\"@id\":\"https:\\\/\\\/www.muyjujuy.com\\\/index.php\\\/2022\\\/07\\\/15\\\/paritaria-trimestral-el-gobierno-de-jujuy-acordo-un-aumento-del-20-para-docentes\\\/#primaryimage\"},\"thumbnailUrl\":\"https:\\\/\\\/www.muyjujuy.com\\\/wp-content\\\/uploads\\\/2022\\\/07\\\/paritarias-docentes-gaspar-santillan.jpg\",\"keywords\":[\"Docentes\",\"Jujuy\",\"Paritaria\"],\"articleSection\":[\"Pol\u00edtica\"],\"inLanguage\":\"es-AR\",\"potentialAction\":[{\"@type\":\"CommentAction\",\"name\":\"Comment\",\"target\":[\"https:\\\/\\\/www.muyjujuy.com\\\/index.php\\\/2022\\\/07\\\/15\\\/paritaria-trimestral-el-gobierno-de-jujuy-acordo-un-aumento-del-20-para-docentes\\\/#respond\"]}]},{\"@type\":\"WebPage\",\"@id\":\"https:\\\/\\\/www.muyjujuy.com\\\/index.php\\\/2022\\\/07\\\/15\\\/paritaria-trimestral-el-gobierno-de-jujuy-acordo-un-aumento-del-20-para-docentes\\\/\",\"url\":\"https:\\\/\\\/www.muyjujuy.com\\\/index.php\\\/2022\\\/07\\\/15\\\/paritaria-trimestral-el-gobierno-de-jujuy-acordo-un-aumento-del-20-para-docentes\\\/\",\"name\":\"Paritaria trimestral: el Gobierno de Jujuy acord\u00f3 un aumento del 20% para docentes - Muy Jujuy\",\"isPartOf\":{\"@id\":\"https:\\\/\\\/www.muyjujuy.com\\\/#website\"},\"primaryImageOfPage\":{\"@id\":\"https:\\\/\\\/www.muyjujuy.com\\\/index.php\\\/2022\\\/07\\\/15\\\/paritaria-trimestral-el-gobierno-de-jujuy-acordo-un-aumento-del-20-para-docentes\\\/#primaryimage\"},\"image\":{\"@id\":\"https:\\\/\\\/www.muyjujuy.com\\\/index.php\\\/2022\\\/07\\\/15\\\/paritaria-trimestral-el-gobierno-de-jujuy-acordo-un-aumento-del-20-para-docentes\\\/#primaryimage\"},\"thumbnailUrl\":\"https:\\\/\\\/www.muyjujuy.com\\\/wp-content\\\/uploads\\\/2022\\\/07\\\/paritarias-docentes-gaspar-santillan.jpg\",\"datePublished\":\"2022-07-15T18:16:10+00:00\",\"dateModified\":\"2022-07-15T18:16:15+00:00\",\"description\":\"Representantes del Gobierno provincial y dirigentes de los sindicatos docentes se reunieron en paritaria y acordaron un aumento del 20%.\",\"breadcrumb\":{\"@id\":\"https:\\\/\\\/www.muyjujuy.com\\\/index.php\\\/2022\\\/07\\\/15\\\/paritaria-trimestral-el-gobierno-de-jujuy-acordo-un-aumento-del-20-para-docentes\\\/#breadcrumb\"},\"inLanguage\":\"es-AR\",\"potentialAction\":[{\"@type\":\"ReadAction\",\"target\":[\"https:\\\/\\\/www.muyjujuy.com\\\/index.php\\\/2022\\\/07\\\/15\\\/paritaria-trimestral-el-gobierno-de-jujuy-acordo-un-aumento-del-20-para-docentes\\\/\"]}]},{\"@type\":\"ImageObject\",\"inLanguage\":\"es-AR\",\"@id\":\"https:\\\/\\\/www.muyjujuy.com\\\/index.php\\\/2022\\\/07\\\/15\\\/paritaria-trimestral-el-gobierno-de-jujuy-acordo-un-aumento-del-20-para-docentes\\\/#primaryimage\",\"url\":\"https:\\\/\\\/www.muyjujuy.com\\\/wp-content\\\/uploads\\\/2022\\\/07\\\/paritarias-docentes-gaspar-santillan.jpg\",\"contentUrl\":\"https:\\\/\\\/www.muyjujuy.com\\\/wp-content\\\/uploads\\\/2022\\\/07\\\/paritarias-docentes-gaspar-santillan.jpg\",\"width\":990,\"height\":610},{\"@type\":\"BreadcrumbList\",\"@id\":\"https:\\\/\\\/www.muyjujuy.com\\\/index.php\\\/2022\\\/07\\\/15\\\/paritaria-trimestral-el-gobierno-de-jujuy-acordo-un-aumento-del-20-para-docentes\\\/#breadcrumb\",\"itemListElement\":[{\"@type\":\"ListItem\",\"position\":1,\"name\":\"Inicio\",\"item\":\"https:\\\/\\\/www.muyjujuy.com\\\/\"},{\"@type\":\"ListItem\",\"position\":2,\"name\":\"Paritaria trimestral: el Gobierno de Jujuy acord\u00f3 un aumento del 20% para docentes\"}]},{\"@type\":\"WebSite\",\"@id\":\"https:\\\/\\\/www.muyjujuy.com\\\/#website\",\"url\":\"https:\\\/\\\/www.muyjujuy.com\\\/\",\"name\":\"Muy Jujuy\",\"description\":\"\",\"publisher\":{\"@id\":\"https:\\\/\\\/www.muyjujuy.com\\\/#organization\"},\"potentialAction\":[{\"@type\":\"SearchAction\",\"target\":{\"@type\":\"EntryPoint\",\"urlTemplate\":\"https:\\\/\\\/www.muyjujuy.com\\\/?s={search_term_string}\"},\"query-input\":{\"@type\":\"PropertyValueSpecification\",\"valueRequired\":true,\"valueName\":\"search_term_string\"}}],\"inLanguage\":\"es-AR\"},{\"@type\":\"Organization\",\"@id\":\"https:\\\/\\\/www.muyjujuy.com\\\/#organization\",\"name\":\"Muy Jujuy\",\"url\":\"https:\\\/\\\/www.muyjujuy.com\\\/\",\"logo\":{\"@type\":\"ImageObject\",\"inLanguage\":\"es-AR\",\"@id\":\"https:\\\/\\\/www.muyjujuy.com\\\/#\\\/schema\\\/logo\\\/image\\\/\",\"url\":\"http:\\\/\\\/www.muyjujuy.com\\\/wp-content\\\/uploads\\\/2022\\\/05\\\/logo-mobil-jujuy.png\",\"contentUrl\":\"http:\\\/\\\/www.muyjujuy.com\\\/wp-content\\\/uploads\\\/2022\\\/05\\\/logo-mobil-jujuy.png\",\"width\":174,\"height\":81,\"caption\":\"Muy Jujuy\"},\"image\":{\"@id\":\"https:\\\/\\\/www.muyjujuy.com\\\/#\\\/schema\\\/logo\\\/image\\\/\"},\"sameAs\":[\"https:\\\/\\\/www.facebook.com\\\/muyjujuycom\",\"https:\\\/\\\/x.com\\\/muyjujuy\",\"https:\\\/\\\/www.instagram.com\\\/muyjujuycom\"]},{\"@type\":\"Person\",\"@id\":\"https:\\\/\\\/www.muyjujuy.com\\\/#\\\/schema\\\/person\\\/1d0f6e223ccea9e3f9034c1a5b683bf2\",\"name\":\"Redacci\u00f3n Muy Jujuy\",\"image\":{\"@type\":\"ImageObject\",\"inLanguage\":\"es-AR\",\"@id\":\"https:\\\/\\\/secure.gravatar.com\\\/avatar\\\/fec5f6f1893d741ed5eecccff109ce43e67a855411202a3212a058cb8e5c27d4?s=96&d=mm&r=g\",\"url\":\"https:\\\/\\\/secure.gravatar.com\\\/avatar\\\/fec5f6f1893d741ed5eecccff109ce43e67a855411202a3212a058cb8e5c27d4?s=96&d=mm&r=g\",\"contentUrl\":\"https:\\\/\\\/secure.gravatar.com\\\/avatar\\\/fec5f6f1893d741ed5eecccff109ce43e67a855411202a3212a058cb8e5c27d4?s=96&d=mm&r=g\",\"caption\":\"Redacci\u00f3n Muy Jujuy\"},\"url\":\"https:\\\/\\\/www.muyjujuy.com\\\/index.php\\\/author\\\/editor\\\/\"}]}<\/script>\n<!-- \/ Yoast SEO plugin. -->","yoast_head_json":{"title":"Paritaria trimestral: el Gobierno de Jujuy acord\u00f3 un aumento del 20% para docentes - Muy Jujuy","description":"Representantes del Gobierno provincial y dirigentes de los sindicatos docentes se reunieron en paritaria y acordaron un aumento del 20%.","robots":{"index":"index","follow":"follow","max-snippet":"max-snippet:-1","max-image-preview":"max-image-preview:large","max-video-preview":"max-video-preview:-1"},"canonical":"https:\/\/www.muyjujuy.com\/index.php\/2022\/07\/15\/paritaria-trimestral-el-gobierno-de-jujuy-acordo-un-aumento-del-20-para-docentes\/","og_locale":"es_ES","og_type":"article","og_title":"Paritaria trimestral: el Gobierno de Jujuy acord\u00f3 un aumento del 20% para docentes - Muy Jujuy","og_description":"Representantes del Gobierno provincial y dirigentes de los sindicatos docentes se reunieron en paritaria y acordaron un aumento del 20%.","og_url":"https:\/\/www.muyjujuy.com\/index.php\/2022\/07\/15\/paritaria-trimestral-el-gobierno-de-jujuy-acordo-un-aumento-del-20-para-docentes\/","og_site_name":"Muy Jujuy","article_publisher":"https:\/\/www.facebook.com\/muyjujuycom","article_published_time":"2022-07-15T18:16:10+00:00","article_modified_time":"2022-07-15T18:16:15+00:00","og_image":[{"width":990,"height":610,"url":"https:\/\/www.muyjujuy.com\/wp-content\/uploads\/2022\/07\/paritarias-docentes-gaspar-santillan.jpg","type":"image\/jpeg"}],"author":"Redacci\u00f3n Muy Jujuy","twitter_card":"summary_large_image","twitter_creator":"@muyjujuy","twitter_site":"@muyjujuy","twitter_misc":{"Escrito por":"Redacci\u00f3n Muy Jujuy","Tiempo de lectura":"1 minuto"},"schema":{"@context":"https:\/\/schema.org","@graph":[{"@type":"Article","@id":"https:\/\/www.muyjujuy.com\/index.php\/2022\/07\/15\/paritaria-trimestral-el-gobierno-de-jujuy-acordo-un-aumento-del-20-para-docentes\/#article","isPartOf":{"@id":"https:\/\/www.muyjujuy.com\/index.php\/2022\/07\/15\/paritaria-trimestral-el-gobierno-de-jujuy-acordo-un-aumento-del-20-para-docentes\/"},"author":{"name":"Redacci\u00f3n Muy Jujuy","@id":"https:\/\/www.muyjujuy.com\/#\/schema\/person\/1d0f6e223ccea9e3f9034c1a5b683bf2"},"headline":"Paritaria trimestral: el Gobierno de Jujuy acord\u00f3 un aumento del 20% para docentes","datePublished":"2022-07-15T18:16:10+00:00","dateModified":"2022-07-15T18:16:15+00:00","mainEntityOfPage":{"@id":"https:\/\/www.muyjujuy.com\/index.php\/2022\/07\/15\/paritaria-trimestral-el-gobierno-de-jujuy-acordo-un-aumento-del-20-para-docentes\/"},"wordCount":238,"commentCount":0,"publisher":{"@id":"https:\/\/www.muyjujuy.com\/#organization"},"image":{"@id":"https:\/\/www.muyjujuy.com\/index.php\/2022\/07\/15\/paritaria-trimestral-el-gobierno-de-jujuy-acordo-un-aumento-del-20-para-docentes\/#primaryimage"},"thumbnailUrl":"https:\/\/www.muyjujuy.com\/wp-content\/uploads\/2022\/07\/paritarias-docentes-gaspar-santillan.jpg","keywords":["Docentes","Jujuy","Paritaria"],"articleSection":["Pol\u00edtica"],"inLanguage":"es-AR","potentialAction":[{"@type":"CommentAction","name":"Comment","target":["https:\/\/www.muyjujuy.com\/index.php\/2022\/07\/15\/paritaria-trimestral-el-gobierno-de-jujuy-acordo-un-aumento-del-20-para-docentes\/#respond"]}]},{"@type":"WebPage","@id":"https:\/\/www.muyjujuy.com\/index.php\/2022\/07\/15\/paritaria-trimestral-el-gobierno-de-jujuy-acordo-un-aumento-del-20-para-docentes\/","url":"https:\/\/www.muyjujuy.com\/index.php\/2022\/07\/15\/paritaria-trimestral-el-gobierno-de-jujuy-acordo-un-aumento-del-20-para-docentes\/","name":"Paritaria trimestral: el Gobierno de Jujuy acord\u00f3 un aumento del 20% para docentes - Muy Jujuy","isPartOf":{"@id":"https:\/\/www.muyjujuy.com\/#website"},"primaryImageOfPage":{"@id":"https:\/\/www.muyjujuy.com\/index.php\/2022\/07\/15\/paritaria-trimestral-el-gobierno-de-jujuy-acordo-un-aumento-del-20-para-docentes\/#primaryimage"},"image":{"@id":"https:\/\/www.muyjujuy.com\/index.php\/2022\/07\/15\/paritaria-trimestral-el-gobierno-de-jujuy-acordo-un-aumento-del-20-para-docentes\/#primaryimage"},"thumbnailUrl":"https:\/\/www.muyjujuy.com\/wp-content\/uploads\/2022\/07\/paritarias-docentes-gaspar-santillan.jpg","datePublished":"2022-07-15T18:16:10+00:00","dateModified":"2022-07-15T18:16:15+00:00","description":"Representantes del Gobierno provincial y dirigentes de los sindicatos docentes se reunieron en paritaria y acordaron un aumento del 20%.","breadcrumb":{"@id":"https:\/\/www.muyjujuy.com\/index.php\/2022\/07\/15\/paritaria-trimestral-el-gobierno-de-jujuy-acordo-un-aumento-del-20-para-docentes\/#breadcrumb"},"inLanguage":"es-AR","potentialAction":[{"@type":"ReadAction","target":["https:\/\/www.muyjujuy.com\/index.php\/2022\/07\/15\/paritaria-trimestral-el-gobierno-de-jujuy-acordo-un-aumento-del-20-para-docentes\/"]}]},{"@type":"ImageObject","inLanguage":"es-AR","@id":"https:\/\/www.muyjujuy.com\/index.php\/2022\/07\/15\/paritaria-trimestral-el-gobierno-de-jujuy-acordo-un-aumento-del-20-para-docentes\/#primaryimage","url":"https:\/\/www.muyjujuy.com\/wp-content\/uploads\/2022\/07\/paritarias-docentes-gaspar-santillan.jpg","contentUrl":"https:\/\/www.muyjujuy.com\/wp-content\/uploads\/2022\/07\/paritarias-docentes-gaspar-santillan.jpg","width":990,"height":610},{"@type":"BreadcrumbList","@id":"https:\/\/www.muyjujuy.com\/index.php\/2022\/07\/15\/paritaria-trimestral-el-gobierno-de-jujuy-acordo-un-aumento-del-20-para-docentes\/#breadcrumb","itemListElement":[{"@type":"ListItem","position":1,"name":"Inicio","item":"https:\/\/www.muyjujuy.com\/"},{"@type":"ListItem","position":2,"name":"Paritaria trimestral: el Gobierno de Jujuy acord\u00f3 un aumento del 20% para docentes"}]},{"@type":"WebSite","@id":"https:\/\/www.muyjujuy.com\/#website","url":"https:\/\/www.muyjujuy.com\/","name":"Muy Jujuy","description":"","publisher":{"@id":"https:\/\/www.muyjujuy.com\/#organization"},"potentialAction":[{"@type":"SearchAction","target":{"@type":"EntryPoint","urlTemplate":"https:\/\/www.muyjujuy.com\/?s={search_term_string}"},"query-input":{"@type":"PropertyValueSpecification","valueRequired":true,"valueName":"search_term_string"}}],"inLanguage":"es-AR"},{"@type":"Organization","@id":"https:\/\/www.muyjujuy.com\/#organization","name":"Muy Jujuy","url":"https:\/\/www.muyjujuy.com\/","logo":{"@type":"ImageObject","inLanguage":"es-AR","@id":"https:\/\/www.muyjujuy.com\/#\/schema\/logo\/image\/","url":"http:\/\/www.muyjujuy.com\/wp-content\/uploads\/2022\/05\/logo-mobil-jujuy.png","contentUrl":"http:\/\/www.muyjujuy.com\/wp-content\/uploads\/2022\/05\/logo-mobil-jujuy.png","width":174,"height":81,"caption":"Muy Jujuy"},"image":{"@id":"https:\/\/www.muyjujuy.com\/#\/schema\/logo\/image\/"},"sameAs":["https:\/\/www.facebook.com\/muyjujuycom","https:\/\/x.com\/muyjujuy","https:\/\/www.instagram.com\/muyjujuycom"]},{"@type":"Person","@id":"https:\/\/www.muyjujuy.com\/#\/schema\/person\/1d0f6e223ccea9e3f9034c1a5b683bf2","name":"Redacci\u00f3n Muy Jujuy","image":{"@type":"ImageObject","inLanguage":"es-AR","@id":"https:\/\/secure.gravatar.com\/avatar\/fec5f6f1893d741ed5eecccff109ce43e67a855411202a3212a058cb8e5c27d4?s=96&d=mm&r=g","url":"https:\/\/secure.gravatar.com\/avatar\/fec5f6f1893d741ed5eecccff109ce43e67a855411202a3212a058cb8e5c27d4?s=96&d=mm&r=g","contentUrl":"https:\/\/secure.gravatar.com\/avatar\/fec5f6f1893d741ed5eecccff109ce43e67a855411202a3212a058cb8e5c27d4?s=96&d=mm&r=g","caption":"Redacci\u00f3n Muy Jujuy"},"url":"https:\/\/www.muyjujuy.com\/index.php\/author\/editor\/"}]}},"_links":{"self":[{"href":"https:\/\/www.muyjujuy.com\/index.php\/wp-json\/wp\/v2\/posts\/917","targetHints":{"allow":["GET"]}}],"collection":[{"href":"https:\/\/www.muyjujuy.com\/index.php\/wp-json\/wp\/v2\/posts"}],"about":[{"href":"https:\/\/www.muyjujuy.com\/index.php\/wp-json\/wp\/v2\/types\/post"}],"author":[{"embeddable":true,"href":"https:\/\/www.muyjujuy.com\/index.php\/wp-json\/wp\/v2\/users\/3"}],"replies":[{"embeddable":true,"href":"https:\/\/www.muyjujuy.com\/index.php\/wp-json\/wp\/v2\/comments?post=917"}],"version-history":[{"count":1,"href":"https:\/\/www.muyjujuy.com\/index.php\/wp-json\/wp\/v2\/posts\/917\/revisions"}],"predecessor-version":[{"id":919,"href":"https:\/\/www.muyjujuy.com\/index.php\/wp-json\/wp\/v2\/posts\/917\/revisions\/919"}],"wp:featuredmedia":[{"embeddable":true,"href":"https:\/\/www.muyjujuy.com\/index.php\/wp-json\/wp\/v2\/media\/918"}],"wp:attachment":[{"href":"https:\/\/www.muyjujuy.com\/index.php\/wp-json\/wp\/v2\/media?parent=917"}],"wp:term":[{"taxonomy":"category","embeddable":true,"href":"https:\/\/www.muyjujuy.com\/index.php\/wp-json\/wp\/v2\/categories?post=917"},{"taxonomy":"post_tag","embeddable":true,"href":"https:\/\/www.muyjujuy.com\/index.php\/wp-json\/wp\/v2\/tags?post=917"}],"curies":[{"name":"wp","href":"https:\/\/api.w.org\/{rel}","templated":true}]}}