{"id":926,"date":"2022-07-18T11:00:27","date_gmt":"2022-07-18T14:00:27","guid":{"rendered":"https:\/\/www.muyjujuy.com\/?p=926"},"modified":"2022-07-18T11:03:33","modified_gmt":"2022-07-18T14:03:33","slug":"confirmaron-que-la-hora-extra-en-escuelas-se-implementara-desde-el-2023-en-jujuy","status":"publish","type":"post","link":"https:\/\/www.muyjujuy.com\/index.php\/2022\/07\/18\/confirmaron-que-la-hora-extra-en-escuelas-se-implementara-desde-el-2023-en-jujuy\/","title":{"rendered":"Confirmaron que la hora extra en escuelas se implementar\u00e1 desde el 2023 en Jujuy"},"content":{"rendered":"\n<p><em>La medida fue confirmada por la Secretaria de Gesti\u00f3n Educativa. Con la hora extra se busca fortalecer los conocimiento en matem\u00e1tica y lengua.<\/em><\/p>\n\n\n\n<p>Desde el Gobierno provincial confirmaron que <strong>la hora extra de clase en las escuelas primarias comenzar\u00e1 a regir desde 2023. <\/strong>As\u00ed lo ratific\u00f3 la secretaria de Gesti\u00f3n Educativa juje\u00f1a, Alcira Zamora. <\/p>\n\n\n\n<p>La Provincia particip\u00f3 y suscribi\u00f3 al acuerdo en el Consejo Federal de<a href=\"https:\/\/www.muyjujuy.com\/?s=educacion\"> Educaci\u00f3n<\/a>. Es una iniciativa que lanz\u00f3 el Ministerio de Educaci\u00f3n nacional <\/p>\n\n\n\n<p>Alicia Zamora, secretaria de Gesti\u00f3n Educativa confirm\u00f3 a Canal 7 que la hora extra, que fue anunciada por el ministerio de Educaci\u00f3n de la Naci\u00f3n a principio de abril tras un acuerdo en el Consejo Federal de Educaci\u00f3n, se implementar\u00e1 en las escuelas primarias de Jujuy en 2023.<\/p>\n\n\n\n<p>Te puede interesar: Hora extra en primaria: el Gobierno sum\u00f3 respaldos pero a\u00fan resta definir c\u00f3mo se implementar\u00e1<\/p>\n\n\n\n<p>&#8220;Aproximadamente en un 20% de colegios se va a implantar esta hora m\u00e1s&#8221;, precis\u00f3 la funcionaria a <em>Canal 7 <\/em>y adelant\u00f3 y que <strong>&#8220;en el segundo periodo del a\u00f1o no se implementara esta medida&#8221;.<\/strong><\/p>\n\n\n\n<p>Asimismo, explic\u00f3: <strong>&#8220;Se decidi\u00f3 no hacerlo este a\u00f1o porque sabemos que las familias de los alumnos y los profesores tienen organizado sus horarios&#8221;. <\/strong>Adem\u00e1s, indic\u00f3 que <strong>cuando sea implementada se tendr\u00e1n en cuenta diversos temas tanto personales como acad\u00e9micos.<\/strong><\/p>\n\n\n\n<h2 class=\"wp-block-heading\"><strong>Un hora m\u00e1s de clase<\/strong><\/h2>\n\n\n\n<p>La secretaria de Gesti\u00f3n Educativa adelant\u00f3 que <strong>alrededor de 64 escuelas, en su mayor\u00eda rurales, tendr\u00e1n jornada extendida de tres horas para los alumnos y cuatro para los docentes desde agosto. <\/strong>El objetivo es refozar las \u00e1reas de lengua y matem\u00e1tica, ciencias naturales, ciencias sociales, artes, ingl\u00e9s y deportes.<\/p>\n\n\n\n<p>Cuando se dio a conocer la medida, Zamora hab\u00eda adelantado en di\u00e1logo con <em>AM630 <\/em>que se encontraban trabajando en el tema para adecuarlo en las diferentes instituciones. <strong>&#8220;Hay que ver si ponemos esa hora al comienzo o al final o si ser\u00e1 de manera partida\u201d, <\/strong>remarc\u00f3.<\/p>\n\n\n\n<p>Atento a que es una determinaci\u00f3n que tiene que ser instalada en las escuelas juje\u00f1as, Zamora fundament\u00f3: <strong>\u201cTenemos que ver que esto no tenga un impacto negativo o tratar de que no perjudique a la familia y a los horarios. No va a ser f\u00e1cil pero hay que hacerlo\u201d.<\/strong><\/p>\n\n\n\n<h2 class=\"wp-block-heading\"><strong>C\u00f3mo se implementar\u00e1<\/strong><\/h2>\n\n\n\n<p>Seg\u00fan precisaron desde el Gobierno provincial, se eval\u00faan tres opciones para implementar la hora extra de clase.<\/p>\n\n\n\n<ul class=\"wp-block-list\"><li><strong>Sumar una hora extra por d\u00eda y adelantar el ingreso de los chicos a la escuela. <\/strong>Es decir, que el turno ma\u00f1ana pase de 7:00 a 12:00 o de 7.30 a 12.30 y el turno tarde lo haga de 13:00 a 18:00 o de 13:15 a 18:15 horas.<\/li><li><strong>Sumar una hora extra por d\u00eda y retrasar la salida de los chicos<\/strong>. Aqu\u00ed la dificultad se presenta en que los turnos se superpondr\u00edan.<\/li><li><strong>Mantener las cuatro horas de clase por d\u00eda en la semana y sumar una jornada los s\u00e1bados.<\/strong><\/li><\/ul>\n","protected":false},"excerpt":{"rendered":"<p>La medida fue confirmada por la Secretaria de Gesti\u00f3n Educativa. Con la hora extra se busca fortalecer los conocimiento en matem\u00e1tica y lengua. Desde el Gobierno provincial confirmaron que la hora extra de clase en las escuelas primarias comenzar\u00e1 a regir desde 2023. As\u00ed lo ratific\u00f3 la secretaria de Gesti\u00f3n Educativa juje\u00f1a, Alcira Zamora. La [&hellip;]<\/p>\n","protected":false},"author":3,"featured_media":928,"comment_status":"open","ping_status":"open","sticky":false,"template":"","format":"standard","meta":{"footnotes":""},"categories":[1],"tags":[492,8],"class_list":{"0":"post-926","1":"post","2":"type-post","3":"status-publish","4":"format-standard","5":"has-post-thumbnail","7":"category-sin-categoria","8":"tag-educacion","9":"tag-jujuy"},"yoast_head":"<!-- This site is optimized with the Yoast SEO plugin v27.5 - https:\/\/yoast.com\/product\/yoast-seo-wordpress\/ -->\n<title>Confirmaron que la hora extra en escuelas se implementar\u00e1 desde el 2023 en Jujuy - Muy Jujuy<\/title>\n<meta name=\"description\" content=\"Desde el Gobierno provincial confirmaron que la hora extra de clase en las escuelas primarias comenzar\u00e1 a regir desde 2023.\" \/>\n<meta name=\"robots\" content=\"index, follow, max-snippet:-1, max-image-preview:large, max-video-preview:-1\" \/>\n<link rel=\"canonical\" href=\"https:\/\/www.muyjujuy.com\/index.php\/2022\/07\/18\/confirmaron-que-la-hora-extra-en-escuelas-se-implementara-desde-el-2023-en-jujuy\/\" \/>\n<meta property=\"og:locale\" content=\"es_ES\" \/>\n<meta property=\"og:type\" content=\"article\" \/>\n<meta property=\"og:title\" content=\"Confirmaron que la hora extra en escuelas se implementar\u00e1 desde el 2023 en Jujuy - Muy Jujuy\" \/>\n<meta property=\"og:description\" content=\"Desde el Gobierno provincial confirmaron que la hora extra de clase en las escuelas primarias comenzar\u00e1 a regir desde 2023.\" \/>\n<meta property=\"og:url\" content=\"https:\/\/www.muyjujuy.com\/index.php\/2022\/07\/18\/confirmaron-que-la-hora-extra-en-escuelas-se-implementara-desde-el-2023-en-jujuy\/\" \/>\n<meta property=\"og:site_name\" content=\"Muy Jujuy\" \/>\n<meta property=\"article:publisher\" content=\"https:\/\/www.facebook.com\/muyjujuycom\" \/>\n<meta property=\"article:published_time\" content=\"2022-07-18T14:00:27+00:00\" \/>\n<meta property=\"article:modified_time\" content=\"2022-07-18T14:03:33+00:00\" \/>\n<meta property=\"og:image\" content=\"https:\/\/www.muyjujuy.com\/wp-content\/uploads\/2022\/07\/WhatsApp-Image-2022-07-18-at-10.57.05-AM-1.jpeg\" \/>\n\t<meta property=\"og:image:width\" content=\"990\" \/>\n\t<meta property=\"og:image:height\" content=\"610\" \/>\n\t<meta property=\"og:image:type\" content=\"image\/jpeg\" \/>\n<meta name=\"author\" content=\"Redacci\u00f3n Muy Jujuy\" \/>\n<meta name=\"twitter:card\" content=\"summary_large_image\" \/>\n<meta name=\"twitter:creator\" content=\"@muyjujuy\" \/>\n<meta name=\"twitter:site\" content=\"@muyjujuy\" \/>\n<meta name=\"twitter:label1\" content=\"Escrito por\" \/>\n\t<meta name=\"twitter:data1\" content=\"Redacci\u00f3n Muy Jujuy\" \/>\n\t<meta name=\"twitter:label2\" content=\"Tiempo de lectura\" \/>\n\t<meta name=\"twitter:data2\" content=\"3 minutos\" \/>\n<script type=\"application\/ld+json\" class=\"yoast-schema-graph\">{\"@context\":\"https:\\\/\\\/schema.org\",\"@graph\":[{\"@type\":\"Article\",\"@id\":\"https:\\\/\\\/www.muyjujuy.com\\\/index.php\\\/2022\\\/07\\\/18\\\/confirmaron-que-la-hora-extra-en-escuelas-se-implementara-desde-el-2023-en-jujuy\\\/#article\",\"isPartOf\":{\"@id\":\"https:\\\/\\\/www.muyjujuy.com\\\/index.php\\\/2022\\\/07\\\/18\\\/confirmaron-que-la-hora-extra-en-escuelas-se-implementara-desde-el-2023-en-jujuy\\\/\"},\"author\":{\"name\":\"Redacci\u00f3n Muy Jujuy\",\"@id\":\"https:\\\/\\\/www.muyjujuy.com\\\/#\\\/schema\\\/person\\\/1d0f6e223ccea9e3f9034c1a5b683bf2\"},\"headline\":\"Confirmaron que la hora extra en escuelas se implementar\u00e1 desde el 2023 en Jujuy\",\"datePublished\":\"2022-07-18T14:00:27+00:00\",\"dateModified\":\"2022-07-18T14:03:33+00:00\",\"mainEntityOfPage\":{\"@id\":\"https:\\\/\\\/www.muyjujuy.com\\\/index.php\\\/2022\\\/07\\\/18\\\/confirmaron-que-la-hora-extra-en-escuelas-se-implementara-desde-el-2023-en-jujuy\\\/\"},\"wordCount\":511,\"commentCount\":0,\"publisher\":{\"@id\":\"https:\\\/\\\/www.muyjujuy.com\\\/#organization\"},\"image\":{\"@id\":\"https:\\\/\\\/www.muyjujuy.com\\\/index.php\\\/2022\\\/07\\\/18\\\/confirmaron-que-la-hora-extra-en-escuelas-se-implementara-desde-el-2023-en-jujuy\\\/#primaryimage\"},\"thumbnailUrl\":\"https:\\\/\\\/www.muyjujuy.com\\\/wp-content\\\/uploads\\\/2022\\\/07\\\/WhatsApp-Image-2022-07-18-at-10.57.05-AM-1.jpeg\",\"keywords\":[\"Educaci\u00f3n\",\"Jujuy\"],\"inLanguage\":\"es-AR\",\"potentialAction\":[{\"@type\":\"CommentAction\",\"name\":\"Comment\",\"target\":[\"https:\\\/\\\/www.muyjujuy.com\\\/index.php\\\/2022\\\/07\\\/18\\\/confirmaron-que-la-hora-extra-en-escuelas-se-implementara-desde-el-2023-en-jujuy\\\/#respond\"]}]},{\"@type\":\"WebPage\",\"@id\":\"https:\\\/\\\/www.muyjujuy.com\\\/index.php\\\/2022\\\/07\\\/18\\\/confirmaron-que-la-hora-extra-en-escuelas-se-implementara-desde-el-2023-en-jujuy\\\/\",\"url\":\"https:\\\/\\\/www.muyjujuy.com\\\/index.php\\\/2022\\\/07\\\/18\\\/confirmaron-que-la-hora-extra-en-escuelas-se-implementara-desde-el-2023-en-jujuy\\\/\",\"name\":\"Confirmaron que la hora extra en escuelas se implementar\u00e1 desde el 2023 en Jujuy - Muy Jujuy\",\"isPartOf\":{\"@id\":\"https:\\\/\\\/www.muyjujuy.com\\\/#website\"},\"primaryImageOfPage\":{\"@id\":\"https:\\\/\\\/www.muyjujuy.com\\\/index.php\\\/2022\\\/07\\\/18\\\/confirmaron-que-la-hora-extra-en-escuelas-se-implementara-desde-el-2023-en-jujuy\\\/#primaryimage\"},\"image\":{\"@id\":\"https:\\\/\\\/www.muyjujuy.com\\\/index.php\\\/2022\\\/07\\\/18\\\/confirmaron-que-la-hora-extra-en-escuelas-se-implementara-desde-el-2023-en-jujuy\\\/#primaryimage\"},\"thumbnailUrl\":\"https:\\\/\\\/www.muyjujuy.com\\\/wp-content\\\/uploads\\\/2022\\\/07\\\/WhatsApp-Image-2022-07-18-at-10.57.05-AM-1.jpeg\",\"datePublished\":\"2022-07-18T14:00:27+00:00\",\"dateModified\":\"2022-07-18T14:03:33+00:00\",\"description\":\"Desde el Gobierno provincial confirmaron que la hora extra de clase en las escuelas primarias comenzar\u00e1 a regir desde 2023.\",\"breadcrumb\":{\"@id\":\"https:\\\/\\\/www.muyjujuy.com\\\/index.php\\\/2022\\\/07\\\/18\\\/confirmaron-que-la-hora-extra-en-escuelas-se-implementara-desde-el-2023-en-jujuy\\\/#breadcrumb\"},\"inLanguage\":\"es-AR\",\"potentialAction\":[{\"@type\":\"ReadAction\",\"target\":[\"https:\\\/\\\/www.muyjujuy.com\\\/index.php\\\/2022\\\/07\\\/18\\\/confirmaron-que-la-hora-extra-en-escuelas-se-implementara-desde-el-2023-en-jujuy\\\/\"]}]},{\"@type\":\"ImageObject\",\"inLanguage\":\"es-AR\",\"@id\":\"https:\\\/\\\/www.muyjujuy.com\\\/index.php\\\/2022\\\/07\\\/18\\\/confirmaron-que-la-hora-extra-en-escuelas-se-implementara-desde-el-2023-en-jujuy\\\/#primaryimage\",\"url\":\"https:\\\/\\\/www.muyjujuy.com\\\/wp-content\\\/uploads\\\/2022\\\/07\\\/WhatsApp-Image-2022-07-18-at-10.57.05-AM-1.jpeg\",\"contentUrl\":\"https:\\\/\\\/www.muyjujuy.com\\\/wp-content\\\/uploads\\\/2022\\\/07\\\/WhatsApp-Image-2022-07-18-at-10.57.05-AM-1.jpeg\",\"width\":990,\"height\":610},{\"@type\":\"BreadcrumbList\",\"@id\":\"https:\\\/\\\/www.muyjujuy.com\\\/index.php\\\/2022\\\/07\\\/18\\\/confirmaron-que-la-hora-extra-en-escuelas-se-implementara-desde-el-2023-en-jujuy\\\/#breadcrumb\",\"itemListElement\":[{\"@type\":\"ListItem\",\"position\":1,\"name\":\"Inicio\",\"item\":\"https:\\\/\\\/www.muyjujuy.com\\\/\"},{\"@type\":\"ListItem\",\"position\":2,\"name\":\"Confirmaron que la hora extra en escuelas se implementar\u00e1 desde el 2023 en Jujuy\"}]},{\"@type\":\"WebSite\",\"@id\":\"https:\\\/\\\/www.muyjujuy.com\\\/#website\",\"url\":\"https:\\\/\\\/www.muyjujuy.com\\\/\",\"name\":\"Muy Jujuy\",\"description\":\"\",\"publisher\":{\"@id\":\"https:\\\/\\\/www.muyjujuy.com\\\/#organization\"},\"potentialAction\":[{\"@type\":\"SearchAction\",\"target\":{\"@type\":\"EntryPoint\",\"urlTemplate\":\"https:\\\/\\\/www.muyjujuy.com\\\/?s={search_term_string}\"},\"query-input\":{\"@type\":\"PropertyValueSpecification\",\"valueRequired\":true,\"valueName\":\"search_term_string\"}}],\"inLanguage\":\"es-AR\"},{\"@type\":\"Organization\",\"@id\":\"https:\\\/\\\/www.muyjujuy.com\\\/#organization\",\"name\":\"Muy Jujuy\",\"url\":\"https:\\\/\\\/www.muyjujuy.com\\\/\",\"logo\":{\"@type\":\"ImageObject\",\"inLanguage\":\"es-AR\",\"@id\":\"https:\\\/\\\/www.muyjujuy.com\\\/#\\\/schema\\\/logo\\\/image\\\/\",\"url\":\"http:\\\/\\\/www.muyjujuy.com\\\/wp-content\\\/uploads\\\/2022\\\/05\\\/logo-mobil-jujuy.png\",\"contentUrl\":\"http:\\\/\\\/www.muyjujuy.com\\\/wp-content\\\/uploads\\\/2022\\\/05\\\/logo-mobil-jujuy.png\",\"width\":174,\"height\":81,\"caption\":\"Muy Jujuy\"},\"image\":{\"@id\":\"https:\\\/\\\/www.muyjujuy.com\\\/#\\\/schema\\\/logo\\\/image\\\/\"},\"sameAs\":[\"https:\\\/\\\/www.facebook.com\\\/muyjujuycom\",\"https:\\\/\\\/x.com\\\/muyjujuy\",\"https:\\\/\\\/www.instagram.com\\\/muyjujuycom\"]},{\"@type\":\"Person\",\"@id\":\"https:\\\/\\\/www.muyjujuy.com\\\/#\\\/schema\\\/person\\\/1d0f6e223ccea9e3f9034c1a5b683bf2\",\"name\":\"Redacci\u00f3n Muy Jujuy\",\"image\":{\"@type\":\"ImageObject\",\"inLanguage\":\"es-AR\",\"@id\":\"https:\\\/\\\/secure.gravatar.com\\\/avatar\\\/fec5f6f1893d741ed5eecccff109ce43e67a855411202a3212a058cb8e5c27d4?s=96&d=mm&r=g\",\"url\":\"https:\\\/\\\/secure.gravatar.com\\\/avatar\\\/fec5f6f1893d741ed5eecccff109ce43e67a855411202a3212a058cb8e5c27d4?s=96&d=mm&r=g\",\"contentUrl\":\"https:\\\/\\\/secure.gravatar.com\\\/avatar\\\/fec5f6f1893d741ed5eecccff109ce43e67a855411202a3212a058cb8e5c27d4?s=96&d=mm&r=g\",\"caption\":\"Redacci\u00f3n Muy Jujuy\"},\"url\":\"https:\\\/\\\/www.muyjujuy.com\\\/index.php\\\/author\\\/editor\\\/\"}]}<\/script>\n<!-- \/ Yoast SEO plugin. -->","yoast_head_json":{"title":"Confirmaron que la hora extra en escuelas se implementar\u00e1 desde el 2023 en Jujuy - Muy Jujuy","description":"Desde el Gobierno provincial confirmaron que la hora extra de clase en las escuelas primarias comenzar\u00e1 a regir desde 2023.","robots":{"index":"index","follow":"follow","max-snippet":"max-snippet:-1","max-image-preview":"max-image-preview:large","max-video-preview":"max-video-preview:-1"},"canonical":"https:\/\/www.muyjujuy.com\/index.php\/2022\/07\/18\/confirmaron-que-la-hora-extra-en-escuelas-se-implementara-desde-el-2023-en-jujuy\/","og_locale":"es_ES","og_type":"article","og_title":"Confirmaron que la hora extra en escuelas se implementar\u00e1 desde el 2023 en Jujuy - Muy Jujuy","og_description":"Desde el Gobierno provincial confirmaron que la hora extra de clase en las escuelas primarias comenzar\u00e1 a regir desde 2023.","og_url":"https:\/\/www.muyjujuy.com\/index.php\/2022\/07\/18\/confirmaron-que-la-hora-extra-en-escuelas-se-implementara-desde-el-2023-en-jujuy\/","og_site_name":"Muy Jujuy","article_publisher":"https:\/\/www.facebook.com\/muyjujuycom","article_published_time":"2022-07-18T14:00:27+00:00","article_modified_time":"2022-07-18T14:03:33+00:00","og_image":[{"width":990,"height":610,"url":"https:\/\/www.muyjujuy.com\/wp-content\/uploads\/2022\/07\/WhatsApp-Image-2022-07-18-at-10.57.05-AM-1.jpeg","type":"image\/jpeg"}],"author":"Redacci\u00f3n Muy Jujuy","twitter_card":"summary_large_image","twitter_creator":"@muyjujuy","twitter_site":"@muyjujuy","twitter_misc":{"Escrito por":"Redacci\u00f3n Muy Jujuy","Tiempo de lectura":"3 minutos"},"schema":{"@context":"https:\/\/schema.org","@graph":[{"@type":"Article","@id":"https:\/\/www.muyjujuy.com\/index.php\/2022\/07\/18\/confirmaron-que-la-hora-extra-en-escuelas-se-implementara-desde-el-2023-en-jujuy\/#article","isPartOf":{"@id":"https:\/\/www.muyjujuy.com\/index.php\/2022\/07\/18\/confirmaron-que-la-hora-extra-en-escuelas-se-implementara-desde-el-2023-en-jujuy\/"},"author":{"name":"Redacci\u00f3n Muy Jujuy","@id":"https:\/\/www.muyjujuy.com\/#\/schema\/person\/1d0f6e223ccea9e3f9034c1a5b683bf2"},"headline":"Confirmaron que la hora extra en escuelas se implementar\u00e1 desde el 2023 en Jujuy","datePublished":"2022-07-18T14:00:27+00:00","dateModified":"2022-07-18T14:03:33+00:00","mainEntityOfPage":{"@id":"https:\/\/www.muyjujuy.com\/index.php\/2022\/07\/18\/confirmaron-que-la-hora-extra-en-escuelas-se-implementara-desde-el-2023-en-jujuy\/"},"wordCount":511,"commentCount":0,"publisher":{"@id":"https:\/\/www.muyjujuy.com\/#organization"},"image":{"@id":"https:\/\/www.muyjujuy.com\/index.php\/2022\/07\/18\/confirmaron-que-la-hora-extra-en-escuelas-se-implementara-desde-el-2023-en-jujuy\/#primaryimage"},"thumbnailUrl":"https:\/\/www.muyjujuy.com\/wp-content\/uploads\/2022\/07\/WhatsApp-Image-2022-07-18-at-10.57.05-AM-1.jpeg","keywords":["Educaci\u00f3n","Jujuy"],"inLanguage":"es-AR","potentialAction":[{"@type":"CommentAction","name":"Comment","target":["https:\/\/www.muyjujuy.com\/index.php\/2022\/07\/18\/confirmaron-que-la-hora-extra-en-escuelas-se-implementara-desde-el-2023-en-jujuy\/#respond"]}]},{"@type":"WebPage","@id":"https:\/\/www.muyjujuy.com\/index.php\/2022\/07\/18\/confirmaron-que-la-hora-extra-en-escuelas-se-implementara-desde-el-2023-en-jujuy\/","url":"https:\/\/www.muyjujuy.com\/index.php\/2022\/07\/18\/confirmaron-que-la-hora-extra-en-escuelas-se-implementara-desde-el-2023-en-jujuy\/","name":"Confirmaron que la hora extra en escuelas se implementar\u00e1 desde el 2023 en Jujuy - Muy Jujuy","isPartOf":{"@id":"https:\/\/www.muyjujuy.com\/#website"},"primaryImageOfPage":{"@id":"https:\/\/www.muyjujuy.com\/index.php\/2022\/07\/18\/confirmaron-que-la-hora-extra-en-escuelas-se-implementara-desde-el-2023-en-jujuy\/#primaryimage"},"image":{"@id":"https:\/\/www.muyjujuy.com\/index.php\/2022\/07\/18\/confirmaron-que-la-hora-extra-en-escuelas-se-implementara-desde-el-2023-en-jujuy\/#primaryimage"},"thumbnailUrl":"https:\/\/www.muyjujuy.com\/wp-content\/uploads\/2022\/07\/WhatsApp-Image-2022-07-18-at-10.57.05-AM-1.jpeg","datePublished":"2022-07-18T14:00:27+00:00","dateModified":"2022-07-18T14:03:33+00:00","description":"Desde el Gobierno provincial confirmaron que la hora extra de clase en las escuelas primarias comenzar\u00e1 a regir desde 2023.","breadcrumb":{"@id":"https:\/\/www.muyjujuy.com\/index.php\/2022\/07\/18\/confirmaron-que-la-hora-extra-en-escuelas-se-implementara-desde-el-2023-en-jujuy\/#breadcrumb"},"inLanguage":"es-AR","potentialAction":[{"@type":"ReadAction","target":["https:\/\/www.muyjujuy.com\/index.php\/2022\/07\/18\/confirmaron-que-la-hora-extra-en-escuelas-se-implementara-desde-el-2023-en-jujuy\/"]}]},{"@type":"ImageObject","inLanguage":"es-AR","@id":"https:\/\/www.muyjujuy.com\/index.php\/2022\/07\/18\/confirmaron-que-la-hora-extra-en-escuelas-se-implementara-desde-el-2023-en-jujuy\/#primaryimage","url":"https:\/\/www.muyjujuy.com\/wp-content\/uploads\/2022\/07\/WhatsApp-Image-2022-07-18-at-10.57.05-AM-1.jpeg","contentUrl":"https:\/\/www.muyjujuy.com\/wp-content\/uploads\/2022\/07\/WhatsApp-Image-2022-07-18-at-10.57.05-AM-1.jpeg","width":990,"height":610},{"@type":"BreadcrumbList","@id":"https:\/\/www.muyjujuy.com\/index.php\/2022\/07\/18\/confirmaron-que-la-hora-extra-en-escuelas-se-implementara-desde-el-2023-en-jujuy\/#breadcrumb","itemListElement":[{"@type":"ListItem","position":1,"name":"Inicio","item":"https:\/\/www.muyjujuy.com\/"},{"@type":"ListItem","position":2,"name":"Confirmaron que la hora extra en escuelas se implementar\u00e1 desde el 2023 en Jujuy"}]},{"@type":"WebSite","@id":"https:\/\/www.muyjujuy.com\/#website","url":"https:\/\/www.muyjujuy.com\/","name":"Muy Jujuy","description":"","publisher":{"@id":"https:\/\/www.muyjujuy.com\/#organization"},"potentialAction":[{"@type":"SearchAction","target":{"@type":"EntryPoint","urlTemplate":"https:\/\/www.muyjujuy.com\/?s={search_term_string}"},"query-input":{"@type":"PropertyValueSpecification","valueRequired":true,"valueName":"search_term_string"}}],"inLanguage":"es-AR"},{"@type":"Organization","@id":"https:\/\/www.muyjujuy.com\/#organization","name":"Muy Jujuy","url":"https:\/\/www.muyjujuy.com\/","logo":{"@type":"ImageObject","inLanguage":"es-AR","@id":"https:\/\/www.muyjujuy.com\/#\/schema\/logo\/image\/","url":"http:\/\/www.muyjujuy.com\/wp-content\/uploads\/2022\/05\/logo-mobil-jujuy.png","contentUrl":"http:\/\/www.muyjujuy.com\/wp-content\/uploads\/2022\/05\/logo-mobil-jujuy.png","width":174,"height":81,"caption":"Muy Jujuy"},"image":{"@id":"https:\/\/www.muyjujuy.com\/#\/schema\/logo\/image\/"},"sameAs":["https:\/\/www.facebook.com\/muyjujuycom","https:\/\/x.com\/muyjujuy","https:\/\/www.instagram.com\/muyjujuycom"]},{"@type":"Person","@id":"https:\/\/www.muyjujuy.com\/#\/schema\/person\/1d0f6e223ccea9e3f9034c1a5b683bf2","name":"Redacci\u00f3n Muy Jujuy","image":{"@type":"ImageObject","inLanguage":"es-AR","@id":"https:\/\/secure.gravatar.com\/avatar\/fec5f6f1893d741ed5eecccff109ce43e67a855411202a3212a058cb8e5c27d4?s=96&d=mm&r=g","url":"https:\/\/secure.gravatar.com\/avatar\/fec5f6f1893d741ed5eecccff109ce43e67a855411202a3212a058cb8e5c27d4?s=96&d=mm&r=g","contentUrl":"https:\/\/secure.gravatar.com\/avatar\/fec5f6f1893d741ed5eecccff109ce43e67a855411202a3212a058cb8e5c27d4?s=96&d=mm&r=g","caption":"Redacci\u00f3n Muy Jujuy"},"url":"https:\/\/www.muyjujuy.com\/index.php\/author\/editor\/"}]}},"_links":{"self":[{"href":"https:\/\/www.muyjujuy.com\/index.php\/wp-json\/wp\/v2\/posts\/926","targetHints":{"allow":["GET"]}}],"collection":[{"href":"https:\/\/www.muyjujuy.com\/index.php\/wp-json\/wp\/v2\/posts"}],"about":[{"href":"https:\/\/www.muyjujuy.com\/index.php\/wp-json\/wp\/v2\/types\/post"}],"author":[{"embeddable":true,"href":"https:\/\/www.muyjujuy.com\/index.php\/wp-json\/wp\/v2\/users\/3"}],"replies":[{"embeddable":true,"href":"https:\/\/www.muyjujuy.com\/index.php\/wp-json\/wp\/v2\/comments?post=926"}],"version-history":[{"count":2,"href":"https:\/\/www.muyjujuy.com\/index.php\/wp-json\/wp\/v2\/posts\/926\/revisions"}],"predecessor-version":[{"id":930,"href":"https:\/\/www.muyjujuy.com\/index.php\/wp-json\/wp\/v2\/posts\/926\/revisions\/930"}],"wp:featuredmedia":[{"embeddable":true,"href":"https:\/\/www.muyjujuy.com\/index.php\/wp-json\/wp\/v2\/media\/928"}],"wp:attachment":[{"href":"https:\/\/www.muyjujuy.com\/index.php\/wp-json\/wp\/v2\/media?parent=926"}],"wp:term":[{"taxonomy":"category","embeddable":true,"href":"https:\/\/www.muyjujuy.com\/index.php\/wp-json\/wp\/v2\/categories?post=926"},{"taxonomy":"post_tag","embeddable":true,"href":"https:\/\/www.muyjujuy.com\/index.php\/wp-json\/wp\/v2\/tags?post=926"}],"curies":[{"name":"wp","href":"https:\/\/api.w.org\/{rel}","templated":true}]}}