{"id":931,"date":"2022-07-18T11:35:55","date_gmt":"2022-07-18T14:35:55","guid":{"rendered":"https:\/\/www.muyjujuy.com\/?p=931"},"modified":"2022-07-18T11:35:58","modified_gmt":"2022-07-18T14:35:58","slug":"covid-19-en-jujuy-incrementaron-los-casos-en-una-semana","status":"publish","type":"post","link":"https:\/\/www.muyjujuy.com\/index.php\/2022\/07\/18\/covid-19-en-jujuy-incrementaron-los-casos-en-una-semana\/","title":{"rendered":"Covid-19 en Jujuy: incrementaron los casos en una semana"},"content":{"rendered":"\n<p><em>El \u00e1rea de salud indic\u00f3 que se registr\u00f3 un incremento de los casos de Covid-19 en la provincia.<\/em><\/p>\n\n\n\n<p>Los casos de coronavirus en la provincia de Jujuy registraron un incremento en la \u00faltima semana. Seg\u00fan inform\u00f3 la Subdirecci\u00f3n de Epidemiolog\u00eda informa en su Reporte Semanal <strong>se confirmaron 700 nuevos casos de <a href=\"https:\/\/www.muyjujuy.com\/?s=covid\">COVID-19 <\/a><\/strong>en Jujuy. <\/p>\n\n\n\n<p>En tanto, el \u00e1rea de salud indic\u00f3 que <strong>recibieron el alta m\u00e9dica 238 pacientes.<\/strong><\/p>\n\n\n\n<p>Casos positivos por localidad<\/p>\n\n\n\n<p>San Salvador 521<br>Palpal\u00e1 44<br>Perico 30<br>El crimen 28<br>Libertador General San Mart\u00edn 18<br>Olaroz Chico 9<br>San Pedro 8<br>Monterrico 5<br>Yala 4<br>Calilegua 4<br>Villa Jard\u00edn de Reyes 3<br>San Antonio 3<br>Humahuaca 3<br>El aguilar 3<br>Volc\u00e1n 2<br>Tilcara 2<br>Maimar\u00e1 2<br>Tres Cruces 1<br>Rinconada 1<br>Reyes 1<br>Quebrale\u00f1a1<br>Los Nogales 1<br>La Quiaca 1<br>La Mendieta 1<br>La Esperanza 1<br>Guerrero 1<br>Fraile Pintado 1<br>Colorados 1<\/p>\n\n\n\n<h2 class=\"wp-block-heading\"><br><strong>Situaci\u00f3n de Covid-19 en Jujuy<\/strong><\/h2>\n\n\n\n<p>Seg\u00fan el informe, <strong>se realizaron 415.891 tests en toda la Provincia<\/strong>. De esos, <strong>un total de 106.591 casos positivos<\/strong>. Se recuperaron de la enfermedad 104.014. Fallecieron 1.783 personas.<\/p>\n\n\n\n<p>No se notificaron fallecimientos por Covid-19 en esta semana.<\/p>\n\n\n\n<p>Ante el m\u00ednimo s\u00edntoma que tengas, qu\u00e9date en casa y consult\u00e1 con tu m\u00e9dico de cabecera o pod\u00e9s llamar al 0800-888-4767 las 24 horas o al 388 -4310494 (COE) de 08.00 a 20.00 hs.<\/p>\n","protected":false},"excerpt":{"rendered":"<p>El \u00e1rea de salud indic\u00f3 que se registr\u00f3 un incremento de los casos de Covid-19 en la provincia. Los casos de coronavirus en la provincia de Jujuy registraron un incremento en la \u00faltima semana. Seg\u00fan inform\u00f3 la Subdirecci\u00f3n de Epidemiolog\u00eda informa en su Reporte Semanal se confirmaron 700 nuevos casos de COVID-19 en Jujuy. En [&hellip;]<\/p>\n","protected":false},"author":3,"featured_media":932,"comment_status":"open","ping_status":"open","sticky":false,"template":"","format":"standard","meta":{"footnotes":""},"categories":[25],"tags":[724,8],"class_list":{"0":"post-931","1":"post","2":"type-post","3":"status-publish","4":"format-standard","5":"has-post-thumbnail","7":"category-sociedad","8":"tag-covid-19","9":"tag-jujuy"},"yoast_head":"<!-- This site is optimized with the Yoast SEO plugin v27.5 - https:\/\/yoast.com\/product\/yoast-seo-wordpress\/ -->\n<title>Covid-19 en Jujuy: incrementaron los casos en una semana - Muy Jujuy<\/title>\n<meta name=\"description\" content=\"El \u00e1rea de salud indic\u00f3 que se registr\u00f3 un incremento de los casos de Covid-19 en la provincia en la \u00faltima semana.\" \/>\n<meta name=\"robots\" content=\"index, follow, max-snippet:-1, max-image-preview:large, max-video-preview:-1\" \/>\n<link rel=\"canonical\" href=\"https:\/\/www.muyjujuy.com\/index.php\/2022\/07\/18\/covid-19-en-jujuy-incrementaron-los-casos-en-una-semana\/\" \/>\n<meta property=\"og:locale\" content=\"es_ES\" \/>\n<meta property=\"og:type\" content=\"article\" \/>\n<meta property=\"og:title\" content=\"Covid-19 en Jujuy: incrementaron los casos en una semana - Muy Jujuy\" \/>\n<meta property=\"og:description\" content=\"El \u00e1rea de salud indic\u00f3 que se registr\u00f3 un incremento de los casos de Covid-19 en la provincia en la \u00faltima semana.\" \/>\n<meta property=\"og:url\" content=\"https:\/\/www.muyjujuy.com\/index.php\/2022\/07\/18\/covid-19-en-jujuy-incrementaron-los-casos-en-una-semana\/\" \/>\n<meta property=\"og:site_name\" content=\"Muy Jujuy\" \/>\n<meta property=\"article:publisher\" content=\"https:\/\/www.facebook.com\/muyjujuycom\" \/>\n<meta property=\"article:published_time\" content=\"2022-07-18T14:35:55+00:00\" \/>\n<meta property=\"article:modified_time\" content=\"2022-07-18T14:35:58+00:00\" \/>\n<meta property=\"og:image\" content=\"https:\/\/www.muyjujuy.com\/wp-content\/uploads\/2022\/07\/WhatsApp-Image-2022-07-18-at-11.34.40-AM.jpeg\" \/>\n\t<meta property=\"og:image:width\" content=\"990\" \/>\n\t<meta property=\"og:image:height\" content=\"610\" \/>\n\t<meta property=\"og:image:type\" content=\"image\/jpeg\" \/>\n<meta name=\"author\" content=\"Redacci\u00f3n Muy Jujuy\" \/>\n<meta name=\"twitter:card\" content=\"summary_large_image\" \/>\n<meta name=\"twitter:creator\" content=\"@muyjujuy\" \/>\n<meta name=\"twitter:site\" content=\"@muyjujuy\" \/>\n<meta name=\"twitter:label1\" content=\"Escrito por\" \/>\n\t<meta name=\"twitter:data1\" content=\"Redacci\u00f3n Muy Jujuy\" \/>\n\t<meta name=\"twitter:label2\" content=\"Tiempo de lectura\" \/>\n\t<meta name=\"twitter:data2\" content=\"2 minutos\" \/>\n<script type=\"application\/ld+json\" class=\"yoast-schema-graph\">{\"@context\":\"https:\\\/\\\/schema.org\",\"@graph\":[{\"@type\":\"Article\",\"@id\":\"https:\\\/\\\/www.muyjujuy.com\\\/index.php\\\/2022\\\/07\\\/18\\\/covid-19-en-jujuy-incrementaron-los-casos-en-una-semana\\\/#article\",\"isPartOf\":{\"@id\":\"https:\\\/\\\/www.muyjujuy.com\\\/index.php\\\/2022\\\/07\\\/18\\\/covid-19-en-jujuy-incrementaron-los-casos-en-una-semana\\\/\"},\"author\":{\"name\":\"Redacci\u00f3n Muy Jujuy\",\"@id\":\"https:\\\/\\\/www.muyjujuy.com\\\/#\\\/schema\\\/person\\\/1d0f6e223ccea9e3f9034c1a5b683bf2\"},\"headline\":\"Covid-19 en Jujuy: incrementaron los casos en una semana\",\"datePublished\":\"2022-07-18T14:35:55+00:00\",\"dateModified\":\"2022-07-18T14:35:58+00:00\",\"mainEntityOfPage\":{\"@id\":\"https:\\\/\\\/www.muyjujuy.com\\\/index.php\\\/2022\\\/07\\\/18\\\/covid-19-en-jujuy-incrementaron-los-casos-en-una-semana\\\/\"},\"wordCount\":209,\"commentCount\":0,\"publisher\":{\"@id\":\"https:\\\/\\\/www.muyjujuy.com\\\/#organization\"},\"image\":{\"@id\":\"https:\\\/\\\/www.muyjujuy.com\\\/index.php\\\/2022\\\/07\\\/18\\\/covid-19-en-jujuy-incrementaron-los-casos-en-una-semana\\\/#primaryimage\"},\"thumbnailUrl\":\"https:\\\/\\\/www.muyjujuy.com\\\/wp-content\\\/uploads\\\/2022\\\/07\\\/WhatsApp-Image-2022-07-18-at-11.34.40-AM.jpeg\",\"keywords\":[\"Covid-19\",\"Jujuy\"],\"articleSection\":[\"Sociedad\"],\"inLanguage\":\"es-AR\",\"potentialAction\":[{\"@type\":\"CommentAction\",\"name\":\"Comment\",\"target\":[\"https:\\\/\\\/www.muyjujuy.com\\\/index.php\\\/2022\\\/07\\\/18\\\/covid-19-en-jujuy-incrementaron-los-casos-en-una-semana\\\/#respond\"]}]},{\"@type\":\"WebPage\",\"@id\":\"https:\\\/\\\/www.muyjujuy.com\\\/index.php\\\/2022\\\/07\\\/18\\\/covid-19-en-jujuy-incrementaron-los-casos-en-una-semana\\\/\",\"url\":\"https:\\\/\\\/www.muyjujuy.com\\\/index.php\\\/2022\\\/07\\\/18\\\/covid-19-en-jujuy-incrementaron-los-casos-en-una-semana\\\/\",\"name\":\"Covid-19 en Jujuy: incrementaron los casos en una semana - Muy Jujuy\",\"isPartOf\":{\"@id\":\"https:\\\/\\\/www.muyjujuy.com\\\/#website\"},\"primaryImageOfPage\":{\"@id\":\"https:\\\/\\\/www.muyjujuy.com\\\/index.php\\\/2022\\\/07\\\/18\\\/covid-19-en-jujuy-incrementaron-los-casos-en-una-semana\\\/#primaryimage\"},\"image\":{\"@id\":\"https:\\\/\\\/www.muyjujuy.com\\\/index.php\\\/2022\\\/07\\\/18\\\/covid-19-en-jujuy-incrementaron-los-casos-en-una-semana\\\/#primaryimage\"},\"thumbnailUrl\":\"https:\\\/\\\/www.muyjujuy.com\\\/wp-content\\\/uploads\\\/2022\\\/07\\\/WhatsApp-Image-2022-07-18-at-11.34.40-AM.jpeg\",\"datePublished\":\"2022-07-18T14:35:55+00:00\",\"dateModified\":\"2022-07-18T14:35:58+00:00\",\"description\":\"El \u00e1rea de salud indic\u00f3 que se registr\u00f3 un incremento de los casos de Covid-19 en la provincia en la \u00faltima semana.\",\"breadcrumb\":{\"@id\":\"https:\\\/\\\/www.muyjujuy.com\\\/index.php\\\/2022\\\/07\\\/18\\\/covid-19-en-jujuy-incrementaron-los-casos-en-una-semana\\\/#breadcrumb\"},\"inLanguage\":\"es-AR\",\"potentialAction\":[{\"@type\":\"ReadAction\",\"target\":[\"https:\\\/\\\/www.muyjujuy.com\\\/index.php\\\/2022\\\/07\\\/18\\\/covid-19-en-jujuy-incrementaron-los-casos-en-una-semana\\\/\"]}]},{\"@type\":\"ImageObject\",\"inLanguage\":\"es-AR\",\"@id\":\"https:\\\/\\\/www.muyjujuy.com\\\/index.php\\\/2022\\\/07\\\/18\\\/covid-19-en-jujuy-incrementaron-los-casos-en-una-semana\\\/#primaryimage\",\"url\":\"https:\\\/\\\/www.muyjujuy.com\\\/wp-content\\\/uploads\\\/2022\\\/07\\\/WhatsApp-Image-2022-07-18-at-11.34.40-AM.jpeg\",\"contentUrl\":\"https:\\\/\\\/www.muyjujuy.com\\\/wp-content\\\/uploads\\\/2022\\\/07\\\/WhatsApp-Image-2022-07-18-at-11.34.40-AM.jpeg\",\"width\":990,\"height\":610},{\"@type\":\"BreadcrumbList\",\"@id\":\"https:\\\/\\\/www.muyjujuy.com\\\/index.php\\\/2022\\\/07\\\/18\\\/covid-19-en-jujuy-incrementaron-los-casos-en-una-semana\\\/#breadcrumb\",\"itemListElement\":[{\"@type\":\"ListItem\",\"position\":1,\"name\":\"Inicio\",\"item\":\"https:\\\/\\\/www.muyjujuy.com\\\/\"},{\"@type\":\"ListItem\",\"position\":2,\"name\":\"Covid-19 en Jujuy: incrementaron los casos en una semana\"}]},{\"@type\":\"WebSite\",\"@id\":\"https:\\\/\\\/www.muyjujuy.com\\\/#website\",\"url\":\"https:\\\/\\\/www.muyjujuy.com\\\/\",\"name\":\"Muy Jujuy\",\"description\":\"\",\"publisher\":{\"@id\":\"https:\\\/\\\/www.muyjujuy.com\\\/#organization\"},\"potentialAction\":[{\"@type\":\"SearchAction\",\"target\":{\"@type\":\"EntryPoint\",\"urlTemplate\":\"https:\\\/\\\/www.muyjujuy.com\\\/?s={search_term_string}\"},\"query-input\":{\"@type\":\"PropertyValueSpecification\",\"valueRequired\":true,\"valueName\":\"search_term_string\"}}],\"inLanguage\":\"es-AR\"},{\"@type\":\"Organization\",\"@id\":\"https:\\\/\\\/www.muyjujuy.com\\\/#organization\",\"name\":\"Muy Jujuy\",\"url\":\"https:\\\/\\\/www.muyjujuy.com\\\/\",\"logo\":{\"@type\":\"ImageObject\",\"inLanguage\":\"es-AR\",\"@id\":\"https:\\\/\\\/www.muyjujuy.com\\\/#\\\/schema\\\/logo\\\/image\\\/\",\"url\":\"http:\\\/\\\/www.muyjujuy.com\\\/wp-content\\\/uploads\\\/2022\\\/05\\\/logo-mobil-jujuy.png\",\"contentUrl\":\"http:\\\/\\\/www.muyjujuy.com\\\/wp-content\\\/uploads\\\/2022\\\/05\\\/logo-mobil-jujuy.png\",\"width\":174,\"height\":81,\"caption\":\"Muy Jujuy\"},\"image\":{\"@id\":\"https:\\\/\\\/www.muyjujuy.com\\\/#\\\/schema\\\/logo\\\/image\\\/\"},\"sameAs\":[\"https:\\\/\\\/www.facebook.com\\\/muyjujuycom\",\"https:\\\/\\\/x.com\\\/muyjujuy\",\"https:\\\/\\\/www.instagram.com\\\/muyjujuycom\"]},{\"@type\":\"Person\",\"@id\":\"https:\\\/\\\/www.muyjujuy.com\\\/#\\\/schema\\\/person\\\/1d0f6e223ccea9e3f9034c1a5b683bf2\",\"name\":\"Redacci\u00f3n Muy Jujuy\",\"image\":{\"@type\":\"ImageObject\",\"inLanguage\":\"es-AR\",\"@id\":\"https:\\\/\\\/secure.gravatar.com\\\/avatar\\\/fec5f6f1893d741ed5eecccff109ce43e67a855411202a3212a058cb8e5c27d4?s=96&d=mm&r=g\",\"url\":\"https:\\\/\\\/secure.gravatar.com\\\/avatar\\\/fec5f6f1893d741ed5eecccff109ce43e67a855411202a3212a058cb8e5c27d4?s=96&d=mm&r=g\",\"contentUrl\":\"https:\\\/\\\/secure.gravatar.com\\\/avatar\\\/fec5f6f1893d741ed5eecccff109ce43e67a855411202a3212a058cb8e5c27d4?s=96&d=mm&r=g\",\"caption\":\"Redacci\u00f3n Muy Jujuy\"},\"url\":\"https:\\\/\\\/www.muyjujuy.com\\\/index.php\\\/author\\\/editor\\\/\"}]}<\/script>\n<!-- \/ Yoast SEO plugin. -->","yoast_head_json":{"title":"Covid-19 en Jujuy: incrementaron los casos en una semana - Muy Jujuy","description":"El \u00e1rea de salud indic\u00f3 que se registr\u00f3 un incremento de los casos de Covid-19 en la provincia en la \u00faltima semana.","robots":{"index":"index","follow":"follow","max-snippet":"max-snippet:-1","max-image-preview":"max-image-preview:large","max-video-preview":"max-video-preview:-1"},"canonical":"https:\/\/www.muyjujuy.com\/index.php\/2022\/07\/18\/covid-19-en-jujuy-incrementaron-los-casos-en-una-semana\/","og_locale":"es_ES","og_type":"article","og_title":"Covid-19 en Jujuy: incrementaron los casos en una semana - Muy Jujuy","og_description":"El \u00e1rea de salud indic\u00f3 que se registr\u00f3 un incremento de los casos de Covid-19 en la provincia en la \u00faltima semana.","og_url":"https:\/\/www.muyjujuy.com\/index.php\/2022\/07\/18\/covid-19-en-jujuy-incrementaron-los-casos-en-una-semana\/","og_site_name":"Muy Jujuy","article_publisher":"https:\/\/www.facebook.com\/muyjujuycom","article_published_time":"2022-07-18T14:35:55+00:00","article_modified_time":"2022-07-18T14:35:58+00:00","og_image":[{"width":990,"height":610,"url":"https:\/\/www.muyjujuy.com\/wp-content\/uploads\/2022\/07\/WhatsApp-Image-2022-07-18-at-11.34.40-AM.jpeg","type":"image\/jpeg"}],"author":"Redacci\u00f3n Muy Jujuy","twitter_card":"summary_large_image","twitter_creator":"@muyjujuy","twitter_site":"@muyjujuy","twitter_misc":{"Escrito por":"Redacci\u00f3n Muy Jujuy","Tiempo de lectura":"2 minutos"},"schema":{"@context":"https:\/\/schema.org","@graph":[{"@type":"Article","@id":"https:\/\/www.muyjujuy.com\/index.php\/2022\/07\/18\/covid-19-en-jujuy-incrementaron-los-casos-en-una-semana\/#article","isPartOf":{"@id":"https:\/\/www.muyjujuy.com\/index.php\/2022\/07\/18\/covid-19-en-jujuy-incrementaron-los-casos-en-una-semana\/"},"author":{"name":"Redacci\u00f3n Muy Jujuy","@id":"https:\/\/www.muyjujuy.com\/#\/schema\/person\/1d0f6e223ccea9e3f9034c1a5b683bf2"},"headline":"Covid-19 en Jujuy: incrementaron los casos en una semana","datePublished":"2022-07-18T14:35:55+00:00","dateModified":"2022-07-18T14:35:58+00:00","mainEntityOfPage":{"@id":"https:\/\/www.muyjujuy.com\/index.php\/2022\/07\/18\/covid-19-en-jujuy-incrementaron-los-casos-en-una-semana\/"},"wordCount":209,"commentCount":0,"publisher":{"@id":"https:\/\/www.muyjujuy.com\/#organization"},"image":{"@id":"https:\/\/www.muyjujuy.com\/index.php\/2022\/07\/18\/covid-19-en-jujuy-incrementaron-los-casos-en-una-semana\/#primaryimage"},"thumbnailUrl":"https:\/\/www.muyjujuy.com\/wp-content\/uploads\/2022\/07\/WhatsApp-Image-2022-07-18-at-11.34.40-AM.jpeg","keywords":["Covid-19","Jujuy"],"articleSection":["Sociedad"],"inLanguage":"es-AR","potentialAction":[{"@type":"CommentAction","name":"Comment","target":["https:\/\/www.muyjujuy.com\/index.php\/2022\/07\/18\/covid-19-en-jujuy-incrementaron-los-casos-en-una-semana\/#respond"]}]},{"@type":"WebPage","@id":"https:\/\/www.muyjujuy.com\/index.php\/2022\/07\/18\/covid-19-en-jujuy-incrementaron-los-casos-en-una-semana\/","url":"https:\/\/www.muyjujuy.com\/index.php\/2022\/07\/18\/covid-19-en-jujuy-incrementaron-los-casos-en-una-semana\/","name":"Covid-19 en Jujuy: incrementaron los casos en una semana - Muy Jujuy","isPartOf":{"@id":"https:\/\/www.muyjujuy.com\/#website"},"primaryImageOfPage":{"@id":"https:\/\/www.muyjujuy.com\/index.php\/2022\/07\/18\/covid-19-en-jujuy-incrementaron-los-casos-en-una-semana\/#primaryimage"},"image":{"@id":"https:\/\/www.muyjujuy.com\/index.php\/2022\/07\/18\/covid-19-en-jujuy-incrementaron-los-casos-en-una-semana\/#primaryimage"},"thumbnailUrl":"https:\/\/www.muyjujuy.com\/wp-content\/uploads\/2022\/07\/WhatsApp-Image-2022-07-18-at-11.34.40-AM.jpeg","datePublished":"2022-07-18T14:35:55+00:00","dateModified":"2022-07-18T14:35:58+00:00","description":"El \u00e1rea de salud indic\u00f3 que se registr\u00f3 un incremento de los casos de Covid-19 en la provincia en la \u00faltima semana.","breadcrumb":{"@id":"https:\/\/www.muyjujuy.com\/index.php\/2022\/07\/18\/covid-19-en-jujuy-incrementaron-los-casos-en-una-semana\/#breadcrumb"},"inLanguage":"es-AR","potentialAction":[{"@type":"ReadAction","target":["https:\/\/www.muyjujuy.com\/index.php\/2022\/07\/18\/covid-19-en-jujuy-incrementaron-los-casos-en-una-semana\/"]}]},{"@type":"ImageObject","inLanguage":"es-AR","@id":"https:\/\/www.muyjujuy.com\/index.php\/2022\/07\/18\/covid-19-en-jujuy-incrementaron-los-casos-en-una-semana\/#primaryimage","url":"https:\/\/www.muyjujuy.com\/wp-content\/uploads\/2022\/07\/WhatsApp-Image-2022-07-18-at-11.34.40-AM.jpeg","contentUrl":"https:\/\/www.muyjujuy.com\/wp-content\/uploads\/2022\/07\/WhatsApp-Image-2022-07-18-at-11.34.40-AM.jpeg","width":990,"height":610},{"@type":"BreadcrumbList","@id":"https:\/\/www.muyjujuy.com\/index.php\/2022\/07\/18\/covid-19-en-jujuy-incrementaron-los-casos-en-una-semana\/#breadcrumb","itemListElement":[{"@type":"ListItem","position":1,"name":"Inicio","item":"https:\/\/www.muyjujuy.com\/"},{"@type":"ListItem","position":2,"name":"Covid-19 en Jujuy: incrementaron los casos en una semana"}]},{"@type":"WebSite","@id":"https:\/\/www.muyjujuy.com\/#website","url":"https:\/\/www.muyjujuy.com\/","name":"Muy Jujuy","description":"","publisher":{"@id":"https:\/\/www.muyjujuy.com\/#organization"},"potentialAction":[{"@type":"SearchAction","target":{"@type":"EntryPoint","urlTemplate":"https:\/\/www.muyjujuy.com\/?s={search_term_string}"},"query-input":{"@type":"PropertyValueSpecification","valueRequired":true,"valueName":"search_term_string"}}],"inLanguage":"es-AR"},{"@type":"Organization","@id":"https:\/\/www.muyjujuy.com\/#organization","name":"Muy Jujuy","url":"https:\/\/www.muyjujuy.com\/","logo":{"@type":"ImageObject","inLanguage":"es-AR","@id":"https:\/\/www.muyjujuy.com\/#\/schema\/logo\/image\/","url":"http:\/\/www.muyjujuy.com\/wp-content\/uploads\/2022\/05\/logo-mobil-jujuy.png","contentUrl":"http:\/\/www.muyjujuy.com\/wp-content\/uploads\/2022\/05\/logo-mobil-jujuy.png","width":174,"height":81,"caption":"Muy Jujuy"},"image":{"@id":"https:\/\/www.muyjujuy.com\/#\/schema\/logo\/image\/"},"sameAs":["https:\/\/www.facebook.com\/muyjujuycom","https:\/\/x.com\/muyjujuy","https:\/\/www.instagram.com\/muyjujuycom"]},{"@type":"Person","@id":"https:\/\/www.muyjujuy.com\/#\/schema\/person\/1d0f6e223ccea9e3f9034c1a5b683bf2","name":"Redacci\u00f3n Muy Jujuy","image":{"@type":"ImageObject","inLanguage":"es-AR","@id":"https:\/\/secure.gravatar.com\/avatar\/fec5f6f1893d741ed5eecccff109ce43e67a855411202a3212a058cb8e5c27d4?s=96&d=mm&r=g","url":"https:\/\/secure.gravatar.com\/avatar\/fec5f6f1893d741ed5eecccff109ce43e67a855411202a3212a058cb8e5c27d4?s=96&d=mm&r=g","contentUrl":"https:\/\/secure.gravatar.com\/avatar\/fec5f6f1893d741ed5eecccff109ce43e67a855411202a3212a058cb8e5c27d4?s=96&d=mm&r=g","caption":"Redacci\u00f3n Muy Jujuy"},"url":"https:\/\/www.muyjujuy.com\/index.php\/author\/editor\/"}]}},"_links":{"self":[{"href":"https:\/\/www.muyjujuy.com\/index.php\/wp-json\/wp\/v2\/posts\/931","targetHints":{"allow":["GET"]}}],"collection":[{"href":"https:\/\/www.muyjujuy.com\/index.php\/wp-json\/wp\/v2\/posts"}],"about":[{"href":"https:\/\/www.muyjujuy.com\/index.php\/wp-json\/wp\/v2\/types\/post"}],"author":[{"embeddable":true,"href":"https:\/\/www.muyjujuy.com\/index.php\/wp-json\/wp\/v2\/users\/3"}],"replies":[{"embeddable":true,"href":"https:\/\/www.muyjujuy.com\/index.php\/wp-json\/wp\/v2\/comments?post=931"}],"version-history":[{"count":1,"href":"https:\/\/www.muyjujuy.com\/index.php\/wp-json\/wp\/v2\/posts\/931\/revisions"}],"predecessor-version":[{"id":933,"href":"https:\/\/www.muyjujuy.com\/index.php\/wp-json\/wp\/v2\/posts\/931\/revisions\/933"}],"wp:featuredmedia":[{"embeddable":true,"href":"https:\/\/www.muyjujuy.com\/index.php\/wp-json\/wp\/v2\/media\/932"}],"wp:attachment":[{"href":"https:\/\/www.muyjujuy.com\/index.php\/wp-json\/wp\/v2\/media?parent=931"}],"wp:term":[{"taxonomy":"category","embeddable":true,"href":"https:\/\/www.muyjujuy.com\/index.php\/wp-json\/wp\/v2\/categories?post=931"},{"taxonomy":"post_tag","embeddable":true,"href":"https:\/\/www.muyjujuy.com\/index.php\/wp-json\/wp\/v2\/tags?post=931"}],"curies":[{"name":"wp","href":"https:\/\/api.w.org\/{rel}","templated":true}]}}