{"id":937,"date":"2022-07-19T15:04:10","date_gmt":"2022-07-19T18:04:10","guid":{"rendered":"https:\/\/www.muyjujuy.com\/?p=937"},"modified":"2022-07-19T15:04:12","modified_gmt":"2022-07-19T18:04:12","slug":"habilitaron-un-colectivo-que-recorre-desde-san-salvador-hasta-las-salinas-cuanto-sale","status":"publish","type":"post","link":"https:\/\/www.muyjujuy.com\/index.php\/2022\/07\/19\/habilitaron-un-colectivo-que-recorre-desde-san-salvador-hasta-las-salinas-cuanto-sale\/","title":{"rendered":"Habilitaron un colectivo que recorre desde San Salvador hasta las Salinas: cu\u00e1nto sale"},"content":{"rendered":"\n<p><em>El servicio estar\u00e1 disponible desde este martes y se prev\u00e9 que el colectivo tenga una frecuencia diaria.<\/em><\/p>\n\n\n\n<p>Un nuevo colectivo que unir\u00e1 la ciudad de San Salvador de Jujuy con Salinas Grandes comenzar\u00e1 a funcionar desde este martes 19 de julio. <strong>El objetivo es mejorar la accesibilidad entre los pueblos <\/strong>y brindar una soluci\u00f3n al turista que quiere recorrer Jujuy.<\/p>\n\n\n\n<p><strong>Rafael Ortu\u00f1o,<\/strong> administrador de la Terminal de \u00d3mnibus de Jujuy, explic\u00f3 a <em>Canal 7<\/em> que se trata de una l\u00ednea directa sin la necesidad de cambiar de veh\u00edculo. <strong>Se prev\u00e9 una frecuencia diaria.<\/strong><\/p>\n\n\n\n<p>\u201cHay una empresa autorizada que ir\u00e1 de manera diaria<strong>. Sale a las 8.15 de San Salvador de Jujuy y retorna a las 13.30, <\/strong>motivo por el cual llegar\u00eda cerca de las 16.30\u201d, explic\u00f3 dando a conocer los horarios que har\u00e1 esta conexi\u00f3n.<\/p>\n\n\n\n<p>Asimismo, apunt\u00f3 que &#8220;esta conexi\u00f3n directa entre la capital juje\u00f1a y las Salinas Grandes busca resolver dos problemas. <strong>Por un lado <a href=\"https:\/\/www.muyjujuy.com\/index.php\/2022\/07\/18\/jujuy-un-destino-de-pelicula-el-spot-provincial-que-se-hizo-viral\/\">la cuesti\u00f3n tur\u00edstica<\/a> <\/strong>atento a que proporcionar\u00e1 la posibilidad de llegar a una de las maravillas naturales de Argentina sin necesidad de cambiar de veh\u00edculo. Y por otro, <strong>en beneficio de la gente de la zona que hace mucho tiempo reclama mejor accesibilidad y transporte&#8221;.<\/strong><\/p>\n\n\n\n<p><strong>\u201cLos colectivos van a parar en las distintas localidades entre Salinas Grandes y San Salvador de Jujuy\u201d,<\/strong> detall\u00f3 Ortu\u00f1o. Y enfatiz\u00f3: \u201cSe necesitan los servicios de transporte, los lugares van desarroll\u00e1ndose y esto va a ser un alivio. Esperamos que pueda llevarse adelante con normalidad y la gente aprovecharlo\u201d.<\/p>\n\n\n\n<h2 class=\"wp-block-heading\"><strong>Costo del colectivo<\/strong><\/h2>\n\n\n\n<p><strong>El precio de este servicio es de $900<\/strong> comprendiendo en este valor el viaje de ida y vuelta. \u201cEstamos haciendo los controles para que se d\u00e9 todo con normalidad\u201d, finaliz\u00f3 Ortu\u00f1o.<\/p>\n","protected":false},"excerpt":{"rendered":"<p>El servicio estar\u00e1 disponible desde este martes y se prev\u00e9 que el colectivo tenga una frecuencia diaria. Un nuevo colectivo que unir\u00e1 la ciudad de San Salvador de Jujuy con Salinas Grandes comenzar\u00e1 a funcionar desde este martes 19 de julio. El objetivo es mejorar la accesibilidad entre los pueblos y brindar una soluci\u00f3n al [&hellip;]<\/p>\n","protected":false},"author":3,"featured_media":938,"comment_status":"open","ping_status":"open","sticky":false,"template":"","format":"standard","meta":{"footnotes":""},"categories":[25],"tags":[8,725,640],"class_list":{"0":"post-937","1":"post","2":"type-post","3":"status-publish","4":"format-standard","5":"has-post-thumbnail","7":"category-sociedad","8":"tag-jujuy","9":"tag-salinas","10":"tag-san-salvador"},"yoast_head":"<!-- This site is optimized with the Yoast SEO plugin v27.5 - https:\/\/yoast.com\/product\/yoast-seo-wordpress\/ -->\n<title>Habilitaron un colectivo que recorre desde San Salvador hasta las Salinas: cu\u00e1nto sale - Muy Jujuy<\/title>\n<meta name=\"description\" content=\"Un nuevo colectivo que unir\u00e1 la ciudad de San Salvador de Jujuy con Salinas Grandes comenzar\u00e1 a funcionar desde este martes 19 de julio.\" \/>\n<meta name=\"robots\" content=\"index, follow, max-snippet:-1, max-image-preview:large, max-video-preview:-1\" \/>\n<link rel=\"canonical\" href=\"https:\/\/www.muyjujuy.com\/index.php\/2022\/07\/19\/habilitaron-un-colectivo-que-recorre-desde-san-salvador-hasta-las-salinas-cuanto-sale\/\" \/>\n<meta property=\"og:locale\" content=\"es_ES\" \/>\n<meta property=\"og:type\" content=\"article\" \/>\n<meta property=\"og:title\" content=\"Habilitaron un colectivo que recorre desde San Salvador hasta las Salinas: cu\u00e1nto sale - Muy Jujuy\" \/>\n<meta property=\"og:description\" content=\"Un nuevo colectivo que unir\u00e1 la ciudad de San Salvador de Jujuy con Salinas Grandes comenzar\u00e1 a funcionar desde este martes 19 de julio.\" \/>\n<meta property=\"og:url\" content=\"https:\/\/www.muyjujuy.com\/index.php\/2022\/07\/19\/habilitaron-un-colectivo-que-recorre-desde-san-salvador-hasta-las-salinas-cuanto-sale\/\" \/>\n<meta property=\"og:site_name\" content=\"Muy Jujuy\" \/>\n<meta property=\"article:publisher\" content=\"https:\/\/www.facebook.com\/muyjujuycom\" \/>\n<meta property=\"article:published_time\" content=\"2022-07-19T18:04:10+00:00\" \/>\n<meta property=\"article:modified_time\" content=\"2022-07-19T18:04:12+00:00\" \/>\n<meta property=\"og:image\" content=\"https:\/\/www.muyjujuy.com\/wp-content\/uploads\/2022\/07\/salinas.jpg\" \/>\n\t<meta property=\"og:image:width\" content=\"700\" \/>\n\t<meta property=\"og:image:height\" content=\"461\" \/>\n\t<meta property=\"og:image:type\" content=\"image\/jpeg\" \/>\n<meta name=\"author\" content=\"Redacci\u00f3n Muy Jujuy\" \/>\n<meta name=\"twitter:card\" content=\"summary_large_image\" \/>\n<meta name=\"twitter:creator\" content=\"@muyjujuy\" \/>\n<meta name=\"twitter:site\" content=\"@muyjujuy\" \/>\n<meta name=\"twitter:label1\" content=\"Escrito por\" \/>\n\t<meta name=\"twitter:data1\" content=\"Redacci\u00f3n Muy Jujuy\" \/>\n\t<meta name=\"twitter:label2\" content=\"Tiempo de lectura\" \/>\n\t<meta name=\"twitter:data2\" content=\"2 minutos\" \/>\n<script type=\"application\/ld+json\" class=\"yoast-schema-graph\">{\"@context\":\"https:\\\/\\\/schema.org\",\"@graph\":[{\"@type\":\"Article\",\"@id\":\"https:\\\/\\\/www.muyjujuy.com\\\/index.php\\\/2022\\\/07\\\/19\\\/habilitaron-un-colectivo-que-recorre-desde-san-salvador-hasta-las-salinas-cuanto-sale\\\/#article\",\"isPartOf\":{\"@id\":\"https:\\\/\\\/www.muyjujuy.com\\\/index.php\\\/2022\\\/07\\\/19\\\/habilitaron-un-colectivo-que-recorre-desde-san-salvador-hasta-las-salinas-cuanto-sale\\\/\"},\"author\":{\"name\":\"Redacci\u00f3n Muy Jujuy\",\"@id\":\"https:\\\/\\\/www.muyjujuy.com\\\/#\\\/schema\\\/person\\\/1d0f6e223ccea9e3f9034c1a5b683bf2\"},\"headline\":\"Habilitaron un colectivo que recorre desde San Salvador hasta las Salinas: cu\u00e1nto sale\",\"datePublished\":\"2022-07-19T18:04:10+00:00\",\"dateModified\":\"2022-07-19T18:04:12+00:00\",\"mainEntityOfPage\":{\"@id\":\"https:\\\/\\\/www.muyjujuy.com\\\/index.php\\\/2022\\\/07\\\/19\\\/habilitaron-un-colectivo-que-recorre-desde-san-salvador-hasta-las-salinas-cuanto-sale\\\/\"},\"wordCount\":306,\"commentCount\":0,\"publisher\":{\"@id\":\"https:\\\/\\\/www.muyjujuy.com\\\/#organization\"},\"image\":{\"@id\":\"https:\\\/\\\/www.muyjujuy.com\\\/index.php\\\/2022\\\/07\\\/19\\\/habilitaron-un-colectivo-que-recorre-desde-san-salvador-hasta-las-salinas-cuanto-sale\\\/#primaryimage\"},\"thumbnailUrl\":\"https:\\\/\\\/www.muyjujuy.com\\\/wp-content\\\/uploads\\\/2022\\\/07\\\/salinas.jpg\",\"keywords\":[\"Jujuy\",\"Salinas\",\"San Salvador\"],\"articleSection\":[\"Sociedad\"],\"inLanguage\":\"es-AR\",\"potentialAction\":[{\"@type\":\"CommentAction\",\"name\":\"Comment\",\"target\":[\"https:\\\/\\\/www.muyjujuy.com\\\/index.php\\\/2022\\\/07\\\/19\\\/habilitaron-un-colectivo-que-recorre-desde-san-salvador-hasta-las-salinas-cuanto-sale\\\/#respond\"]}]},{\"@type\":\"WebPage\",\"@id\":\"https:\\\/\\\/www.muyjujuy.com\\\/index.php\\\/2022\\\/07\\\/19\\\/habilitaron-un-colectivo-que-recorre-desde-san-salvador-hasta-las-salinas-cuanto-sale\\\/\",\"url\":\"https:\\\/\\\/www.muyjujuy.com\\\/index.php\\\/2022\\\/07\\\/19\\\/habilitaron-un-colectivo-que-recorre-desde-san-salvador-hasta-las-salinas-cuanto-sale\\\/\",\"name\":\"Habilitaron un colectivo que recorre desde San Salvador hasta las Salinas: cu\u00e1nto sale - Muy Jujuy\",\"isPartOf\":{\"@id\":\"https:\\\/\\\/www.muyjujuy.com\\\/#website\"},\"primaryImageOfPage\":{\"@id\":\"https:\\\/\\\/www.muyjujuy.com\\\/index.php\\\/2022\\\/07\\\/19\\\/habilitaron-un-colectivo-que-recorre-desde-san-salvador-hasta-las-salinas-cuanto-sale\\\/#primaryimage\"},\"image\":{\"@id\":\"https:\\\/\\\/www.muyjujuy.com\\\/index.php\\\/2022\\\/07\\\/19\\\/habilitaron-un-colectivo-que-recorre-desde-san-salvador-hasta-las-salinas-cuanto-sale\\\/#primaryimage\"},\"thumbnailUrl\":\"https:\\\/\\\/www.muyjujuy.com\\\/wp-content\\\/uploads\\\/2022\\\/07\\\/salinas.jpg\",\"datePublished\":\"2022-07-19T18:04:10+00:00\",\"dateModified\":\"2022-07-19T18:04:12+00:00\",\"description\":\"Un nuevo colectivo que unir\u00e1 la ciudad de San Salvador de Jujuy con Salinas Grandes comenzar\u00e1 a funcionar desde este martes 19 de julio.\",\"breadcrumb\":{\"@id\":\"https:\\\/\\\/www.muyjujuy.com\\\/index.php\\\/2022\\\/07\\\/19\\\/habilitaron-un-colectivo-que-recorre-desde-san-salvador-hasta-las-salinas-cuanto-sale\\\/#breadcrumb\"},\"inLanguage\":\"es-AR\",\"potentialAction\":[{\"@type\":\"ReadAction\",\"target\":[\"https:\\\/\\\/www.muyjujuy.com\\\/index.php\\\/2022\\\/07\\\/19\\\/habilitaron-un-colectivo-que-recorre-desde-san-salvador-hasta-las-salinas-cuanto-sale\\\/\"]}]},{\"@type\":\"ImageObject\",\"inLanguage\":\"es-AR\",\"@id\":\"https:\\\/\\\/www.muyjujuy.com\\\/index.php\\\/2022\\\/07\\\/19\\\/habilitaron-un-colectivo-que-recorre-desde-san-salvador-hasta-las-salinas-cuanto-sale\\\/#primaryimage\",\"url\":\"https:\\\/\\\/www.muyjujuy.com\\\/wp-content\\\/uploads\\\/2022\\\/07\\\/salinas.jpg\",\"contentUrl\":\"https:\\\/\\\/www.muyjujuy.com\\\/wp-content\\\/uploads\\\/2022\\\/07\\\/salinas.jpg\",\"width\":700,\"height\":461},{\"@type\":\"BreadcrumbList\",\"@id\":\"https:\\\/\\\/www.muyjujuy.com\\\/index.php\\\/2022\\\/07\\\/19\\\/habilitaron-un-colectivo-que-recorre-desde-san-salvador-hasta-las-salinas-cuanto-sale\\\/#breadcrumb\",\"itemListElement\":[{\"@type\":\"ListItem\",\"position\":1,\"name\":\"Inicio\",\"item\":\"https:\\\/\\\/www.muyjujuy.com\\\/\"},{\"@type\":\"ListItem\",\"position\":2,\"name\":\"Habilitaron un colectivo que recorre desde San Salvador hasta las Salinas: cu\u00e1nto sale\"}]},{\"@type\":\"WebSite\",\"@id\":\"https:\\\/\\\/www.muyjujuy.com\\\/#website\",\"url\":\"https:\\\/\\\/www.muyjujuy.com\\\/\",\"name\":\"Muy Jujuy\",\"description\":\"\",\"publisher\":{\"@id\":\"https:\\\/\\\/www.muyjujuy.com\\\/#organization\"},\"potentialAction\":[{\"@type\":\"SearchAction\",\"target\":{\"@type\":\"EntryPoint\",\"urlTemplate\":\"https:\\\/\\\/www.muyjujuy.com\\\/?s={search_term_string}\"},\"query-input\":{\"@type\":\"PropertyValueSpecification\",\"valueRequired\":true,\"valueName\":\"search_term_string\"}}],\"inLanguage\":\"es-AR\"},{\"@type\":\"Organization\",\"@id\":\"https:\\\/\\\/www.muyjujuy.com\\\/#organization\",\"name\":\"Muy Jujuy\",\"url\":\"https:\\\/\\\/www.muyjujuy.com\\\/\",\"logo\":{\"@type\":\"ImageObject\",\"inLanguage\":\"es-AR\",\"@id\":\"https:\\\/\\\/www.muyjujuy.com\\\/#\\\/schema\\\/logo\\\/image\\\/\",\"url\":\"http:\\\/\\\/www.muyjujuy.com\\\/wp-content\\\/uploads\\\/2022\\\/05\\\/logo-mobil-jujuy.png\",\"contentUrl\":\"http:\\\/\\\/www.muyjujuy.com\\\/wp-content\\\/uploads\\\/2022\\\/05\\\/logo-mobil-jujuy.png\",\"width\":174,\"height\":81,\"caption\":\"Muy Jujuy\"},\"image\":{\"@id\":\"https:\\\/\\\/www.muyjujuy.com\\\/#\\\/schema\\\/logo\\\/image\\\/\"},\"sameAs\":[\"https:\\\/\\\/www.facebook.com\\\/muyjujuycom\",\"https:\\\/\\\/x.com\\\/muyjujuy\",\"https:\\\/\\\/www.instagram.com\\\/muyjujuycom\"]},{\"@type\":\"Person\",\"@id\":\"https:\\\/\\\/www.muyjujuy.com\\\/#\\\/schema\\\/person\\\/1d0f6e223ccea9e3f9034c1a5b683bf2\",\"name\":\"Redacci\u00f3n Muy Jujuy\",\"image\":{\"@type\":\"ImageObject\",\"inLanguage\":\"es-AR\",\"@id\":\"https:\\\/\\\/secure.gravatar.com\\\/avatar\\\/fec5f6f1893d741ed5eecccff109ce43e67a855411202a3212a058cb8e5c27d4?s=96&d=mm&r=g\",\"url\":\"https:\\\/\\\/secure.gravatar.com\\\/avatar\\\/fec5f6f1893d741ed5eecccff109ce43e67a855411202a3212a058cb8e5c27d4?s=96&d=mm&r=g\",\"contentUrl\":\"https:\\\/\\\/secure.gravatar.com\\\/avatar\\\/fec5f6f1893d741ed5eecccff109ce43e67a855411202a3212a058cb8e5c27d4?s=96&d=mm&r=g\",\"caption\":\"Redacci\u00f3n Muy Jujuy\"},\"url\":\"https:\\\/\\\/www.muyjujuy.com\\\/index.php\\\/author\\\/editor\\\/\"}]}<\/script>\n<!-- \/ Yoast SEO plugin. -->","yoast_head_json":{"title":"Habilitaron un colectivo que recorre desde San Salvador hasta las Salinas: cu\u00e1nto sale - Muy Jujuy","description":"Un nuevo colectivo que unir\u00e1 la ciudad de San Salvador de Jujuy con Salinas Grandes comenzar\u00e1 a funcionar desde este martes 19 de julio.","robots":{"index":"index","follow":"follow","max-snippet":"max-snippet:-1","max-image-preview":"max-image-preview:large","max-video-preview":"max-video-preview:-1"},"canonical":"https:\/\/www.muyjujuy.com\/index.php\/2022\/07\/19\/habilitaron-un-colectivo-que-recorre-desde-san-salvador-hasta-las-salinas-cuanto-sale\/","og_locale":"es_ES","og_type":"article","og_title":"Habilitaron un colectivo que recorre desde San Salvador hasta las Salinas: cu\u00e1nto sale - Muy Jujuy","og_description":"Un nuevo colectivo que unir\u00e1 la ciudad de San Salvador de Jujuy con Salinas Grandes comenzar\u00e1 a funcionar desde este martes 19 de julio.","og_url":"https:\/\/www.muyjujuy.com\/index.php\/2022\/07\/19\/habilitaron-un-colectivo-que-recorre-desde-san-salvador-hasta-las-salinas-cuanto-sale\/","og_site_name":"Muy Jujuy","article_publisher":"https:\/\/www.facebook.com\/muyjujuycom","article_published_time":"2022-07-19T18:04:10+00:00","article_modified_time":"2022-07-19T18:04:12+00:00","og_image":[{"width":700,"height":461,"url":"https:\/\/www.muyjujuy.com\/wp-content\/uploads\/2022\/07\/salinas.jpg","type":"image\/jpeg"}],"author":"Redacci\u00f3n Muy Jujuy","twitter_card":"summary_large_image","twitter_creator":"@muyjujuy","twitter_site":"@muyjujuy","twitter_misc":{"Escrito por":"Redacci\u00f3n Muy Jujuy","Tiempo de lectura":"2 minutos"},"schema":{"@context":"https:\/\/schema.org","@graph":[{"@type":"Article","@id":"https:\/\/www.muyjujuy.com\/index.php\/2022\/07\/19\/habilitaron-un-colectivo-que-recorre-desde-san-salvador-hasta-las-salinas-cuanto-sale\/#article","isPartOf":{"@id":"https:\/\/www.muyjujuy.com\/index.php\/2022\/07\/19\/habilitaron-un-colectivo-que-recorre-desde-san-salvador-hasta-las-salinas-cuanto-sale\/"},"author":{"name":"Redacci\u00f3n Muy Jujuy","@id":"https:\/\/www.muyjujuy.com\/#\/schema\/person\/1d0f6e223ccea9e3f9034c1a5b683bf2"},"headline":"Habilitaron un colectivo que recorre desde San Salvador hasta las Salinas: cu\u00e1nto sale","datePublished":"2022-07-19T18:04:10+00:00","dateModified":"2022-07-19T18:04:12+00:00","mainEntityOfPage":{"@id":"https:\/\/www.muyjujuy.com\/index.php\/2022\/07\/19\/habilitaron-un-colectivo-que-recorre-desde-san-salvador-hasta-las-salinas-cuanto-sale\/"},"wordCount":306,"commentCount":0,"publisher":{"@id":"https:\/\/www.muyjujuy.com\/#organization"},"image":{"@id":"https:\/\/www.muyjujuy.com\/index.php\/2022\/07\/19\/habilitaron-un-colectivo-que-recorre-desde-san-salvador-hasta-las-salinas-cuanto-sale\/#primaryimage"},"thumbnailUrl":"https:\/\/www.muyjujuy.com\/wp-content\/uploads\/2022\/07\/salinas.jpg","keywords":["Jujuy","Salinas","San Salvador"],"articleSection":["Sociedad"],"inLanguage":"es-AR","potentialAction":[{"@type":"CommentAction","name":"Comment","target":["https:\/\/www.muyjujuy.com\/index.php\/2022\/07\/19\/habilitaron-un-colectivo-que-recorre-desde-san-salvador-hasta-las-salinas-cuanto-sale\/#respond"]}]},{"@type":"WebPage","@id":"https:\/\/www.muyjujuy.com\/index.php\/2022\/07\/19\/habilitaron-un-colectivo-que-recorre-desde-san-salvador-hasta-las-salinas-cuanto-sale\/","url":"https:\/\/www.muyjujuy.com\/index.php\/2022\/07\/19\/habilitaron-un-colectivo-que-recorre-desde-san-salvador-hasta-las-salinas-cuanto-sale\/","name":"Habilitaron un colectivo que recorre desde San Salvador hasta las Salinas: cu\u00e1nto sale - Muy Jujuy","isPartOf":{"@id":"https:\/\/www.muyjujuy.com\/#website"},"primaryImageOfPage":{"@id":"https:\/\/www.muyjujuy.com\/index.php\/2022\/07\/19\/habilitaron-un-colectivo-que-recorre-desde-san-salvador-hasta-las-salinas-cuanto-sale\/#primaryimage"},"image":{"@id":"https:\/\/www.muyjujuy.com\/index.php\/2022\/07\/19\/habilitaron-un-colectivo-que-recorre-desde-san-salvador-hasta-las-salinas-cuanto-sale\/#primaryimage"},"thumbnailUrl":"https:\/\/www.muyjujuy.com\/wp-content\/uploads\/2022\/07\/salinas.jpg","datePublished":"2022-07-19T18:04:10+00:00","dateModified":"2022-07-19T18:04:12+00:00","description":"Un nuevo colectivo que unir\u00e1 la ciudad de San Salvador de Jujuy con Salinas Grandes comenzar\u00e1 a funcionar desde este martes 19 de julio.","breadcrumb":{"@id":"https:\/\/www.muyjujuy.com\/index.php\/2022\/07\/19\/habilitaron-un-colectivo-que-recorre-desde-san-salvador-hasta-las-salinas-cuanto-sale\/#breadcrumb"},"inLanguage":"es-AR","potentialAction":[{"@type":"ReadAction","target":["https:\/\/www.muyjujuy.com\/index.php\/2022\/07\/19\/habilitaron-un-colectivo-que-recorre-desde-san-salvador-hasta-las-salinas-cuanto-sale\/"]}]},{"@type":"ImageObject","inLanguage":"es-AR","@id":"https:\/\/www.muyjujuy.com\/index.php\/2022\/07\/19\/habilitaron-un-colectivo-que-recorre-desde-san-salvador-hasta-las-salinas-cuanto-sale\/#primaryimage","url":"https:\/\/www.muyjujuy.com\/wp-content\/uploads\/2022\/07\/salinas.jpg","contentUrl":"https:\/\/www.muyjujuy.com\/wp-content\/uploads\/2022\/07\/salinas.jpg","width":700,"height":461},{"@type":"BreadcrumbList","@id":"https:\/\/www.muyjujuy.com\/index.php\/2022\/07\/19\/habilitaron-un-colectivo-que-recorre-desde-san-salvador-hasta-las-salinas-cuanto-sale\/#breadcrumb","itemListElement":[{"@type":"ListItem","position":1,"name":"Inicio","item":"https:\/\/www.muyjujuy.com\/"},{"@type":"ListItem","position":2,"name":"Habilitaron un colectivo que recorre desde San Salvador hasta las Salinas: cu\u00e1nto sale"}]},{"@type":"WebSite","@id":"https:\/\/www.muyjujuy.com\/#website","url":"https:\/\/www.muyjujuy.com\/","name":"Muy Jujuy","description":"","publisher":{"@id":"https:\/\/www.muyjujuy.com\/#organization"},"potentialAction":[{"@type":"SearchAction","target":{"@type":"EntryPoint","urlTemplate":"https:\/\/www.muyjujuy.com\/?s={search_term_string}"},"query-input":{"@type":"PropertyValueSpecification","valueRequired":true,"valueName":"search_term_string"}}],"inLanguage":"es-AR"},{"@type":"Organization","@id":"https:\/\/www.muyjujuy.com\/#organization","name":"Muy Jujuy","url":"https:\/\/www.muyjujuy.com\/","logo":{"@type":"ImageObject","inLanguage":"es-AR","@id":"https:\/\/www.muyjujuy.com\/#\/schema\/logo\/image\/","url":"http:\/\/www.muyjujuy.com\/wp-content\/uploads\/2022\/05\/logo-mobil-jujuy.png","contentUrl":"http:\/\/www.muyjujuy.com\/wp-content\/uploads\/2022\/05\/logo-mobil-jujuy.png","width":174,"height":81,"caption":"Muy Jujuy"},"image":{"@id":"https:\/\/www.muyjujuy.com\/#\/schema\/logo\/image\/"},"sameAs":["https:\/\/www.facebook.com\/muyjujuycom","https:\/\/x.com\/muyjujuy","https:\/\/www.instagram.com\/muyjujuycom"]},{"@type":"Person","@id":"https:\/\/www.muyjujuy.com\/#\/schema\/person\/1d0f6e223ccea9e3f9034c1a5b683bf2","name":"Redacci\u00f3n Muy Jujuy","image":{"@type":"ImageObject","inLanguage":"es-AR","@id":"https:\/\/secure.gravatar.com\/avatar\/fec5f6f1893d741ed5eecccff109ce43e67a855411202a3212a058cb8e5c27d4?s=96&d=mm&r=g","url":"https:\/\/secure.gravatar.com\/avatar\/fec5f6f1893d741ed5eecccff109ce43e67a855411202a3212a058cb8e5c27d4?s=96&d=mm&r=g","contentUrl":"https:\/\/secure.gravatar.com\/avatar\/fec5f6f1893d741ed5eecccff109ce43e67a855411202a3212a058cb8e5c27d4?s=96&d=mm&r=g","caption":"Redacci\u00f3n Muy Jujuy"},"url":"https:\/\/www.muyjujuy.com\/index.php\/author\/editor\/"}]}},"_links":{"self":[{"href":"https:\/\/www.muyjujuy.com\/index.php\/wp-json\/wp\/v2\/posts\/937","targetHints":{"allow":["GET"]}}],"collection":[{"href":"https:\/\/www.muyjujuy.com\/index.php\/wp-json\/wp\/v2\/posts"}],"about":[{"href":"https:\/\/www.muyjujuy.com\/index.php\/wp-json\/wp\/v2\/types\/post"}],"author":[{"embeddable":true,"href":"https:\/\/www.muyjujuy.com\/index.php\/wp-json\/wp\/v2\/users\/3"}],"replies":[{"embeddable":true,"href":"https:\/\/www.muyjujuy.com\/index.php\/wp-json\/wp\/v2\/comments?post=937"}],"version-history":[{"count":1,"href":"https:\/\/www.muyjujuy.com\/index.php\/wp-json\/wp\/v2\/posts\/937\/revisions"}],"predecessor-version":[{"id":939,"href":"https:\/\/www.muyjujuy.com\/index.php\/wp-json\/wp\/v2\/posts\/937\/revisions\/939"}],"wp:featuredmedia":[{"embeddable":true,"href":"https:\/\/www.muyjujuy.com\/index.php\/wp-json\/wp\/v2\/media\/938"}],"wp:attachment":[{"href":"https:\/\/www.muyjujuy.com\/index.php\/wp-json\/wp\/v2\/media?parent=937"}],"wp:term":[{"taxonomy":"category","embeddable":true,"href":"https:\/\/www.muyjujuy.com\/index.php\/wp-json\/wp\/v2\/categories?post=937"},{"taxonomy":"post_tag","embeddable":true,"href":"https:\/\/www.muyjujuy.com\/index.php\/wp-json\/wp\/v2\/tags?post=937"}],"curies":[{"name":"wp","href":"https:\/\/api.w.org\/{rel}","templated":true}]}}