{"id":943,"date":"2022-07-19T15:45:33","date_gmt":"2022-07-19T18:45:33","guid":{"rendered":"https:\/\/www.muyjujuy.com\/?p=943"},"modified":"2022-07-19T15:45:38","modified_gmt":"2022-07-19T18:45:38","slug":"falta-de-gasoil-en-jujuy-se-registran-demoras-y-suspensiones-de-colectivos-de-media-distancia","status":"publish","type":"post","link":"https:\/\/www.muyjujuy.com\/index.php\/2022\/07\/19\/falta-de-gasoil-en-jujuy-se-registran-demoras-y-suspensiones-de-colectivos-de-media-distancia\/","title":{"rendered":"Falta de gasoil en Jujuy: se registran demoras y suspensiones de colectivos de media distancia"},"content":{"rendered":"\n<p><em>Desde la Terminal de \u00d3mnibus advirtieron sobre demoras y suspensiones de diferentes empresas de transporte por la falta de gasoil.<\/em><\/p>\n\n\n\n<p>La falta de gasoil parece no encontrar una soluci\u00f3n y ahora afecta al transporte de media distancia. Seg\u00fan precisaron desde la<strong> Terminal de \u00d3mnibus de Jujuy<\/strong>, se registraron <strong>demoras y suspensiones de colectivos por la falta de combustible.<\/strong><\/p>\n\n\n\n<p><strong>&#8220;Estamos teniendo pedidos de empresas porque hay d\u00edas que no consiguen y otros que s\u00ed. <\/strong>Los d\u00edas donde se dificulta la provisi\u00f3n tienen que suspender algunos servicios o se retrasan&#8221;, explic\u00f3 Rafael Ortu\u00f1o, administrador de la Terminal de \u00d3mnibus de Jujuy.<\/p>\n\n\n\n<p>Rafael subray\u00f3 que es <strong>\u201cuna realidad que escapa a la administraci\u00f3n de la terminal\u201d <\/strong>y se\u00f1al\u00f3 que se da principalmente en <strong>zonas alejadas donde se complica conseguir el combustible<\/strong>. \u201cLos que est\u00e1n en la zona norte de la provincia son los que tienen m\u00e1s problemas\u201d, manifest\u00f3.<\/p>\n\n\n\n<p>Si bien <strong>hace 10 d\u00edas la provincia pas\u00f3 a tener mejor suministro<\/strong>, seg\u00fan el sem\u00e1foro de abastecimiento de la Federaci\u00f3n Argentina de Entidades Empresarias del Autotransporte de Cargas (FADEEAC), contin\u00faan las complicaciones.<\/p>\n\n\n\n<h2 class=\"wp-block-heading\"><strong>Falta de gasoil en Jujuy: c\u00f3mo est\u00e1 la situaci\u00f3n<\/strong><\/h2>\n\n\n\n<p>La Federaci\u00f3n Argentina de Entidades Empresarias del Autotransporte de Cargas (FADEEAC) difunde semana a semana <strong>el mapa de abastecimiento de gasoil <\/strong>en el pa\u00eds seg\u00fan datos relevados en las provincias. <strong>Seg\u00fan la informaci\u00f3n del 1 al 10 de julio, <\/strong>hay una mejora en el acceso del combustible para los transportistas de cargas.<\/p>\n\n\n\n<p>Si bien hay dificultades, <strong>en el mapa actual solo hay dos provincias en rojo (Entre R\u00edos y Buenos Aires)<\/strong>. Cabe mencionar que para determinar el color de una jurisdicci\u00f3n se tienen en cuenta el nivel de abastecimiento, la existencia de cupos, los tiempos de espera para cargar combustible y los precios que se pagan.<\/p>\n\n\n\n<p><a href=\"https:\/\/www.muyjujuy.com\/index.php\/2022\/07\/13\/gasoil-mejoro-la-situacion-en-jujuy-y-esta-en-amarillo\/\">Jujuy se encontraba en un color amarillo<\/a>, es decir, comenz\u00f3 a mejorar el abastecimiento.<\/p>\n","protected":false},"excerpt":{"rendered":"<p>Desde la Terminal de \u00d3mnibus advirtieron sobre demoras y suspensiones de diferentes empresas de transporte por la falta de gasoil. La falta de gasoil parece no encontrar una soluci\u00f3n y ahora afecta al transporte de media distancia. Seg\u00fan precisaron desde la Terminal de \u00d3mnibus de Jujuy, se registraron demoras y suspensiones de colectivos por la [&hellip;]<\/p>\n","protected":false},"author":3,"featured_media":944,"comment_status":"open","ping_status":"open","sticky":false,"template":"","format":"standard","meta":{"footnotes":""},"categories":[25],"tags":[727,8,636],"class_list":{"0":"post-943","1":"post","2":"type-post","3":"status-publish","4":"format-standard","5":"has-post-thumbnail","7":"category-sociedad","8":"tag-falta-de-gasoil","9":"tag-jujuy","10":"tag-transporte"},"yoast_head":"<!-- This site is optimized with the Yoast SEO plugin v27.5 - https:\/\/yoast.com\/product\/yoast-seo-wordpress\/ -->\n<title>Falta de gasoil en Jujuy: se registran demoras y suspensiones de colectivos de media distancia - Muy Jujuy<\/title>\n<meta name=\"description\" content=\"Desde la Terminal de \u00d3mnibus advirtieron sobre demoras y suspensiones de diferentes empresas de transporte por la falta de gasoil.\" \/>\n<meta name=\"robots\" content=\"index, follow, max-snippet:-1, max-image-preview:large, max-video-preview:-1\" \/>\n<link rel=\"canonical\" href=\"https:\/\/www.muyjujuy.com\/index.php\/2022\/07\/19\/falta-de-gasoil-en-jujuy-se-registran-demoras-y-suspensiones-de-colectivos-de-media-distancia\/\" \/>\n<meta property=\"og:locale\" content=\"es_ES\" \/>\n<meta property=\"og:type\" content=\"article\" \/>\n<meta property=\"og:title\" content=\"Falta de gasoil en Jujuy: se registran demoras y suspensiones de colectivos de media distancia - Muy Jujuy\" \/>\n<meta property=\"og:description\" content=\"Desde la Terminal de \u00d3mnibus advirtieron sobre demoras y suspensiones de diferentes empresas de transporte por la falta de gasoil.\" \/>\n<meta property=\"og:url\" content=\"https:\/\/www.muyjujuy.com\/index.php\/2022\/07\/19\/falta-de-gasoil-en-jujuy-se-registran-demoras-y-suspensiones-de-colectivos-de-media-distancia\/\" \/>\n<meta property=\"og:site_name\" content=\"Muy Jujuy\" \/>\n<meta property=\"article:publisher\" content=\"https:\/\/www.facebook.com\/muyjujuycom\" \/>\n<meta property=\"article:published_time\" content=\"2022-07-19T18:45:33+00:00\" \/>\n<meta property=\"article:modified_time\" content=\"2022-07-19T18:45:38+00:00\" \/>\n<meta property=\"og:image\" content=\"https:\/\/www.muyjujuy.com\/wp-content\/uploads\/2022\/07\/termina-de-omnibus.jpg\" \/>\n\t<meta property=\"og:image:width\" content=\"800\" \/>\n\t<meta property=\"og:image:height\" content=\"600\" \/>\n\t<meta property=\"og:image:type\" content=\"image\/jpeg\" \/>\n<meta name=\"author\" content=\"Redacci\u00f3n Muy Jujuy\" \/>\n<meta name=\"twitter:card\" content=\"summary_large_image\" \/>\n<meta name=\"twitter:creator\" content=\"@muyjujuy\" \/>\n<meta name=\"twitter:site\" content=\"@muyjujuy\" \/>\n<meta name=\"twitter:label1\" content=\"Escrito por\" \/>\n\t<meta name=\"twitter:data1\" content=\"Redacci\u00f3n Muy Jujuy\" \/>\n\t<meta name=\"twitter:label2\" content=\"Tiempo de lectura\" \/>\n\t<meta name=\"twitter:data2\" content=\"2 minutos\" \/>\n<script type=\"application\/ld+json\" class=\"yoast-schema-graph\">{\"@context\":\"https:\\\/\\\/schema.org\",\"@graph\":[{\"@type\":\"Article\",\"@id\":\"https:\\\/\\\/www.muyjujuy.com\\\/index.php\\\/2022\\\/07\\\/19\\\/falta-de-gasoil-en-jujuy-se-registran-demoras-y-suspensiones-de-colectivos-de-media-distancia\\\/#article\",\"isPartOf\":{\"@id\":\"https:\\\/\\\/www.muyjujuy.com\\\/index.php\\\/2022\\\/07\\\/19\\\/falta-de-gasoil-en-jujuy-se-registran-demoras-y-suspensiones-de-colectivos-de-media-distancia\\\/\"},\"author\":{\"name\":\"Redacci\u00f3n Muy Jujuy\",\"@id\":\"https:\\\/\\\/www.muyjujuy.com\\\/#\\\/schema\\\/person\\\/1d0f6e223ccea9e3f9034c1a5b683bf2\"},\"headline\":\"Falta de gasoil en Jujuy: se registran demoras y suspensiones de colectivos de media distancia\",\"datePublished\":\"2022-07-19T18:45:33+00:00\",\"dateModified\":\"2022-07-19T18:45:38+00:00\",\"mainEntityOfPage\":{\"@id\":\"https:\\\/\\\/www.muyjujuy.com\\\/index.php\\\/2022\\\/07\\\/19\\\/falta-de-gasoil-en-jujuy-se-registran-demoras-y-suspensiones-de-colectivos-de-media-distancia\\\/\"},\"wordCount\":342,\"commentCount\":0,\"publisher\":{\"@id\":\"https:\\\/\\\/www.muyjujuy.com\\\/#organization\"},\"image\":{\"@id\":\"https:\\\/\\\/www.muyjujuy.com\\\/index.php\\\/2022\\\/07\\\/19\\\/falta-de-gasoil-en-jujuy-se-registran-demoras-y-suspensiones-de-colectivos-de-media-distancia\\\/#primaryimage\"},\"thumbnailUrl\":\"https:\\\/\\\/www.muyjujuy.com\\\/wp-content\\\/uploads\\\/2022\\\/07\\\/termina-de-omnibus.jpg\",\"keywords\":[\"Falta de gasoil\",\"Jujuy\",\"Transporte\"],\"articleSection\":[\"Sociedad\"],\"inLanguage\":\"es-AR\",\"potentialAction\":[{\"@type\":\"CommentAction\",\"name\":\"Comment\",\"target\":[\"https:\\\/\\\/www.muyjujuy.com\\\/index.php\\\/2022\\\/07\\\/19\\\/falta-de-gasoil-en-jujuy-se-registran-demoras-y-suspensiones-de-colectivos-de-media-distancia\\\/#respond\"]}]},{\"@type\":\"WebPage\",\"@id\":\"https:\\\/\\\/www.muyjujuy.com\\\/index.php\\\/2022\\\/07\\\/19\\\/falta-de-gasoil-en-jujuy-se-registran-demoras-y-suspensiones-de-colectivos-de-media-distancia\\\/\",\"url\":\"https:\\\/\\\/www.muyjujuy.com\\\/index.php\\\/2022\\\/07\\\/19\\\/falta-de-gasoil-en-jujuy-se-registran-demoras-y-suspensiones-de-colectivos-de-media-distancia\\\/\",\"name\":\"Falta de gasoil en Jujuy: se registran demoras y suspensiones de colectivos de media distancia - Muy Jujuy\",\"isPartOf\":{\"@id\":\"https:\\\/\\\/www.muyjujuy.com\\\/#website\"},\"primaryImageOfPage\":{\"@id\":\"https:\\\/\\\/www.muyjujuy.com\\\/index.php\\\/2022\\\/07\\\/19\\\/falta-de-gasoil-en-jujuy-se-registran-demoras-y-suspensiones-de-colectivos-de-media-distancia\\\/#primaryimage\"},\"image\":{\"@id\":\"https:\\\/\\\/www.muyjujuy.com\\\/index.php\\\/2022\\\/07\\\/19\\\/falta-de-gasoil-en-jujuy-se-registran-demoras-y-suspensiones-de-colectivos-de-media-distancia\\\/#primaryimage\"},\"thumbnailUrl\":\"https:\\\/\\\/www.muyjujuy.com\\\/wp-content\\\/uploads\\\/2022\\\/07\\\/termina-de-omnibus.jpg\",\"datePublished\":\"2022-07-19T18:45:33+00:00\",\"dateModified\":\"2022-07-19T18:45:38+00:00\",\"description\":\"Desde la Terminal de \u00d3mnibus advirtieron sobre demoras y suspensiones de diferentes empresas de transporte por la falta de gasoil.\",\"breadcrumb\":{\"@id\":\"https:\\\/\\\/www.muyjujuy.com\\\/index.php\\\/2022\\\/07\\\/19\\\/falta-de-gasoil-en-jujuy-se-registran-demoras-y-suspensiones-de-colectivos-de-media-distancia\\\/#breadcrumb\"},\"inLanguage\":\"es-AR\",\"potentialAction\":[{\"@type\":\"ReadAction\",\"target\":[\"https:\\\/\\\/www.muyjujuy.com\\\/index.php\\\/2022\\\/07\\\/19\\\/falta-de-gasoil-en-jujuy-se-registran-demoras-y-suspensiones-de-colectivos-de-media-distancia\\\/\"]}]},{\"@type\":\"ImageObject\",\"inLanguage\":\"es-AR\",\"@id\":\"https:\\\/\\\/www.muyjujuy.com\\\/index.php\\\/2022\\\/07\\\/19\\\/falta-de-gasoil-en-jujuy-se-registran-demoras-y-suspensiones-de-colectivos-de-media-distancia\\\/#primaryimage\",\"url\":\"https:\\\/\\\/www.muyjujuy.com\\\/wp-content\\\/uploads\\\/2022\\\/07\\\/termina-de-omnibus.jpg\",\"contentUrl\":\"https:\\\/\\\/www.muyjujuy.com\\\/wp-content\\\/uploads\\\/2022\\\/07\\\/termina-de-omnibus.jpg\",\"width\":800,\"height\":600},{\"@type\":\"BreadcrumbList\",\"@id\":\"https:\\\/\\\/www.muyjujuy.com\\\/index.php\\\/2022\\\/07\\\/19\\\/falta-de-gasoil-en-jujuy-se-registran-demoras-y-suspensiones-de-colectivos-de-media-distancia\\\/#breadcrumb\",\"itemListElement\":[{\"@type\":\"ListItem\",\"position\":1,\"name\":\"Inicio\",\"item\":\"https:\\\/\\\/www.muyjujuy.com\\\/\"},{\"@type\":\"ListItem\",\"position\":2,\"name\":\"Falta de gasoil en Jujuy: se registran demoras y suspensiones de colectivos de media distancia\"}]},{\"@type\":\"WebSite\",\"@id\":\"https:\\\/\\\/www.muyjujuy.com\\\/#website\",\"url\":\"https:\\\/\\\/www.muyjujuy.com\\\/\",\"name\":\"Muy Jujuy\",\"description\":\"\",\"publisher\":{\"@id\":\"https:\\\/\\\/www.muyjujuy.com\\\/#organization\"},\"potentialAction\":[{\"@type\":\"SearchAction\",\"target\":{\"@type\":\"EntryPoint\",\"urlTemplate\":\"https:\\\/\\\/www.muyjujuy.com\\\/?s={search_term_string}\"},\"query-input\":{\"@type\":\"PropertyValueSpecification\",\"valueRequired\":true,\"valueName\":\"search_term_string\"}}],\"inLanguage\":\"es-AR\"},{\"@type\":\"Organization\",\"@id\":\"https:\\\/\\\/www.muyjujuy.com\\\/#organization\",\"name\":\"Muy Jujuy\",\"url\":\"https:\\\/\\\/www.muyjujuy.com\\\/\",\"logo\":{\"@type\":\"ImageObject\",\"inLanguage\":\"es-AR\",\"@id\":\"https:\\\/\\\/www.muyjujuy.com\\\/#\\\/schema\\\/logo\\\/image\\\/\",\"url\":\"http:\\\/\\\/www.muyjujuy.com\\\/wp-content\\\/uploads\\\/2022\\\/05\\\/logo-mobil-jujuy.png\",\"contentUrl\":\"http:\\\/\\\/www.muyjujuy.com\\\/wp-content\\\/uploads\\\/2022\\\/05\\\/logo-mobil-jujuy.png\",\"width\":174,\"height\":81,\"caption\":\"Muy Jujuy\"},\"image\":{\"@id\":\"https:\\\/\\\/www.muyjujuy.com\\\/#\\\/schema\\\/logo\\\/image\\\/\"},\"sameAs\":[\"https:\\\/\\\/www.facebook.com\\\/muyjujuycom\",\"https:\\\/\\\/x.com\\\/muyjujuy\",\"https:\\\/\\\/www.instagram.com\\\/muyjujuycom\"]},{\"@type\":\"Person\",\"@id\":\"https:\\\/\\\/www.muyjujuy.com\\\/#\\\/schema\\\/person\\\/1d0f6e223ccea9e3f9034c1a5b683bf2\",\"name\":\"Redacci\u00f3n Muy Jujuy\",\"image\":{\"@type\":\"ImageObject\",\"inLanguage\":\"es-AR\",\"@id\":\"https:\\\/\\\/secure.gravatar.com\\\/avatar\\\/fec5f6f1893d741ed5eecccff109ce43e67a855411202a3212a058cb8e5c27d4?s=96&d=mm&r=g\",\"url\":\"https:\\\/\\\/secure.gravatar.com\\\/avatar\\\/fec5f6f1893d741ed5eecccff109ce43e67a855411202a3212a058cb8e5c27d4?s=96&d=mm&r=g\",\"contentUrl\":\"https:\\\/\\\/secure.gravatar.com\\\/avatar\\\/fec5f6f1893d741ed5eecccff109ce43e67a855411202a3212a058cb8e5c27d4?s=96&d=mm&r=g\",\"caption\":\"Redacci\u00f3n Muy Jujuy\"},\"url\":\"https:\\\/\\\/www.muyjujuy.com\\\/index.php\\\/author\\\/editor\\\/\"}]}<\/script>\n<!-- \/ Yoast SEO plugin. -->","yoast_head_json":{"title":"Falta de gasoil en Jujuy: se registran demoras y suspensiones de colectivos de media distancia - Muy Jujuy","description":"Desde la Terminal de \u00d3mnibus advirtieron sobre demoras y suspensiones de diferentes empresas de transporte por la falta de gasoil.","robots":{"index":"index","follow":"follow","max-snippet":"max-snippet:-1","max-image-preview":"max-image-preview:large","max-video-preview":"max-video-preview:-1"},"canonical":"https:\/\/www.muyjujuy.com\/index.php\/2022\/07\/19\/falta-de-gasoil-en-jujuy-se-registran-demoras-y-suspensiones-de-colectivos-de-media-distancia\/","og_locale":"es_ES","og_type":"article","og_title":"Falta de gasoil en Jujuy: se registran demoras y suspensiones de colectivos de media distancia - Muy Jujuy","og_description":"Desde la Terminal de \u00d3mnibus advirtieron sobre demoras y suspensiones de diferentes empresas de transporte por la falta de gasoil.","og_url":"https:\/\/www.muyjujuy.com\/index.php\/2022\/07\/19\/falta-de-gasoil-en-jujuy-se-registran-demoras-y-suspensiones-de-colectivos-de-media-distancia\/","og_site_name":"Muy Jujuy","article_publisher":"https:\/\/www.facebook.com\/muyjujuycom","article_published_time":"2022-07-19T18:45:33+00:00","article_modified_time":"2022-07-19T18:45:38+00:00","og_image":[{"width":800,"height":600,"url":"https:\/\/www.muyjujuy.com\/wp-content\/uploads\/2022\/07\/termina-de-omnibus.jpg","type":"image\/jpeg"}],"author":"Redacci\u00f3n Muy Jujuy","twitter_card":"summary_large_image","twitter_creator":"@muyjujuy","twitter_site":"@muyjujuy","twitter_misc":{"Escrito por":"Redacci\u00f3n Muy Jujuy","Tiempo de lectura":"2 minutos"},"schema":{"@context":"https:\/\/schema.org","@graph":[{"@type":"Article","@id":"https:\/\/www.muyjujuy.com\/index.php\/2022\/07\/19\/falta-de-gasoil-en-jujuy-se-registran-demoras-y-suspensiones-de-colectivos-de-media-distancia\/#article","isPartOf":{"@id":"https:\/\/www.muyjujuy.com\/index.php\/2022\/07\/19\/falta-de-gasoil-en-jujuy-se-registran-demoras-y-suspensiones-de-colectivos-de-media-distancia\/"},"author":{"name":"Redacci\u00f3n Muy Jujuy","@id":"https:\/\/www.muyjujuy.com\/#\/schema\/person\/1d0f6e223ccea9e3f9034c1a5b683bf2"},"headline":"Falta de gasoil en Jujuy: se registran demoras y suspensiones de colectivos de media distancia","datePublished":"2022-07-19T18:45:33+00:00","dateModified":"2022-07-19T18:45:38+00:00","mainEntityOfPage":{"@id":"https:\/\/www.muyjujuy.com\/index.php\/2022\/07\/19\/falta-de-gasoil-en-jujuy-se-registran-demoras-y-suspensiones-de-colectivos-de-media-distancia\/"},"wordCount":342,"commentCount":0,"publisher":{"@id":"https:\/\/www.muyjujuy.com\/#organization"},"image":{"@id":"https:\/\/www.muyjujuy.com\/index.php\/2022\/07\/19\/falta-de-gasoil-en-jujuy-se-registran-demoras-y-suspensiones-de-colectivos-de-media-distancia\/#primaryimage"},"thumbnailUrl":"https:\/\/www.muyjujuy.com\/wp-content\/uploads\/2022\/07\/termina-de-omnibus.jpg","keywords":["Falta de gasoil","Jujuy","Transporte"],"articleSection":["Sociedad"],"inLanguage":"es-AR","potentialAction":[{"@type":"CommentAction","name":"Comment","target":["https:\/\/www.muyjujuy.com\/index.php\/2022\/07\/19\/falta-de-gasoil-en-jujuy-se-registran-demoras-y-suspensiones-de-colectivos-de-media-distancia\/#respond"]}]},{"@type":"WebPage","@id":"https:\/\/www.muyjujuy.com\/index.php\/2022\/07\/19\/falta-de-gasoil-en-jujuy-se-registran-demoras-y-suspensiones-de-colectivos-de-media-distancia\/","url":"https:\/\/www.muyjujuy.com\/index.php\/2022\/07\/19\/falta-de-gasoil-en-jujuy-se-registran-demoras-y-suspensiones-de-colectivos-de-media-distancia\/","name":"Falta de gasoil en Jujuy: se registran demoras y suspensiones de colectivos de media distancia - Muy Jujuy","isPartOf":{"@id":"https:\/\/www.muyjujuy.com\/#website"},"primaryImageOfPage":{"@id":"https:\/\/www.muyjujuy.com\/index.php\/2022\/07\/19\/falta-de-gasoil-en-jujuy-se-registran-demoras-y-suspensiones-de-colectivos-de-media-distancia\/#primaryimage"},"image":{"@id":"https:\/\/www.muyjujuy.com\/index.php\/2022\/07\/19\/falta-de-gasoil-en-jujuy-se-registran-demoras-y-suspensiones-de-colectivos-de-media-distancia\/#primaryimage"},"thumbnailUrl":"https:\/\/www.muyjujuy.com\/wp-content\/uploads\/2022\/07\/termina-de-omnibus.jpg","datePublished":"2022-07-19T18:45:33+00:00","dateModified":"2022-07-19T18:45:38+00:00","description":"Desde la Terminal de \u00d3mnibus advirtieron sobre demoras y suspensiones de diferentes empresas de transporte por la falta de gasoil.","breadcrumb":{"@id":"https:\/\/www.muyjujuy.com\/index.php\/2022\/07\/19\/falta-de-gasoil-en-jujuy-se-registran-demoras-y-suspensiones-de-colectivos-de-media-distancia\/#breadcrumb"},"inLanguage":"es-AR","potentialAction":[{"@type":"ReadAction","target":["https:\/\/www.muyjujuy.com\/index.php\/2022\/07\/19\/falta-de-gasoil-en-jujuy-se-registran-demoras-y-suspensiones-de-colectivos-de-media-distancia\/"]}]},{"@type":"ImageObject","inLanguage":"es-AR","@id":"https:\/\/www.muyjujuy.com\/index.php\/2022\/07\/19\/falta-de-gasoil-en-jujuy-se-registran-demoras-y-suspensiones-de-colectivos-de-media-distancia\/#primaryimage","url":"https:\/\/www.muyjujuy.com\/wp-content\/uploads\/2022\/07\/termina-de-omnibus.jpg","contentUrl":"https:\/\/www.muyjujuy.com\/wp-content\/uploads\/2022\/07\/termina-de-omnibus.jpg","width":800,"height":600},{"@type":"BreadcrumbList","@id":"https:\/\/www.muyjujuy.com\/index.php\/2022\/07\/19\/falta-de-gasoil-en-jujuy-se-registran-demoras-y-suspensiones-de-colectivos-de-media-distancia\/#breadcrumb","itemListElement":[{"@type":"ListItem","position":1,"name":"Inicio","item":"https:\/\/www.muyjujuy.com\/"},{"@type":"ListItem","position":2,"name":"Falta de gasoil en Jujuy: se registran demoras y suspensiones de colectivos de media distancia"}]},{"@type":"WebSite","@id":"https:\/\/www.muyjujuy.com\/#website","url":"https:\/\/www.muyjujuy.com\/","name":"Muy Jujuy","description":"","publisher":{"@id":"https:\/\/www.muyjujuy.com\/#organization"},"potentialAction":[{"@type":"SearchAction","target":{"@type":"EntryPoint","urlTemplate":"https:\/\/www.muyjujuy.com\/?s={search_term_string}"},"query-input":{"@type":"PropertyValueSpecification","valueRequired":true,"valueName":"search_term_string"}}],"inLanguage":"es-AR"},{"@type":"Organization","@id":"https:\/\/www.muyjujuy.com\/#organization","name":"Muy Jujuy","url":"https:\/\/www.muyjujuy.com\/","logo":{"@type":"ImageObject","inLanguage":"es-AR","@id":"https:\/\/www.muyjujuy.com\/#\/schema\/logo\/image\/","url":"http:\/\/www.muyjujuy.com\/wp-content\/uploads\/2022\/05\/logo-mobil-jujuy.png","contentUrl":"http:\/\/www.muyjujuy.com\/wp-content\/uploads\/2022\/05\/logo-mobil-jujuy.png","width":174,"height":81,"caption":"Muy Jujuy"},"image":{"@id":"https:\/\/www.muyjujuy.com\/#\/schema\/logo\/image\/"},"sameAs":["https:\/\/www.facebook.com\/muyjujuycom","https:\/\/x.com\/muyjujuy","https:\/\/www.instagram.com\/muyjujuycom"]},{"@type":"Person","@id":"https:\/\/www.muyjujuy.com\/#\/schema\/person\/1d0f6e223ccea9e3f9034c1a5b683bf2","name":"Redacci\u00f3n Muy Jujuy","image":{"@type":"ImageObject","inLanguage":"es-AR","@id":"https:\/\/secure.gravatar.com\/avatar\/fec5f6f1893d741ed5eecccff109ce43e67a855411202a3212a058cb8e5c27d4?s=96&d=mm&r=g","url":"https:\/\/secure.gravatar.com\/avatar\/fec5f6f1893d741ed5eecccff109ce43e67a855411202a3212a058cb8e5c27d4?s=96&d=mm&r=g","contentUrl":"https:\/\/secure.gravatar.com\/avatar\/fec5f6f1893d741ed5eecccff109ce43e67a855411202a3212a058cb8e5c27d4?s=96&d=mm&r=g","caption":"Redacci\u00f3n Muy Jujuy"},"url":"https:\/\/www.muyjujuy.com\/index.php\/author\/editor\/"}]}},"_links":{"self":[{"href":"https:\/\/www.muyjujuy.com\/index.php\/wp-json\/wp\/v2\/posts\/943","targetHints":{"allow":["GET"]}}],"collection":[{"href":"https:\/\/www.muyjujuy.com\/index.php\/wp-json\/wp\/v2\/posts"}],"about":[{"href":"https:\/\/www.muyjujuy.com\/index.php\/wp-json\/wp\/v2\/types\/post"}],"author":[{"embeddable":true,"href":"https:\/\/www.muyjujuy.com\/index.php\/wp-json\/wp\/v2\/users\/3"}],"replies":[{"embeddable":true,"href":"https:\/\/www.muyjujuy.com\/index.php\/wp-json\/wp\/v2\/comments?post=943"}],"version-history":[{"count":1,"href":"https:\/\/www.muyjujuy.com\/index.php\/wp-json\/wp\/v2\/posts\/943\/revisions"}],"predecessor-version":[{"id":945,"href":"https:\/\/www.muyjujuy.com\/index.php\/wp-json\/wp\/v2\/posts\/943\/revisions\/945"}],"wp:featuredmedia":[{"embeddable":true,"href":"https:\/\/www.muyjujuy.com\/index.php\/wp-json\/wp\/v2\/media\/944"}],"wp:attachment":[{"href":"https:\/\/www.muyjujuy.com\/index.php\/wp-json\/wp\/v2\/media?parent=943"}],"wp:term":[{"taxonomy":"category","embeddable":true,"href":"https:\/\/www.muyjujuy.com\/index.php\/wp-json\/wp\/v2\/categories?post=943"},{"taxonomy":"post_tag","embeddable":true,"href":"https:\/\/www.muyjujuy.com\/index.php\/wp-json\/wp\/v2\/tags?post=943"}],"curies":[{"name":"wp","href":"https:\/\/api.w.org\/{rel}","templated":true}]}}