{"id":946,"date":"2022-07-20T11:53:06","date_gmt":"2022-07-20T14:53:06","guid":{"rendered":"https:\/\/www.muyjujuy.com\/?p=946"},"modified":"2022-07-20T11:53:08","modified_gmt":"2022-07-20T14:53:08","slug":"vandalismo-en-la-quebrada-la-multa-sera-de-30-000","status":"publish","type":"post","link":"https:\/\/www.muyjujuy.com\/index.php\/2022\/07\/20\/vandalismo-en-la-quebrada-la-multa-sera-de-30-000\/","title":{"rendered":"Vandalismo en la Quebrada: la multa ser\u00e1 de $30.000"},"content":{"rendered":"\n<p><em>Un hombre fue sorprendido vandalizando la zona de la Quebrada de Las Se\u00f1oritas y tuvo que reparar el da\u00f1o.<\/em><\/p>\n\n\n\n<p>Crece la preocupaci\u00f3n por los casos de vandalismo en<a href=\"https:\/\/www.muyjujuy.com\/?s=quebrada\"> <strong>la Quebrada de Las Se\u00f1oritas <\/strong><\/a>y se estableci\u00f3 que <strong>la multa por da\u00f1ar el patrimonio ser\u00e1 de 30 mil pesos.<\/strong><\/p>\n\n\n\n<p>Este martes se dio a conocer el cumplimiento de la sanci\u00f3n que recibi\u00f3 un turista por vandalizar el espacio en Uqu\u00eda. Seg\u00fan explicaron, <strong>el visitante se comprometi\u00f3 a remediar su error y fue acompa\u00f1ado por autoridades para constatar su accionar.<\/strong><\/p>\n\n\n\n<p>En tanto, <strong>Mat\u00edas Ustarez<\/strong>, juez contravencional, explic\u00f3 a <em>Canal 7 <\/em>que se dio cumplimiento a <strong>la sentencia donde se homologaba un acuerdo con el visitante infractor.<\/strong> Adem\u00e1s, indic\u00f3 que <strong>en este accionar particip\u00f3 la polic\u00eda tur\u00edstica, el ministerio de ambiente, la fiscal\u00eda, el juzgado contravencional, entre otros organismos.<\/strong><\/p>\n\n\n\n<p>&#8220;Atento a la voluntad de reparaci\u00f3n, se le da la posibilidad de dejar todo seg\u00fan estaba antes. <strong>\u00c9l hab\u00eda escrito en la roca<\/strong>. <strong>Estamos hablando de un bien que es considerado patrimonio natural y cultural\u201d<\/strong>, asever\u00f3 Ustarez.<\/p>\n\n\n\n<p>El juez contravencional explic\u00f3 que se trat\u00f3 de un turista de la provincia de Buenos Aires que tras la limpieza en el lugar ten\u00eda la obligaci\u00f3n de enviar material fotogr\u00e1fico del estado del lugar para corroborar su resarcimiento. <strong>En caso de no demostrar voluntad de reparaci\u00f3n, la multa econ\u00f3mica asciende a los $30.000.<\/strong><\/p>\n\n\n\n<p>\u201cEstaba a punto de retirarse de la provincia y el c\u00f3digo autoriza que se haga lugar a la solicitud conjunta entre la Defensor\u00eda Contravencional y un acuerdo que permite remediar el da\u00f1o\u201d, explic\u00f3 el juez.<\/p>\n\n\n\n<h2 class=\"wp-block-heading\"><strong>El hecho<\/strong><\/h2>\n\n\n\n<p>Ustarez detall\u00f3 que <strong>el turista fue sorprendido mientras escrib\u00eda en una de las rocas de la Quebrada de las Se\u00f1oritas. <\/strong>\u201cQuiso poner una leyenda de su nombre, el nombre de una persona y un coraz\u00f3n\u201d, precis\u00f3.<\/p>\n\n\n\n<p>Al ver al accionar de este visitante, la <strong>Polic\u00eda Tur\u00edstica consigui\u00f3 la informaci\u00f3n y tom\u00f3 datos fotogr\u00e1ficos para iniciar las actuaciones.<\/strong><\/p>\n\n\n\n<p>Tras el inicio del tr\u00e1mite por parte de la Polic\u00eda Tur\u00edstica pudieron dar curso a la investigaci\u00f3n y posterior acuerdo para remediar el hecho..<\/p>\n","protected":false},"excerpt":{"rendered":"<p>Un hombre fue sorprendido vandalizando la zona de la Quebrada de Las Se\u00f1oritas y tuvo que reparar el da\u00f1o. Crece la preocupaci\u00f3n por los casos de vandalismo en la Quebrada de Las Se\u00f1oritas y se estableci\u00f3 que la multa por da\u00f1ar el patrimonio ser\u00e1 de 30 mil pesos. Este martes se dio a conocer el [&hellip;]<\/p>\n","protected":false},"author":3,"featured_media":947,"comment_status":"open","ping_status":"open","sticky":false,"template":"","format":"standard","meta":{"footnotes":""},"categories":[25],"tags":[8,728],"class_list":{"0":"post-946","1":"post","2":"type-post","3":"status-publish","4":"format-standard","5":"has-post-thumbnail","7":"category-sociedad","8":"tag-jujuy","9":"tag-quebrada"},"yoast_head":"<!-- This site is optimized with the Yoast SEO plugin v27.5 - https:\/\/yoast.com\/product\/yoast-seo-wordpress\/ -->\n<title>Vandalismo en la Quebrada: la multa ser\u00e1 de $30.000 - Muy Jujuy<\/title>\n<meta name=\"description\" content=\"Crece la preocupaci\u00f3n por los casos de vandalismo en la Quebrada y se estableci\u00f3 que la multa por da\u00f1ar el patrimonio ser\u00e1 de $30 mil.\" \/>\n<meta name=\"robots\" content=\"index, follow, max-snippet:-1, max-image-preview:large, max-video-preview:-1\" \/>\n<link rel=\"canonical\" href=\"https:\/\/www.muyjujuy.com\/index.php\/2022\/07\/20\/vandalismo-en-la-quebrada-la-multa-sera-de-30-000\/\" \/>\n<meta property=\"og:locale\" content=\"es_ES\" \/>\n<meta property=\"og:type\" content=\"article\" \/>\n<meta property=\"og:title\" content=\"Vandalismo en la Quebrada: la multa ser\u00e1 de $30.000 - Muy Jujuy\" \/>\n<meta property=\"og:description\" content=\"Crece la preocupaci\u00f3n por los casos de vandalismo en la Quebrada y se estableci\u00f3 que la multa por da\u00f1ar el patrimonio ser\u00e1 de $30 mil.\" \/>\n<meta property=\"og:url\" content=\"https:\/\/www.muyjujuy.com\/index.php\/2022\/07\/20\/vandalismo-en-la-quebrada-la-multa-sera-de-30-000\/\" \/>\n<meta property=\"og:site_name\" content=\"Muy Jujuy\" \/>\n<meta property=\"article:publisher\" content=\"https:\/\/www.facebook.com\/muyjujuycom\" \/>\n<meta property=\"article:published_time\" content=\"2022-07-20T14:53:06+00:00\" \/>\n<meta property=\"article:modified_time\" content=\"2022-07-20T14:53:08+00:00\" \/>\n<meta property=\"og:image\" content=\"https:\/\/www.muyjujuy.com\/wp-content\/uploads\/2022\/07\/WhatsApp-Image-2022-07-20-at-11.49.23-AM.jpeg\" \/>\n\t<meta property=\"og:image:width\" content=\"990\" \/>\n\t<meta property=\"og:image:height\" content=\"610\" \/>\n\t<meta property=\"og:image:type\" content=\"image\/jpeg\" \/>\n<meta name=\"author\" content=\"Redacci\u00f3n Muy Jujuy\" \/>\n<meta name=\"twitter:card\" content=\"summary_large_image\" \/>\n<meta name=\"twitter:creator\" content=\"@muyjujuy\" \/>\n<meta name=\"twitter:site\" content=\"@muyjujuy\" \/>\n<meta name=\"twitter:label1\" content=\"Escrito por\" \/>\n\t<meta name=\"twitter:data1\" content=\"Redacci\u00f3n Muy Jujuy\" \/>\n\t<meta name=\"twitter:label2\" content=\"Tiempo de lectura\" \/>\n\t<meta name=\"twitter:data2\" content=\"2 minutos\" \/>\n<script type=\"application\/ld+json\" class=\"yoast-schema-graph\">{\"@context\":\"https:\\\/\\\/schema.org\",\"@graph\":[{\"@type\":\"Article\",\"@id\":\"https:\\\/\\\/www.muyjujuy.com\\\/index.php\\\/2022\\\/07\\\/20\\\/vandalismo-en-la-quebrada-la-multa-sera-de-30-000\\\/#article\",\"isPartOf\":{\"@id\":\"https:\\\/\\\/www.muyjujuy.com\\\/index.php\\\/2022\\\/07\\\/20\\\/vandalismo-en-la-quebrada-la-multa-sera-de-30-000\\\/\"},\"author\":{\"name\":\"Redacci\u00f3n Muy Jujuy\",\"@id\":\"https:\\\/\\\/www.muyjujuy.com\\\/#\\\/schema\\\/person\\\/1d0f6e223ccea9e3f9034c1a5b683bf2\"},\"headline\":\"Vandalismo en la Quebrada: la multa ser\u00e1 de $30.000\",\"datePublished\":\"2022-07-20T14:53:06+00:00\",\"dateModified\":\"2022-07-20T14:53:08+00:00\",\"mainEntityOfPage\":{\"@id\":\"https:\\\/\\\/www.muyjujuy.com\\\/index.php\\\/2022\\\/07\\\/20\\\/vandalismo-en-la-quebrada-la-multa-sera-de-30-000\\\/\"},\"wordCount\":385,\"commentCount\":0,\"publisher\":{\"@id\":\"https:\\\/\\\/www.muyjujuy.com\\\/#organization\"},\"image\":{\"@id\":\"https:\\\/\\\/www.muyjujuy.com\\\/index.php\\\/2022\\\/07\\\/20\\\/vandalismo-en-la-quebrada-la-multa-sera-de-30-000\\\/#primaryimage\"},\"thumbnailUrl\":\"https:\\\/\\\/www.muyjujuy.com\\\/wp-content\\\/uploads\\\/2022\\\/07\\\/WhatsApp-Image-2022-07-20-at-11.49.23-AM.jpeg\",\"keywords\":[\"Jujuy\",\"Quebrada\"],\"articleSection\":[\"Sociedad\"],\"inLanguage\":\"es-AR\",\"potentialAction\":[{\"@type\":\"CommentAction\",\"name\":\"Comment\",\"target\":[\"https:\\\/\\\/www.muyjujuy.com\\\/index.php\\\/2022\\\/07\\\/20\\\/vandalismo-en-la-quebrada-la-multa-sera-de-30-000\\\/#respond\"]}]},{\"@type\":\"WebPage\",\"@id\":\"https:\\\/\\\/www.muyjujuy.com\\\/index.php\\\/2022\\\/07\\\/20\\\/vandalismo-en-la-quebrada-la-multa-sera-de-30-000\\\/\",\"url\":\"https:\\\/\\\/www.muyjujuy.com\\\/index.php\\\/2022\\\/07\\\/20\\\/vandalismo-en-la-quebrada-la-multa-sera-de-30-000\\\/\",\"name\":\"Vandalismo en la Quebrada: la multa ser\u00e1 de $30.000 - Muy Jujuy\",\"isPartOf\":{\"@id\":\"https:\\\/\\\/www.muyjujuy.com\\\/#website\"},\"primaryImageOfPage\":{\"@id\":\"https:\\\/\\\/www.muyjujuy.com\\\/index.php\\\/2022\\\/07\\\/20\\\/vandalismo-en-la-quebrada-la-multa-sera-de-30-000\\\/#primaryimage\"},\"image\":{\"@id\":\"https:\\\/\\\/www.muyjujuy.com\\\/index.php\\\/2022\\\/07\\\/20\\\/vandalismo-en-la-quebrada-la-multa-sera-de-30-000\\\/#primaryimage\"},\"thumbnailUrl\":\"https:\\\/\\\/www.muyjujuy.com\\\/wp-content\\\/uploads\\\/2022\\\/07\\\/WhatsApp-Image-2022-07-20-at-11.49.23-AM.jpeg\",\"datePublished\":\"2022-07-20T14:53:06+00:00\",\"dateModified\":\"2022-07-20T14:53:08+00:00\",\"description\":\"Crece la preocupaci\u00f3n por los casos de vandalismo en la Quebrada y se estableci\u00f3 que la multa por da\u00f1ar el patrimonio ser\u00e1 de $30 mil.\",\"breadcrumb\":{\"@id\":\"https:\\\/\\\/www.muyjujuy.com\\\/index.php\\\/2022\\\/07\\\/20\\\/vandalismo-en-la-quebrada-la-multa-sera-de-30-000\\\/#breadcrumb\"},\"inLanguage\":\"es-AR\",\"potentialAction\":[{\"@type\":\"ReadAction\",\"target\":[\"https:\\\/\\\/www.muyjujuy.com\\\/index.php\\\/2022\\\/07\\\/20\\\/vandalismo-en-la-quebrada-la-multa-sera-de-30-000\\\/\"]}]},{\"@type\":\"ImageObject\",\"inLanguage\":\"es-AR\",\"@id\":\"https:\\\/\\\/www.muyjujuy.com\\\/index.php\\\/2022\\\/07\\\/20\\\/vandalismo-en-la-quebrada-la-multa-sera-de-30-000\\\/#primaryimage\",\"url\":\"https:\\\/\\\/www.muyjujuy.com\\\/wp-content\\\/uploads\\\/2022\\\/07\\\/WhatsApp-Image-2022-07-20-at-11.49.23-AM.jpeg\",\"contentUrl\":\"https:\\\/\\\/www.muyjujuy.com\\\/wp-content\\\/uploads\\\/2022\\\/07\\\/WhatsApp-Image-2022-07-20-at-11.49.23-AM.jpeg\",\"width\":990,\"height\":610},{\"@type\":\"BreadcrumbList\",\"@id\":\"https:\\\/\\\/www.muyjujuy.com\\\/index.php\\\/2022\\\/07\\\/20\\\/vandalismo-en-la-quebrada-la-multa-sera-de-30-000\\\/#breadcrumb\",\"itemListElement\":[{\"@type\":\"ListItem\",\"position\":1,\"name\":\"Inicio\",\"item\":\"https:\\\/\\\/www.muyjujuy.com\\\/\"},{\"@type\":\"ListItem\",\"position\":2,\"name\":\"Vandalismo en la Quebrada: la multa ser\u00e1 de $30.000\"}]},{\"@type\":\"WebSite\",\"@id\":\"https:\\\/\\\/www.muyjujuy.com\\\/#website\",\"url\":\"https:\\\/\\\/www.muyjujuy.com\\\/\",\"name\":\"Muy Jujuy\",\"description\":\"\",\"publisher\":{\"@id\":\"https:\\\/\\\/www.muyjujuy.com\\\/#organization\"},\"potentialAction\":[{\"@type\":\"SearchAction\",\"target\":{\"@type\":\"EntryPoint\",\"urlTemplate\":\"https:\\\/\\\/www.muyjujuy.com\\\/?s={search_term_string}\"},\"query-input\":{\"@type\":\"PropertyValueSpecification\",\"valueRequired\":true,\"valueName\":\"search_term_string\"}}],\"inLanguage\":\"es-AR\"},{\"@type\":\"Organization\",\"@id\":\"https:\\\/\\\/www.muyjujuy.com\\\/#organization\",\"name\":\"Muy Jujuy\",\"url\":\"https:\\\/\\\/www.muyjujuy.com\\\/\",\"logo\":{\"@type\":\"ImageObject\",\"inLanguage\":\"es-AR\",\"@id\":\"https:\\\/\\\/www.muyjujuy.com\\\/#\\\/schema\\\/logo\\\/image\\\/\",\"url\":\"http:\\\/\\\/www.muyjujuy.com\\\/wp-content\\\/uploads\\\/2022\\\/05\\\/logo-mobil-jujuy.png\",\"contentUrl\":\"http:\\\/\\\/www.muyjujuy.com\\\/wp-content\\\/uploads\\\/2022\\\/05\\\/logo-mobil-jujuy.png\",\"width\":174,\"height\":81,\"caption\":\"Muy Jujuy\"},\"image\":{\"@id\":\"https:\\\/\\\/www.muyjujuy.com\\\/#\\\/schema\\\/logo\\\/image\\\/\"},\"sameAs\":[\"https:\\\/\\\/www.facebook.com\\\/muyjujuycom\",\"https:\\\/\\\/x.com\\\/muyjujuy\",\"https:\\\/\\\/www.instagram.com\\\/muyjujuycom\"]},{\"@type\":\"Person\",\"@id\":\"https:\\\/\\\/www.muyjujuy.com\\\/#\\\/schema\\\/person\\\/1d0f6e223ccea9e3f9034c1a5b683bf2\",\"name\":\"Redacci\u00f3n Muy Jujuy\",\"image\":{\"@type\":\"ImageObject\",\"inLanguage\":\"es-AR\",\"@id\":\"https:\\\/\\\/secure.gravatar.com\\\/avatar\\\/fec5f6f1893d741ed5eecccff109ce43e67a855411202a3212a058cb8e5c27d4?s=96&d=mm&r=g\",\"url\":\"https:\\\/\\\/secure.gravatar.com\\\/avatar\\\/fec5f6f1893d741ed5eecccff109ce43e67a855411202a3212a058cb8e5c27d4?s=96&d=mm&r=g\",\"contentUrl\":\"https:\\\/\\\/secure.gravatar.com\\\/avatar\\\/fec5f6f1893d741ed5eecccff109ce43e67a855411202a3212a058cb8e5c27d4?s=96&d=mm&r=g\",\"caption\":\"Redacci\u00f3n Muy Jujuy\"},\"url\":\"https:\\\/\\\/www.muyjujuy.com\\\/index.php\\\/author\\\/editor\\\/\"}]}<\/script>\n<!-- \/ Yoast SEO plugin. -->","yoast_head_json":{"title":"Vandalismo en la Quebrada: la multa ser\u00e1 de $30.000 - Muy Jujuy","description":"Crece la preocupaci\u00f3n por los casos de vandalismo en la Quebrada y se estableci\u00f3 que la multa por da\u00f1ar el patrimonio ser\u00e1 de $30 mil.","robots":{"index":"index","follow":"follow","max-snippet":"max-snippet:-1","max-image-preview":"max-image-preview:large","max-video-preview":"max-video-preview:-1"},"canonical":"https:\/\/www.muyjujuy.com\/index.php\/2022\/07\/20\/vandalismo-en-la-quebrada-la-multa-sera-de-30-000\/","og_locale":"es_ES","og_type":"article","og_title":"Vandalismo en la Quebrada: la multa ser\u00e1 de $30.000 - Muy Jujuy","og_description":"Crece la preocupaci\u00f3n por los casos de vandalismo en la Quebrada y se estableci\u00f3 que la multa por da\u00f1ar el patrimonio ser\u00e1 de $30 mil.","og_url":"https:\/\/www.muyjujuy.com\/index.php\/2022\/07\/20\/vandalismo-en-la-quebrada-la-multa-sera-de-30-000\/","og_site_name":"Muy Jujuy","article_publisher":"https:\/\/www.facebook.com\/muyjujuycom","article_published_time":"2022-07-20T14:53:06+00:00","article_modified_time":"2022-07-20T14:53:08+00:00","og_image":[{"width":990,"height":610,"url":"https:\/\/www.muyjujuy.com\/wp-content\/uploads\/2022\/07\/WhatsApp-Image-2022-07-20-at-11.49.23-AM.jpeg","type":"image\/jpeg"}],"author":"Redacci\u00f3n Muy Jujuy","twitter_card":"summary_large_image","twitter_creator":"@muyjujuy","twitter_site":"@muyjujuy","twitter_misc":{"Escrito por":"Redacci\u00f3n Muy Jujuy","Tiempo de lectura":"2 minutos"},"schema":{"@context":"https:\/\/schema.org","@graph":[{"@type":"Article","@id":"https:\/\/www.muyjujuy.com\/index.php\/2022\/07\/20\/vandalismo-en-la-quebrada-la-multa-sera-de-30-000\/#article","isPartOf":{"@id":"https:\/\/www.muyjujuy.com\/index.php\/2022\/07\/20\/vandalismo-en-la-quebrada-la-multa-sera-de-30-000\/"},"author":{"name":"Redacci\u00f3n Muy Jujuy","@id":"https:\/\/www.muyjujuy.com\/#\/schema\/person\/1d0f6e223ccea9e3f9034c1a5b683bf2"},"headline":"Vandalismo en la Quebrada: la multa ser\u00e1 de $30.000","datePublished":"2022-07-20T14:53:06+00:00","dateModified":"2022-07-20T14:53:08+00:00","mainEntityOfPage":{"@id":"https:\/\/www.muyjujuy.com\/index.php\/2022\/07\/20\/vandalismo-en-la-quebrada-la-multa-sera-de-30-000\/"},"wordCount":385,"commentCount":0,"publisher":{"@id":"https:\/\/www.muyjujuy.com\/#organization"},"image":{"@id":"https:\/\/www.muyjujuy.com\/index.php\/2022\/07\/20\/vandalismo-en-la-quebrada-la-multa-sera-de-30-000\/#primaryimage"},"thumbnailUrl":"https:\/\/www.muyjujuy.com\/wp-content\/uploads\/2022\/07\/WhatsApp-Image-2022-07-20-at-11.49.23-AM.jpeg","keywords":["Jujuy","Quebrada"],"articleSection":["Sociedad"],"inLanguage":"es-AR","potentialAction":[{"@type":"CommentAction","name":"Comment","target":["https:\/\/www.muyjujuy.com\/index.php\/2022\/07\/20\/vandalismo-en-la-quebrada-la-multa-sera-de-30-000\/#respond"]}]},{"@type":"WebPage","@id":"https:\/\/www.muyjujuy.com\/index.php\/2022\/07\/20\/vandalismo-en-la-quebrada-la-multa-sera-de-30-000\/","url":"https:\/\/www.muyjujuy.com\/index.php\/2022\/07\/20\/vandalismo-en-la-quebrada-la-multa-sera-de-30-000\/","name":"Vandalismo en la Quebrada: la multa ser\u00e1 de $30.000 - Muy Jujuy","isPartOf":{"@id":"https:\/\/www.muyjujuy.com\/#website"},"primaryImageOfPage":{"@id":"https:\/\/www.muyjujuy.com\/index.php\/2022\/07\/20\/vandalismo-en-la-quebrada-la-multa-sera-de-30-000\/#primaryimage"},"image":{"@id":"https:\/\/www.muyjujuy.com\/index.php\/2022\/07\/20\/vandalismo-en-la-quebrada-la-multa-sera-de-30-000\/#primaryimage"},"thumbnailUrl":"https:\/\/www.muyjujuy.com\/wp-content\/uploads\/2022\/07\/WhatsApp-Image-2022-07-20-at-11.49.23-AM.jpeg","datePublished":"2022-07-20T14:53:06+00:00","dateModified":"2022-07-20T14:53:08+00:00","description":"Crece la preocupaci\u00f3n por los casos de vandalismo en la Quebrada y se estableci\u00f3 que la multa por da\u00f1ar el patrimonio ser\u00e1 de $30 mil.","breadcrumb":{"@id":"https:\/\/www.muyjujuy.com\/index.php\/2022\/07\/20\/vandalismo-en-la-quebrada-la-multa-sera-de-30-000\/#breadcrumb"},"inLanguage":"es-AR","potentialAction":[{"@type":"ReadAction","target":["https:\/\/www.muyjujuy.com\/index.php\/2022\/07\/20\/vandalismo-en-la-quebrada-la-multa-sera-de-30-000\/"]}]},{"@type":"ImageObject","inLanguage":"es-AR","@id":"https:\/\/www.muyjujuy.com\/index.php\/2022\/07\/20\/vandalismo-en-la-quebrada-la-multa-sera-de-30-000\/#primaryimage","url":"https:\/\/www.muyjujuy.com\/wp-content\/uploads\/2022\/07\/WhatsApp-Image-2022-07-20-at-11.49.23-AM.jpeg","contentUrl":"https:\/\/www.muyjujuy.com\/wp-content\/uploads\/2022\/07\/WhatsApp-Image-2022-07-20-at-11.49.23-AM.jpeg","width":990,"height":610},{"@type":"BreadcrumbList","@id":"https:\/\/www.muyjujuy.com\/index.php\/2022\/07\/20\/vandalismo-en-la-quebrada-la-multa-sera-de-30-000\/#breadcrumb","itemListElement":[{"@type":"ListItem","position":1,"name":"Inicio","item":"https:\/\/www.muyjujuy.com\/"},{"@type":"ListItem","position":2,"name":"Vandalismo en la Quebrada: la multa ser\u00e1 de $30.000"}]},{"@type":"WebSite","@id":"https:\/\/www.muyjujuy.com\/#website","url":"https:\/\/www.muyjujuy.com\/","name":"Muy Jujuy","description":"","publisher":{"@id":"https:\/\/www.muyjujuy.com\/#organization"},"potentialAction":[{"@type":"SearchAction","target":{"@type":"EntryPoint","urlTemplate":"https:\/\/www.muyjujuy.com\/?s={search_term_string}"},"query-input":{"@type":"PropertyValueSpecification","valueRequired":true,"valueName":"search_term_string"}}],"inLanguage":"es-AR"},{"@type":"Organization","@id":"https:\/\/www.muyjujuy.com\/#organization","name":"Muy Jujuy","url":"https:\/\/www.muyjujuy.com\/","logo":{"@type":"ImageObject","inLanguage":"es-AR","@id":"https:\/\/www.muyjujuy.com\/#\/schema\/logo\/image\/","url":"http:\/\/www.muyjujuy.com\/wp-content\/uploads\/2022\/05\/logo-mobil-jujuy.png","contentUrl":"http:\/\/www.muyjujuy.com\/wp-content\/uploads\/2022\/05\/logo-mobil-jujuy.png","width":174,"height":81,"caption":"Muy Jujuy"},"image":{"@id":"https:\/\/www.muyjujuy.com\/#\/schema\/logo\/image\/"},"sameAs":["https:\/\/www.facebook.com\/muyjujuycom","https:\/\/x.com\/muyjujuy","https:\/\/www.instagram.com\/muyjujuycom"]},{"@type":"Person","@id":"https:\/\/www.muyjujuy.com\/#\/schema\/person\/1d0f6e223ccea9e3f9034c1a5b683bf2","name":"Redacci\u00f3n Muy Jujuy","image":{"@type":"ImageObject","inLanguage":"es-AR","@id":"https:\/\/secure.gravatar.com\/avatar\/fec5f6f1893d741ed5eecccff109ce43e67a855411202a3212a058cb8e5c27d4?s=96&d=mm&r=g","url":"https:\/\/secure.gravatar.com\/avatar\/fec5f6f1893d741ed5eecccff109ce43e67a855411202a3212a058cb8e5c27d4?s=96&d=mm&r=g","contentUrl":"https:\/\/secure.gravatar.com\/avatar\/fec5f6f1893d741ed5eecccff109ce43e67a855411202a3212a058cb8e5c27d4?s=96&d=mm&r=g","caption":"Redacci\u00f3n Muy Jujuy"},"url":"https:\/\/www.muyjujuy.com\/index.php\/author\/editor\/"}]}},"_links":{"self":[{"href":"https:\/\/www.muyjujuy.com\/index.php\/wp-json\/wp\/v2\/posts\/946","targetHints":{"allow":["GET"]}}],"collection":[{"href":"https:\/\/www.muyjujuy.com\/index.php\/wp-json\/wp\/v2\/posts"}],"about":[{"href":"https:\/\/www.muyjujuy.com\/index.php\/wp-json\/wp\/v2\/types\/post"}],"author":[{"embeddable":true,"href":"https:\/\/www.muyjujuy.com\/index.php\/wp-json\/wp\/v2\/users\/3"}],"replies":[{"embeddable":true,"href":"https:\/\/www.muyjujuy.com\/index.php\/wp-json\/wp\/v2\/comments?post=946"}],"version-history":[{"count":1,"href":"https:\/\/www.muyjujuy.com\/index.php\/wp-json\/wp\/v2\/posts\/946\/revisions"}],"predecessor-version":[{"id":948,"href":"https:\/\/www.muyjujuy.com\/index.php\/wp-json\/wp\/v2\/posts\/946\/revisions\/948"}],"wp:featuredmedia":[{"embeddable":true,"href":"https:\/\/www.muyjujuy.com\/index.php\/wp-json\/wp\/v2\/media\/947"}],"wp:attachment":[{"href":"https:\/\/www.muyjujuy.com\/index.php\/wp-json\/wp\/v2\/media?parent=946"}],"wp:term":[{"taxonomy":"category","embeddable":true,"href":"https:\/\/www.muyjujuy.com\/index.php\/wp-json\/wp\/v2\/categories?post=946"},{"taxonomy":"post_tag","embeddable":true,"href":"https:\/\/www.muyjujuy.com\/index.php\/wp-json\/wp\/v2\/tags?post=946"}],"curies":[{"name":"wp","href":"https:\/\/api.w.org\/{rel}","templated":true}]}}