{"id":953,"date":"2022-07-20T15:35:35","date_gmt":"2022-07-20T18:35:35","guid":{"rendered":"https:\/\/www.muyjujuy.com\/?p=953"},"modified":"2022-07-20T15:35:36","modified_gmt":"2022-07-20T18:35:36","slug":"le-robaron-en-san-pedro-a-uno-de-los-integrantes-de-la-repandilla","status":"publish","type":"post","link":"https:\/\/www.muyjujuy.com\/index.php\/2022\/07\/20\/le-robaron-en-san-pedro-a-uno-de-los-integrantes-de-la-repandilla\/","title":{"rendered":"Le robaron en San Pedro a uno de los integrantes de La Repandilla"},"content":{"rendered":"\n<p><em>Un m\u00fasico de la banda de cumbia La Repandilla fue v\u00edctima de un robo mientras lavaba la camioneta.<\/em><\/p>\n\n\n\n<p>La banda de cumbia <strong><a href=\"https:\/\/www.instagram.com\/oscarlarepa\/?hl=es\">La Repandilla<\/a> <\/strong>pas\u00f3 un mal momento cuando <strong>le robaron a uno de sus integrantes en la puerta del hotel en donde se alojaban <\/strong>en la ciudad de <a href=\"https:\/\/www.muyjujuy.com\/?s=san+pedro\">San Pedro. <\/a><br><br>Seg\u00fan precisaron, <strong>un hombre se llev\u00f3 una ri\u00f1onera en la que el m\u00fasico guardaba sus documentos. <\/strong>El ladr\u00f3n ahora es buscado por la Polic\u00eda ya que fue captado por las c\u00e1maras de seguridad del hotel.<\/p>\n\n\n\n<h2 class=\"wp-block-heading\"><strong>El hecho<\/strong><\/h2>\n\n\n\n<p>El hecho ocurri\u00f3 el martes, cerca de las 14.30 en la puerta del hotel en donde se hospedan los m\u00fasicos. El integrante de la banda se encontraba lavando la camioneta traffic en la que se trasladan a los diferentes shows.<\/p>\n\n\n\n<p>En un momento <strong>fue hacia dentro del hotel en busca de un balde de agua<\/strong>. En ese descuido un sujeto que pasaba por all\u00ed <strong>tom\u00f3 una ri\u00f1onera que estaba en el asiento y huy\u00f3.<\/strong><\/p>\n\n\n\n<p>Cuando el m\u00fasico regres\u00f3 se dio cuenta de que no estaba la ri\u00f1onera. Le robaron su DNI, la c\u00e9dula de una motocicleta, un carnet de conducir, una c\u00e9dula clu de arma de fuego 9 mm y un manojo de llaves.<\/p>\n\n\n\n<p>La v\u00edctima inmediatamente pidi\u00f3 ver las c\u00e1maras de seguridad del hotel. <strong>En las im\u00e1genes se pod\u00eda ver a un sujeto de contextura delgada y de test morena<\/strong>, con pelo largo recogido. Vest\u00eda una gorra negra, campera violeta con mangas negras, pantal\u00f3n jean de color verde y zapatillas negras. Ahora el hombre es intensamente buscado.<\/p>\n","protected":false},"excerpt":{"rendered":"<p>Un m\u00fasico de la banda de cumbia La Repandilla fue v\u00edctima de un robo mientras lavaba la camioneta. La banda de cumbia La Repandilla pas\u00f3 un mal momento cuando le robaron a uno de sus integrantes en la puerta del hotel en donde se alojaban en la ciudad de San Pedro. Seg\u00fan precisaron, un hombre [&hellip;]<\/p>\n","protected":false},"author":3,"featured_media":954,"comment_status":"open","ping_status":"open","sticky":false,"template":"","format":"standard","meta":{"footnotes":""},"categories":[25],"tags":[8,730,676],"class_list":{"0":"post-953","1":"post","2":"type-post","3":"status-publish","4":"format-standard","5":"has-post-thumbnail","7":"category-sociedad","8":"tag-jujuy","9":"tag-la-repandilla","10":"tag-san-pedro"},"yoast_head":"<!-- This site is optimized with the Yoast SEO plugin v27.5 - https:\/\/yoast.com\/product\/yoast-seo-wordpress\/ -->\n<title>Le robaron en San Pedro a uno de los integrantes de La Repandilla<\/title>\n<meta name=\"description\" content=\"La banda de cumbia La Repandilla pas\u00f3 un mal momento cuando le robaron a uno de sus integrantes en la puerta del hotel en donde se alojaban en San Pedro.\" \/>\n<meta name=\"robots\" content=\"index, follow, max-snippet:-1, max-image-preview:large, max-video-preview:-1\" \/>\n<link rel=\"canonical\" href=\"https:\/\/www.muyjujuy.com\/index.php\/2022\/07\/20\/le-robaron-en-san-pedro-a-uno-de-los-integrantes-de-la-repandilla\/\" \/>\n<meta property=\"og:locale\" content=\"es_ES\" \/>\n<meta property=\"og:type\" content=\"article\" \/>\n<meta property=\"og:title\" content=\"Le robaron en San Pedro a uno de los integrantes de La Repandilla\" \/>\n<meta property=\"og:description\" content=\"La banda de cumbia La Repandilla pas\u00f3 un mal momento cuando le robaron a uno de sus integrantes en la puerta del hotel en donde se alojaban en San Pedro.\" \/>\n<meta property=\"og:url\" content=\"https:\/\/www.muyjujuy.com\/index.php\/2022\/07\/20\/le-robaron-en-san-pedro-a-uno-de-los-integrantes-de-la-repandilla\/\" \/>\n<meta property=\"og:site_name\" content=\"Muy Jujuy\" \/>\n<meta property=\"article:publisher\" content=\"https:\/\/www.facebook.com\/muyjujuycom\" \/>\n<meta property=\"article:published_time\" content=\"2022-07-20T18:35:35+00:00\" \/>\n<meta property=\"article:modified_time\" content=\"2022-07-20T18:35:36+00:00\" \/>\n<meta property=\"og:image\" content=\"https:\/\/www.muyjujuy.com\/wp-content\/uploads\/2022\/07\/WhatsApp-Image-2022-07-20-at-3.26.52-PM.jpeg\" \/>\n\t<meta property=\"og:image:width\" content=\"990\" \/>\n\t<meta property=\"og:image:height\" content=\"610\" \/>\n\t<meta property=\"og:image:type\" content=\"image\/jpeg\" \/>\n<meta name=\"author\" content=\"Redacci\u00f3n Muy Jujuy\" \/>\n<meta name=\"twitter:card\" content=\"summary_large_image\" \/>\n<meta name=\"twitter:creator\" content=\"@muyjujuy\" \/>\n<meta name=\"twitter:site\" content=\"@muyjujuy\" \/>\n<meta name=\"twitter:label1\" content=\"Escrito por\" \/>\n\t<meta name=\"twitter:data1\" content=\"Redacci\u00f3n Muy Jujuy\" \/>\n\t<meta name=\"twitter:label2\" content=\"Tiempo de lectura\" \/>\n\t<meta name=\"twitter:data2\" content=\"2 minutos\" \/>\n<script type=\"application\/ld+json\" class=\"yoast-schema-graph\">{\"@context\":\"https:\\\/\\\/schema.org\",\"@graph\":[{\"@type\":\"Article\",\"@id\":\"https:\\\/\\\/www.muyjujuy.com\\\/index.php\\\/2022\\\/07\\\/20\\\/le-robaron-en-san-pedro-a-uno-de-los-integrantes-de-la-repandilla\\\/#article\",\"isPartOf\":{\"@id\":\"https:\\\/\\\/www.muyjujuy.com\\\/index.php\\\/2022\\\/07\\\/20\\\/le-robaron-en-san-pedro-a-uno-de-los-integrantes-de-la-repandilla\\\/\"},\"author\":{\"name\":\"Redacci\u00f3n Muy Jujuy\",\"@id\":\"https:\\\/\\\/www.muyjujuy.com\\\/#\\\/schema\\\/person\\\/1d0f6e223ccea9e3f9034c1a5b683bf2\"},\"headline\":\"Le robaron en San Pedro a uno de los integrantes de La Repandilla\",\"datePublished\":\"2022-07-20T18:35:35+00:00\",\"dateModified\":\"2022-07-20T18:35:36+00:00\",\"mainEntityOfPage\":{\"@id\":\"https:\\\/\\\/www.muyjujuy.com\\\/index.php\\\/2022\\\/07\\\/20\\\/le-robaron-en-san-pedro-a-uno-de-los-integrantes-de-la-repandilla\\\/\"},\"wordCount\":287,\"commentCount\":0,\"publisher\":{\"@id\":\"https:\\\/\\\/www.muyjujuy.com\\\/#organization\"},\"image\":{\"@id\":\"https:\\\/\\\/www.muyjujuy.com\\\/index.php\\\/2022\\\/07\\\/20\\\/le-robaron-en-san-pedro-a-uno-de-los-integrantes-de-la-repandilla\\\/#primaryimage\"},\"thumbnailUrl\":\"https:\\\/\\\/www.muyjujuy.com\\\/wp-content\\\/uploads\\\/2022\\\/07\\\/WhatsApp-Image-2022-07-20-at-3.26.52-PM.jpeg\",\"keywords\":[\"Jujuy\",\"La Repandilla\",\"San Pedro\"],\"articleSection\":[\"Sociedad\"],\"inLanguage\":\"es-AR\",\"potentialAction\":[{\"@type\":\"CommentAction\",\"name\":\"Comment\",\"target\":[\"https:\\\/\\\/www.muyjujuy.com\\\/index.php\\\/2022\\\/07\\\/20\\\/le-robaron-en-san-pedro-a-uno-de-los-integrantes-de-la-repandilla\\\/#respond\"]}]},{\"@type\":\"WebPage\",\"@id\":\"https:\\\/\\\/www.muyjujuy.com\\\/index.php\\\/2022\\\/07\\\/20\\\/le-robaron-en-san-pedro-a-uno-de-los-integrantes-de-la-repandilla\\\/\",\"url\":\"https:\\\/\\\/www.muyjujuy.com\\\/index.php\\\/2022\\\/07\\\/20\\\/le-robaron-en-san-pedro-a-uno-de-los-integrantes-de-la-repandilla\\\/\",\"name\":\"Le robaron en San Pedro a uno de los integrantes de La Repandilla\",\"isPartOf\":{\"@id\":\"https:\\\/\\\/www.muyjujuy.com\\\/#website\"},\"primaryImageOfPage\":{\"@id\":\"https:\\\/\\\/www.muyjujuy.com\\\/index.php\\\/2022\\\/07\\\/20\\\/le-robaron-en-san-pedro-a-uno-de-los-integrantes-de-la-repandilla\\\/#primaryimage\"},\"image\":{\"@id\":\"https:\\\/\\\/www.muyjujuy.com\\\/index.php\\\/2022\\\/07\\\/20\\\/le-robaron-en-san-pedro-a-uno-de-los-integrantes-de-la-repandilla\\\/#primaryimage\"},\"thumbnailUrl\":\"https:\\\/\\\/www.muyjujuy.com\\\/wp-content\\\/uploads\\\/2022\\\/07\\\/WhatsApp-Image-2022-07-20-at-3.26.52-PM.jpeg\",\"datePublished\":\"2022-07-20T18:35:35+00:00\",\"dateModified\":\"2022-07-20T18:35:36+00:00\",\"description\":\"La banda de cumbia La Repandilla pas\u00f3 un mal momento cuando le robaron a uno de sus integrantes en la puerta del hotel en donde se alojaban en San Pedro.\",\"breadcrumb\":{\"@id\":\"https:\\\/\\\/www.muyjujuy.com\\\/index.php\\\/2022\\\/07\\\/20\\\/le-robaron-en-san-pedro-a-uno-de-los-integrantes-de-la-repandilla\\\/#breadcrumb\"},\"inLanguage\":\"es-AR\",\"potentialAction\":[{\"@type\":\"ReadAction\",\"target\":[\"https:\\\/\\\/www.muyjujuy.com\\\/index.php\\\/2022\\\/07\\\/20\\\/le-robaron-en-san-pedro-a-uno-de-los-integrantes-de-la-repandilla\\\/\"]}]},{\"@type\":\"ImageObject\",\"inLanguage\":\"es-AR\",\"@id\":\"https:\\\/\\\/www.muyjujuy.com\\\/index.php\\\/2022\\\/07\\\/20\\\/le-robaron-en-san-pedro-a-uno-de-los-integrantes-de-la-repandilla\\\/#primaryimage\",\"url\":\"https:\\\/\\\/www.muyjujuy.com\\\/wp-content\\\/uploads\\\/2022\\\/07\\\/WhatsApp-Image-2022-07-20-at-3.26.52-PM.jpeg\",\"contentUrl\":\"https:\\\/\\\/www.muyjujuy.com\\\/wp-content\\\/uploads\\\/2022\\\/07\\\/WhatsApp-Image-2022-07-20-at-3.26.52-PM.jpeg\",\"width\":990,\"height\":610},{\"@type\":\"BreadcrumbList\",\"@id\":\"https:\\\/\\\/www.muyjujuy.com\\\/index.php\\\/2022\\\/07\\\/20\\\/le-robaron-en-san-pedro-a-uno-de-los-integrantes-de-la-repandilla\\\/#breadcrumb\",\"itemListElement\":[{\"@type\":\"ListItem\",\"position\":1,\"name\":\"Inicio\",\"item\":\"https:\\\/\\\/www.muyjujuy.com\\\/\"},{\"@type\":\"ListItem\",\"position\":2,\"name\":\"Le robaron en San Pedro a uno de los integrantes de La Repandilla\"}]},{\"@type\":\"WebSite\",\"@id\":\"https:\\\/\\\/www.muyjujuy.com\\\/#website\",\"url\":\"https:\\\/\\\/www.muyjujuy.com\\\/\",\"name\":\"Muy Jujuy\",\"description\":\"\",\"publisher\":{\"@id\":\"https:\\\/\\\/www.muyjujuy.com\\\/#organization\"},\"potentialAction\":[{\"@type\":\"SearchAction\",\"target\":{\"@type\":\"EntryPoint\",\"urlTemplate\":\"https:\\\/\\\/www.muyjujuy.com\\\/?s={search_term_string}\"},\"query-input\":{\"@type\":\"PropertyValueSpecification\",\"valueRequired\":true,\"valueName\":\"search_term_string\"}}],\"inLanguage\":\"es-AR\"},{\"@type\":\"Organization\",\"@id\":\"https:\\\/\\\/www.muyjujuy.com\\\/#organization\",\"name\":\"Muy Jujuy\",\"url\":\"https:\\\/\\\/www.muyjujuy.com\\\/\",\"logo\":{\"@type\":\"ImageObject\",\"inLanguage\":\"es-AR\",\"@id\":\"https:\\\/\\\/www.muyjujuy.com\\\/#\\\/schema\\\/logo\\\/image\\\/\",\"url\":\"http:\\\/\\\/www.muyjujuy.com\\\/wp-content\\\/uploads\\\/2022\\\/05\\\/logo-mobil-jujuy.png\",\"contentUrl\":\"http:\\\/\\\/www.muyjujuy.com\\\/wp-content\\\/uploads\\\/2022\\\/05\\\/logo-mobil-jujuy.png\",\"width\":174,\"height\":81,\"caption\":\"Muy Jujuy\"},\"image\":{\"@id\":\"https:\\\/\\\/www.muyjujuy.com\\\/#\\\/schema\\\/logo\\\/image\\\/\"},\"sameAs\":[\"https:\\\/\\\/www.facebook.com\\\/muyjujuycom\",\"https:\\\/\\\/x.com\\\/muyjujuy\",\"https:\\\/\\\/www.instagram.com\\\/muyjujuycom\"]},{\"@type\":\"Person\",\"@id\":\"https:\\\/\\\/www.muyjujuy.com\\\/#\\\/schema\\\/person\\\/1d0f6e223ccea9e3f9034c1a5b683bf2\",\"name\":\"Redacci\u00f3n Muy Jujuy\",\"image\":{\"@type\":\"ImageObject\",\"inLanguage\":\"es-AR\",\"@id\":\"https:\\\/\\\/secure.gravatar.com\\\/avatar\\\/fec5f6f1893d741ed5eecccff109ce43e67a855411202a3212a058cb8e5c27d4?s=96&d=mm&r=g\",\"url\":\"https:\\\/\\\/secure.gravatar.com\\\/avatar\\\/fec5f6f1893d741ed5eecccff109ce43e67a855411202a3212a058cb8e5c27d4?s=96&d=mm&r=g\",\"contentUrl\":\"https:\\\/\\\/secure.gravatar.com\\\/avatar\\\/fec5f6f1893d741ed5eecccff109ce43e67a855411202a3212a058cb8e5c27d4?s=96&d=mm&r=g\",\"caption\":\"Redacci\u00f3n Muy Jujuy\"},\"url\":\"https:\\\/\\\/www.muyjujuy.com\\\/index.php\\\/author\\\/editor\\\/\"}]}<\/script>\n<!-- \/ Yoast SEO plugin. -->","yoast_head_json":{"title":"Le robaron en San Pedro a uno de los integrantes de La Repandilla","description":"La banda de cumbia La Repandilla pas\u00f3 un mal momento cuando le robaron a uno de sus integrantes en la puerta del hotel en donde se alojaban en San Pedro.","robots":{"index":"index","follow":"follow","max-snippet":"max-snippet:-1","max-image-preview":"max-image-preview:large","max-video-preview":"max-video-preview:-1"},"canonical":"https:\/\/www.muyjujuy.com\/index.php\/2022\/07\/20\/le-robaron-en-san-pedro-a-uno-de-los-integrantes-de-la-repandilla\/","og_locale":"es_ES","og_type":"article","og_title":"Le robaron en San Pedro a uno de los integrantes de La Repandilla","og_description":"La banda de cumbia La Repandilla pas\u00f3 un mal momento cuando le robaron a uno de sus integrantes en la puerta del hotel en donde se alojaban en San Pedro.","og_url":"https:\/\/www.muyjujuy.com\/index.php\/2022\/07\/20\/le-robaron-en-san-pedro-a-uno-de-los-integrantes-de-la-repandilla\/","og_site_name":"Muy Jujuy","article_publisher":"https:\/\/www.facebook.com\/muyjujuycom","article_published_time":"2022-07-20T18:35:35+00:00","article_modified_time":"2022-07-20T18:35:36+00:00","og_image":[{"width":990,"height":610,"url":"https:\/\/www.muyjujuy.com\/wp-content\/uploads\/2022\/07\/WhatsApp-Image-2022-07-20-at-3.26.52-PM.jpeg","type":"image\/jpeg"}],"author":"Redacci\u00f3n Muy Jujuy","twitter_card":"summary_large_image","twitter_creator":"@muyjujuy","twitter_site":"@muyjujuy","twitter_misc":{"Escrito por":"Redacci\u00f3n Muy Jujuy","Tiempo de lectura":"2 minutos"},"schema":{"@context":"https:\/\/schema.org","@graph":[{"@type":"Article","@id":"https:\/\/www.muyjujuy.com\/index.php\/2022\/07\/20\/le-robaron-en-san-pedro-a-uno-de-los-integrantes-de-la-repandilla\/#article","isPartOf":{"@id":"https:\/\/www.muyjujuy.com\/index.php\/2022\/07\/20\/le-robaron-en-san-pedro-a-uno-de-los-integrantes-de-la-repandilla\/"},"author":{"name":"Redacci\u00f3n Muy Jujuy","@id":"https:\/\/www.muyjujuy.com\/#\/schema\/person\/1d0f6e223ccea9e3f9034c1a5b683bf2"},"headline":"Le robaron en San Pedro a uno de los integrantes de La Repandilla","datePublished":"2022-07-20T18:35:35+00:00","dateModified":"2022-07-20T18:35:36+00:00","mainEntityOfPage":{"@id":"https:\/\/www.muyjujuy.com\/index.php\/2022\/07\/20\/le-robaron-en-san-pedro-a-uno-de-los-integrantes-de-la-repandilla\/"},"wordCount":287,"commentCount":0,"publisher":{"@id":"https:\/\/www.muyjujuy.com\/#organization"},"image":{"@id":"https:\/\/www.muyjujuy.com\/index.php\/2022\/07\/20\/le-robaron-en-san-pedro-a-uno-de-los-integrantes-de-la-repandilla\/#primaryimage"},"thumbnailUrl":"https:\/\/www.muyjujuy.com\/wp-content\/uploads\/2022\/07\/WhatsApp-Image-2022-07-20-at-3.26.52-PM.jpeg","keywords":["Jujuy","La Repandilla","San Pedro"],"articleSection":["Sociedad"],"inLanguage":"es-AR","potentialAction":[{"@type":"CommentAction","name":"Comment","target":["https:\/\/www.muyjujuy.com\/index.php\/2022\/07\/20\/le-robaron-en-san-pedro-a-uno-de-los-integrantes-de-la-repandilla\/#respond"]}]},{"@type":"WebPage","@id":"https:\/\/www.muyjujuy.com\/index.php\/2022\/07\/20\/le-robaron-en-san-pedro-a-uno-de-los-integrantes-de-la-repandilla\/","url":"https:\/\/www.muyjujuy.com\/index.php\/2022\/07\/20\/le-robaron-en-san-pedro-a-uno-de-los-integrantes-de-la-repandilla\/","name":"Le robaron en San Pedro a uno de los integrantes de La Repandilla","isPartOf":{"@id":"https:\/\/www.muyjujuy.com\/#website"},"primaryImageOfPage":{"@id":"https:\/\/www.muyjujuy.com\/index.php\/2022\/07\/20\/le-robaron-en-san-pedro-a-uno-de-los-integrantes-de-la-repandilla\/#primaryimage"},"image":{"@id":"https:\/\/www.muyjujuy.com\/index.php\/2022\/07\/20\/le-robaron-en-san-pedro-a-uno-de-los-integrantes-de-la-repandilla\/#primaryimage"},"thumbnailUrl":"https:\/\/www.muyjujuy.com\/wp-content\/uploads\/2022\/07\/WhatsApp-Image-2022-07-20-at-3.26.52-PM.jpeg","datePublished":"2022-07-20T18:35:35+00:00","dateModified":"2022-07-20T18:35:36+00:00","description":"La banda de cumbia La Repandilla pas\u00f3 un mal momento cuando le robaron a uno de sus integrantes en la puerta del hotel en donde se alojaban en San Pedro.","breadcrumb":{"@id":"https:\/\/www.muyjujuy.com\/index.php\/2022\/07\/20\/le-robaron-en-san-pedro-a-uno-de-los-integrantes-de-la-repandilla\/#breadcrumb"},"inLanguage":"es-AR","potentialAction":[{"@type":"ReadAction","target":["https:\/\/www.muyjujuy.com\/index.php\/2022\/07\/20\/le-robaron-en-san-pedro-a-uno-de-los-integrantes-de-la-repandilla\/"]}]},{"@type":"ImageObject","inLanguage":"es-AR","@id":"https:\/\/www.muyjujuy.com\/index.php\/2022\/07\/20\/le-robaron-en-san-pedro-a-uno-de-los-integrantes-de-la-repandilla\/#primaryimage","url":"https:\/\/www.muyjujuy.com\/wp-content\/uploads\/2022\/07\/WhatsApp-Image-2022-07-20-at-3.26.52-PM.jpeg","contentUrl":"https:\/\/www.muyjujuy.com\/wp-content\/uploads\/2022\/07\/WhatsApp-Image-2022-07-20-at-3.26.52-PM.jpeg","width":990,"height":610},{"@type":"BreadcrumbList","@id":"https:\/\/www.muyjujuy.com\/index.php\/2022\/07\/20\/le-robaron-en-san-pedro-a-uno-de-los-integrantes-de-la-repandilla\/#breadcrumb","itemListElement":[{"@type":"ListItem","position":1,"name":"Inicio","item":"https:\/\/www.muyjujuy.com\/"},{"@type":"ListItem","position":2,"name":"Le robaron en San Pedro a uno de los integrantes de La Repandilla"}]},{"@type":"WebSite","@id":"https:\/\/www.muyjujuy.com\/#website","url":"https:\/\/www.muyjujuy.com\/","name":"Muy Jujuy","description":"","publisher":{"@id":"https:\/\/www.muyjujuy.com\/#organization"},"potentialAction":[{"@type":"SearchAction","target":{"@type":"EntryPoint","urlTemplate":"https:\/\/www.muyjujuy.com\/?s={search_term_string}"},"query-input":{"@type":"PropertyValueSpecification","valueRequired":true,"valueName":"search_term_string"}}],"inLanguage":"es-AR"},{"@type":"Organization","@id":"https:\/\/www.muyjujuy.com\/#organization","name":"Muy Jujuy","url":"https:\/\/www.muyjujuy.com\/","logo":{"@type":"ImageObject","inLanguage":"es-AR","@id":"https:\/\/www.muyjujuy.com\/#\/schema\/logo\/image\/","url":"http:\/\/www.muyjujuy.com\/wp-content\/uploads\/2022\/05\/logo-mobil-jujuy.png","contentUrl":"http:\/\/www.muyjujuy.com\/wp-content\/uploads\/2022\/05\/logo-mobil-jujuy.png","width":174,"height":81,"caption":"Muy Jujuy"},"image":{"@id":"https:\/\/www.muyjujuy.com\/#\/schema\/logo\/image\/"},"sameAs":["https:\/\/www.facebook.com\/muyjujuycom","https:\/\/x.com\/muyjujuy","https:\/\/www.instagram.com\/muyjujuycom"]},{"@type":"Person","@id":"https:\/\/www.muyjujuy.com\/#\/schema\/person\/1d0f6e223ccea9e3f9034c1a5b683bf2","name":"Redacci\u00f3n Muy Jujuy","image":{"@type":"ImageObject","inLanguage":"es-AR","@id":"https:\/\/secure.gravatar.com\/avatar\/fec5f6f1893d741ed5eecccff109ce43e67a855411202a3212a058cb8e5c27d4?s=96&d=mm&r=g","url":"https:\/\/secure.gravatar.com\/avatar\/fec5f6f1893d741ed5eecccff109ce43e67a855411202a3212a058cb8e5c27d4?s=96&d=mm&r=g","contentUrl":"https:\/\/secure.gravatar.com\/avatar\/fec5f6f1893d741ed5eecccff109ce43e67a855411202a3212a058cb8e5c27d4?s=96&d=mm&r=g","caption":"Redacci\u00f3n Muy Jujuy"},"url":"https:\/\/www.muyjujuy.com\/index.php\/author\/editor\/"}]}},"_links":{"self":[{"href":"https:\/\/www.muyjujuy.com\/index.php\/wp-json\/wp\/v2\/posts\/953","targetHints":{"allow":["GET"]}}],"collection":[{"href":"https:\/\/www.muyjujuy.com\/index.php\/wp-json\/wp\/v2\/posts"}],"about":[{"href":"https:\/\/www.muyjujuy.com\/index.php\/wp-json\/wp\/v2\/types\/post"}],"author":[{"embeddable":true,"href":"https:\/\/www.muyjujuy.com\/index.php\/wp-json\/wp\/v2\/users\/3"}],"replies":[{"embeddable":true,"href":"https:\/\/www.muyjujuy.com\/index.php\/wp-json\/wp\/v2\/comments?post=953"}],"version-history":[{"count":1,"href":"https:\/\/www.muyjujuy.com\/index.php\/wp-json\/wp\/v2\/posts\/953\/revisions"}],"predecessor-version":[{"id":955,"href":"https:\/\/www.muyjujuy.com\/index.php\/wp-json\/wp\/v2\/posts\/953\/revisions\/955"}],"wp:featuredmedia":[{"embeddable":true,"href":"https:\/\/www.muyjujuy.com\/index.php\/wp-json\/wp\/v2\/media\/954"}],"wp:attachment":[{"href":"https:\/\/www.muyjujuy.com\/index.php\/wp-json\/wp\/v2\/media?parent=953"}],"wp:term":[{"taxonomy":"category","embeddable":true,"href":"https:\/\/www.muyjujuy.com\/index.php\/wp-json\/wp\/v2\/categories?post=953"},{"taxonomy":"post_tag","embeddable":true,"href":"https:\/\/www.muyjujuy.com\/index.php\/wp-json\/wp\/v2\/tags?post=953"}],"curies":[{"name":"wp","href":"https:\/\/api.w.org\/{rel}","templated":true}]}}