{"id":956,"date":"2022-07-20T15:47:22","date_gmt":"2022-07-20T18:47:22","guid":{"rendered":"https:\/\/www.muyjujuy.com\/?p=956"},"modified":"2022-07-20T15:47:24","modified_gmt":"2022-07-20T18:47:24","slug":"nuevo-fin-de-semana-largo-en-jujuy-cuando-sera-y-porque","status":"publish","type":"post","link":"https:\/\/www.muyjujuy.com\/index.php\/2022\/07\/20\/nuevo-fin-de-semana-largo-en-jujuy-cuando-sera-y-porque\/","title":{"rendered":"\u00bfNuevo fin de semana largo en Jujuy?: cu\u00e1ndo ser\u00e1 y porqu\u00e9"},"content":{"rendered":"\n<p><em>En agosto ya hay un finde largo por el 17 de agosto, y se espera que pueda haber otro.<\/em><\/p>\n\n\n\n<p><a href=\"https:\/\/www.muyjujuy.com\/index.php\/2022\/06\/20\/record-de-turistas-en-jujuy-por-el-finde-xxxl-que-supera-las-expectativas\/\">Quedan pocos fin de semana largo en lo que resta del a\u00f1o.<\/a> En agosto est\u00e1 el feriado del 17 de agosto que se pasar\u00e1 para el 16 y as\u00ed habr\u00e1 un fin de semana largo y <strong>se espera que el 1 de agosto por el D\u00eda de la Pachamama tambi\u00e9n se pueda disfrutar como un finde largo.<\/strong><\/p>\n\n\n\n<p>Este a\u00f1o, el D\u00eda de la Madre Tierra cae lunes y ya algunos piensan en disfrutar de un asueto con fin de semana largo incluido.<br><\/p>\n\n\n\n<p>El <strong>D\u00eda de la Pachamama <\/strong>es la <strong>celebraci\u00f3n m\u00e1s importante dentro de los pueblos originarios de Am\u00e9rica Latina<\/strong> y  tiene una connotaci\u00f3n muy especial para Jujuy<strong>. La Pachamama representa una fecha significativa para la provincia con costumbres muy arraigadas.<\/strong><\/p>\n\n\n\n<p>Cada a\u00f1o, a trav\u00e9s de un decreto, <strong>el Ejecutivo provincial dispone asueto administrativo y escolar en todos los niveles para ese d\u00eda, <\/strong>ya que Jujuy es la <strong>Capital Nacional de la Pachamama<\/strong>. Este a\u00f1o el primer d\u00eda de agosto cae lunes, lo que podr\u00eda significar un fin de semana largo.<br><br>Por el momento, <strong>el Gobierno provincial no adelant\u00f3 si este a\u00f1o tambi\u00e9n habr\u00e1 una medida similar<\/strong>, que busca subrayar el rescate de la cultura ind\u00edgena, acompa\u00f1ando a las comunidades y la promoci\u00f3n de las pr\u00e1cticas que se traducen en la conservaci\u00f3n del paisaje, el suelo, los rituales, las se\u00f1as y secretos de crianza.<\/p>\n\n\n\n<h2 class=\"wp-block-heading\"><strong>Jujuy, Capital Nacional de la Pachamama<\/strong><\/h2>\n\n\n\n<p>La provincia de Jujuy fue declarada en 2013 Capital Nacional de la Pachamama, a partir de que el Congreso sancionara la ley N\u00ba 26891. Adem\u00e1s, la norma incorpora al Calendario Tur\u00edstico Nacional la &#8220;Fiesta Nacional de la Pachamama&#8221;, que anualmente se celebra en Jujuy.<\/p>\n\n\n\n<p>Jujuy rinde culto a la Pachamama con la realizaci\u00f3n de ceremonias milenarias.<strong> El 1\u00b0 de agosto se alimenta la tierra enterrando una olla de barro con comida cocida, junto a hojas de coca, alcohol, vino, cigarros y chicha, entre otras cosas.<\/strong> La divinidad Pachamama representa a la Tierra, pero no solo el suelo o la tierra geol\u00f3gica, as\u00ed como tampoco solo la naturaleza; es todo ello en su conjunto.<\/p>\n\n\n\n<p>El ritual central a la Pachamama es la challa o pago. La palabra &#8220;challar&#8221; se usa como sin\u00f3nimo de &#8220;dar de comer y beber a la tierra&#8221;. Otra de las tradiciones es tomar ca\u00f1a con ruda. Los mayores juran que la ca\u00f1a con ruda prolonga la vida, espantan la mala suerte, promueven alegr\u00edas y despojan a la gente de los malos augurios.<\/p>\n","protected":false},"excerpt":{"rendered":"<p>En agosto ya hay un finde largo por el 17 de agosto, y se espera que pueda haber otro. Quedan pocos fin de semana largo en lo que resta del a\u00f1o. En agosto est\u00e1 el feriado del 17 de agosto que se pasar\u00e1 para el 16 y as\u00ed habr\u00e1 un fin de semana largo y [&hellip;]<\/p>\n","protected":false},"author":3,"featured_media":958,"comment_status":"open","ping_status":"open","sticky":false,"template":"","format":"standard","meta":{"footnotes":""},"categories":[25],"tags":[731,8,732],"class_list":{"0":"post-956","1":"post","2":"type-post","3":"status-publish","4":"format-standard","5":"has-post-thumbnail","7":"category-sociedad","8":"tag-finde-largo","9":"tag-jujuy","10":"tag-pachamama"},"yoast_head":"<!-- This site is optimized with the Yoast SEO plugin v27.5 - https:\/\/yoast.com\/product\/yoast-seo-wordpress\/ -->\n<title>\u00bfNuevo fin de semana largo en Jujuy?: cu\u00e1ndo ser\u00e1 y porqu\u00e9 - Muy Jujuy<\/title>\n<meta name=\"description\" content=\"En agosto ya hay un finde largo por el 17 de agosto, y se espera que pueda haber otro. Cu\u00e1ndo y porqu\u00e9 ser\u00eda fin de semana largo.\" \/>\n<meta name=\"robots\" content=\"index, follow, max-snippet:-1, max-image-preview:large, max-video-preview:-1\" \/>\n<link rel=\"canonical\" href=\"https:\/\/www.muyjujuy.com\/index.php\/2022\/07\/20\/nuevo-fin-de-semana-largo-en-jujuy-cuando-sera-y-porque\/\" \/>\n<meta property=\"og:locale\" content=\"es_ES\" \/>\n<meta property=\"og:type\" content=\"article\" \/>\n<meta property=\"og:title\" content=\"\u00bfNuevo fin de semana largo en Jujuy?: cu\u00e1ndo ser\u00e1 y porqu\u00e9 - Muy Jujuy\" \/>\n<meta property=\"og:description\" content=\"En agosto ya hay un finde largo por el 17 de agosto, y se espera que pueda haber otro. Cu\u00e1ndo y porqu\u00e9 ser\u00eda fin de semana largo.\" \/>\n<meta property=\"og:url\" content=\"https:\/\/www.muyjujuy.com\/index.php\/2022\/07\/20\/nuevo-fin-de-semana-largo-en-jujuy-cuando-sera-y-porque\/\" \/>\n<meta property=\"og:site_name\" content=\"Muy Jujuy\" \/>\n<meta property=\"article:publisher\" content=\"https:\/\/www.facebook.com\/muyjujuycom\" \/>\n<meta property=\"article:published_time\" content=\"2022-07-20T18:47:22+00:00\" \/>\n<meta property=\"article:modified_time\" content=\"2022-07-20T18:47:24+00:00\" \/>\n<meta property=\"og:image\" content=\"https:\/\/www.muyjujuy.com\/wp-content\/uploads\/2022\/07\/WhatsApp-Image-2022-07-20-at-3.44.57-PM.jpeg\" \/>\n\t<meta property=\"og:image:width\" content=\"700\" \/>\n\t<meta property=\"og:image:height\" content=\"394\" \/>\n\t<meta property=\"og:image:type\" content=\"image\/jpeg\" \/>\n<meta name=\"author\" content=\"Redacci\u00f3n Muy Jujuy\" \/>\n<meta name=\"twitter:card\" content=\"summary_large_image\" \/>\n<meta name=\"twitter:creator\" content=\"@muyjujuy\" \/>\n<meta name=\"twitter:site\" content=\"@muyjujuy\" \/>\n<meta name=\"twitter:label1\" content=\"Escrito por\" \/>\n\t<meta name=\"twitter:data1\" content=\"Redacci\u00f3n Muy Jujuy\" \/>\n\t<meta name=\"twitter:label2\" content=\"Tiempo de lectura\" \/>\n\t<meta name=\"twitter:data2\" content=\"2 minutos\" \/>\n<script type=\"application\/ld+json\" class=\"yoast-schema-graph\">{\"@context\":\"https:\\\/\\\/schema.org\",\"@graph\":[{\"@type\":\"Article\",\"@id\":\"https:\\\/\\\/www.muyjujuy.com\\\/index.php\\\/2022\\\/07\\\/20\\\/nuevo-fin-de-semana-largo-en-jujuy-cuando-sera-y-porque\\\/#article\",\"isPartOf\":{\"@id\":\"https:\\\/\\\/www.muyjujuy.com\\\/index.php\\\/2022\\\/07\\\/20\\\/nuevo-fin-de-semana-largo-en-jujuy-cuando-sera-y-porque\\\/\"},\"author\":{\"name\":\"Redacci\u00f3n Muy Jujuy\",\"@id\":\"https:\\\/\\\/www.muyjujuy.com\\\/#\\\/schema\\\/person\\\/1d0f6e223ccea9e3f9034c1a5b683bf2\"},\"headline\":\"\u00bfNuevo fin de semana largo en Jujuy?: cu\u00e1ndo ser\u00e1 y porqu\u00e9\",\"datePublished\":\"2022-07-20T18:47:22+00:00\",\"dateModified\":\"2022-07-20T18:47:24+00:00\",\"mainEntityOfPage\":{\"@id\":\"https:\\\/\\\/www.muyjujuy.com\\\/index.php\\\/2022\\\/07\\\/20\\\/nuevo-fin-de-semana-largo-en-jujuy-cuando-sera-y-porque\\\/\"},\"wordCount\":461,\"commentCount\":0,\"publisher\":{\"@id\":\"https:\\\/\\\/www.muyjujuy.com\\\/#organization\"},\"image\":{\"@id\":\"https:\\\/\\\/www.muyjujuy.com\\\/index.php\\\/2022\\\/07\\\/20\\\/nuevo-fin-de-semana-largo-en-jujuy-cuando-sera-y-porque\\\/#primaryimage\"},\"thumbnailUrl\":\"https:\\\/\\\/www.muyjujuy.com\\\/wp-content\\\/uploads\\\/2022\\\/07\\\/WhatsApp-Image-2022-07-20-at-3.44.57-PM.jpeg\",\"keywords\":[\"Finde largo\",\"Jujuy\",\"Pachamama\"],\"articleSection\":[\"Sociedad\"],\"inLanguage\":\"es-AR\",\"potentialAction\":[{\"@type\":\"CommentAction\",\"name\":\"Comment\",\"target\":[\"https:\\\/\\\/www.muyjujuy.com\\\/index.php\\\/2022\\\/07\\\/20\\\/nuevo-fin-de-semana-largo-en-jujuy-cuando-sera-y-porque\\\/#respond\"]}]},{\"@type\":\"WebPage\",\"@id\":\"https:\\\/\\\/www.muyjujuy.com\\\/index.php\\\/2022\\\/07\\\/20\\\/nuevo-fin-de-semana-largo-en-jujuy-cuando-sera-y-porque\\\/\",\"url\":\"https:\\\/\\\/www.muyjujuy.com\\\/index.php\\\/2022\\\/07\\\/20\\\/nuevo-fin-de-semana-largo-en-jujuy-cuando-sera-y-porque\\\/\",\"name\":\"\u00bfNuevo fin de semana largo en Jujuy?: cu\u00e1ndo ser\u00e1 y porqu\u00e9 - Muy Jujuy\",\"isPartOf\":{\"@id\":\"https:\\\/\\\/www.muyjujuy.com\\\/#website\"},\"primaryImageOfPage\":{\"@id\":\"https:\\\/\\\/www.muyjujuy.com\\\/index.php\\\/2022\\\/07\\\/20\\\/nuevo-fin-de-semana-largo-en-jujuy-cuando-sera-y-porque\\\/#primaryimage\"},\"image\":{\"@id\":\"https:\\\/\\\/www.muyjujuy.com\\\/index.php\\\/2022\\\/07\\\/20\\\/nuevo-fin-de-semana-largo-en-jujuy-cuando-sera-y-porque\\\/#primaryimage\"},\"thumbnailUrl\":\"https:\\\/\\\/www.muyjujuy.com\\\/wp-content\\\/uploads\\\/2022\\\/07\\\/WhatsApp-Image-2022-07-20-at-3.44.57-PM.jpeg\",\"datePublished\":\"2022-07-20T18:47:22+00:00\",\"dateModified\":\"2022-07-20T18:47:24+00:00\",\"description\":\"En agosto ya hay un finde largo por el 17 de agosto, y se espera que pueda haber otro. Cu\u00e1ndo y porqu\u00e9 ser\u00eda fin de semana largo.\",\"breadcrumb\":{\"@id\":\"https:\\\/\\\/www.muyjujuy.com\\\/index.php\\\/2022\\\/07\\\/20\\\/nuevo-fin-de-semana-largo-en-jujuy-cuando-sera-y-porque\\\/#breadcrumb\"},\"inLanguage\":\"es-AR\",\"potentialAction\":[{\"@type\":\"ReadAction\",\"target\":[\"https:\\\/\\\/www.muyjujuy.com\\\/index.php\\\/2022\\\/07\\\/20\\\/nuevo-fin-de-semana-largo-en-jujuy-cuando-sera-y-porque\\\/\"]}]},{\"@type\":\"ImageObject\",\"inLanguage\":\"es-AR\",\"@id\":\"https:\\\/\\\/www.muyjujuy.com\\\/index.php\\\/2022\\\/07\\\/20\\\/nuevo-fin-de-semana-largo-en-jujuy-cuando-sera-y-porque\\\/#primaryimage\",\"url\":\"https:\\\/\\\/www.muyjujuy.com\\\/wp-content\\\/uploads\\\/2022\\\/07\\\/WhatsApp-Image-2022-07-20-at-3.44.57-PM.jpeg\",\"contentUrl\":\"https:\\\/\\\/www.muyjujuy.com\\\/wp-content\\\/uploads\\\/2022\\\/07\\\/WhatsApp-Image-2022-07-20-at-3.44.57-PM.jpeg\",\"width\":700,\"height\":394},{\"@type\":\"BreadcrumbList\",\"@id\":\"https:\\\/\\\/www.muyjujuy.com\\\/index.php\\\/2022\\\/07\\\/20\\\/nuevo-fin-de-semana-largo-en-jujuy-cuando-sera-y-porque\\\/#breadcrumb\",\"itemListElement\":[{\"@type\":\"ListItem\",\"position\":1,\"name\":\"Inicio\",\"item\":\"https:\\\/\\\/www.muyjujuy.com\\\/\"},{\"@type\":\"ListItem\",\"position\":2,\"name\":\"\u00bfNuevo fin de semana largo en Jujuy?: cu\u00e1ndo ser\u00e1 y porqu\u00e9\"}]},{\"@type\":\"WebSite\",\"@id\":\"https:\\\/\\\/www.muyjujuy.com\\\/#website\",\"url\":\"https:\\\/\\\/www.muyjujuy.com\\\/\",\"name\":\"Muy Jujuy\",\"description\":\"\",\"publisher\":{\"@id\":\"https:\\\/\\\/www.muyjujuy.com\\\/#organization\"},\"potentialAction\":[{\"@type\":\"SearchAction\",\"target\":{\"@type\":\"EntryPoint\",\"urlTemplate\":\"https:\\\/\\\/www.muyjujuy.com\\\/?s={search_term_string}\"},\"query-input\":{\"@type\":\"PropertyValueSpecification\",\"valueRequired\":true,\"valueName\":\"search_term_string\"}}],\"inLanguage\":\"es-AR\"},{\"@type\":\"Organization\",\"@id\":\"https:\\\/\\\/www.muyjujuy.com\\\/#organization\",\"name\":\"Muy Jujuy\",\"url\":\"https:\\\/\\\/www.muyjujuy.com\\\/\",\"logo\":{\"@type\":\"ImageObject\",\"inLanguage\":\"es-AR\",\"@id\":\"https:\\\/\\\/www.muyjujuy.com\\\/#\\\/schema\\\/logo\\\/image\\\/\",\"url\":\"http:\\\/\\\/www.muyjujuy.com\\\/wp-content\\\/uploads\\\/2022\\\/05\\\/logo-mobil-jujuy.png\",\"contentUrl\":\"http:\\\/\\\/www.muyjujuy.com\\\/wp-content\\\/uploads\\\/2022\\\/05\\\/logo-mobil-jujuy.png\",\"width\":174,\"height\":81,\"caption\":\"Muy Jujuy\"},\"image\":{\"@id\":\"https:\\\/\\\/www.muyjujuy.com\\\/#\\\/schema\\\/logo\\\/image\\\/\"},\"sameAs\":[\"https:\\\/\\\/www.facebook.com\\\/muyjujuycom\",\"https:\\\/\\\/x.com\\\/muyjujuy\",\"https:\\\/\\\/www.instagram.com\\\/muyjujuycom\"]},{\"@type\":\"Person\",\"@id\":\"https:\\\/\\\/www.muyjujuy.com\\\/#\\\/schema\\\/person\\\/1d0f6e223ccea9e3f9034c1a5b683bf2\",\"name\":\"Redacci\u00f3n Muy Jujuy\",\"image\":{\"@type\":\"ImageObject\",\"inLanguage\":\"es-AR\",\"@id\":\"https:\\\/\\\/secure.gravatar.com\\\/avatar\\\/fec5f6f1893d741ed5eecccff109ce43e67a855411202a3212a058cb8e5c27d4?s=96&d=mm&r=g\",\"url\":\"https:\\\/\\\/secure.gravatar.com\\\/avatar\\\/fec5f6f1893d741ed5eecccff109ce43e67a855411202a3212a058cb8e5c27d4?s=96&d=mm&r=g\",\"contentUrl\":\"https:\\\/\\\/secure.gravatar.com\\\/avatar\\\/fec5f6f1893d741ed5eecccff109ce43e67a855411202a3212a058cb8e5c27d4?s=96&d=mm&r=g\",\"caption\":\"Redacci\u00f3n Muy Jujuy\"},\"url\":\"https:\\\/\\\/www.muyjujuy.com\\\/index.php\\\/author\\\/editor\\\/\"}]}<\/script>\n<!-- \/ Yoast SEO plugin. -->","yoast_head_json":{"title":"\u00bfNuevo fin de semana largo en Jujuy?: cu\u00e1ndo ser\u00e1 y porqu\u00e9 - Muy Jujuy","description":"En agosto ya hay un finde largo por el 17 de agosto, y se espera que pueda haber otro. Cu\u00e1ndo y porqu\u00e9 ser\u00eda fin de semana largo.","robots":{"index":"index","follow":"follow","max-snippet":"max-snippet:-1","max-image-preview":"max-image-preview:large","max-video-preview":"max-video-preview:-1"},"canonical":"https:\/\/www.muyjujuy.com\/index.php\/2022\/07\/20\/nuevo-fin-de-semana-largo-en-jujuy-cuando-sera-y-porque\/","og_locale":"es_ES","og_type":"article","og_title":"\u00bfNuevo fin de semana largo en Jujuy?: cu\u00e1ndo ser\u00e1 y porqu\u00e9 - Muy Jujuy","og_description":"En agosto ya hay un finde largo por el 17 de agosto, y se espera que pueda haber otro. Cu\u00e1ndo y porqu\u00e9 ser\u00eda fin de semana largo.","og_url":"https:\/\/www.muyjujuy.com\/index.php\/2022\/07\/20\/nuevo-fin-de-semana-largo-en-jujuy-cuando-sera-y-porque\/","og_site_name":"Muy Jujuy","article_publisher":"https:\/\/www.facebook.com\/muyjujuycom","article_published_time":"2022-07-20T18:47:22+00:00","article_modified_time":"2022-07-20T18:47:24+00:00","og_image":[{"width":700,"height":394,"url":"https:\/\/www.muyjujuy.com\/wp-content\/uploads\/2022\/07\/WhatsApp-Image-2022-07-20-at-3.44.57-PM.jpeg","type":"image\/jpeg"}],"author":"Redacci\u00f3n Muy Jujuy","twitter_card":"summary_large_image","twitter_creator":"@muyjujuy","twitter_site":"@muyjujuy","twitter_misc":{"Escrito por":"Redacci\u00f3n Muy Jujuy","Tiempo de lectura":"2 minutos"},"schema":{"@context":"https:\/\/schema.org","@graph":[{"@type":"Article","@id":"https:\/\/www.muyjujuy.com\/index.php\/2022\/07\/20\/nuevo-fin-de-semana-largo-en-jujuy-cuando-sera-y-porque\/#article","isPartOf":{"@id":"https:\/\/www.muyjujuy.com\/index.php\/2022\/07\/20\/nuevo-fin-de-semana-largo-en-jujuy-cuando-sera-y-porque\/"},"author":{"name":"Redacci\u00f3n Muy Jujuy","@id":"https:\/\/www.muyjujuy.com\/#\/schema\/person\/1d0f6e223ccea9e3f9034c1a5b683bf2"},"headline":"\u00bfNuevo fin de semana largo en Jujuy?: cu\u00e1ndo ser\u00e1 y porqu\u00e9","datePublished":"2022-07-20T18:47:22+00:00","dateModified":"2022-07-20T18:47:24+00:00","mainEntityOfPage":{"@id":"https:\/\/www.muyjujuy.com\/index.php\/2022\/07\/20\/nuevo-fin-de-semana-largo-en-jujuy-cuando-sera-y-porque\/"},"wordCount":461,"commentCount":0,"publisher":{"@id":"https:\/\/www.muyjujuy.com\/#organization"},"image":{"@id":"https:\/\/www.muyjujuy.com\/index.php\/2022\/07\/20\/nuevo-fin-de-semana-largo-en-jujuy-cuando-sera-y-porque\/#primaryimage"},"thumbnailUrl":"https:\/\/www.muyjujuy.com\/wp-content\/uploads\/2022\/07\/WhatsApp-Image-2022-07-20-at-3.44.57-PM.jpeg","keywords":["Finde largo","Jujuy","Pachamama"],"articleSection":["Sociedad"],"inLanguage":"es-AR","potentialAction":[{"@type":"CommentAction","name":"Comment","target":["https:\/\/www.muyjujuy.com\/index.php\/2022\/07\/20\/nuevo-fin-de-semana-largo-en-jujuy-cuando-sera-y-porque\/#respond"]}]},{"@type":"WebPage","@id":"https:\/\/www.muyjujuy.com\/index.php\/2022\/07\/20\/nuevo-fin-de-semana-largo-en-jujuy-cuando-sera-y-porque\/","url":"https:\/\/www.muyjujuy.com\/index.php\/2022\/07\/20\/nuevo-fin-de-semana-largo-en-jujuy-cuando-sera-y-porque\/","name":"\u00bfNuevo fin de semana largo en Jujuy?: cu\u00e1ndo ser\u00e1 y porqu\u00e9 - Muy Jujuy","isPartOf":{"@id":"https:\/\/www.muyjujuy.com\/#website"},"primaryImageOfPage":{"@id":"https:\/\/www.muyjujuy.com\/index.php\/2022\/07\/20\/nuevo-fin-de-semana-largo-en-jujuy-cuando-sera-y-porque\/#primaryimage"},"image":{"@id":"https:\/\/www.muyjujuy.com\/index.php\/2022\/07\/20\/nuevo-fin-de-semana-largo-en-jujuy-cuando-sera-y-porque\/#primaryimage"},"thumbnailUrl":"https:\/\/www.muyjujuy.com\/wp-content\/uploads\/2022\/07\/WhatsApp-Image-2022-07-20-at-3.44.57-PM.jpeg","datePublished":"2022-07-20T18:47:22+00:00","dateModified":"2022-07-20T18:47:24+00:00","description":"En agosto ya hay un finde largo por el 17 de agosto, y se espera que pueda haber otro. Cu\u00e1ndo y porqu\u00e9 ser\u00eda fin de semana largo.","breadcrumb":{"@id":"https:\/\/www.muyjujuy.com\/index.php\/2022\/07\/20\/nuevo-fin-de-semana-largo-en-jujuy-cuando-sera-y-porque\/#breadcrumb"},"inLanguage":"es-AR","potentialAction":[{"@type":"ReadAction","target":["https:\/\/www.muyjujuy.com\/index.php\/2022\/07\/20\/nuevo-fin-de-semana-largo-en-jujuy-cuando-sera-y-porque\/"]}]},{"@type":"ImageObject","inLanguage":"es-AR","@id":"https:\/\/www.muyjujuy.com\/index.php\/2022\/07\/20\/nuevo-fin-de-semana-largo-en-jujuy-cuando-sera-y-porque\/#primaryimage","url":"https:\/\/www.muyjujuy.com\/wp-content\/uploads\/2022\/07\/WhatsApp-Image-2022-07-20-at-3.44.57-PM.jpeg","contentUrl":"https:\/\/www.muyjujuy.com\/wp-content\/uploads\/2022\/07\/WhatsApp-Image-2022-07-20-at-3.44.57-PM.jpeg","width":700,"height":394},{"@type":"BreadcrumbList","@id":"https:\/\/www.muyjujuy.com\/index.php\/2022\/07\/20\/nuevo-fin-de-semana-largo-en-jujuy-cuando-sera-y-porque\/#breadcrumb","itemListElement":[{"@type":"ListItem","position":1,"name":"Inicio","item":"https:\/\/www.muyjujuy.com\/"},{"@type":"ListItem","position":2,"name":"\u00bfNuevo fin de semana largo en Jujuy?: cu\u00e1ndo ser\u00e1 y porqu\u00e9"}]},{"@type":"WebSite","@id":"https:\/\/www.muyjujuy.com\/#website","url":"https:\/\/www.muyjujuy.com\/","name":"Muy Jujuy","description":"","publisher":{"@id":"https:\/\/www.muyjujuy.com\/#organization"},"potentialAction":[{"@type":"SearchAction","target":{"@type":"EntryPoint","urlTemplate":"https:\/\/www.muyjujuy.com\/?s={search_term_string}"},"query-input":{"@type":"PropertyValueSpecification","valueRequired":true,"valueName":"search_term_string"}}],"inLanguage":"es-AR"},{"@type":"Organization","@id":"https:\/\/www.muyjujuy.com\/#organization","name":"Muy Jujuy","url":"https:\/\/www.muyjujuy.com\/","logo":{"@type":"ImageObject","inLanguage":"es-AR","@id":"https:\/\/www.muyjujuy.com\/#\/schema\/logo\/image\/","url":"http:\/\/www.muyjujuy.com\/wp-content\/uploads\/2022\/05\/logo-mobil-jujuy.png","contentUrl":"http:\/\/www.muyjujuy.com\/wp-content\/uploads\/2022\/05\/logo-mobil-jujuy.png","width":174,"height":81,"caption":"Muy Jujuy"},"image":{"@id":"https:\/\/www.muyjujuy.com\/#\/schema\/logo\/image\/"},"sameAs":["https:\/\/www.facebook.com\/muyjujuycom","https:\/\/x.com\/muyjujuy","https:\/\/www.instagram.com\/muyjujuycom"]},{"@type":"Person","@id":"https:\/\/www.muyjujuy.com\/#\/schema\/person\/1d0f6e223ccea9e3f9034c1a5b683bf2","name":"Redacci\u00f3n Muy Jujuy","image":{"@type":"ImageObject","inLanguage":"es-AR","@id":"https:\/\/secure.gravatar.com\/avatar\/fec5f6f1893d741ed5eecccff109ce43e67a855411202a3212a058cb8e5c27d4?s=96&d=mm&r=g","url":"https:\/\/secure.gravatar.com\/avatar\/fec5f6f1893d741ed5eecccff109ce43e67a855411202a3212a058cb8e5c27d4?s=96&d=mm&r=g","contentUrl":"https:\/\/secure.gravatar.com\/avatar\/fec5f6f1893d741ed5eecccff109ce43e67a855411202a3212a058cb8e5c27d4?s=96&d=mm&r=g","caption":"Redacci\u00f3n Muy Jujuy"},"url":"https:\/\/www.muyjujuy.com\/index.php\/author\/editor\/"}]}},"_links":{"self":[{"href":"https:\/\/www.muyjujuy.com\/index.php\/wp-json\/wp\/v2\/posts\/956","targetHints":{"allow":["GET"]}}],"collection":[{"href":"https:\/\/www.muyjujuy.com\/index.php\/wp-json\/wp\/v2\/posts"}],"about":[{"href":"https:\/\/www.muyjujuy.com\/index.php\/wp-json\/wp\/v2\/types\/post"}],"author":[{"embeddable":true,"href":"https:\/\/www.muyjujuy.com\/index.php\/wp-json\/wp\/v2\/users\/3"}],"replies":[{"embeddable":true,"href":"https:\/\/www.muyjujuy.com\/index.php\/wp-json\/wp\/v2\/comments?post=956"}],"version-history":[{"count":1,"href":"https:\/\/www.muyjujuy.com\/index.php\/wp-json\/wp\/v2\/posts\/956\/revisions"}],"predecessor-version":[{"id":959,"href":"https:\/\/www.muyjujuy.com\/index.php\/wp-json\/wp\/v2\/posts\/956\/revisions\/959"}],"wp:featuredmedia":[{"embeddable":true,"href":"https:\/\/www.muyjujuy.com\/index.php\/wp-json\/wp\/v2\/media\/958"}],"wp:attachment":[{"href":"https:\/\/www.muyjujuy.com\/index.php\/wp-json\/wp\/v2\/media?parent=956"}],"wp:term":[{"taxonomy":"category","embeddable":true,"href":"https:\/\/www.muyjujuy.com\/index.php\/wp-json\/wp\/v2\/categories?post=956"},{"taxonomy":"post_tag","embeddable":true,"href":"https:\/\/www.muyjujuy.com\/index.php\/wp-json\/wp\/v2\/tags?post=956"}],"curies":[{"name":"wp","href":"https:\/\/api.w.org\/{rel}","templated":true}]}}