{"id":963,"date":"2022-07-21T13:51:37","date_gmt":"2022-07-21T16:51:37","guid":{"rendered":"https:\/\/www.muyjujuy.com\/?p=963"},"modified":"2022-07-21T13:51:42","modified_gmt":"2022-07-21T16:51:42","slug":"jujuy-el-gobierno-provincial-decretara-asueto-para-el-1-de-agosto","status":"publish","type":"post","link":"https:\/\/www.muyjujuy.com\/index.php\/2022\/07\/21\/jujuy-el-gobierno-provincial-decretara-asueto-para-el-1-de-agosto\/","title":{"rendered":"Jujuy: el Gobierno provincial decretar\u00e1 asueto para el 1\u00b0 de agosto"},"content":{"rendered":"\n<p><em>El D\u00eda de la Pachamama es una fecha importante para la provincia juje\u00f1a y este a\u00f1o el 1\u00b0 de agosto cae lunes, por lo que se prev\u00e9 un nuevo finde largo.<\/em><\/p>\n\n\n\n<p>El 1\u00b0 de agosto se celebra el <strong>D\u00eda de la Pachamama <\/strong>y en la provincia de Jujuy ser\u00e1 asueto. As\u00ed lo confirmaron fuentes del Gobierno provincial al portal Somos Jujuy. Cada a\u00f1o la Provincia decreta para ese d\u00eda asueto administrativo y escolar. <\/p>\n\n\n\n<p>Como el 1\u00b0 de agosto cae lunes, la provincia tendr\u00e1 un <a href=\"https:\/\/www.muyjujuy.com\/index.php\/2022\/07\/20\/nuevo-fin-de-semana-largo-en-jujuy-cuando-sera-y-porque\/\">nuevo fin de semana largo<\/a>. <\/p>\n\n\n\n<p>El&nbsp;<strong>D\u00eda de la Pachamama&nbsp;<\/strong>es la&nbsp;<strong>celebraci\u00f3n m\u00e1s importante dentro de los pueblos originarios de Am\u00e9rica Latina<\/strong>&nbsp;y tiene una connotaci\u00f3n muy especial para Jujuy<strong>. La Pachamama representa una fecha significativa para la provincia con costumbres muy arraigadas.<\/strong><\/p>\n\n\n\n<p>Cada a\u00f1o, a trav\u00e9s de un decreto,\u00a0<strong>el Ejecutivo provincial dispone asueto administrativo y escolar en todos los niveles para ese d\u00eda,\u00a0<\/strong>ya que Jujuy es la\u00a0<strong>Capital Nacional de la Pachamama<\/strong>. <\/p>\n\n\n\n<h2 class=\"wp-block-heading\"><strong>Jujuy, Capital Nacional de la Pachamama<\/strong><\/h2>\n\n\n\n<p>La provincia de Jujuy fue declarada en 2013 Capital Nacional de la Pachamama, a partir de que el Congreso sancionara la ley N\u00ba 26891. Adem\u00e1s, la norma incorpora al Calendario Tur\u00edstico Nacional la \u201cFiesta Nacional de la Pachamama\u201d, que anualmente se celebra en Jujuy.<\/p>\n\n\n\n<p>Jujuy rinde culto a la Pachamama con la realizaci\u00f3n de ceremonias milenarias.<strong>&nbsp;El 1\u00b0 de agosto se alimenta la tierra enterrando una olla de barro con comida cocida, junto a hojas de coca, alcohol, vino, cigarros y chicha, entre otras cosas.<\/strong>&nbsp;La divinidad Pachamama representa a la Tierra, pero no solo el suelo o la tierra geol\u00f3gica, as\u00ed como tampoco solo la naturaleza; es todo ello en su conjunto.<\/p>\n\n\n\n<p>El ritual central a la Pachamama es la challa o pago. La palabra \u201cchallar\u201d se usa como sin\u00f3nimo de \u201cdar de comer y beber a la tierra\u201d. Otra de las tradiciones es tomar ca\u00f1a con ruda. Los mayores juran que la ca\u00f1a con ruda prolonga la vida, espantan la mala suerte, promueven alegr\u00edas y despojan a la gente de los malos augurios.<\/p>\n","protected":false},"excerpt":{"rendered":"<p>El D\u00eda de la Pachamama es una fecha importante para la provincia juje\u00f1a y este a\u00f1o el 1\u00b0 de agosto cae lunes, por lo que se prev\u00e9 un nuevo finde largo. El 1\u00b0 de agosto se celebra el D\u00eda de la Pachamama y en la provincia de Jujuy ser\u00e1 asueto. As\u00ed lo confirmaron fuentes del [&hellip;]<\/p>\n","protected":false},"author":3,"featured_media":965,"comment_status":"open","ping_status":"open","sticky":false,"template":"","format":"standard","meta":{"footnotes":""},"categories":[25],"tags":[8,732],"class_list":{"0":"post-963","1":"post","2":"type-post","3":"status-publish","4":"format-standard","5":"has-post-thumbnail","7":"category-sociedad","8":"tag-jujuy","9":"tag-pachamama"},"yoast_head":"<!-- This site is optimized with the Yoast SEO plugin v27.5 - https:\/\/yoast.com\/product\/yoast-seo-wordpress\/ -->\n<title>Jujuy: el Gobierno provincial decretar\u00e1 asueto para el 1\u00b0 de agosto<\/title>\n<meta name=\"description\" content=\"El D\u00eda de la Pachamama es una fecha importante para la provincia juje\u00f1a y este a\u00f1o el 1\u00b0 de agosto cae lunes, por lo que se prev\u00e9 un nuevo finde largo.\" \/>\n<meta name=\"robots\" content=\"index, follow, max-snippet:-1, max-image-preview:large, max-video-preview:-1\" \/>\n<link rel=\"canonical\" href=\"https:\/\/www.muyjujuy.com\/index.php\/2022\/07\/21\/jujuy-el-gobierno-provincial-decretara-asueto-para-el-1-de-agosto\/\" \/>\n<meta property=\"og:locale\" content=\"es_ES\" \/>\n<meta property=\"og:type\" content=\"article\" \/>\n<meta property=\"og:title\" content=\"Jujuy: el Gobierno provincial decretar\u00e1 asueto para el 1\u00b0 de agosto\" \/>\n<meta property=\"og:description\" content=\"El D\u00eda de la Pachamama es una fecha importante para la provincia juje\u00f1a y este a\u00f1o el 1\u00b0 de agosto cae lunes, por lo que se prev\u00e9 un nuevo finde largo.\" \/>\n<meta property=\"og:url\" content=\"https:\/\/www.muyjujuy.com\/index.php\/2022\/07\/21\/jujuy-el-gobierno-provincial-decretara-asueto-para-el-1-de-agosto\/\" \/>\n<meta property=\"og:site_name\" content=\"Muy Jujuy\" \/>\n<meta property=\"article:publisher\" content=\"https:\/\/www.facebook.com\/muyjujuycom\" \/>\n<meta property=\"article:published_time\" content=\"2022-07-21T16:51:37+00:00\" \/>\n<meta property=\"article:modified_time\" content=\"2022-07-21T16:51:42+00:00\" \/>\n<meta property=\"og:image\" content=\"https:\/\/www.muyjujuy.com\/wp-content\/uploads\/2022\/07\/WhatsApp-Image-2022-07-21-at-1.43.40-PM.jpeg\" \/>\n\t<meta property=\"og:image:width\" content=\"990\" \/>\n\t<meta property=\"og:image:height\" content=\"610\" \/>\n\t<meta property=\"og:image:type\" content=\"image\/jpeg\" \/>\n<meta name=\"author\" content=\"Redacci\u00f3n Muy Jujuy\" \/>\n<meta name=\"twitter:card\" content=\"summary_large_image\" \/>\n<meta name=\"twitter:creator\" content=\"@muyjujuy\" \/>\n<meta name=\"twitter:site\" content=\"@muyjujuy\" \/>\n<meta name=\"twitter:label1\" content=\"Escrito por\" \/>\n\t<meta name=\"twitter:data1\" content=\"Redacci\u00f3n Muy Jujuy\" \/>\n\t<meta name=\"twitter:label2\" content=\"Tiempo de lectura\" \/>\n\t<meta name=\"twitter:data2\" content=\"2 minutos\" \/>\n<script type=\"application\/ld+json\" class=\"yoast-schema-graph\">{\"@context\":\"https:\\\/\\\/schema.org\",\"@graph\":[{\"@type\":\"Article\",\"@id\":\"https:\\\/\\\/www.muyjujuy.com\\\/index.php\\\/2022\\\/07\\\/21\\\/jujuy-el-gobierno-provincial-decretara-asueto-para-el-1-de-agosto\\\/#article\",\"isPartOf\":{\"@id\":\"https:\\\/\\\/www.muyjujuy.com\\\/index.php\\\/2022\\\/07\\\/21\\\/jujuy-el-gobierno-provincial-decretara-asueto-para-el-1-de-agosto\\\/\"},\"author\":{\"name\":\"Redacci\u00f3n Muy Jujuy\",\"@id\":\"https:\\\/\\\/www.muyjujuy.com\\\/#\\\/schema\\\/person\\\/1d0f6e223ccea9e3f9034c1a5b683bf2\"},\"headline\":\"Jujuy: el Gobierno provincial decretar\u00e1 asueto para el 1\u00b0 de agosto\",\"datePublished\":\"2022-07-21T16:51:37+00:00\",\"dateModified\":\"2022-07-21T16:51:42+00:00\",\"mainEntityOfPage\":{\"@id\":\"https:\\\/\\\/www.muyjujuy.com\\\/index.php\\\/2022\\\/07\\\/21\\\/jujuy-el-gobierno-provincial-decretara-asueto-para-el-1-de-agosto\\\/\"},\"wordCount\":373,\"commentCount\":0,\"publisher\":{\"@id\":\"https:\\\/\\\/www.muyjujuy.com\\\/#organization\"},\"image\":{\"@id\":\"https:\\\/\\\/www.muyjujuy.com\\\/index.php\\\/2022\\\/07\\\/21\\\/jujuy-el-gobierno-provincial-decretara-asueto-para-el-1-de-agosto\\\/#primaryimage\"},\"thumbnailUrl\":\"https:\\\/\\\/www.muyjujuy.com\\\/wp-content\\\/uploads\\\/2022\\\/07\\\/WhatsApp-Image-2022-07-21-at-1.43.40-PM.jpeg\",\"keywords\":[\"Jujuy\",\"Pachamama\"],\"articleSection\":[\"Sociedad\"],\"inLanguage\":\"es-AR\",\"potentialAction\":[{\"@type\":\"CommentAction\",\"name\":\"Comment\",\"target\":[\"https:\\\/\\\/www.muyjujuy.com\\\/index.php\\\/2022\\\/07\\\/21\\\/jujuy-el-gobierno-provincial-decretara-asueto-para-el-1-de-agosto\\\/#respond\"]}]},{\"@type\":\"WebPage\",\"@id\":\"https:\\\/\\\/www.muyjujuy.com\\\/index.php\\\/2022\\\/07\\\/21\\\/jujuy-el-gobierno-provincial-decretara-asueto-para-el-1-de-agosto\\\/\",\"url\":\"https:\\\/\\\/www.muyjujuy.com\\\/index.php\\\/2022\\\/07\\\/21\\\/jujuy-el-gobierno-provincial-decretara-asueto-para-el-1-de-agosto\\\/\",\"name\":\"Jujuy: el Gobierno provincial decretar\u00e1 asueto para el 1\u00b0 de agosto\",\"isPartOf\":{\"@id\":\"https:\\\/\\\/www.muyjujuy.com\\\/#website\"},\"primaryImageOfPage\":{\"@id\":\"https:\\\/\\\/www.muyjujuy.com\\\/index.php\\\/2022\\\/07\\\/21\\\/jujuy-el-gobierno-provincial-decretara-asueto-para-el-1-de-agosto\\\/#primaryimage\"},\"image\":{\"@id\":\"https:\\\/\\\/www.muyjujuy.com\\\/index.php\\\/2022\\\/07\\\/21\\\/jujuy-el-gobierno-provincial-decretara-asueto-para-el-1-de-agosto\\\/#primaryimage\"},\"thumbnailUrl\":\"https:\\\/\\\/www.muyjujuy.com\\\/wp-content\\\/uploads\\\/2022\\\/07\\\/WhatsApp-Image-2022-07-21-at-1.43.40-PM.jpeg\",\"datePublished\":\"2022-07-21T16:51:37+00:00\",\"dateModified\":\"2022-07-21T16:51:42+00:00\",\"description\":\"El D\u00eda de la Pachamama es una fecha importante para la provincia juje\u00f1a y este a\u00f1o el 1\u00b0 de agosto cae lunes, por lo que se prev\u00e9 un nuevo finde largo.\",\"breadcrumb\":{\"@id\":\"https:\\\/\\\/www.muyjujuy.com\\\/index.php\\\/2022\\\/07\\\/21\\\/jujuy-el-gobierno-provincial-decretara-asueto-para-el-1-de-agosto\\\/#breadcrumb\"},\"inLanguage\":\"es-AR\",\"potentialAction\":[{\"@type\":\"ReadAction\",\"target\":[\"https:\\\/\\\/www.muyjujuy.com\\\/index.php\\\/2022\\\/07\\\/21\\\/jujuy-el-gobierno-provincial-decretara-asueto-para-el-1-de-agosto\\\/\"]}]},{\"@type\":\"ImageObject\",\"inLanguage\":\"es-AR\",\"@id\":\"https:\\\/\\\/www.muyjujuy.com\\\/index.php\\\/2022\\\/07\\\/21\\\/jujuy-el-gobierno-provincial-decretara-asueto-para-el-1-de-agosto\\\/#primaryimage\",\"url\":\"https:\\\/\\\/www.muyjujuy.com\\\/wp-content\\\/uploads\\\/2022\\\/07\\\/WhatsApp-Image-2022-07-21-at-1.43.40-PM.jpeg\",\"contentUrl\":\"https:\\\/\\\/www.muyjujuy.com\\\/wp-content\\\/uploads\\\/2022\\\/07\\\/WhatsApp-Image-2022-07-21-at-1.43.40-PM.jpeg\",\"width\":990,\"height\":610},{\"@type\":\"BreadcrumbList\",\"@id\":\"https:\\\/\\\/www.muyjujuy.com\\\/index.php\\\/2022\\\/07\\\/21\\\/jujuy-el-gobierno-provincial-decretara-asueto-para-el-1-de-agosto\\\/#breadcrumb\",\"itemListElement\":[{\"@type\":\"ListItem\",\"position\":1,\"name\":\"Inicio\",\"item\":\"https:\\\/\\\/www.muyjujuy.com\\\/\"},{\"@type\":\"ListItem\",\"position\":2,\"name\":\"Jujuy: el Gobierno provincial decretar\u00e1 asueto para el 1\u00b0 de agosto\"}]},{\"@type\":\"WebSite\",\"@id\":\"https:\\\/\\\/www.muyjujuy.com\\\/#website\",\"url\":\"https:\\\/\\\/www.muyjujuy.com\\\/\",\"name\":\"Muy Jujuy\",\"description\":\"\",\"publisher\":{\"@id\":\"https:\\\/\\\/www.muyjujuy.com\\\/#organization\"},\"potentialAction\":[{\"@type\":\"SearchAction\",\"target\":{\"@type\":\"EntryPoint\",\"urlTemplate\":\"https:\\\/\\\/www.muyjujuy.com\\\/?s={search_term_string}\"},\"query-input\":{\"@type\":\"PropertyValueSpecification\",\"valueRequired\":true,\"valueName\":\"search_term_string\"}}],\"inLanguage\":\"es-AR\"},{\"@type\":\"Organization\",\"@id\":\"https:\\\/\\\/www.muyjujuy.com\\\/#organization\",\"name\":\"Muy Jujuy\",\"url\":\"https:\\\/\\\/www.muyjujuy.com\\\/\",\"logo\":{\"@type\":\"ImageObject\",\"inLanguage\":\"es-AR\",\"@id\":\"https:\\\/\\\/www.muyjujuy.com\\\/#\\\/schema\\\/logo\\\/image\\\/\",\"url\":\"http:\\\/\\\/www.muyjujuy.com\\\/wp-content\\\/uploads\\\/2022\\\/05\\\/logo-mobil-jujuy.png\",\"contentUrl\":\"http:\\\/\\\/www.muyjujuy.com\\\/wp-content\\\/uploads\\\/2022\\\/05\\\/logo-mobil-jujuy.png\",\"width\":174,\"height\":81,\"caption\":\"Muy Jujuy\"},\"image\":{\"@id\":\"https:\\\/\\\/www.muyjujuy.com\\\/#\\\/schema\\\/logo\\\/image\\\/\"},\"sameAs\":[\"https:\\\/\\\/www.facebook.com\\\/muyjujuycom\",\"https:\\\/\\\/x.com\\\/muyjujuy\",\"https:\\\/\\\/www.instagram.com\\\/muyjujuycom\"]},{\"@type\":\"Person\",\"@id\":\"https:\\\/\\\/www.muyjujuy.com\\\/#\\\/schema\\\/person\\\/1d0f6e223ccea9e3f9034c1a5b683bf2\",\"name\":\"Redacci\u00f3n Muy Jujuy\",\"image\":{\"@type\":\"ImageObject\",\"inLanguage\":\"es-AR\",\"@id\":\"https:\\\/\\\/secure.gravatar.com\\\/avatar\\\/fec5f6f1893d741ed5eecccff109ce43e67a855411202a3212a058cb8e5c27d4?s=96&d=mm&r=g\",\"url\":\"https:\\\/\\\/secure.gravatar.com\\\/avatar\\\/fec5f6f1893d741ed5eecccff109ce43e67a855411202a3212a058cb8e5c27d4?s=96&d=mm&r=g\",\"contentUrl\":\"https:\\\/\\\/secure.gravatar.com\\\/avatar\\\/fec5f6f1893d741ed5eecccff109ce43e67a855411202a3212a058cb8e5c27d4?s=96&d=mm&r=g\",\"caption\":\"Redacci\u00f3n Muy Jujuy\"},\"url\":\"https:\\\/\\\/www.muyjujuy.com\\\/index.php\\\/author\\\/editor\\\/\"}]}<\/script>\n<!-- \/ Yoast SEO plugin. -->","yoast_head_json":{"title":"Jujuy: el Gobierno provincial decretar\u00e1 asueto para el 1\u00b0 de agosto","description":"El D\u00eda de la Pachamama es una fecha importante para la provincia juje\u00f1a y este a\u00f1o el 1\u00b0 de agosto cae lunes, por lo que se prev\u00e9 un nuevo finde largo.","robots":{"index":"index","follow":"follow","max-snippet":"max-snippet:-1","max-image-preview":"max-image-preview:large","max-video-preview":"max-video-preview:-1"},"canonical":"https:\/\/www.muyjujuy.com\/index.php\/2022\/07\/21\/jujuy-el-gobierno-provincial-decretara-asueto-para-el-1-de-agosto\/","og_locale":"es_ES","og_type":"article","og_title":"Jujuy: el Gobierno provincial decretar\u00e1 asueto para el 1\u00b0 de agosto","og_description":"El D\u00eda de la Pachamama es una fecha importante para la provincia juje\u00f1a y este a\u00f1o el 1\u00b0 de agosto cae lunes, por lo que se prev\u00e9 un nuevo finde largo.","og_url":"https:\/\/www.muyjujuy.com\/index.php\/2022\/07\/21\/jujuy-el-gobierno-provincial-decretara-asueto-para-el-1-de-agosto\/","og_site_name":"Muy Jujuy","article_publisher":"https:\/\/www.facebook.com\/muyjujuycom","article_published_time":"2022-07-21T16:51:37+00:00","article_modified_time":"2022-07-21T16:51:42+00:00","og_image":[{"width":990,"height":610,"url":"https:\/\/www.muyjujuy.com\/wp-content\/uploads\/2022\/07\/WhatsApp-Image-2022-07-21-at-1.43.40-PM.jpeg","type":"image\/jpeg"}],"author":"Redacci\u00f3n Muy Jujuy","twitter_card":"summary_large_image","twitter_creator":"@muyjujuy","twitter_site":"@muyjujuy","twitter_misc":{"Escrito por":"Redacci\u00f3n Muy Jujuy","Tiempo de lectura":"2 minutos"},"schema":{"@context":"https:\/\/schema.org","@graph":[{"@type":"Article","@id":"https:\/\/www.muyjujuy.com\/index.php\/2022\/07\/21\/jujuy-el-gobierno-provincial-decretara-asueto-para-el-1-de-agosto\/#article","isPartOf":{"@id":"https:\/\/www.muyjujuy.com\/index.php\/2022\/07\/21\/jujuy-el-gobierno-provincial-decretara-asueto-para-el-1-de-agosto\/"},"author":{"name":"Redacci\u00f3n Muy Jujuy","@id":"https:\/\/www.muyjujuy.com\/#\/schema\/person\/1d0f6e223ccea9e3f9034c1a5b683bf2"},"headline":"Jujuy: el Gobierno provincial decretar\u00e1 asueto para el 1\u00b0 de agosto","datePublished":"2022-07-21T16:51:37+00:00","dateModified":"2022-07-21T16:51:42+00:00","mainEntityOfPage":{"@id":"https:\/\/www.muyjujuy.com\/index.php\/2022\/07\/21\/jujuy-el-gobierno-provincial-decretara-asueto-para-el-1-de-agosto\/"},"wordCount":373,"commentCount":0,"publisher":{"@id":"https:\/\/www.muyjujuy.com\/#organization"},"image":{"@id":"https:\/\/www.muyjujuy.com\/index.php\/2022\/07\/21\/jujuy-el-gobierno-provincial-decretara-asueto-para-el-1-de-agosto\/#primaryimage"},"thumbnailUrl":"https:\/\/www.muyjujuy.com\/wp-content\/uploads\/2022\/07\/WhatsApp-Image-2022-07-21-at-1.43.40-PM.jpeg","keywords":["Jujuy","Pachamama"],"articleSection":["Sociedad"],"inLanguage":"es-AR","potentialAction":[{"@type":"CommentAction","name":"Comment","target":["https:\/\/www.muyjujuy.com\/index.php\/2022\/07\/21\/jujuy-el-gobierno-provincial-decretara-asueto-para-el-1-de-agosto\/#respond"]}]},{"@type":"WebPage","@id":"https:\/\/www.muyjujuy.com\/index.php\/2022\/07\/21\/jujuy-el-gobierno-provincial-decretara-asueto-para-el-1-de-agosto\/","url":"https:\/\/www.muyjujuy.com\/index.php\/2022\/07\/21\/jujuy-el-gobierno-provincial-decretara-asueto-para-el-1-de-agosto\/","name":"Jujuy: el Gobierno provincial decretar\u00e1 asueto para el 1\u00b0 de agosto","isPartOf":{"@id":"https:\/\/www.muyjujuy.com\/#website"},"primaryImageOfPage":{"@id":"https:\/\/www.muyjujuy.com\/index.php\/2022\/07\/21\/jujuy-el-gobierno-provincial-decretara-asueto-para-el-1-de-agosto\/#primaryimage"},"image":{"@id":"https:\/\/www.muyjujuy.com\/index.php\/2022\/07\/21\/jujuy-el-gobierno-provincial-decretara-asueto-para-el-1-de-agosto\/#primaryimage"},"thumbnailUrl":"https:\/\/www.muyjujuy.com\/wp-content\/uploads\/2022\/07\/WhatsApp-Image-2022-07-21-at-1.43.40-PM.jpeg","datePublished":"2022-07-21T16:51:37+00:00","dateModified":"2022-07-21T16:51:42+00:00","description":"El D\u00eda de la Pachamama es una fecha importante para la provincia juje\u00f1a y este a\u00f1o el 1\u00b0 de agosto cae lunes, por lo que se prev\u00e9 un nuevo finde largo.","breadcrumb":{"@id":"https:\/\/www.muyjujuy.com\/index.php\/2022\/07\/21\/jujuy-el-gobierno-provincial-decretara-asueto-para-el-1-de-agosto\/#breadcrumb"},"inLanguage":"es-AR","potentialAction":[{"@type":"ReadAction","target":["https:\/\/www.muyjujuy.com\/index.php\/2022\/07\/21\/jujuy-el-gobierno-provincial-decretara-asueto-para-el-1-de-agosto\/"]}]},{"@type":"ImageObject","inLanguage":"es-AR","@id":"https:\/\/www.muyjujuy.com\/index.php\/2022\/07\/21\/jujuy-el-gobierno-provincial-decretara-asueto-para-el-1-de-agosto\/#primaryimage","url":"https:\/\/www.muyjujuy.com\/wp-content\/uploads\/2022\/07\/WhatsApp-Image-2022-07-21-at-1.43.40-PM.jpeg","contentUrl":"https:\/\/www.muyjujuy.com\/wp-content\/uploads\/2022\/07\/WhatsApp-Image-2022-07-21-at-1.43.40-PM.jpeg","width":990,"height":610},{"@type":"BreadcrumbList","@id":"https:\/\/www.muyjujuy.com\/index.php\/2022\/07\/21\/jujuy-el-gobierno-provincial-decretara-asueto-para-el-1-de-agosto\/#breadcrumb","itemListElement":[{"@type":"ListItem","position":1,"name":"Inicio","item":"https:\/\/www.muyjujuy.com\/"},{"@type":"ListItem","position":2,"name":"Jujuy: el Gobierno provincial decretar\u00e1 asueto para el 1\u00b0 de agosto"}]},{"@type":"WebSite","@id":"https:\/\/www.muyjujuy.com\/#website","url":"https:\/\/www.muyjujuy.com\/","name":"Muy Jujuy","description":"","publisher":{"@id":"https:\/\/www.muyjujuy.com\/#organization"},"potentialAction":[{"@type":"SearchAction","target":{"@type":"EntryPoint","urlTemplate":"https:\/\/www.muyjujuy.com\/?s={search_term_string}"},"query-input":{"@type":"PropertyValueSpecification","valueRequired":true,"valueName":"search_term_string"}}],"inLanguage":"es-AR"},{"@type":"Organization","@id":"https:\/\/www.muyjujuy.com\/#organization","name":"Muy Jujuy","url":"https:\/\/www.muyjujuy.com\/","logo":{"@type":"ImageObject","inLanguage":"es-AR","@id":"https:\/\/www.muyjujuy.com\/#\/schema\/logo\/image\/","url":"http:\/\/www.muyjujuy.com\/wp-content\/uploads\/2022\/05\/logo-mobil-jujuy.png","contentUrl":"http:\/\/www.muyjujuy.com\/wp-content\/uploads\/2022\/05\/logo-mobil-jujuy.png","width":174,"height":81,"caption":"Muy Jujuy"},"image":{"@id":"https:\/\/www.muyjujuy.com\/#\/schema\/logo\/image\/"},"sameAs":["https:\/\/www.facebook.com\/muyjujuycom","https:\/\/x.com\/muyjujuy","https:\/\/www.instagram.com\/muyjujuycom"]},{"@type":"Person","@id":"https:\/\/www.muyjujuy.com\/#\/schema\/person\/1d0f6e223ccea9e3f9034c1a5b683bf2","name":"Redacci\u00f3n Muy Jujuy","image":{"@type":"ImageObject","inLanguage":"es-AR","@id":"https:\/\/secure.gravatar.com\/avatar\/fec5f6f1893d741ed5eecccff109ce43e67a855411202a3212a058cb8e5c27d4?s=96&d=mm&r=g","url":"https:\/\/secure.gravatar.com\/avatar\/fec5f6f1893d741ed5eecccff109ce43e67a855411202a3212a058cb8e5c27d4?s=96&d=mm&r=g","contentUrl":"https:\/\/secure.gravatar.com\/avatar\/fec5f6f1893d741ed5eecccff109ce43e67a855411202a3212a058cb8e5c27d4?s=96&d=mm&r=g","caption":"Redacci\u00f3n Muy Jujuy"},"url":"https:\/\/www.muyjujuy.com\/index.php\/author\/editor\/"}]}},"_links":{"self":[{"href":"https:\/\/www.muyjujuy.com\/index.php\/wp-json\/wp\/v2\/posts\/963","targetHints":{"allow":["GET"]}}],"collection":[{"href":"https:\/\/www.muyjujuy.com\/index.php\/wp-json\/wp\/v2\/posts"}],"about":[{"href":"https:\/\/www.muyjujuy.com\/index.php\/wp-json\/wp\/v2\/types\/post"}],"author":[{"embeddable":true,"href":"https:\/\/www.muyjujuy.com\/index.php\/wp-json\/wp\/v2\/users\/3"}],"replies":[{"embeddable":true,"href":"https:\/\/www.muyjujuy.com\/index.php\/wp-json\/wp\/v2\/comments?post=963"}],"version-history":[{"count":1,"href":"https:\/\/www.muyjujuy.com\/index.php\/wp-json\/wp\/v2\/posts\/963\/revisions"}],"predecessor-version":[{"id":966,"href":"https:\/\/www.muyjujuy.com\/index.php\/wp-json\/wp\/v2\/posts\/963\/revisions\/966"}],"wp:featuredmedia":[{"embeddable":true,"href":"https:\/\/www.muyjujuy.com\/index.php\/wp-json\/wp\/v2\/media\/965"}],"wp:attachment":[{"href":"https:\/\/www.muyjujuy.com\/index.php\/wp-json\/wp\/v2\/media?parent=963"}],"wp:term":[{"taxonomy":"category","embeddable":true,"href":"https:\/\/www.muyjujuy.com\/index.php\/wp-json\/wp\/v2\/categories?post=963"},{"taxonomy":"post_tag","embeddable":true,"href":"https:\/\/www.muyjujuy.com\/index.php\/wp-json\/wp\/v2\/tags?post=963"}],"curies":[{"name":"wp","href":"https:\/\/api.w.org\/{rel}","templated":true}]}}