{"id":975,"date":"2022-07-22T12:26:04","date_gmt":"2022-07-22T15:26:04","guid":{"rendered":"https:\/\/www.muyjujuy.com\/?p=975"},"modified":"2022-07-22T12:26:05","modified_gmt":"2022-07-22T15:26:05","slug":"se-registra-un-aumento-del-precio-de-la-nafta-en-san-salvador-de-jujuy","status":"publish","type":"post","link":"https:\/\/www.muyjujuy.com\/index.php\/2022\/07\/22\/se-registra-un-aumento-del-precio-de-la-nafta-en-san-salvador-de-jujuy\/","title":{"rendered":"Se registra un aumento del precio de la nafta en San Salvador de Jujuy"},"content":{"rendered":"\n<p><em>En la capital juje\u00f1a se vende la nafta a 132 pesos el litro de combustible. Por el momento, la suba que se registr\u00f3 fue de $4.<\/em><\/p>\n\n\n\n<p>En medio de la falta de gasoil, <strong>la petrolera Shell aument\u00f3 este viernes el precio de la nafta s\u00faper. <\/strong>Ahora, el litro de combustible subi\u00f3 $4 y <strong>se vende a $132,2 <\/strong>en las estaciones de servicio de San Salvador de Jujuy.<\/p>\n\n\n\n<p>Por el momento, es la \u00fanica de las petroleras que aplic\u00f3 una suba en el precio de sus combustibles<strong>. El resto mantiene a\u00fan los valores con los que se comercializaban hasta ahora.<\/strong><\/p>\n\n\n\n<p>El combustible de mayor octanaje de Shell es el \u00fanico que sufri\u00f3 un incremento de precio. <strong>La nafta V Power Nitro Nafta contin\u00faa a $157,7; la F\u00f3rmula Diesel a $161,9; la V Power Nitro Diesel a $207 y el GNC a $77,8.<\/strong><\/p>\n\n\n\n<p>En cuanto al resto de las marcas, el litro de nafta s\u00faper en YPF contin\u00faa a $127 y Axion a $129.<\/p>\n\n\n\n<h2 class=\"wp-block-heading\"><strong>Aumento del GNC <\/strong><\/h2>\n\n\n\n<p>En tanto, <strong>el precio del GNC subi\u00f3 $10 a fines de junio en la capital juje\u00f1a <\/strong>y el metro c\u00fabico del combustible se comercializa a $77,99. <\/p>\n\n\n\n<p>Al principio, varias estaciones de servicios decidieron mantener el precio para no afectar las ventas, pero ahora se aplicar\u00e1 el aumento bajo el argumento de que no se llega a cubrir los costos.<\/p>\n\n\n\n<p>Se trata de un incremento de m\u00e1s del 14% que lleva el precio del combustible de $67,99 a $77,99 el metro c\u00fabico.<\/p>\n\n\n\n<h2 class=\"wp-block-heading\"><strong>Los nuevos precios de la nafta en la capital juje\u00f1a son:<\/strong><\/h2>\n\n\n\n<ul class=\"wp-block-list\"><li>Nafta s\u00faper $ 127,30<\/li><li>Infinia $ 154,70<\/li><li>Diesel $ 119,90<\/li><li>Di\u00e9sel Infinia $156,70<\/li><\/ul>\n\n\n\n<h2 class=\"wp-block-heading\"><strong>Falta de gasoil en Jujuy: c\u00f3mo est\u00e1 la situaci\u00f3n<\/strong><\/h2>\n\n\n\n<p>La Federaci\u00f3n Argentina de Entidades Empresarias del Autotransporte de Cargas (FADEEAC) difunde semana a semana\u00a0<strong>el mapa de abastecimiento de gasoil\u00a0<\/strong>en el pa\u00eds seg\u00fan datos relevados en las provincias.\u00a0<strong>Seg\u00fan la informaci\u00f3n del 1 al 10 de julio,\u00a0<\/strong><a href=\"https:\/\/www.muyjujuy.com\/index.php\/2022\/07\/19\/falta-de-gasoil-en-jujuy-se-registran-demoras-y-suspensiones-de-colectivos-de-media-distancia\/\">hay una mejora en el acceso del combustible para los transportistas de cargas.<\/a><\/p>\n\n\n\n<p>Si bien hay dificultades,&nbsp;<strong>en el mapa actual solo hay dos provincias en rojo (Entre R\u00edos y Buenos Aires)<\/strong>. Cabe mencionar que para determinar el color de una jurisdicci\u00f3n se tienen en cuenta el nivel de abastecimiento, la existencia de cupos, los tiempos de espera para cargar combustible y los precios que se pagan.<\/p>\n","protected":false},"excerpt":{"rendered":"<p>En la capital juje\u00f1a se vende la nafta a 132 pesos el litro de combustible. Por el momento, la suba que se registr\u00f3 fue de $4. En medio de la falta de gasoil, la petrolera Shell aument\u00f3 este viernes el precio de la nafta s\u00faper. Ahora, el litro de combustible subi\u00f3 $4 y se vende [&hellip;]<\/p>\n","protected":false},"author":3,"featured_media":976,"comment_status":"open","ping_status":"open","sticky":false,"template":"","format":"standard","meta":{"footnotes":""},"categories":[25],"tags":[734,8,640],"class_list":{"0":"post-975","1":"post","2":"type-post","3":"status-publish","4":"format-standard","5":"has-post-thumbnail","7":"category-sociedad","8":"tag-combustible","9":"tag-jujuy","10":"tag-san-salvador"},"yoast_head":"<!-- This site is optimized with the Yoast SEO plugin v27.5 - https:\/\/yoast.com\/product\/yoast-seo-wordpress\/ -->\n<title>Se registra un aumento del precio de la nafta en San Salvador de Jujuy<\/title>\n<meta name=\"description\" content=\"En medio de la falta de gasoil, la petrolera Shell aument\u00f3 este viernes el precio de la nafta s\u00faper. Ahora, el litro de combustible se vende a $132,2\" \/>\n<meta name=\"robots\" content=\"index, follow, max-snippet:-1, max-image-preview:large, max-video-preview:-1\" \/>\n<link rel=\"canonical\" href=\"https:\/\/www.muyjujuy.com\/index.php\/2022\/07\/22\/se-registra-un-aumento-del-precio-de-la-nafta-en-san-salvador-de-jujuy\/\" \/>\n<meta property=\"og:locale\" content=\"es_ES\" \/>\n<meta property=\"og:type\" content=\"article\" \/>\n<meta property=\"og:title\" content=\"Se registra un aumento del precio de la nafta en San Salvador de Jujuy\" \/>\n<meta property=\"og:description\" content=\"En medio de la falta de gasoil, la petrolera Shell aument\u00f3 este viernes el precio de la nafta s\u00faper. Ahora, el litro de combustible se vende a $132,2\" \/>\n<meta property=\"og:url\" content=\"https:\/\/www.muyjujuy.com\/index.php\/2022\/07\/22\/se-registra-un-aumento-del-precio-de-la-nafta-en-san-salvador-de-jujuy\/\" \/>\n<meta property=\"og:site_name\" content=\"Muy Jujuy\" \/>\n<meta property=\"article:publisher\" content=\"https:\/\/www.facebook.com\/muyjujuycom\" \/>\n<meta property=\"article:published_time\" content=\"2022-07-22T15:26:04+00:00\" \/>\n<meta property=\"article:modified_time\" content=\"2022-07-22T15:26:05+00:00\" \/>\n<meta property=\"og:image\" content=\"https:\/\/www.muyjujuy.com\/wp-content\/uploads\/2022\/07\/WhatsApp-Image-2022-07-22-at-12.17.32-PM.jpeg\" \/>\n\t<meta property=\"og:image:width\" content=\"990\" \/>\n\t<meta property=\"og:image:height\" content=\"610\" \/>\n\t<meta property=\"og:image:type\" content=\"image\/jpeg\" \/>\n<meta name=\"author\" content=\"Redacci\u00f3n Muy Jujuy\" \/>\n<meta name=\"twitter:card\" content=\"summary_large_image\" \/>\n<meta name=\"twitter:creator\" content=\"@muyjujuy\" \/>\n<meta name=\"twitter:site\" content=\"@muyjujuy\" \/>\n<meta name=\"twitter:label1\" content=\"Escrito por\" \/>\n\t<meta name=\"twitter:data1\" content=\"Redacci\u00f3n Muy Jujuy\" \/>\n\t<meta name=\"twitter:label2\" content=\"Tiempo de lectura\" \/>\n\t<meta name=\"twitter:data2\" content=\"2 minutos\" \/>\n<script type=\"application\/ld+json\" class=\"yoast-schema-graph\">{\"@context\":\"https:\\\/\\\/schema.org\",\"@graph\":[{\"@type\":\"Article\",\"@id\":\"https:\\\/\\\/www.muyjujuy.com\\\/index.php\\\/2022\\\/07\\\/22\\\/se-registra-un-aumento-del-precio-de-la-nafta-en-san-salvador-de-jujuy\\\/#article\",\"isPartOf\":{\"@id\":\"https:\\\/\\\/www.muyjujuy.com\\\/index.php\\\/2022\\\/07\\\/22\\\/se-registra-un-aumento-del-precio-de-la-nafta-en-san-salvador-de-jujuy\\\/\"},\"author\":{\"name\":\"Redacci\u00f3n Muy Jujuy\",\"@id\":\"https:\\\/\\\/www.muyjujuy.com\\\/#\\\/schema\\\/person\\\/1d0f6e223ccea9e3f9034c1a5b683bf2\"},\"headline\":\"Se registra un aumento del precio de la nafta en San Salvador de Jujuy\",\"datePublished\":\"2022-07-22T15:26:04+00:00\",\"dateModified\":\"2022-07-22T15:26:05+00:00\",\"mainEntityOfPage\":{\"@id\":\"https:\\\/\\\/www.muyjujuy.com\\\/index.php\\\/2022\\\/07\\\/22\\\/se-registra-un-aumento-del-precio-de-la-nafta-en-san-salvador-de-jujuy\\\/\"},\"wordCount\":399,\"commentCount\":0,\"publisher\":{\"@id\":\"https:\\\/\\\/www.muyjujuy.com\\\/#organization\"},\"image\":{\"@id\":\"https:\\\/\\\/www.muyjujuy.com\\\/index.php\\\/2022\\\/07\\\/22\\\/se-registra-un-aumento-del-precio-de-la-nafta-en-san-salvador-de-jujuy\\\/#primaryimage\"},\"thumbnailUrl\":\"https:\\\/\\\/www.muyjujuy.com\\\/wp-content\\\/uploads\\\/2022\\\/07\\\/WhatsApp-Image-2022-07-22-at-12.17.32-PM.jpeg\",\"keywords\":[\"Combustible\",\"Jujuy\",\"San Salvador\"],\"articleSection\":[\"Sociedad\"],\"inLanguage\":\"es-AR\",\"potentialAction\":[{\"@type\":\"CommentAction\",\"name\":\"Comment\",\"target\":[\"https:\\\/\\\/www.muyjujuy.com\\\/index.php\\\/2022\\\/07\\\/22\\\/se-registra-un-aumento-del-precio-de-la-nafta-en-san-salvador-de-jujuy\\\/#respond\"]}]},{\"@type\":\"WebPage\",\"@id\":\"https:\\\/\\\/www.muyjujuy.com\\\/index.php\\\/2022\\\/07\\\/22\\\/se-registra-un-aumento-del-precio-de-la-nafta-en-san-salvador-de-jujuy\\\/\",\"url\":\"https:\\\/\\\/www.muyjujuy.com\\\/index.php\\\/2022\\\/07\\\/22\\\/se-registra-un-aumento-del-precio-de-la-nafta-en-san-salvador-de-jujuy\\\/\",\"name\":\"Se registra un aumento del precio de la nafta en San Salvador de Jujuy\",\"isPartOf\":{\"@id\":\"https:\\\/\\\/www.muyjujuy.com\\\/#website\"},\"primaryImageOfPage\":{\"@id\":\"https:\\\/\\\/www.muyjujuy.com\\\/index.php\\\/2022\\\/07\\\/22\\\/se-registra-un-aumento-del-precio-de-la-nafta-en-san-salvador-de-jujuy\\\/#primaryimage\"},\"image\":{\"@id\":\"https:\\\/\\\/www.muyjujuy.com\\\/index.php\\\/2022\\\/07\\\/22\\\/se-registra-un-aumento-del-precio-de-la-nafta-en-san-salvador-de-jujuy\\\/#primaryimage\"},\"thumbnailUrl\":\"https:\\\/\\\/www.muyjujuy.com\\\/wp-content\\\/uploads\\\/2022\\\/07\\\/WhatsApp-Image-2022-07-22-at-12.17.32-PM.jpeg\",\"datePublished\":\"2022-07-22T15:26:04+00:00\",\"dateModified\":\"2022-07-22T15:26:05+00:00\",\"description\":\"En medio de la falta de gasoil, la petrolera Shell aument\u00f3 este viernes el precio de la nafta s\u00faper. Ahora, el litro de combustible se vende a $132,2\",\"breadcrumb\":{\"@id\":\"https:\\\/\\\/www.muyjujuy.com\\\/index.php\\\/2022\\\/07\\\/22\\\/se-registra-un-aumento-del-precio-de-la-nafta-en-san-salvador-de-jujuy\\\/#breadcrumb\"},\"inLanguage\":\"es-AR\",\"potentialAction\":[{\"@type\":\"ReadAction\",\"target\":[\"https:\\\/\\\/www.muyjujuy.com\\\/index.php\\\/2022\\\/07\\\/22\\\/se-registra-un-aumento-del-precio-de-la-nafta-en-san-salvador-de-jujuy\\\/\"]}]},{\"@type\":\"ImageObject\",\"inLanguage\":\"es-AR\",\"@id\":\"https:\\\/\\\/www.muyjujuy.com\\\/index.php\\\/2022\\\/07\\\/22\\\/se-registra-un-aumento-del-precio-de-la-nafta-en-san-salvador-de-jujuy\\\/#primaryimage\",\"url\":\"https:\\\/\\\/www.muyjujuy.com\\\/wp-content\\\/uploads\\\/2022\\\/07\\\/WhatsApp-Image-2022-07-22-at-12.17.32-PM.jpeg\",\"contentUrl\":\"https:\\\/\\\/www.muyjujuy.com\\\/wp-content\\\/uploads\\\/2022\\\/07\\\/WhatsApp-Image-2022-07-22-at-12.17.32-PM.jpeg\",\"width\":990,\"height\":610},{\"@type\":\"BreadcrumbList\",\"@id\":\"https:\\\/\\\/www.muyjujuy.com\\\/index.php\\\/2022\\\/07\\\/22\\\/se-registra-un-aumento-del-precio-de-la-nafta-en-san-salvador-de-jujuy\\\/#breadcrumb\",\"itemListElement\":[{\"@type\":\"ListItem\",\"position\":1,\"name\":\"Inicio\",\"item\":\"https:\\\/\\\/www.muyjujuy.com\\\/\"},{\"@type\":\"ListItem\",\"position\":2,\"name\":\"Se registra un aumento del precio de la nafta en San Salvador de Jujuy\"}]},{\"@type\":\"WebSite\",\"@id\":\"https:\\\/\\\/www.muyjujuy.com\\\/#website\",\"url\":\"https:\\\/\\\/www.muyjujuy.com\\\/\",\"name\":\"Muy Jujuy\",\"description\":\"\",\"publisher\":{\"@id\":\"https:\\\/\\\/www.muyjujuy.com\\\/#organization\"},\"potentialAction\":[{\"@type\":\"SearchAction\",\"target\":{\"@type\":\"EntryPoint\",\"urlTemplate\":\"https:\\\/\\\/www.muyjujuy.com\\\/?s={search_term_string}\"},\"query-input\":{\"@type\":\"PropertyValueSpecification\",\"valueRequired\":true,\"valueName\":\"search_term_string\"}}],\"inLanguage\":\"es-AR\"},{\"@type\":\"Organization\",\"@id\":\"https:\\\/\\\/www.muyjujuy.com\\\/#organization\",\"name\":\"Muy Jujuy\",\"url\":\"https:\\\/\\\/www.muyjujuy.com\\\/\",\"logo\":{\"@type\":\"ImageObject\",\"inLanguage\":\"es-AR\",\"@id\":\"https:\\\/\\\/www.muyjujuy.com\\\/#\\\/schema\\\/logo\\\/image\\\/\",\"url\":\"http:\\\/\\\/www.muyjujuy.com\\\/wp-content\\\/uploads\\\/2022\\\/05\\\/logo-mobil-jujuy.png\",\"contentUrl\":\"http:\\\/\\\/www.muyjujuy.com\\\/wp-content\\\/uploads\\\/2022\\\/05\\\/logo-mobil-jujuy.png\",\"width\":174,\"height\":81,\"caption\":\"Muy Jujuy\"},\"image\":{\"@id\":\"https:\\\/\\\/www.muyjujuy.com\\\/#\\\/schema\\\/logo\\\/image\\\/\"},\"sameAs\":[\"https:\\\/\\\/www.facebook.com\\\/muyjujuycom\",\"https:\\\/\\\/x.com\\\/muyjujuy\",\"https:\\\/\\\/www.instagram.com\\\/muyjujuycom\"]},{\"@type\":\"Person\",\"@id\":\"https:\\\/\\\/www.muyjujuy.com\\\/#\\\/schema\\\/person\\\/1d0f6e223ccea9e3f9034c1a5b683bf2\",\"name\":\"Redacci\u00f3n Muy Jujuy\",\"image\":{\"@type\":\"ImageObject\",\"inLanguage\":\"es-AR\",\"@id\":\"https:\\\/\\\/secure.gravatar.com\\\/avatar\\\/fec5f6f1893d741ed5eecccff109ce43e67a855411202a3212a058cb8e5c27d4?s=96&d=mm&r=g\",\"url\":\"https:\\\/\\\/secure.gravatar.com\\\/avatar\\\/fec5f6f1893d741ed5eecccff109ce43e67a855411202a3212a058cb8e5c27d4?s=96&d=mm&r=g\",\"contentUrl\":\"https:\\\/\\\/secure.gravatar.com\\\/avatar\\\/fec5f6f1893d741ed5eecccff109ce43e67a855411202a3212a058cb8e5c27d4?s=96&d=mm&r=g\",\"caption\":\"Redacci\u00f3n Muy Jujuy\"},\"url\":\"https:\\\/\\\/www.muyjujuy.com\\\/index.php\\\/author\\\/editor\\\/\"}]}<\/script>\n<!-- \/ Yoast SEO plugin. -->","yoast_head_json":{"title":"Se registra un aumento del precio de la nafta en San Salvador de Jujuy","description":"En medio de la falta de gasoil, la petrolera Shell aument\u00f3 este viernes el precio de la nafta s\u00faper. Ahora, el litro de combustible se vende a $132,2","robots":{"index":"index","follow":"follow","max-snippet":"max-snippet:-1","max-image-preview":"max-image-preview:large","max-video-preview":"max-video-preview:-1"},"canonical":"https:\/\/www.muyjujuy.com\/index.php\/2022\/07\/22\/se-registra-un-aumento-del-precio-de-la-nafta-en-san-salvador-de-jujuy\/","og_locale":"es_ES","og_type":"article","og_title":"Se registra un aumento del precio de la nafta en San Salvador de Jujuy","og_description":"En medio de la falta de gasoil, la petrolera Shell aument\u00f3 este viernes el precio de la nafta s\u00faper. Ahora, el litro de combustible se vende a $132,2","og_url":"https:\/\/www.muyjujuy.com\/index.php\/2022\/07\/22\/se-registra-un-aumento-del-precio-de-la-nafta-en-san-salvador-de-jujuy\/","og_site_name":"Muy Jujuy","article_publisher":"https:\/\/www.facebook.com\/muyjujuycom","article_published_time":"2022-07-22T15:26:04+00:00","article_modified_time":"2022-07-22T15:26:05+00:00","og_image":[{"width":990,"height":610,"url":"https:\/\/www.muyjujuy.com\/wp-content\/uploads\/2022\/07\/WhatsApp-Image-2022-07-22-at-12.17.32-PM.jpeg","type":"image\/jpeg"}],"author":"Redacci\u00f3n Muy Jujuy","twitter_card":"summary_large_image","twitter_creator":"@muyjujuy","twitter_site":"@muyjujuy","twitter_misc":{"Escrito por":"Redacci\u00f3n Muy Jujuy","Tiempo de lectura":"2 minutos"},"schema":{"@context":"https:\/\/schema.org","@graph":[{"@type":"Article","@id":"https:\/\/www.muyjujuy.com\/index.php\/2022\/07\/22\/se-registra-un-aumento-del-precio-de-la-nafta-en-san-salvador-de-jujuy\/#article","isPartOf":{"@id":"https:\/\/www.muyjujuy.com\/index.php\/2022\/07\/22\/se-registra-un-aumento-del-precio-de-la-nafta-en-san-salvador-de-jujuy\/"},"author":{"name":"Redacci\u00f3n Muy Jujuy","@id":"https:\/\/www.muyjujuy.com\/#\/schema\/person\/1d0f6e223ccea9e3f9034c1a5b683bf2"},"headline":"Se registra un aumento del precio de la nafta en San Salvador de Jujuy","datePublished":"2022-07-22T15:26:04+00:00","dateModified":"2022-07-22T15:26:05+00:00","mainEntityOfPage":{"@id":"https:\/\/www.muyjujuy.com\/index.php\/2022\/07\/22\/se-registra-un-aumento-del-precio-de-la-nafta-en-san-salvador-de-jujuy\/"},"wordCount":399,"commentCount":0,"publisher":{"@id":"https:\/\/www.muyjujuy.com\/#organization"},"image":{"@id":"https:\/\/www.muyjujuy.com\/index.php\/2022\/07\/22\/se-registra-un-aumento-del-precio-de-la-nafta-en-san-salvador-de-jujuy\/#primaryimage"},"thumbnailUrl":"https:\/\/www.muyjujuy.com\/wp-content\/uploads\/2022\/07\/WhatsApp-Image-2022-07-22-at-12.17.32-PM.jpeg","keywords":["Combustible","Jujuy","San Salvador"],"articleSection":["Sociedad"],"inLanguage":"es-AR","potentialAction":[{"@type":"CommentAction","name":"Comment","target":["https:\/\/www.muyjujuy.com\/index.php\/2022\/07\/22\/se-registra-un-aumento-del-precio-de-la-nafta-en-san-salvador-de-jujuy\/#respond"]}]},{"@type":"WebPage","@id":"https:\/\/www.muyjujuy.com\/index.php\/2022\/07\/22\/se-registra-un-aumento-del-precio-de-la-nafta-en-san-salvador-de-jujuy\/","url":"https:\/\/www.muyjujuy.com\/index.php\/2022\/07\/22\/se-registra-un-aumento-del-precio-de-la-nafta-en-san-salvador-de-jujuy\/","name":"Se registra un aumento del precio de la nafta en San Salvador de Jujuy","isPartOf":{"@id":"https:\/\/www.muyjujuy.com\/#website"},"primaryImageOfPage":{"@id":"https:\/\/www.muyjujuy.com\/index.php\/2022\/07\/22\/se-registra-un-aumento-del-precio-de-la-nafta-en-san-salvador-de-jujuy\/#primaryimage"},"image":{"@id":"https:\/\/www.muyjujuy.com\/index.php\/2022\/07\/22\/se-registra-un-aumento-del-precio-de-la-nafta-en-san-salvador-de-jujuy\/#primaryimage"},"thumbnailUrl":"https:\/\/www.muyjujuy.com\/wp-content\/uploads\/2022\/07\/WhatsApp-Image-2022-07-22-at-12.17.32-PM.jpeg","datePublished":"2022-07-22T15:26:04+00:00","dateModified":"2022-07-22T15:26:05+00:00","description":"En medio de la falta de gasoil, la petrolera Shell aument\u00f3 este viernes el precio de la nafta s\u00faper. Ahora, el litro de combustible se vende a $132,2","breadcrumb":{"@id":"https:\/\/www.muyjujuy.com\/index.php\/2022\/07\/22\/se-registra-un-aumento-del-precio-de-la-nafta-en-san-salvador-de-jujuy\/#breadcrumb"},"inLanguage":"es-AR","potentialAction":[{"@type":"ReadAction","target":["https:\/\/www.muyjujuy.com\/index.php\/2022\/07\/22\/se-registra-un-aumento-del-precio-de-la-nafta-en-san-salvador-de-jujuy\/"]}]},{"@type":"ImageObject","inLanguage":"es-AR","@id":"https:\/\/www.muyjujuy.com\/index.php\/2022\/07\/22\/se-registra-un-aumento-del-precio-de-la-nafta-en-san-salvador-de-jujuy\/#primaryimage","url":"https:\/\/www.muyjujuy.com\/wp-content\/uploads\/2022\/07\/WhatsApp-Image-2022-07-22-at-12.17.32-PM.jpeg","contentUrl":"https:\/\/www.muyjujuy.com\/wp-content\/uploads\/2022\/07\/WhatsApp-Image-2022-07-22-at-12.17.32-PM.jpeg","width":990,"height":610},{"@type":"BreadcrumbList","@id":"https:\/\/www.muyjujuy.com\/index.php\/2022\/07\/22\/se-registra-un-aumento-del-precio-de-la-nafta-en-san-salvador-de-jujuy\/#breadcrumb","itemListElement":[{"@type":"ListItem","position":1,"name":"Inicio","item":"https:\/\/www.muyjujuy.com\/"},{"@type":"ListItem","position":2,"name":"Se registra un aumento del precio de la nafta en San Salvador de Jujuy"}]},{"@type":"WebSite","@id":"https:\/\/www.muyjujuy.com\/#website","url":"https:\/\/www.muyjujuy.com\/","name":"Muy Jujuy","description":"","publisher":{"@id":"https:\/\/www.muyjujuy.com\/#organization"},"potentialAction":[{"@type":"SearchAction","target":{"@type":"EntryPoint","urlTemplate":"https:\/\/www.muyjujuy.com\/?s={search_term_string}"},"query-input":{"@type":"PropertyValueSpecification","valueRequired":true,"valueName":"search_term_string"}}],"inLanguage":"es-AR"},{"@type":"Organization","@id":"https:\/\/www.muyjujuy.com\/#organization","name":"Muy Jujuy","url":"https:\/\/www.muyjujuy.com\/","logo":{"@type":"ImageObject","inLanguage":"es-AR","@id":"https:\/\/www.muyjujuy.com\/#\/schema\/logo\/image\/","url":"http:\/\/www.muyjujuy.com\/wp-content\/uploads\/2022\/05\/logo-mobil-jujuy.png","contentUrl":"http:\/\/www.muyjujuy.com\/wp-content\/uploads\/2022\/05\/logo-mobil-jujuy.png","width":174,"height":81,"caption":"Muy Jujuy"},"image":{"@id":"https:\/\/www.muyjujuy.com\/#\/schema\/logo\/image\/"},"sameAs":["https:\/\/www.facebook.com\/muyjujuycom","https:\/\/x.com\/muyjujuy","https:\/\/www.instagram.com\/muyjujuycom"]},{"@type":"Person","@id":"https:\/\/www.muyjujuy.com\/#\/schema\/person\/1d0f6e223ccea9e3f9034c1a5b683bf2","name":"Redacci\u00f3n Muy Jujuy","image":{"@type":"ImageObject","inLanguage":"es-AR","@id":"https:\/\/secure.gravatar.com\/avatar\/fec5f6f1893d741ed5eecccff109ce43e67a855411202a3212a058cb8e5c27d4?s=96&d=mm&r=g","url":"https:\/\/secure.gravatar.com\/avatar\/fec5f6f1893d741ed5eecccff109ce43e67a855411202a3212a058cb8e5c27d4?s=96&d=mm&r=g","contentUrl":"https:\/\/secure.gravatar.com\/avatar\/fec5f6f1893d741ed5eecccff109ce43e67a855411202a3212a058cb8e5c27d4?s=96&d=mm&r=g","caption":"Redacci\u00f3n Muy Jujuy"},"url":"https:\/\/www.muyjujuy.com\/index.php\/author\/editor\/"}]}},"_links":{"self":[{"href":"https:\/\/www.muyjujuy.com\/index.php\/wp-json\/wp\/v2\/posts\/975","targetHints":{"allow":["GET"]}}],"collection":[{"href":"https:\/\/www.muyjujuy.com\/index.php\/wp-json\/wp\/v2\/posts"}],"about":[{"href":"https:\/\/www.muyjujuy.com\/index.php\/wp-json\/wp\/v2\/types\/post"}],"author":[{"embeddable":true,"href":"https:\/\/www.muyjujuy.com\/index.php\/wp-json\/wp\/v2\/users\/3"}],"replies":[{"embeddable":true,"href":"https:\/\/www.muyjujuy.com\/index.php\/wp-json\/wp\/v2\/comments?post=975"}],"version-history":[{"count":1,"href":"https:\/\/www.muyjujuy.com\/index.php\/wp-json\/wp\/v2\/posts\/975\/revisions"}],"predecessor-version":[{"id":977,"href":"https:\/\/www.muyjujuy.com\/index.php\/wp-json\/wp\/v2\/posts\/975\/revisions\/977"}],"wp:featuredmedia":[{"embeddable":true,"href":"https:\/\/www.muyjujuy.com\/index.php\/wp-json\/wp\/v2\/media\/976"}],"wp:attachment":[{"href":"https:\/\/www.muyjujuy.com\/index.php\/wp-json\/wp\/v2\/media?parent=975"}],"wp:term":[{"taxonomy":"category","embeddable":true,"href":"https:\/\/www.muyjujuy.com\/index.php\/wp-json\/wp\/v2\/categories?post=975"},{"taxonomy":"post_tag","embeddable":true,"href":"https:\/\/www.muyjujuy.com\/index.php\/wp-json\/wp\/v2\/tags?post=975"}],"curies":[{"name":"wp","href":"https:\/\/api.w.org\/{rel}","templated":true}]}}