{"id":978,"date":"2022-07-22T12:35:01","date_gmt":"2022-07-22T15:35:01","guid":{"rendered":"https:\/\/www.muyjujuy.com\/?p=978"},"modified":"2022-07-22T12:35:04","modified_gmt":"2022-07-22T15:35:04","slug":"alertan-por-el-alto-indice-de-incendios-forestales-en-jujuy","status":"publish","type":"post","link":"https:\/\/www.muyjujuy.com\/index.php\/2022\/07\/22\/alertan-por-el-alto-indice-de-incendios-forestales-en-jujuy\/","title":{"rendered":"Alertan por el alto \u00edndice de incendios forestales en Jujuy"},"content":{"rendered":"\n<p><em>El Gobierno provincial inst\u00f3 a la ciudadan\u00eda a prevenir los incendios forestales y a actuar con responsabilidad.<\/em><\/p>\n\n\n\n<p>El Ministerio de Ambiente de Jujuy lanz\u00f3 una preocupante alerta para este fin de semana sobre <strong>el alto \u00edndice de peligrosidad de incendios forestales<\/strong>.<\/p>\n\n\n\n<p>La alerta estar\u00e1 vigente este viernes y s\u00e1bado. Adem\u00e1s, <strong>se le solicit\u00f3 a la comunidad juje\u00f1a tomar todas las medidas preventivas <\/strong>y de cuidado para evitar cualquier tipo de incendio forestal que se pueda desatar por un descuido.<\/p>\n\n\n\n<h2 class=\"wp-block-heading\"><strong>Qu\u00e9 hacer ante un incendio forestal<\/strong><\/h2>\n\n\n\n<p>Ante un incendio forestal, hay que llamar a los siguientes n\u00fameros: <\/p>\n\n\n\n<ul class=\"wp-block-list\"><li>911 Emergencias<\/li><li>100 Bomberos<\/li><li>103 Defensa Civil<\/li><li>Base Central \u201cEl Brete\u201d 388 4271971<\/li><li>Base \u201cSan Pedro\u201d 388456421<\/li><li>Base \u201cYuto\u201d 3884723368.<\/li><\/ul>\n\n\n\n<h2 class=\"wp-block-heading\"><strong>Incendios forestales en Jujuy<\/strong><\/h2>\n\n\n\n<p>En Jujuy inici\u00f3 la temporada de incendios forestales, frente a esta situaci\u00f3n desde Medio Ambiente inculcan a los juje\u00f1os <strong>a prevenir los focos, ya que<a href=\"https:\/\/www.muyjujuy.com\/index.php\/2022\/06\/29\/abra-pampa-quiso-incinerar-a-un-cerdo-muerto-y-termino-provocando-un-incendio\/\"> la mayor\u00eda de ellos son provocados por la irresponsabilidad de las personas.<\/a><\/strong><\/p>\n\n\n\n<p>Al respecto, <strong>Alejandro Cooke, <\/strong>director de Incendios de Vegetaci\u00f3n y Emergencia Ambiental, dialog\u00f3 al respecto con <em>AM630<\/em> e indic\u00f3 que <strong>la temporada de incendios viene complicada. <\/strong><br><br><strong>&#8220;Desde junio hasta ahora llevamos m\u00e1s de 30 hect\u00e1reas quemadas. <\/strong>El cambio clim\u00e1tico produjo una gran sequ\u00eda en nuestra provincia y en el pa\u00eds, por lo que comenzamos adelantadamente con los incendios&#8221;, advirti\u00f3.<\/p>\n\n\n\n<p>Adem\u00e1s, detall\u00f3 hay tres incendios por d\u00eda. <strong>&#8220;Hasta ahora todos fueron provocados por el hombre, <\/strong>las cuales las logramos controlar y ninguno ten\u00eda m\u00e1s de 2 \u2013 3 hect\u00e1reas&#8221; y advirti\u00f3 que <strong>se inician por quemar basura, quema de pastizales, podas, entre otras.<\/strong><\/p>\n","protected":false},"excerpt":{"rendered":"<p>El Gobierno provincial inst\u00f3 a la ciudadan\u00eda a prevenir los incendios forestales y a actuar con responsabilidad. El Ministerio de Ambiente de Jujuy lanz\u00f3 una preocupante alerta para este fin de semana sobre el alto \u00edndice de peligrosidad de incendios forestales. La alerta estar\u00e1 vigente este viernes y s\u00e1bado. Adem\u00e1s, se le solicit\u00f3 a la [&hellip;]<\/p>\n","protected":false},"author":3,"featured_media":979,"comment_status":"open","ping_status":"open","sticky":false,"template":"","format":"standard","meta":{"footnotes":""},"categories":[25],"tags":[735,8],"class_list":{"0":"post-978","1":"post","2":"type-post","3":"status-publish","4":"format-standard","5":"has-post-thumbnail","7":"category-sociedad","8":"tag-incendios-forestales","9":"tag-jujuy"},"yoast_head":"<!-- This site is optimized with the Yoast SEO plugin v27.5 - https:\/\/yoast.com\/product\/yoast-seo-wordpress\/ -->\n<title>Alertan por el alto \u00edndice de incendios forestales en Jujuy - Muy Jujuy<\/title>\n<meta name=\"description\" content=\"El Ministerio de Ambiente de Jujuy lanz\u00f3 una preocupante alerta para este fin de semana sobre el alto \u00edndice de peligrosidad de incendios forestales.\" \/>\n<meta name=\"robots\" content=\"index, follow, max-snippet:-1, max-image-preview:large, max-video-preview:-1\" \/>\n<link rel=\"canonical\" href=\"https:\/\/www.muyjujuy.com\/index.php\/2022\/07\/22\/alertan-por-el-alto-indice-de-incendios-forestales-en-jujuy\/\" \/>\n<meta property=\"og:locale\" content=\"es_ES\" \/>\n<meta property=\"og:type\" content=\"article\" \/>\n<meta property=\"og:title\" content=\"Alertan por el alto \u00edndice de incendios forestales en Jujuy - Muy Jujuy\" \/>\n<meta property=\"og:description\" content=\"El Ministerio de Ambiente de Jujuy lanz\u00f3 una preocupante alerta para este fin de semana sobre el alto \u00edndice de peligrosidad de incendios forestales.\" \/>\n<meta property=\"og:url\" content=\"https:\/\/www.muyjujuy.com\/index.php\/2022\/07\/22\/alertan-por-el-alto-indice-de-incendios-forestales-en-jujuy\/\" \/>\n<meta property=\"og:site_name\" content=\"Muy Jujuy\" \/>\n<meta property=\"article:publisher\" content=\"https:\/\/www.facebook.com\/muyjujuycom\" \/>\n<meta property=\"article:published_time\" content=\"2022-07-22T15:35:01+00:00\" \/>\n<meta property=\"article:modified_time\" content=\"2022-07-22T15:35:04+00:00\" \/>\n<meta property=\"og:image\" content=\"https:\/\/www.muyjujuy.com\/wp-content\/uploads\/2022\/07\/WhatsApp-Image-2022-07-22-at-12.33.37-PM.jpeg\" \/>\n\t<meta property=\"og:image:width\" content=\"990\" \/>\n\t<meta property=\"og:image:height\" content=\"610\" \/>\n\t<meta property=\"og:image:type\" content=\"image\/jpeg\" \/>\n<meta name=\"author\" content=\"Redacci\u00f3n Muy Jujuy\" \/>\n<meta name=\"twitter:card\" content=\"summary_large_image\" \/>\n<meta name=\"twitter:creator\" content=\"@muyjujuy\" \/>\n<meta name=\"twitter:site\" content=\"@muyjujuy\" \/>\n<meta name=\"twitter:label1\" content=\"Escrito por\" \/>\n\t<meta name=\"twitter:data1\" content=\"Redacci\u00f3n Muy Jujuy\" \/>\n\t<meta name=\"twitter:label2\" content=\"Tiempo de lectura\" \/>\n\t<meta name=\"twitter:data2\" content=\"2 minutos\" \/>\n<script type=\"application\/ld+json\" class=\"yoast-schema-graph\">{\"@context\":\"https:\\\/\\\/schema.org\",\"@graph\":[{\"@type\":\"Article\",\"@id\":\"https:\\\/\\\/www.muyjujuy.com\\\/index.php\\\/2022\\\/07\\\/22\\\/alertan-por-el-alto-indice-de-incendios-forestales-en-jujuy\\\/#article\",\"isPartOf\":{\"@id\":\"https:\\\/\\\/www.muyjujuy.com\\\/index.php\\\/2022\\\/07\\\/22\\\/alertan-por-el-alto-indice-de-incendios-forestales-en-jujuy\\\/\"},\"author\":{\"name\":\"Redacci\u00f3n Muy Jujuy\",\"@id\":\"https:\\\/\\\/www.muyjujuy.com\\\/#\\\/schema\\\/person\\\/1d0f6e223ccea9e3f9034c1a5b683bf2\"},\"headline\":\"Alertan por el alto \u00edndice de incendios forestales en Jujuy\",\"datePublished\":\"2022-07-22T15:35:01+00:00\",\"dateModified\":\"2022-07-22T15:35:04+00:00\",\"mainEntityOfPage\":{\"@id\":\"https:\\\/\\\/www.muyjujuy.com\\\/index.php\\\/2022\\\/07\\\/22\\\/alertan-por-el-alto-indice-de-incendios-forestales-en-jujuy\\\/\"},\"wordCount\":277,\"commentCount\":0,\"publisher\":{\"@id\":\"https:\\\/\\\/www.muyjujuy.com\\\/#organization\"},\"image\":{\"@id\":\"https:\\\/\\\/www.muyjujuy.com\\\/index.php\\\/2022\\\/07\\\/22\\\/alertan-por-el-alto-indice-de-incendios-forestales-en-jujuy\\\/#primaryimage\"},\"thumbnailUrl\":\"https:\\\/\\\/www.muyjujuy.com\\\/wp-content\\\/uploads\\\/2022\\\/07\\\/WhatsApp-Image-2022-07-22-at-12.33.37-PM.jpeg\",\"keywords\":[\"Incendios forestales\",\"Jujuy\"],\"articleSection\":[\"Sociedad\"],\"inLanguage\":\"es-AR\",\"potentialAction\":[{\"@type\":\"CommentAction\",\"name\":\"Comment\",\"target\":[\"https:\\\/\\\/www.muyjujuy.com\\\/index.php\\\/2022\\\/07\\\/22\\\/alertan-por-el-alto-indice-de-incendios-forestales-en-jujuy\\\/#respond\"]}]},{\"@type\":\"WebPage\",\"@id\":\"https:\\\/\\\/www.muyjujuy.com\\\/index.php\\\/2022\\\/07\\\/22\\\/alertan-por-el-alto-indice-de-incendios-forestales-en-jujuy\\\/\",\"url\":\"https:\\\/\\\/www.muyjujuy.com\\\/index.php\\\/2022\\\/07\\\/22\\\/alertan-por-el-alto-indice-de-incendios-forestales-en-jujuy\\\/\",\"name\":\"Alertan por el alto \u00edndice de incendios forestales en Jujuy - Muy Jujuy\",\"isPartOf\":{\"@id\":\"https:\\\/\\\/www.muyjujuy.com\\\/#website\"},\"primaryImageOfPage\":{\"@id\":\"https:\\\/\\\/www.muyjujuy.com\\\/index.php\\\/2022\\\/07\\\/22\\\/alertan-por-el-alto-indice-de-incendios-forestales-en-jujuy\\\/#primaryimage\"},\"image\":{\"@id\":\"https:\\\/\\\/www.muyjujuy.com\\\/index.php\\\/2022\\\/07\\\/22\\\/alertan-por-el-alto-indice-de-incendios-forestales-en-jujuy\\\/#primaryimage\"},\"thumbnailUrl\":\"https:\\\/\\\/www.muyjujuy.com\\\/wp-content\\\/uploads\\\/2022\\\/07\\\/WhatsApp-Image-2022-07-22-at-12.33.37-PM.jpeg\",\"datePublished\":\"2022-07-22T15:35:01+00:00\",\"dateModified\":\"2022-07-22T15:35:04+00:00\",\"description\":\"El Ministerio de Ambiente de Jujuy lanz\u00f3 una preocupante alerta para este fin de semana sobre el alto \u00edndice de peligrosidad de incendios forestales.\",\"breadcrumb\":{\"@id\":\"https:\\\/\\\/www.muyjujuy.com\\\/index.php\\\/2022\\\/07\\\/22\\\/alertan-por-el-alto-indice-de-incendios-forestales-en-jujuy\\\/#breadcrumb\"},\"inLanguage\":\"es-AR\",\"potentialAction\":[{\"@type\":\"ReadAction\",\"target\":[\"https:\\\/\\\/www.muyjujuy.com\\\/index.php\\\/2022\\\/07\\\/22\\\/alertan-por-el-alto-indice-de-incendios-forestales-en-jujuy\\\/\"]}]},{\"@type\":\"ImageObject\",\"inLanguage\":\"es-AR\",\"@id\":\"https:\\\/\\\/www.muyjujuy.com\\\/index.php\\\/2022\\\/07\\\/22\\\/alertan-por-el-alto-indice-de-incendios-forestales-en-jujuy\\\/#primaryimage\",\"url\":\"https:\\\/\\\/www.muyjujuy.com\\\/wp-content\\\/uploads\\\/2022\\\/07\\\/WhatsApp-Image-2022-07-22-at-12.33.37-PM.jpeg\",\"contentUrl\":\"https:\\\/\\\/www.muyjujuy.com\\\/wp-content\\\/uploads\\\/2022\\\/07\\\/WhatsApp-Image-2022-07-22-at-12.33.37-PM.jpeg\",\"width\":990,\"height\":610},{\"@type\":\"BreadcrumbList\",\"@id\":\"https:\\\/\\\/www.muyjujuy.com\\\/index.php\\\/2022\\\/07\\\/22\\\/alertan-por-el-alto-indice-de-incendios-forestales-en-jujuy\\\/#breadcrumb\",\"itemListElement\":[{\"@type\":\"ListItem\",\"position\":1,\"name\":\"Inicio\",\"item\":\"https:\\\/\\\/www.muyjujuy.com\\\/\"},{\"@type\":\"ListItem\",\"position\":2,\"name\":\"Alertan por el alto \u00edndice de incendios forestales en Jujuy\"}]},{\"@type\":\"WebSite\",\"@id\":\"https:\\\/\\\/www.muyjujuy.com\\\/#website\",\"url\":\"https:\\\/\\\/www.muyjujuy.com\\\/\",\"name\":\"Muy Jujuy\",\"description\":\"\",\"publisher\":{\"@id\":\"https:\\\/\\\/www.muyjujuy.com\\\/#organization\"},\"potentialAction\":[{\"@type\":\"SearchAction\",\"target\":{\"@type\":\"EntryPoint\",\"urlTemplate\":\"https:\\\/\\\/www.muyjujuy.com\\\/?s={search_term_string}\"},\"query-input\":{\"@type\":\"PropertyValueSpecification\",\"valueRequired\":true,\"valueName\":\"search_term_string\"}}],\"inLanguage\":\"es-AR\"},{\"@type\":\"Organization\",\"@id\":\"https:\\\/\\\/www.muyjujuy.com\\\/#organization\",\"name\":\"Muy Jujuy\",\"url\":\"https:\\\/\\\/www.muyjujuy.com\\\/\",\"logo\":{\"@type\":\"ImageObject\",\"inLanguage\":\"es-AR\",\"@id\":\"https:\\\/\\\/www.muyjujuy.com\\\/#\\\/schema\\\/logo\\\/image\\\/\",\"url\":\"http:\\\/\\\/www.muyjujuy.com\\\/wp-content\\\/uploads\\\/2022\\\/05\\\/logo-mobil-jujuy.png\",\"contentUrl\":\"http:\\\/\\\/www.muyjujuy.com\\\/wp-content\\\/uploads\\\/2022\\\/05\\\/logo-mobil-jujuy.png\",\"width\":174,\"height\":81,\"caption\":\"Muy Jujuy\"},\"image\":{\"@id\":\"https:\\\/\\\/www.muyjujuy.com\\\/#\\\/schema\\\/logo\\\/image\\\/\"},\"sameAs\":[\"https:\\\/\\\/www.facebook.com\\\/muyjujuycom\",\"https:\\\/\\\/x.com\\\/muyjujuy\",\"https:\\\/\\\/www.instagram.com\\\/muyjujuycom\"]},{\"@type\":\"Person\",\"@id\":\"https:\\\/\\\/www.muyjujuy.com\\\/#\\\/schema\\\/person\\\/1d0f6e223ccea9e3f9034c1a5b683bf2\",\"name\":\"Redacci\u00f3n Muy Jujuy\",\"image\":{\"@type\":\"ImageObject\",\"inLanguage\":\"es-AR\",\"@id\":\"https:\\\/\\\/secure.gravatar.com\\\/avatar\\\/fec5f6f1893d741ed5eecccff109ce43e67a855411202a3212a058cb8e5c27d4?s=96&d=mm&r=g\",\"url\":\"https:\\\/\\\/secure.gravatar.com\\\/avatar\\\/fec5f6f1893d741ed5eecccff109ce43e67a855411202a3212a058cb8e5c27d4?s=96&d=mm&r=g\",\"contentUrl\":\"https:\\\/\\\/secure.gravatar.com\\\/avatar\\\/fec5f6f1893d741ed5eecccff109ce43e67a855411202a3212a058cb8e5c27d4?s=96&d=mm&r=g\",\"caption\":\"Redacci\u00f3n Muy Jujuy\"},\"url\":\"https:\\\/\\\/www.muyjujuy.com\\\/index.php\\\/author\\\/editor\\\/\"}]}<\/script>\n<!-- \/ Yoast SEO plugin. -->","yoast_head_json":{"title":"Alertan por el alto \u00edndice de incendios forestales en Jujuy - Muy Jujuy","description":"El Ministerio de Ambiente de Jujuy lanz\u00f3 una preocupante alerta para este fin de semana sobre el alto \u00edndice de peligrosidad de incendios forestales.","robots":{"index":"index","follow":"follow","max-snippet":"max-snippet:-1","max-image-preview":"max-image-preview:large","max-video-preview":"max-video-preview:-1"},"canonical":"https:\/\/www.muyjujuy.com\/index.php\/2022\/07\/22\/alertan-por-el-alto-indice-de-incendios-forestales-en-jujuy\/","og_locale":"es_ES","og_type":"article","og_title":"Alertan por el alto \u00edndice de incendios forestales en Jujuy - Muy Jujuy","og_description":"El Ministerio de Ambiente de Jujuy lanz\u00f3 una preocupante alerta para este fin de semana sobre el alto \u00edndice de peligrosidad de incendios forestales.","og_url":"https:\/\/www.muyjujuy.com\/index.php\/2022\/07\/22\/alertan-por-el-alto-indice-de-incendios-forestales-en-jujuy\/","og_site_name":"Muy Jujuy","article_publisher":"https:\/\/www.facebook.com\/muyjujuycom","article_published_time":"2022-07-22T15:35:01+00:00","article_modified_time":"2022-07-22T15:35:04+00:00","og_image":[{"width":990,"height":610,"url":"https:\/\/www.muyjujuy.com\/wp-content\/uploads\/2022\/07\/WhatsApp-Image-2022-07-22-at-12.33.37-PM.jpeg","type":"image\/jpeg"}],"author":"Redacci\u00f3n Muy Jujuy","twitter_card":"summary_large_image","twitter_creator":"@muyjujuy","twitter_site":"@muyjujuy","twitter_misc":{"Escrito por":"Redacci\u00f3n Muy Jujuy","Tiempo de lectura":"2 minutos"},"schema":{"@context":"https:\/\/schema.org","@graph":[{"@type":"Article","@id":"https:\/\/www.muyjujuy.com\/index.php\/2022\/07\/22\/alertan-por-el-alto-indice-de-incendios-forestales-en-jujuy\/#article","isPartOf":{"@id":"https:\/\/www.muyjujuy.com\/index.php\/2022\/07\/22\/alertan-por-el-alto-indice-de-incendios-forestales-en-jujuy\/"},"author":{"name":"Redacci\u00f3n Muy Jujuy","@id":"https:\/\/www.muyjujuy.com\/#\/schema\/person\/1d0f6e223ccea9e3f9034c1a5b683bf2"},"headline":"Alertan por el alto \u00edndice de incendios forestales en Jujuy","datePublished":"2022-07-22T15:35:01+00:00","dateModified":"2022-07-22T15:35:04+00:00","mainEntityOfPage":{"@id":"https:\/\/www.muyjujuy.com\/index.php\/2022\/07\/22\/alertan-por-el-alto-indice-de-incendios-forestales-en-jujuy\/"},"wordCount":277,"commentCount":0,"publisher":{"@id":"https:\/\/www.muyjujuy.com\/#organization"},"image":{"@id":"https:\/\/www.muyjujuy.com\/index.php\/2022\/07\/22\/alertan-por-el-alto-indice-de-incendios-forestales-en-jujuy\/#primaryimage"},"thumbnailUrl":"https:\/\/www.muyjujuy.com\/wp-content\/uploads\/2022\/07\/WhatsApp-Image-2022-07-22-at-12.33.37-PM.jpeg","keywords":["Incendios forestales","Jujuy"],"articleSection":["Sociedad"],"inLanguage":"es-AR","potentialAction":[{"@type":"CommentAction","name":"Comment","target":["https:\/\/www.muyjujuy.com\/index.php\/2022\/07\/22\/alertan-por-el-alto-indice-de-incendios-forestales-en-jujuy\/#respond"]}]},{"@type":"WebPage","@id":"https:\/\/www.muyjujuy.com\/index.php\/2022\/07\/22\/alertan-por-el-alto-indice-de-incendios-forestales-en-jujuy\/","url":"https:\/\/www.muyjujuy.com\/index.php\/2022\/07\/22\/alertan-por-el-alto-indice-de-incendios-forestales-en-jujuy\/","name":"Alertan por el alto \u00edndice de incendios forestales en Jujuy - Muy Jujuy","isPartOf":{"@id":"https:\/\/www.muyjujuy.com\/#website"},"primaryImageOfPage":{"@id":"https:\/\/www.muyjujuy.com\/index.php\/2022\/07\/22\/alertan-por-el-alto-indice-de-incendios-forestales-en-jujuy\/#primaryimage"},"image":{"@id":"https:\/\/www.muyjujuy.com\/index.php\/2022\/07\/22\/alertan-por-el-alto-indice-de-incendios-forestales-en-jujuy\/#primaryimage"},"thumbnailUrl":"https:\/\/www.muyjujuy.com\/wp-content\/uploads\/2022\/07\/WhatsApp-Image-2022-07-22-at-12.33.37-PM.jpeg","datePublished":"2022-07-22T15:35:01+00:00","dateModified":"2022-07-22T15:35:04+00:00","description":"El Ministerio de Ambiente de Jujuy lanz\u00f3 una preocupante alerta para este fin de semana sobre el alto \u00edndice de peligrosidad de incendios forestales.","breadcrumb":{"@id":"https:\/\/www.muyjujuy.com\/index.php\/2022\/07\/22\/alertan-por-el-alto-indice-de-incendios-forestales-en-jujuy\/#breadcrumb"},"inLanguage":"es-AR","potentialAction":[{"@type":"ReadAction","target":["https:\/\/www.muyjujuy.com\/index.php\/2022\/07\/22\/alertan-por-el-alto-indice-de-incendios-forestales-en-jujuy\/"]}]},{"@type":"ImageObject","inLanguage":"es-AR","@id":"https:\/\/www.muyjujuy.com\/index.php\/2022\/07\/22\/alertan-por-el-alto-indice-de-incendios-forestales-en-jujuy\/#primaryimage","url":"https:\/\/www.muyjujuy.com\/wp-content\/uploads\/2022\/07\/WhatsApp-Image-2022-07-22-at-12.33.37-PM.jpeg","contentUrl":"https:\/\/www.muyjujuy.com\/wp-content\/uploads\/2022\/07\/WhatsApp-Image-2022-07-22-at-12.33.37-PM.jpeg","width":990,"height":610},{"@type":"BreadcrumbList","@id":"https:\/\/www.muyjujuy.com\/index.php\/2022\/07\/22\/alertan-por-el-alto-indice-de-incendios-forestales-en-jujuy\/#breadcrumb","itemListElement":[{"@type":"ListItem","position":1,"name":"Inicio","item":"https:\/\/www.muyjujuy.com\/"},{"@type":"ListItem","position":2,"name":"Alertan por el alto \u00edndice de incendios forestales en Jujuy"}]},{"@type":"WebSite","@id":"https:\/\/www.muyjujuy.com\/#website","url":"https:\/\/www.muyjujuy.com\/","name":"Muy Jujuy","description":"","publisher":{"@id":"https:\/\/www.muyjujuy.com\/#organization"},"potentialAction":[{"@type":"SearchAction","target":{"@type":"EntryPoint","urlTemplate":"https:\/\/www.muyjujuy.com\/?s={search_term_string}"},"query-input":{"@type":"PropertyValueSpecification","valueRequired":true,"valueName":"search_term_string"}}],"inLanguage":"es-AR"},{"@type":"Organization","@id":"https:\/\/www.muyjujuy.com\/#organization","name":"Muy Jujuy","url":"https:\/\/www.muyjujuy.com\/","logo":{"@type":"ImageObject","inLanguage":"es-AR","@id":"https:\/\/www.muyjujuy.com\/#\/schema\/logo\/image\/","url":"http:\/\/www.muyjujuy.com\/wp-content\/uploads\/2022\/05\/logo-mobil-jujuy.png","contentUrl":"http:\/\/www.muyjujuy.com\/wp-content\/uploads\/2022\/05\/logo-mobil-jujuy.png","width":174,"height":81,"caption":"Muy Jujuy"},"image":{"@id":"https:\/\/www.muyjujuy.com\/#\/schema\/logo\/image\/"},"sameAs":["https:\/\/www.facebook.com\/muyjujuycom","https:\/\/x.com\/muyjujuy","https:\/\/www.instagram.com\/muyjujuycom"]},{"@type":"Person","@id":"https:\/\/www.muyjujuy.com\/#\/schema\/person\/1d0f6e223ccea9e3f9034c1a5b683bf2","name":"Redacci\u00f3n Muy Jujuy","image":{"@type":"ImageObject","inLanguage":"es-AR","@id":"https:\/\/secure.gravatar.com\/avatar\/fec5f6f1893d741ed5eecccff109ce43e67a855411202a3212a058cb8e5c27d4?s=96&d=mm&r=g","url":"https:\/\/secure.gravatar.com\/avatar\/fec5f6f1893d741ed5eecccff109ce43e67a855411202a3212a058cb8e5c27d4?s=96&d=mm&r=g","contentUrl":"https:\/\/secure.gravatar.com\/avatar\/fec5f6f1893d741ed5eecccff109ce43e67a855411202a3212a058cb8e5c27d4?s=96&d=mm&r=g","caption":"Redacci\u00f3n Muy Jujuy"},"url":"https:\/\/www.muyjujuy.com\/index.php\/author\/editor\/"}]}},"_links":{"self":[{"href":"https:\/\/www.muyjujuy.com\/index.php\/wp-json\/wp\/v2\/posts\/978","targetHints":{"allow":["GET"]}}],"collection":[{"href":"https:\/\/www.muyjujuy.com\/index.php\/wp-json\/wp\/v2\/posts"}],"about":[{"href":"https:\/\/www.muyjujuy.com\/index.php\/wp-json\/wp\/v2\/types\/post"}],"author":[{"embeddable":true,"href":"https:\/\/www.muyjujuy.com\/index.php\/wp-json\/wp\/v2\/users\/3"}],"replies":[{"embeddable":true,"href":"https:\/\/www.muyjujuy.com\/index.php\/wp-json\/wp\/v2\/comments?post=978"}],"version-history":[{"count":1,"href":"https:\/\/www.muyjujuy.com\/index.php\/wp-json\/wp\/v2\/posts\/978\/revisions"}],"predecessor-version":[{"id":980,"href":"https:\/\/www.muyjujuy.com\/index.php\/wp-json\/wp\/v2\/posts\/978\/revisions\/980"}],"wp:featuredmedia":[{"embeddable":true,"href":"https:\/\/www.muyjujuy.com\/index.php\/wp-json\/wp\/v2\/media\/979"}],"wp:attachment":[{"href":"https:\/\/www.muyjujuy.com\/index.php\/wp-json\/wp\/v2\/media?parent=978"}],"wp:term":[{"taxonomy":"category","embeddable":true,"href":"https:\/\/www.muyjujuy.com\/index.php\/wp-json\/wp\/v2\/categories?post=978"},{"taxonomy":"post_tag","embeddable":true,"href":"https:\/\/www.muyjujuy.com\/index.php\/wp-json\/wp\/v2\/tags?post=978"}],"curies":[{"name":"wp","href":"https:\/\/api.w.org\/{rel}","templated":true}]}}