{"id":981,"date":"2022-07-22T15:25:53","date_gmt":"2022-07-22T18:25:53","guid":{"rendered":"https:\/\/www.muyjujuy.com\/?p=981"},"modified":"2022-07-22T15:25:55","modified_gmt":"2022-07-22T18:25:55","slug":"tras-el-aumento-de-la-tarifa-en-el-amba-piden-que-en-jujuy-el-boleto-suba-un-40","status":"publish","type":"post","link":"https:\/\/www.muyjujuy.com\/index.php\/2022\/07\/22\/tras-el-aumento-de-la-tarifa-en-el-amba-piden-que-en-jujuy-el-boleto-suba-un-40\/","title":{"rendered":"Tras el aumento de la tarifa en el AMBA, piden que en Jujuy el boleto suba un 40%"},"content":{"rendered":"\n<p> <em>Empresas de transporte advirtieron sobre la situaci\u00f3n del sector por los retrasos en los pago d lo subsidios.<\/em><\/p>\n\n\n\n<p>El Gobierno nacional dispuso un aumento del 40% en el boleto de colectivo y tren para el \u00c1rea Metropolitana, ahora <strong>transportistas de Jujuy piden que se aplique el mismo aumento.<\/strong><\/p>\n\n\n\n<p>Enrique Mulqui, empresario de transporte de Jujuy, explic\u00f3 a Canal 7 que actualmente pueden circular por los aportes extraordinarios que realiza la provincia. <strong>\u201cSi esto no fuera as\u00ed ya estar\u00edamos en un conflicto gremial<\/strong>\u201d, advirti\u00f3.<br><br>\u201cLa situaci\u00f3n es ca\u00f3tica, Naci\u00f3n nos est\u00e1 discriminando porque el \u00c1rea Metropolitana recibe un 88% de subsidios y el interior el 12%\u201d, reclam\u00f3 el empresario y subray\u00f3 que la provincia de Jujuy viene \u201cadelantando subsidios\u201d para hacer frente a la situaci\u00f3n complicada y garantizar el funcionamiento del servicio.<\/p>\n\n\n\n<p>Adem\u00e1s, Mulqui asever\u00f3:<strong> \u201cLos problemas no terminan ah\u00ed, no hay combustible, no hay cubiertas, no hay repuestos y no hay precios para seguir prestando servicios. Est\u00e1 muy complicada la actividad\u201d.<\/strong><\/p>\n\n\n\n<p>Recientemente hubo una reuni\u00f3n entre empresarios del transporte y miembros de la C\u00e1mara del Transporte de Jujuy. \u201c<strong>Acordamos que nos van a adelantar un subsidio provincial para seguir zafando y aunque el monto no es muy grande, igual sirve\u201d.<\/strong><\/p>\n\n\n\n<p>En este contexto, empresario alert\u00f3 que si no existe un aumento del boleto o un desembolso de Naci\u00f3n ser\u00e1 imposible hacer frente a los problemas que atraviesan.<\/p>\n\n\n\n<p>Acto seguido, explic\u00f3: \u201cEn diciembre pag\u00e1bamos el gasoil $90 el litro y ten\u00edamos un subsidio, hoy tenemos la misma cantidad de plata en subsidio pero pagamos $173 el precio del gasoil mayorista en YPF\u201d.<\/p>\n\n\n\n<p>\u201cSiempre corremos la inflaci\u00f3n por atr\u00e1s, los subsidios est\u00e1n congelados. Estamos planteando una aumento del boleto pero estamos a la espera de que el Gobierno autorice alg\u00fan incremento que tambi\u00e9n ir\u00eda por detr\u00e1s de la inflaci\u00f3n, <strong>la gente no puede pagar un boleto de $100\u201d<\/strong>, sentenci\u00f3 Mulqui<\/p>\n\n\n\n<p>No obstante, <strong>indic\u00f3 que solicitaron una suba del 40% en la tarifa<\/strong> de transporte aunque desestimaron que pueda llegar a ese valor.<\/p>\n\n\n\n<h2 class=\"wp-block-heading\"><strong>Suba del boleto<\/strong><\/h2>\n\n\n\n<p>La capital juje\u00f1a tiene el boleto de colectivo m\u00e1s caro del norte del pa\u00eds<\/p>\n\n\n\n<p>Desde el 2 de mayo rige en San Salvador el nuevo precio del boleto de colectivos. <strong>Con una suba de casi el 19%, la tarifa subi\u00f3 a $53,44. Es la m\u00e1s cara del norte del pa\u00eds<\/strong>.<\/p>\n\n\n\n<p>Con esta nueva suba, la ciudad super\u00f3 holgadamente la tarifa que se paga en San Miguel de Tucum\u00e1n, en donde el boleto cuesta $45.<\/p>\n\n\n\n<p>En el resto de las principales ciudades de esta regi\u00f3n del pa\u00eds, en Salta la tarifa del colectivo es de $41 y en Formosa $40; en La Rioja y Santiago del Estero es de $35 y en Resistencia $31. En San Fernando del Valle de Catamarca la tarifa es de $22, la m\u00e1s baja del norte.<\/p>\n","protected":false},"excerpt":{"rendered":"<p>Empresas de transporte advirtieron sobre la situaci\u00f3n del sector por los retrasos en los pago d lo subsidios. El Gobierno nacional dispuso un aumento del 40% en el boleto de colectivo y tren para el \u00c1rea Metropolitana, ahora transportistas de Jujuy piden que se aplique el mismo aumento. Enrique Mulqui, empresario de transporte de Jujuy, [&hellip;]<\/p>\n","protected":false},"author":3,"featured_media":0,"comment_status":"open","ping_status":"open","sticky":false,"template":"","format":"standard","meta":{"footnotes":""},"categories":[25],"tags":[8,640,636],"class_list":{"0":"post-981","1":"post","2":"type-post","3":"status-publish","4":"format-standard","6":"category-sociedad","7":"tag-jujuy","8":"tag-san-salvador","9":"tag-transporte"},"yoast_head":"<!-- This site is optimized with the Yoast SEO plugin v27.5 - https:\/\/yoast.com\/product\/yoast-seo-wordpress\/ -->\n<title>Tras el aumento de la tarifa en el AMBA, piden que en Jujuy el boleto suba un 40% - Muy Jujuy<\/title>\n<meta name=\"description\" content=\"Empresas transportistas reclamaron un aumento del 40 por ciento en el boleto de colectivo en Jujuy a partir de la suba que habr\u00e1 en el AMBA.\" \/>\n<meta name=\"robots\" content=\"index, follow, max-snippet:-1, max-image-preview:large, max-video-preview:-1\" \/>\n<link rel=\"canonical\" href=\"https:\/\/www.muyjujuy.com\/index.php\/2022\/07\/22\/tras-el-aumento-de-la-tarifa-en-el-amba-piden-que-en-jujuy-el-boleto-suba-un-40\/\" \/>\n<meta property=\"og:locale\" content=\"es_ES\" \/>\n<meta property=\"og:type\" content=\"article\" \/>\n<meta property=\"og:title\" content=\"Tras el aumento de la tarifa en el AMBA, piden que en Jujuy el boleto suba un 40% - Muy Jujuy\" \/>\n<meta property=\"og:description\" content=\"Empresas transportistas reclamaron un aumento del 40 por ciento en el boleto de colectivo en Jujuy a partir de la suba que habr\u00e1 en el AMBA.\" \/>\n<meta property=\"og:url\" content=\"https:\/\/www.muyjujuy.com\/index.php\/2022\/07\/22\/tras-el-aumento-de-la-tarifa-en-el-amba-piden-que-en-jujuy-el-boleto-suba-un-40\/\" \/>\n<meta property=\"og:site_name\" content=\"Muy Jujuy\" \/>\n<meta property=\"article:publisher\" content=\"https:\/\/www.facebook.com\/muyjujuycom\" \/>\n<meta property=\"article:published_time\" content=\"2022-07-22T18:25:53+00:00\" \/>\n<meta property=\"article:modified_time\" content=\"2022-07-22T18:25:55+00:00\" \/>\n<meta property=\"og:image\" content=\"https:\/\/www.muyjujuy.com\/wp-content\/uploads\/2022\/07\/san-salvador-de-jujuy-colectivos-1.jpg\" \/>\n\t<meta property=\"og:image:width\" content=\"990\" \/>\n\t<meta property=\"og:image:height\" content=\"610\" \/>\n\t<meta property=\"og:image:type\" content=\"image\/jpeg\" \/>\n<meta name=\"author\" content=\"Redacci\u00f3n Muy Jujuy\" \/>\n<meta name=\"twitter:card\" content=\"summary_large_image\" \/>\n<meta name=\"twitter:creator\" content=\"@muyjujuy\" \/>\n<meta name=\"twitter:site\" content=\"@muyjujuy\" \/>\n<meta name=\"twitter:label1\" content=\"Escrito por\" \/>\n\t<meta name=\"twitter:data1\" content=\"Redacci\u00f3n Muy Jujuy\" \/>\n\t<meta name=\"twitter:label2\" content=\"Tiempo de lectura\" \/>\n\t<meta name=\"twitter:data2\" content=\"3 minutos\" \/>\n<script type=\"application\/ld+json\" class=\"yoast-schema-graph\">{\"@context\":\"https:\\\/\\\/schema.org\",\"@graph\":[{\"@type\":\"Article\",\"@id\":\"https:\\\/\\\/www.muyjujuy.com\\\/index.php\\\/2022\\\/07\\\/22\\\/tras-el-aumento-de-la-tarifa-en-el-amba-piden-que-en-jujuy-el-boleto-suba-un-40\\\/#article\",\"isPartOf\":{\"@id\":\"https:\\\/\\\/www.muyjujuy.com\\\/index.php\\\/2022\\\/07\\\/22\\\/tras-el-aumento-de-la-tarifa-en-el-amba-piden-que-en-jujuy-el-boleto-suba-un-40\\\/\"},\"author\":{\"name\":\"Redacci\u00f3n Muy Jujuy\",\"@id\":\"https:\\\/\\\/www.muyjujuy.com\\\/#\\\/schema\\\/person\\\/1d0f6e223ccea9e3f9034c1a5b683bf2\"},\"headline\":\"Tras el aumento de la tarifa en el AMBA, piden que en Jujuy el boleto suba un 40%\",\"datePublished\":\"2022-07-22T18:25:53+00:00\",\"dateModified\":\"2022-07-22T18:25:55+00:00\",\"mainEntityOfPage\":{\"@id\":\"https:\\\/\\\/www.muyjujuy.com\\\/index.php\\\/2022\\\/07\\\/22\\\/tras-el-aumento-de-la-tarifa-en-el-amba-piden-que-en-jujuy-el-boleto-suba-un-40\\\/\"},\"wordCount\":492,\"commentCount\":0,\"publisher\":{\"@id\":\"https:\\\/\\\/www.muyjujuy.com\\\/#organization\"},\"keywords\":[\"Jujuy\",\"San Salvador\",\"Transporte\"],\"articleSection\":[\"Sociedad\"],\"inLanguage\":\"es-AR\",\"potentialAction\":[{\"@type\":\"CommentAction\",\"name\":\"Comment\",\"target\":[\"https:\\\/\\\/www.muyjujuy.com\\\/index.php\\\/2022\\\/07\\\/22\\\/tras-el-aumento-de-la-tarifa-en-el-amba-piden-que-en-jujuy-el-boleto-suba-un-40\\\/#respond\"]}]},{\"@type\":\"WebPage\",\"@id\":\"https:\\\/\\\/www.muyjujuy.com\\\/index.php\\\/2022\\\/07\\\/22\\\/tras-el-aumento-de-la-tarifa-en-el-amba-piden-que-en-jujuy-el-boleto-suba-un-40\\\/\",\"url\":\"https:\\\/\\\/www.muyjujuy.com\\\/index.php\\\/2022\\\/07\\\/22\\\/tras-el-aumento-de-la-tarifa-en-el-amba-piden-que-en-jujuy-el-boleto-suba-un-40\\\/\",\"name\":\"Tras el aumento de la tarifa en el AMBA, piden que en Jujuy el boleto suba un 40% - Muy Jujuy\",\"isPartOf\":{\"@id\":\"https:\\\/\\\/www.muyjujuy.com\\\/#website\"},\"datePublished\":\"2022-07-22T18:25:53+00:00\",\"dateModified\":\"2022-07-22T18:25:55+00:00\",\"description\":\"Empresas transportistas reclamaron un aumento del 40 por ciento en el boleto de colectivo en Jujuy a partir de la suba que habr\u00e1 en el AMBA.\",\"breadcrumb\":{\"@id\":\"https:\\\/\\\/www.muyjujuy.com\\\/index.php\\\/2022\\\/07\\\/22\\\/tras-el-aumento-de-la-tarifa-en-el-amba-piden-que-en-jujuy-el-boleto-suba-un-40\\\/#breadcrumb\"},\"inLanguage\":\"es-AR\",\"potentialAction\":[{\"@type\":\"ReadAction\",\"target\":[\"https:\\\/\\\/www.muyjujuy.com\\\/index.php\\\/2022\\\/07\\\/22\\\/tras-el-aumento-de-la-tarifa-en-el-amba-piden-que-en-jujuy-el-boleto-suba-un-40\\\/\"]}]},{\"@type\":\"BreadcrumbList\",\"@id\":\"https:\\\/\\\/www.muyjujuy.com\\\/index.php\\\/2022\\\/07\\\/22\\\/tras-el-aumento-de-la-tarifa-en-el-amba-piden-que-en-jujuy-el-boleto-suba-un-40\\\/#breadcrumb\",\"itemListElement\":[{\"@type\":\"ListItem\",\"position\":1,\"name\":\"Inicio\",\"item\":\"https:\\\/\\\/www.muyjujuy.com\\\/\"},{\"@type\":\"ListItem\",\"position\":2,\"name\":\"Tras el aumento de la tarifa en el AMBA, piden que en Jujuy el boleto suba un 40%\"}]},{\"@type\":\"WebSite\",\"@id\":\"https:\\\/\\\/www.muyjujuy.com\\\/#website\",\"url\":\"https:\\\/\\\/www.muyjujuy.com\\\/\",\"name\":\"Muy Jujuy\",\"description\":\"\",\"publisher\":{\"@id\":\"https:\\\/\\\/www.muyjujuy.com\\\/#organization\"},\"potentialAction\":[{\"@type\":\"SearchAction\",\"target\":{\"@type\":\"EntryPoint\",\"urlTemplate\":\"https:\\\/\\\/www.muyjujuy.com\\\/?s={search_term_string}\"},\"query-input\":{\"@type\":\"PropertyValueSpecification\",\"valueRequired\":true,\"valueName\":\"search_term_string\"}}],\"inLanguage\":\"es-AR\"},{\"@type\":\"Organization\",\"@id\":\"https:\\\/\\\/www.muyjujuy.com\\\/#organization\",\"name\":\"Muy Jujuy\",\"url\":\"https:\\\/\\\/www.muyjujuy.com\\\/\",\"logo\":{\"@type\":\"ImageObject\",\"inLanguage\":\"es-AR\",\"@id\":\"https:\\\/\\\/www.muyjujuy.com\\\/#\\\/schema\\\/logo\\\/image\\\/\",\"url\":\"http:\\\/\\\/www.muyjujuy.com\\\/wp-content\\\/uploads\\\/2022\\\/05\\\/logo-mobil-jujuy.png\",\"contentUrl\":\"http:\\\/\\\/www.muyjujuy.com\\\/wp-content\\\/uploads\\\/2022\\\/05\\\/logo-mobil-jujuy.png\",\"width\":174,\"height\":81,\"caption\":\"Muy Jujuy\"},\"image\":{\"@id\":\"https:\\\/\\\/www.muyjujuy.com\\\/#\\\/schema\\\/logo\\\/image\\\/\"},\"sameAs\":[\"https:\\\/\\\/www.facebook.com\\\/muyjujuycom\",\"https:\\\/\\\/x.com\\\/muyjujuy\",\"https:\\\/\\\/www.instagram.com\\\/muyjujuycom\"]},{\"@type\":\"Person\",\"@id\":\"https:\\\/\\\/www.muyjujuy.com\\\/#\\\/schema\\\/person\\\/1d0f6e223ccea9e3f9034c1a5b683bf2\",\"name\":\"Redacci\u00f3n Muy Jujuy\",\"image\":{\"@type\":\"ImageObject\",\"inLanguage\":\"es-AR\",\"@id\":\"https:\\\/\\\/secure.gravatar.com\\\/avatar\\\/fec5f6f1893d741ed5eecccff109ce43e67a855411202a3212a058cb8e5c27d4?s=96&d=mm&r=g\",\"url\":\"https:\\\/\\\/secure.gravatar.com\\\/avatar\\\/fec5f6f1893d741ed5eecccff109ce43e67a855411202a3212a058cb8e5c27d4?s=96&d=mm&r=g\",\"contentUrl\":\"https:\\\/\\\/secure.gravatar.com\\\/avatar\\\/fec5f6f1893d741ed5eecccff109ce43e67a855411202a3212a058cb8e5c27d4?s=96&d=mm&r=g\",\"caption\":\"Redacci\u00f3n Muy Jujuy\"},\"url\":\"https:\\\/\\\/www.muyjujuy.com\\\/index.php\\\/author\\\/editor\\\/\"}]}<\/script>\n<!-- \/ Yoast SEO plugin. -->","yoast_head_json":{"title":"Tras el aumento de la tarifa en el AMBA, piden que en Jujuy el boleto suba un 40% - Muy Jujuy","description":"Empresas transportistas reclamaron un aumento del 40 por ciento en el boleto de colectivo en Jujuy a partir de la suba que habr\u00e1 en el AMBA.","robots":{"index":"index","follow":"follow","max-snippet":"max-snippet:-1","max-image-preview":"max-image-preview:large","max-video-preview":"max-video-preview:-1"},"canonical":"https:\/\/www.muyjujuy.com\/index.php\/2022\/07\/22\/tras-el-aumento-de-la-tarifa-en-el-amba-piden-que-en-jujuy-el-boleto-suba-un-40\/","og_locale":"es_ES","og_type":"article","og_title":"Tras el aumento de la tarifa en el AMBA, piden que en Jujuy el boleto suba un 40% - Muy Jujuy","og_description":"Empresas transportistas reclamaron un aumento del 40 por ciento en el boleto de colectivo en Jujuy a partir de la suba que habr\u00e1 en el AMBA.","og_url":"https:\/\/www.muyjujuy.com\/index.php\/2022\/07\/22\/tras-el-aumento-de-la-tarifa-en-el-amba-piden-que-en-jujuy-el-boleto-suba-un-40\/","og_site_name":"Muy Jujuy","article_publisher":"https:\/\/www.facebook.com\/muyjujuycom","article_published_time":"2022-07-22T18:25:53+00:00","article_modified_time":"2022-07-22T18:25:55+00:00","og_image":[{"width":990,"height":610,"url":"https:\/\/www.muyjujuy.com\/wp-content\/uploads\/2022\/07\/san-salvador-de-jujuy-colectivos-1.jpg","type":"image\/jpeg"}],"author":"Redacci\u00f3n Muy Jujuy","twitter_card":"summary_large_image","twitter_creator":"@muyjujuy","twitter_site":"@muyjujuy","twitter_misc":{"Escrito por":"Redacci\u00f3n Muy Jujuy","Tiempo de lectura":"3 minutos"},"schema":{"@context":"https:\/\/schema.org","@graph":[{"@type":"Article","@id":"https:\/\/www.muyjujuy.com\/index.php\/2022\/07\/22\/tras-el-aumento-de-la-tarifa-en-el-amba-piden-que-en-jujuy-el-boleto-suba-un-40\/#article","isPartOf":{"@id":"https:\/\/www.muyjujuy.com\/index.php\/2022\/07\/22\/tras-el-aumento-de-la-tarifa-en-el-amba-piden-que-en-jujuy-el-boleto-suba-un-40\/"},"author":{"name":"Redacci\u00f3n Muy Jujuy","@id":"https:\/\/www.muyjujuy.com\/#\/schema\/person\/1d0f6e223ccea9e3f9034c1a5b683bf2"},"headline":"Tras el aumento de la tarifa en el AMBA, piden que en Jujuy el boleto suba un 40%","datePublished":"2022-07-22T18:25:53+00:00","dateModified":"2022-07-22T18:25:55+00:00","mainEntityOfPage":{"@id":"https:\/\/www.muyjujuy.com\/index.php\/2022\/07\/22\/tras-el-aumento-de-la-tarifa-en-el-amba-piden-que-en-jujuy-el-boleto-suba-un-40\/"},"wordCount":492,"commentCount":0,"publisher":{"@id":"https:\/\/www.muyjujuy.com\/#organization"},"keywords":["Jujuy","San Salvador","Transporte"],"articleSection":["Sociedad"],"inLanguage":"es-AR","potentialAction":[{"@type":"CommentAction","name":"Comment","target":["https:\/\/www.muyjujuy.com\/index.php\/2022\/07\/22\/tras-el-aumento-de-la-tarifa-en-el-amba-piden-que-en-jujuy-el-boleto-suba-un-40\/#respond"]}]},{"@type":"WebPage","@id":"https:\/\/www.muyjujuy.com\/index.php\/2022\/07\/22\/tras-el-aumento-de-la-tarifa-en-el-amba-piden-que-en-jujuy-el-boleto-suba-un-40\/","url":"https:\/\/www.muyjujuy.com\/index.php\/2022\/07\/22\/tras-el-aumento-de-la-tarifa-en-el-amba-piden-que-en-jujuy-el-boleto-suba-un-40\/","name":"Tras el aumento de la tarifa en el AMBA, piden que en Jujuy el boleto suba un 40% - Muy Jujuy","isPartOf":{"@id":"https:\/\/www.muyjujuy.com\/#website"},"datePublished":"2022-07-22T18:25:53+00:00","dateModified":"2022-07-22T18:25:55+00:00","description":"Empresas transportistas reclamaron un aumento del 40 por ciento en el boleto de colectivo en Jujuy a partir de la suba que habr\u00e1 en el AMBA.","breadcrumb":{"@id":"https:\/\/www.muyjujuy.com\/index.php\/2022\/07\/22\/tras-el-aumento-de-la-tarifa-en-el-amba-piden-que-en-jujuy-el-boleto-suba-un-40\/#breadcrumb"},"inLanguage":"es-AR","potentialAction":[{"@type":"ReadAction","target":["https:\/\/www.muyjujuy.com\/index.php\/2022\/07\/22\/tras-el-aumento-de-la-tarifa-en-el-amba-piden-que-en-jujuy-el-boleto-suba-un-40\/"]}]},{"@type":"BreadcrumbList","@id":"https:\/\/www.muyjujuy.com\/index.php\/2022\/07\/22\/tras-el-aumento-de-la-tarifa-en-el-amba-piden-que-en-jujuy-el-boleto-suba-un-40\/#breadcrumb","itemListElement":[{"@type":"ListItem","position":1,"name":"Inicio","item":"https:\/\/www.muyjujuy.com\/"},{"@type":"ListItem","position":2,"name":"Tras el aumento de la tarifa en el AMBA, piden que en Jujuy el boleto suba un 40%"}]},{"@type":"WebSite","@id":"https:\/\/www.muyjujuy.com\/#website","url":"https:\/\/www.muyjujuy.com\/","name":"Muy Jujuy","description":"","publisher":{"@id":"https:\/\/www.muyjujuy.com\/#organization"},"potentialAction":[{"@type":"SearchAction","target":{"@type":"EntryPoint","urlTemplate":"https:\/\/www.muyjujuy.com\/?s={search_term_string}"},"query-input":{"@type":"PropertyValueSpecification","valueRequired":true,"valueName":"search_term_string"}}],"inLanguage":"es-AR"},{"@type":"Organization","@id":"https:\/\/www.muyjujuy.com\/#organization","name":"Muy Jujuy","url":"https:\/\/www.muyjujuy.com\/","logo":{"@type":"ImageObject","inLanguage":"es-AR","@id":"https:\/\/www.muyjujuy.com\/#\/schema\/logo\/image\/","url":"http:\/\/www.muyjujuy.com\/wp-content\/uploads\/2022\/05\/logo-mobil-jujuy.png","contentUrl":"http:\/\/www.muyjujuy.com\/wp-content\/uploads\/2022\/05\/logo-mobil-jujuy.png","width":174,"height":81,"caption":"Muy Jujuy"},"image":{"@id":"https:\/\/www.muyjujuy.com\/#\/schema\/logo\/image\/"},"sameAs":["https:\/\/www.facebook.com\/muyjujuycom","https:\/\/x.com\/muyjujuy","https:\/\/www.instagram.com\/muyjujuycom"]},{"@type":"Person","@id":"https:\/\/www.muyjujuy.com\/#\/schema\/person\/1d0f6e223ccea9e3f9034c1a5b683bf2","name":"Redacci\u00f3n Muy Jujuy","image":{"@type":"ImageObject","inLanguage":"es-AR","@id":"https:\/\/secure.gravatar.com\/avatar\/fec5f6f1893d741ed5eecccff109ce43e67a855411202a3212a058cb8e5c27d4?s=96&d=mm&r=g","url":"https:\/\/secure.gravatar.com\/avatar\/fec5f6f1893d741ed5eecccff109ce43e67a855411202a3212a058cb8e5c27d4?s=96&d=mm&r=g","contentUrl":"https:\/\/secure.gravatar.com\/avatar\/fec5f6f1893d741ed5eecccff109ce43e67a855411202a3212a058cb8e5c27d4?s=96&d=mm&r=g","caption":"Redacci\u00f3n Muy Jujuy"},"url":"https:\/\/www.muyjujuy.com\/index.php\/author\/editor\/"}]}},"_links":{"self":[{"href":"https:\/\/www.muyjujuy.com\/index.php\/wp-json\/wp\/v2\/posts\/981","targetHints":{"allow":["GET"]}}],"collection":[{"href":"https:\/\/www.muyjujuy.com\/index.php\/wp-json\/wp\/v2\/posts"}],"about":[{"href":"https:\/\/www.muyjujuy.com\/index.php\/wp-json\/wp\/v2\/types\/post"}],"author":[{"embeddable":true,"href":"https:\/\/www.muyjujuy.com\/index.php\/wp-json\/wp\/v2\/users\/3"}],"replies":[{"embeddable":true,"href":"https:\/\/www.muyjujuy.com\/index.php\/wp-json\/wp\/v2\/comments?post=981"}],"version-history":[{"count":1,"href":"https:\/\/www.muyjujuy.com\/index.php\/wp-json\/wp\/v2\/posts\/981\/revisions"}],"predecessor-version":[{"id":983,"href":"https:\/\/www.muyjujuy.com\/index.php\/wp-json\/wp\/v2\/posts\/981\/revisions\/983"}],"wp:attachment":[{"href":"https:\/\/www.muyjujuy.com\/index.php\/wp-json\/wp\/v2\/media?parent=981"}],"wp:term":[{"taxonomy":"category","embeddable":true,"href":"https:\/\/www.muyjujuy.com\/index.php\/wp-json\/wp\/v2\/categories?post=981"},{"taxonomy":"post_tag","embeddable":true,"href":"https:\/\/www.muyjujuy.com\/index.php\/wp-json\/wp\/v2\/tags?post=981"}],"curies":[{"name":"wp","href":"https:\/\/api.w.org\/{rel}","templated":true}]}}