{"id":993,"date":"2022-07-25T13:07:29","date_gmt":"2022-07-25T16:07:29","guid":{"rendered":"https:\/\/www.muyjujuy.com\/?p=993"},"modified":"2022-07-25T13:07:30","modified_gmt":"2022-07-25T16:07:30","slug":"por-la-crisis-economica-dos-colegios-de-palpala-no-realizaran-carruajes-para-la-fne","status":"publish","type":"post","link":"https:\/\/www.muyjujuy.com\/index.php\/2022\/07\/25\/por-la-crisis-economica-dos-colegios-de-palpala-no-realizaran-carruajes-para-la-fne\/","title":{"rendered":"Por la crisis econ\u00f3mica, dos colegios de Palpal\u00e1 no realizar\u00e1n carruajes para la FNE"},"content":{"rendered":"\n<p>Las dos escuelas de Palpal\u00e1 se ven en la imposibilidad de participar del FNE que se realizar\u00e1 en los pr\u00f3ximos meses.<\/p>\n\n\n\n<p>La crisis econ\u00f3mica que agobia al pa\u00eds repercute en las escuelas de Jujuy que se ven en la imposibilidad de participar de la nueva edici\u00f3n de la <a href=\"https:\/\/www.muyjujuy.com\/index.php\/2022\/06\/22\/fiesta-nacional-de-los-estudiantes-fecha-de-las-elecciones\/\">Fiesta Nacional de los Estudiantes.<\/a> <strong>Dos establecimientos educativos no realizar\u00e1n sus carruajes para este a\u00f1o.<\/strong><\/p>\n\n\n\n<p>En Palpal\u00e1, dos colegios desistieron de construir este a\u00f1o los tradicionales carruajes. <strong>Se trata de Colegio Modelo Palpal\u00e1 y la Escuela Provincial Agrot\u00e9cnica N\u00ba1 de El Brete.<\/strong><\/p>\n\n\n\n<p>Desde el Colegio Modelo Palpal\u00e1 indicaron que <strong>los fondos que estaban destinados para la construcci\u00f3n del carruaje ser\u00e1n invertidos en equipamiento tecnol\u00f3gico.<\/strong><\/p>\n\n\n\n<p>&#8220;Este a\u00f1o, despu\u00e9s de la pandemia, tenemos cursos incorporados, <strong>un compromiso que realizamos con una organizaci\u00f3n que se llama Digital House<\/strong>. Es una nueva metodolog\u00eda de ense\u00f1anza, requiere mucha inversi\u00f3n y optamos por elegir eso. Es una inversi\u00f3n para que los chicos aprendan con las nuevas tecnolog\u00edas y metodolog\u00edas de estudio&#8221;, plante\u00f3 Ester Liz\u00e1rraga, gerenta general del establecimiento.<\/p>\n\n\n\n<p>La referente del colegio indic\u00f3 que realizaron la elecci\u00f3n de la reina y lo recaudado ser\u00e1 destinado al mismo fin. <strong>&#8220;Nos fue muy bien, <\/strong>nos ha superado en cantidad de gente, hemos recaudado algo de dinero y lo vamos a invertir en comprar computadoras&#8221;, explic\u00f3 en di\u00e1logo con Canal 7 de Jujuy.<\/p>\n\n\n\n<p>Respecto a la <strong>Escuela Provincial Agrot\u00e9cnica N\u00ba1 de El Brete<\/strong>, el secretario de Desarrollo Humano de Palpal\u00e1, <strong>Jorge Gonz\u00e1lez,<\/strong> indic\u00f3 que desde esa instituci\u00f3n se hab\u00eda realizado un pedido al Municipio para conseguir un nuevo chasis y desde la comuna se brind\u00f3 una soluci\u00f3n pero finalmente<strong>, los directivos decidieron no emprender la construcci\u00f3n del carruaje.<\/strong><\/p>\n\n\n\n<h2 class=\"wp-block-heading\"><strong>Subsidios<\/strong><\/h2>\n\n\n\n<p>En tanto, el funcionario local destac\u00f3 que <strong>en Palpal\u00e1 existe un decreto que estipula la entrega de subsidios a todas las instituciones que participen.<\/strong><\/p>\n\n\n\n<p>&#8220;La semana pasada se le hizo entrega del subsidio al San Alberto Magno, lo mismo se hizo con la T\u00e9cnica N\u00ba1 General Savio. El intendente Rivarola pone a disposici\u00f3n todos los recursos para colaborar con las instituciones que representan a Palpal\u00e1&#8221;, precis\u00f3.<\/p>\n\n\n\n<p>Cabe recordar que en esta edici\u00f3n de la FNE los colegios palpale\u00f1os que si participar\u00e1n de los desfiles de carrozas ser\u00e1n el Fasta San Alberto Magno, la Escuela de Educaci\u00f3n T\u00e9cnica General Savio y el Colegio Comercial N\u00ba2 Doctor Manuel Belgrano.<\/p>\n","protected":false},"excerpt":{"rendered":"<p>Las dos escuelas de Palpal\u00e1 se ven en la imposibilidad de participar del FNE que se realizar\u00e1 en los pr\u00f3ximos meses. La crisis econ\u00f3mica que agobia al pa\u00eds repercute en las escuelas de Jujuy que se ven en la imposibilidad de participar de la nueva edici\u00f3n de la Fiesta Nacional de los Estudiantes. Dos establecimientos [&hellip;]<\/p>\n","protected":false},"author":3,"featured_media":995,"comment_status":"open","ping_status":"open","sticky":false,"template":"","format":"standard","meta":{"footnotes":""},"categories":[25],"tags":[739,8,610],"class_list":{"0":"post-993","1":"post","2":"type-post","3":"status-publish","4":"format-standard","5":"has-post-thumbnail","7":"category-sociedad","8":"tag-fne","9":"tag-jujuy","10":"tag-palpala"},"yoast_head":"<!-- This site is optimized with the Yoast SEO plugin v27.5 - https:\/\/yoast.com\/product\/yoast-seo-wordpress\/ -->\n<title>Por la crisis econ\u00f3mica, dos colegios de Palpal\u00e1 no realizar\u00e1n carruajes para la FNE - Muy Jujuy<\/title>\n<meta name=\"description\" content=\"Las dos escuelas de Palpal\u00e1 se ven en la imposibilidad de participar del FNE que se realizar\u00e1 en los pr\u00f3ximos meses.\" \/>\n<meta name=\"robots\" content=\"index, follow, max-snippet:-1, max-image-preview:large, max-video-preview:-1\" \/>\n<link rel=\"canonical\" href=\"https:\/\/www.muyjujuy.com\/index.php\/2022\/07\/25\/por-la-crisis-economica-dos-colegios-de-palpala-no-realizaran-carruajes-para-la-fne\/\" \/>\n<meta property=\"og:locale\" content=\"es_ES\" \/>\n<meta property=\"og:type\" content=\"article\" \/>\n<meta property=\"og:title\" content=\"Por la crisis econ\u00f3mica, dos colegios de Palpal\u00e1 no realizar\u00e1n carruajes para la FNE - Muy Jujuy\" \/>\n<meta property=\"og:description\" content=\"Las dos escuelas de Palpal\u00e1 se ven en la imposibilidad de participar del FNE que se realizar\u00e1 en los pr\u00f3ximos meses.\" \/>\n<meta property=\"og:url\" content=\"https:\/\/www.muyjujuy.com\/index.php\/2022\/07\/25\/por-la-crisis-economica-dos-colegios-de-palpala-no-realizaran-carruajes-para-la-fne\/\" \/>\n<meta property=\"og:site_name\" content=\"Muy Jujuy\" \/>\n<meta property=\"article:publisher\" content=\"https:\/\/www.facebook.com\/muyjujuycom\" \/>\n<meta property=\"article:published_time\" content=\"2022-07-25T16:07:29+00:00\" \/>\n<meta property=\"article:modified_time\" content=\"2022-07-25T16:07:30+00:00\" \/>\n<meta property=\"og:image\" content=\"https:\/\/www.muyjujuy.com\/wp-content\/uploads\/2022\/07\/WhatsApp-Image-2022-07-25-at-12.48.16-PM.jpeg\" \/>\n\t<meta property=\"og:image:width\" content=\"600\" \/>\n\t<meta property=\"og:image:height\" content=\"375\" \/>\n\t<meta property=\"og:image:type\" content=\"image\/jpeg\" \/>\n<meta name=\"author\" content=\"Redacci\u00f3n Muy Jujuy\" \/>\n<meta name=\"twitter:card\" content=\"summary_large_image\" \/>\n<meta name=\"twitter:creator\" content=\"@muyjujuy\" \/>\n<meta name=\"twitter:site\" content=\"@muyjujuy\" \/>\n<meta name=\"twitter:label1\" content=\"Escrito por\" \/>\n\t<meta name=\"twitter:data1\" content=\"Redacci\u00f3n Muy Jujuy\" \/>\n\t<meta name=\"twitter:label2\" content=\"Tiempo de lectura\" \/>\n\t<meta name=\"twitter:data2\" content=\"2 minutos\" \/>\n<script type=\"application\/ld+json\" class=\"yoast-schema-graph\">{\"@context\":\"https:\\\/\\\/schema.org\",\"@graph\":[{\"@type\":\"Article\",\"@id\":\"https:\\\/\\\/www.muyjujuy.com\\\/index.php\\\/2022\\\/07\\\/25\\\/por-la-crisis-economica-dos-colegios-de-palpala-no-realizaran-carruajes-para-la-fne\\\/#article\",\"isPartOf\":{\"@id\":\"https:\\\/\\\/www.muyjujuy.com\\\/index.php\\\/2022\\\/07\\\/25\\\/por-la-crisis-economica-dos-colegios-de-palpala-no-realizaran-carruajes-para-la-fne\\\/\"},\"author\":{\"name\":\"Redacci\u00f3n Muy Jujuy\",\"@id\":\"https:\\\/\\\/www.muyjujuy.com\\\/#\\\/schema\\\/person\\\/1d0f6e223ccea9e3f9034c1a5b683bf2\"},\"headline\":\"Por la crisis econ\u00f3mica, dos colegios de Palpal\u00e1 no realizar\u00e1n carruajes para la FNE\",\"datePublished\":\"2022-07-25T16:07:29+00:00\",\"dateModified\":\"2022-07-25T16:07:30+00:00\",\"mainEntityOfPage\":{\"@id\":\"https:\\\/\\\/www.muyjujuy.com\\\/index.php\\\/2022\\\/07\\\/25\\\/por-la-crisis-economica-dos-colegios-de-palpala-no-realizaran-carruajes-para-la-fne\\\/\"},\"wordCount\":437,\"commentCount\":0,\"publisher\":{\"@id\":\"https:\\\/\\\/www.muyjujuy.com\\\/#organization\"},\"image\":{\"@id\":\"https:\\\/\\\/www.muyjujuy.com\\\/index.php\\\/2022\\\/07\\\/25\\\/por-la-crisis-economica-dos-colegios-de-palpala-no-realizaran-carruajes-para-la-fne\\\/#primaryimage\"},\"thumbnailUrl\":\"https:\\\/\\\/www.muyjujuy.com\\\/wp-content\\\/uploads\\\/2022\\\/07\\\/WhatsApp-Image-2022-07-25-at-12.48.16-PM.jpeg\",\"keywords\":[\"FNE\",\"Jujuy\",\"Palpal\u00e1\"],\"articleSection\":[\"Sociedad\"],\"inLanguage\":\"es-AR\",\"potentialAction\":[{\"@type\":\"CommentAction\",\"name\":\"Comment\",\"target\":[\"https:\\\/\\\/www.muyjujuy.com\\\/index.php\\\/2022\\\/07\\\/25\\\/por-la-crisis-economica-dos-colegios-de-palpala-no-realizaran-carruajes-para-la-fne\\\/#respond\"]}]},{\"@type\":\"WebPage\",\"@id\":\"https:\\\/\\\/www.muyjujuy.com\\\/index.php\\\/2022\\\/07\\\/25\\\/por-la-crisis-economica-dos-colegios-de-palpala-no-realizaran-carruajes-para-la-fne\\\/\",\"url\":\"https:\\\/\\\/www.muyjujuy.com\\\/index.php\\\/2022\\\/07\\\/25\\\/por-la-crisis-economica-dos-colegios-de-palpala-no-realizaran-carruajes-para-la-fne\\\/\",\"name\":\"Por la crisis econ\u00f3mica, dos colegios de Palpal\u00e1 no realizar\u00e1n carruajes para la FNE - Muy Jujuy\",\"isPartOf\":{\"@id\":\"https:\\\/\\\/www.muyjujuy.com\\\/#website\"},\"primaryImageOfPage\":{\"@id\":\"https:\\\/\\\/www.muyjujuy.com\\\/index.php\\\/2022\\\/07\\\/25\\\/por-la-crisis-economica-dos-colegios-de-palpala-no-realizaran-carruajes-para-la-fne\\\/#primaryimage\"},\"image\":{\"@id\":\"https:\\\/\\\/www.muyjujuy.com\\\/index.php\\\/2022\\\/07\\\/25\\\/por-la-crisis-economica-dos-colegios-de-palpala-no-realizaran-carruajes-para-la-fne\\\/#primaryimage\"},\"thumbnailUrl\":\"https:\\\/\\\/www.muyjujuy.com\\\/wp-content\\\/uploads\\\/2022\\\/07\\\/WhatsApp-Image-2022-07-25-at-12.48.16-PM.jpeg\",\"datePublished\":\"2022-07-25T16:07:29+00:00\",\"dateModified\":\"2022-07-25T16:07:30+00:00\",\"description\":\"Las dos escuelas de Palpal\u00e1 se ven en la imposibilidad de participar del FNE que se realizar\u00e1 en los pr\u00f3ximos meses.\",\"breadcrumb\":{\"@id\":\"https:\\\/\\\/www.muyjujuy.com\\\/index.php\\\/2022\\\/07\\\/25\\\/por-la-crisis-economica-dos-colegios-de-palpala-no-realizaran-carruajes-para-la-fne\\\/#breadcrumb\"},\"inLanguage\":\"es-AR\",\"potentialAction\":[{\"@type\":\"ReadAction\",\"target\":[\"https:\\\/\\\/www.muyjujuy.com\\\/index.php\\\/2022\\\/07\\\/25\\\/por-la-crisis-economica-dos-colegios-de-palpala-no-realizaran-carruajes-para-la-fne\\\/\"]}]},{\"@type\":\"ImageObject\",\"inLanguage\":\"es-AR\",\"@id\":\"https:\\\/\\\/www.muyjujuy.com\\\/index.php\\\/2022\\\/07\\\/25\\\/por-la-crisis-economica-dos-colegios-de-palpala-no-realizaran-carruajes-para-la-fne\\\/#primaryimage\",\"url\":\"https:\\\/\\\/www.muyjujuy.com\\\/wp-content\\\/uploads\\\/2022\\\/07\\\/WhatsApp-Image-2022-07-25-at-12.48.16-PM.jpeg\",\"contentUrl\":\"https:\\\/\\\/www.muyjujuy.com\\\/wp-content\\\/uploads\\\/2022\\\/07\\\/WhatsApp-Image-2022-07-25-at-12.48.16-PM.jpeg\",\"width\":600,\"height\":375},{\"@type\":\"BreadcrumbList\",\"@id\":\"https:\\\/\\\/www.muyjujuy.com\\\/index.php\\\/2022\\\/07\\\/25\\\/por-la-crisis-economica-dos-colegios-de-palpala-no-realizaran-carruajes-para-la-fne\\\/#breadcrumb\",\"itemListElement\":[{\"@type\":\"ListItem\",\"position\":1,\"name\":\"Inicio\",\"item\":\"https:\\\/\\\/www.muyjujuy.com\\\/\"},{\"@type\":\"ListItem\",\"position\":2,\"name\":\"Por la crisis econ\u00f3mica, dos colegios de Palpal\u00e1 no realizar\u00e1n carruajes para la FNE\"}]},{\"@type\":\"WebSite\",\"@id\":\"https:\\\/\\\/www.muyjujuy.com\\\/#website\",\"url\":\"https:\\\/\\\/www.muyjujuy.com\\\/\",\"name\":\"Muy Jujuy\",\"description\":\"\",\"publisher\":{\"@id\":\"https:\\\/\\\/www.muyjujuy.com\\\/#organization\"},\"potentialAction\":[{\"@type\":\"SearchAction\",\"target\":{\"@type\":\"EntryPoint\",\"urlTemplate\":\"https:\\\/\\\/www.muyjujuy.com\\\/?s={search_term_string}\"},\"query-input\":{\"@type\":\"PropertyValueSpecification\",\"valueRequired\":true,\"valueName\":\"search_term_string\"}}],\"inLanguage\":\"es-AR\"},{\"@type\":\"Organization\",\"@id\":\"https:\\\/\\\/www.muyjujuy.com\\\/#organization\",\"name\":\"Muy Jujuy\",\"url\":\"https:\\\/\\\/www.muyjujuy.com\\\/\",\"logo\":{\"@type\":\"ImageObject\",\"inLanguage\":\"es-AR\",\"@id\":\"https:\\\/\\\/www.muyjujuy.com\\\/#\\\/schema\\\/logo\\\/image\\\/\",\"url\":\"http:\\\/\\\/www.muyjujuy.com\\\/wp-content\\\/uploads\\\/2022\\\/05\\\/logo-mobil-jujuy.png\",\"contentUrl\":\"http:\\\/\\\/www.muyjujuy.com\\\/wp-content\\\/uploads\\\/2022\\\/05\\\/logo-mobil-jujuy.png\",\"width\":174,\"height\":81,\"caption\":\"Muy Jujuy\"},\"image\":{\"@id\":\"https:\\\/\\\/www.muyjujuy.com\\\/#\\\/schema\\\/logo\\\/image\\\/\"},\"sameAs\":[\"https:\\\/\\\/www.facebook.com\\\/muyjujuycom\",\"https:\\\/\\\/x.com\\\/muyjujuy\",\"https:\\\/\\\/www.instagram.com\\\/muyjujuycom\"]},{\"@type\":\"Person\",\"@id\":\"https:\\\/\\\/www.muyjujuy.com\\\/#\\\/schema\\\/person\\\/1d0f6e223ccea9e3f9034c1a5b683bf2\",\"name\":\"Redacci\u00f3n Muy Jujuy\",\"image\":{\"@type\":\"ImageObject\",\"inLanguage\":\"es-AR\",\"@id\":\"https:\\\/\\\/secure.gravatar.com\\\/avatar\\\/fec5f6f1893d741ed5eecccff109ce43e67a855411202a3212a058cb8e5c27d4?s=96&d=mm&r=g\",\"url\":\"https:\\\/\\\/secure.gravatar.com\\\/avatar\\\/fec5f6f1893d741ed5eecccff109ce43e67a855411202a3212a058cb8e5c27d4?s=96&d=mm&r=g\",\"contentUrl\":\"https:\\\/\\\/secure.gravatar.com\\\/avatar\\\/fec5f6f1893d741ed5eecccff109ce43e67a855411202a3212a058cb8e5c27d4?s=96&d=mm&r=g\",\"caption\":\"Redacci\u00f3n Muy Jujuy\"},\"url\":\"https:\\\/\\\/www.muyjujuy.com\\\/index.php\\\/author\\\/editor\\\/\"}]}<\/script>\n<!-- \/ Yoast SEO plugin. -->","yoast_head_json":{"title":"Por la crisis econ\u00f3mica, dos colegios de Palpal\u00e1 no realizar\u00e1n carruajes para la FNE - Muy Jujuy","description":"Las dos escuelas de Palpal\u00e1 se ven en la imposibilidad de participar del FNE que se realizar\u00e1 en los pr\u00f3ximos meses.","robots":{"index":"index","follow":"follow","max-snippet":"max-snippet:-1","max-image-preview":"max-image-preview:large","max-video-preview":"max-video-preview:-1"},"canonical":"https:\/\/www.muyjujuy.com\/index.php\/2022\/07\/25\/por-la-crisis-economica-dos-colegios-de-palpala-no-realizaran-carruajes-para-la-fne\/","og_locale":"es_ES","og_type":"article","og_title":"Por la crisis econ\u00f3mica, dos colegios de Palpal\u00e1 no realizar\u00e1n carruajes para la FNE - Muy Jujuy","og_description":"Las dos escuelas de Palpal\u00e1 se ven en la imposibilidad de participar del FNE que se realizar\u00e1 en los pr\u00f3ximos meses.","og_url":"https:\/\/www.muyjujuy.com\/index.php\/2022\/07\/25\/por-la-crisis-economica-dos-colegios-de-palpala-no-realizaran-carruajes-para-la-fne\/","og_site_name":"Muy Jujuy","article_publisher":"https:\/\/www.facebook.com\/muyjujuycom","article_published_time":"2022-07-25T16:07:29+00:00","article_modified_time":"2022-07-25T16:07:30+00:00","og_image":[{"width":600,"height":375,"url":"https:\/\/www.muyjujuy.com\/wp-content\/uploads\/2022\/07\/WhatsApp-Image-2022-07-25-at-12.48.16-PM.jpeg","type":"image\/jpeg"}],"author":"Redacci\u00f3n Muy Jujuy","twitter_card":"summary_large_image","twitter_creator":"@muyjujuy","twitter_site":"@muyjujuy","twitter_misc":{"Escrito por":"Redacci\u00f3n Muy Jujuy","Tiempo de lectura":"2 minutos"},"schema":{"@context":"https:\/\/schema.org","@graph":[{"@type":"Article","@id":"https:\/\/www.muyjujuy.com\/index.php\/2022\/07\/25\/por-la-crisis-economica-dos-colegios-de-palpala-no-realizaran-carruajes-para-la-fne\/#article","isPartOf":{"@id":"https:\/\/www.muyjujuy.com\/index.php\/2022\/07\/25\/por-la-crisis-economica-dos-colegios-de-palpala-no-realizaran-carruajes-para-la-fne\/"},"author":{"name":"Redacci\u00f3n Muy Jujuy","@id":"https:\/\/www.muyjujuy.com\/#\/schema\/person\/1d0f6e223ccea9e3f9034c1a5b683bf2"},"headline":"Por la crisis econ\u00f3mica, dos colegios de Palpal\u00e1 no realizar\u00e1n carruajes para la FNE","datePublished":"2022-07-25T16:07:29+00:00","dateModified":"2022-07-25T16:07:30+00:00","mainEntityOfPage":{"@id":"https:\/\/www.muyjujuy.com\/index.php\/2022\/07\/25\/por-la-crisis-economica-dos-colegios-de-palpala-no-realizaran-carruajes-para-la-fne\/"},"wordCount":437,"commentCount":0,"publisher":{"@id":"https:\/\/www.muyjujuy.com\/#organization"},"image":{"@id":"https:\/\/www.muyjujuy.com\/index.php\/2022\/07\/25\/por-la-crisis-economica-dos-colegios-de-palpala-no-realizaran-carruajes-para-la-fne\/#primaryimage"},"thumbnailUrl":"https:\/\/www.muyjujuy.com\/wp-content\/uploads\/2022\/07\/WhatsApp-Image-2022-07-25-at-12.48.16-PM.jpeg","keywords":["FNE","Jujuy","Palpal\u00e1"],"articleSection":["Sociedad"],"inLanguage":"es-AR","potentialAction":[{"@type":"CommentAction","name":"Comment","target":["https:\/\/www.muyjujuy.com\/index.php\/2022\/07\/25\/por-la-crisis-economica-dos-colegios-de-palpala-no-realizaran-carruajes-para-la-fne\/#respond"]}]},{"@type":"WebPage","@id":"https:\/\/www.muyjujuy.com\/index.php\/2022\/07\/25\/por-la-crisis-economica-dos-colegios-de-palpala-no-realizaran-carruajes-para-la-fne\/","url":"https:\/\/www.muyjujuy.com\/index.php\/2022\/07\/25\/por-la-crisis-economica-dos-colegios-de-palpala-no-realizaran-carruajes-para-la-fne\/","name":"Por la crisis econ\u00f3mica, dos colegios de Palpal\u00e1 no realizar\u00e1n carruajes para la FNE - Muy Jujuy","isPartOf":{"@id":"https:\/\/www.muyjujuy.com\/#website"},"primaryImageOfPage":{"@id":"https:\/\/www.muyjujuy.com\/index.php\/2022\/07\/25\/por-la-crisis-economica-dos-colegios-de-palpala-no-realizaran-carruajes-para-la-fne\/#primaryimage"},"image":{"@id":"https:\/\/www.muyjujuy.com\/index.php\/2022\/07\/25\/por-la-crisis-economica-dos-colegios-de-palpala-no-realizaran-carruajes-para-la-fne\/#primaryimage"},"thumbnailUrl":"https:\/\/www.muyjujuy.com\/wp-content\/uploads\/2022\/07\/WhatsApp-Image-2022-07-25-at-12.48.16-PM.jpeg","datePublished":"2022-07-25T16:07:29+00:00","dateModified":"2022-07-25T16:07:30+00:00","description":"Las dos escuelas de Palpal\u00e1 se ven en la imposibilidad de participar del FNE que se realizar\u00e1 en los pr\u00f3ximos meses.","breadcrumb":{"@id":"https:\/\/www.muyjujuy.com\/index.php\/2022\/07\/25\/por-la-crisis-economica-dos-colegios-de-palpala-no-realizaran-carruajes-para-la-fne\/#breadcrumb"},"inLanguage":"es-AR","potentialAction":[{"@type":"ReadAction","target":["https:\/\/www.muyjujuy.com\/index.php\/2022\/07\/25\/por-la-crisis-economica-dos-colegios-de-palpala-no-realizaran-carruajes-para-la-fne\/"]}]},{"@type":"ImageObject","inLanguage":"es-AR","@id":"https:\/\/www.muyjujuy.com\/index.php\/2022\/07\/25\/por-la-crisis-economica-dos-colegios-de-palpala-no-realizaran-carruajes-para-la-fne\/#primaryimage","url":"https:\/\/www.muyjujuy.com\/wp-content\/uploads\/2022\/07\/WhatsApp-Image-2022-07-25-at-12.48.16-PM.jpeg","contentUrl":"https:\/\/www.muyjujuy.com\/wp-content\/uploads\/2022\/07\/WhatsApp-Image-2022-07-25-at-12.48.16-PM.jpeg","width":600,"height":375},{"@type":"BreadcrumbList","@id":"https:\/\/www.muyjujuy.com\/index.php\/2022\/07\/25\/por-la-crisis-economica-dos-colegios-de-palpala-no-realizaran-carruajes-para-la-fne\/#breadcrumb","itemListElement":[{"@type":"ListItem","position":1,"name":"Inicio","item":"https:\/\/www.muyjujuy.com\/"},{"@type":"ListItem","position":2,"name":"Por la crisis econ\u00f3mica, dos colegios de Palpal\u00e1 no realizar\u00e1n carruajes para la FNE"}]},{"@type":"WebSite","@id":"https:\/\/www.muyjujuy.com\/#website","url":"https:\/\/www.muyjujuy.com\/","name":"Muy Jujuy","description":"","publisher":{"@id":"https:\/\/www.muyjujuy.com\/#organization"},"potentialAction":[{"@type":"SearchAction","target":{"@type":"EntryPoint","urlTemplate":"https:\/\/www.muyjujuy.com\/?s={search_term_string}"},"query-input":{"@type":"PropertyValueSpecification","valueRequired":true,"valueName":"search_term_string"}}],"inLanguage":"es-AR"},{"@type":"Organization","@id":"https:\/\/www.muyjujuy.com\/#organization","name":"Muy Jujuy","url":"https:\/\/www.muyjujuy.com\/","logo":{"@type":"ImageObject","inLanguage":"es-AR","@id":"https:\/\/www.muyjujuy.com\/#\/schema\/logo\/image\/","url":"http:\/\/www.muyjujuy.com\/wp-content\/uploads\/2022\/05\/logo-mobil-jujuy.png","contentUrl":"http:\/\/www.muyjujuy.com\/wp-content\/uploads\/2022\/05\/logo-mobil-jujuy.png","width":174,"height":81,"caption":"Muy Jujuy"},"image":{"@id":"https:\/\/www.muyjujuy.com\/#\/schema\/logo\/image\/"},"sameAs":["https:\/\/www.facebook.com\/muyjujuycom","https:\/\/x.com\/muyjujuy","https:\/\/www.instagram.com\/muyjujuycom"]},{"@type":"Person","@id":"https:\/\/www.muyjujuy.com\/#\/schema\/person\/1d0f6e223ccea9e3f9034c1a5b683bf2","name":"Redacci\u00f3n Muy Jujuy","image":{"@type":"ImageObject","inLanguage":"es-AR","@id":"https:\/\/secure.gravatar.com\/avatar\/fec5f6f1893d741ed5eecccff109ce43e67a855411202a3212a058cb8e5c27d4?s=96&d=mm&r=g","url":"https:\/\/secure.gravatar.com\/avatar\/fec5f6f1893d741ed5eecccff109ce43e67a855411202a3212a058cb8e5c27d4?s=96&d=mm&r=g","contentUrl":"https:\/\/secure.gravatar.com\/avatar\/fec5f6f1893d741ed5eecccff109ce43e67a855411202a3212a058cb8e5c27d4?s=96&d=mm&r=g","caption":"Redacci\u00f3n Muy Jujuy"},"url":"https:\/\/www.muyjujuy.com\/index.php\/author\/editor\/"}]}},"_links":{"self":[{"href":"https:\/\/www.muyjujuy.com\/index.php\/wp-json\/wp\/v2\/posts\/993","targetHints":{"allow":["GET"]}}],"collection":[{"href":"https:\/\/www.muyjujuy.com\/index.php\/wp-json\/wp\/v2\/posts"}],"about":[{"href":"https:\/\/www.muyjujuy.com\/index.php\/wp-json\/wp\/v2\/types\/post"}],"author":[{"embeddable":true,"href":"https:\/\/www.muyjujuy.com\/index.php\/wp-json\/wp\/v2\/users\/3"}],"replies":[{"embeddable":true,"href":"https:\/\/www.muyjujuy.com\/index.php\/wp-json\/wp\/v2\/comments?post=993"}],"version-history":[{"count":1,"href":"https:\/\/www.muyjujuy.com\/index.php\/wp-json\/wp\/v2\/posts\/993\/revisions"}],"predecessor-version":[{"id":996,"href":"https:\/\/www.muyjujuy.com\/index.php\/wp-json\/wp\/v2\/posts\/993\/revisions\/996"}],"wp:featuredmedia":[{"embeddable":true,"href":"https:\/\/www.muyjujuy.com\/index.php\/wp-json\/wp\/v2\/media\/995"}],"wp:attachment":[{"href":"https:\/\/www.muyjujuy.com\/index.php\/wp-json\/wp\/v2\/media?parent=993"}],"wp:term":[{"taxonomy":"category","embeddable":true,"href":"https:\/\/www.muyjujuy.com\/index.php\/wp-json\/wp\/v2\/categories?post=993"},{"taxonomy":"post_tag","embeddable":true,"href":"https:\/\/www.muyjujuy.com\/index.php\/wp-json\/wp\/v2\/tags?post=993"}],"curies":[{"name":"wp","href":"https:\/\/api.w.org\/{rel}","templated":true}]}}